{"id":6618,"date":"2024-03-14T18:36:31","date_gmt":"2024-03-14T17:36:31","guid":{"rendered":"https:\/\/heimatverein-nieder-roden.de\/?p=6618"},"modified":"2024-03-17T21:13:19","modified_gmt":"2024-03-17T20:13:19","slug":"fruehjahrsrundgang-im-nabu-garten","status":"publish","type":"post","link":"https:\/\/heimatverein-nieder-roden.de\/?p=6618","title":{"rendered":"Fr\u00fchjahrsrundgang im NABU Garten"},"content":{"rendered":"\n<p>Endlich erwacht die Natur. Auf einem Fr\u00fchjahrsrundgang macht der Vorsitzende des NABU Rodgau, Richard Wenzel, auf die verschiedenen Fr\u00fchjahrsbl\u00fcher in unserem NABU Garten aufmerksam.<\/p>\n\n\n\n<p>Dieser Rundgang findet am 16. M\u00e4rz 2024 um 15:00 Uhr auf dem NABU-Gel\u00e4nde, Am H\u00f6rnersgraben (gegen\u00fcber dem Sch\u00fctzenverein) statt.<\/p>\n\n\n\n<blockquote class=\"wp-block-quote has-text-align-center is-layout-flow wp-block-quote-is-layout-flow\">\n<p>Treffpunkt:<br><br>Samstag, 16. M\u00e4rz<br>15:00 Uhr <br>auf dem NABU-Gel\u00e4nde am H\u00f6rnersgraben<br>(gegen\u00fcber dem Sch\u00fctzenverein Gamsbock Rollwald)<\/p>\n<\/blockquote>\n\n\n<div class=\"wp-block-image\">\n<figure class=\"aligncenter size-large is-resized\"><img decoding=\"async\" width=\"1024\" height=\"681\" src=\"https:\/\/heimatverein-nieder-roden.de\/wp-content\/uploads\/2023\/07\/nabu-rodgau_nieder-roden-vogelhuette_garten_pulweyandreas-1024x681.png\" alt=\"\" class=\"wp-image-5299\" style=\"width:675px;height:auto\" srcset=\"https:\/\/heimatverein-nieder-roden.de\/wp-content\/uploads\/2023\/07\/nabu-rodgau_nieder-roden-vogelhuette_garten_pulweyandreas-1024x681.png 1024w, https:\/\/heimatverein-nieder-roden.de\/wp-content\/uploads\/2023\/07\/nabu-rodgau_nieder-roden-vogelhuette_garten_pulweyandreas-300x200.png 300w, https:\/\/heimatverein-nieder-roden.de\/wp-content\/uploads\/2023\/07\/nabu-rodgau_nieder-roden-vogelhuette_garten_pulweyandreas-768x511.png 768w, https:\/\/heimatverein-nieder-roden.de\/wp-content\/uploads\/2023\/07\/nabu-rodgau_nieder-roden-vogelhuette_garten_pulweyandreas-836x556.png 836w, https:\/\/heimatverein-nieder-roden.de\/wp-content\/uploads\/2023\/07\/nabu-rodgau_nieder-roden-vogelhuette_garten_pulweyandreas-560x372.png 560w, https:\/\/heimatverein-nieder-roden.de\/wp-content\/uploads\/2023\/07\/nabu-rodgau_nieder-roden-vogelhuette_garten_pulweyandreas-272x182.png 272w, https:\/\/heimatverein-nieder-roden.de\/wp-content\/uploads\/2023\/07\/nabu-rodgau_nieder-roden-vogelhuette_garten_pulweyandreas.png 1200w\" sizes=\"(max-width: 1024px) 100vw, 1024px\" \/><figcaption class=\"wp-element-caption\">Der NABU-Garten auf dem Vereinsgel\u00e4nde am H\u00f6rnersgraben in Nieder-Roden. \u00a9NABU-Rodgau\/Pulwey<\/figcaption><\/figure>\n<\/div>\n\n\n<p>Weitere Infos gibt es direkt beim NABU Rodgau:<\/p>\n\n\n<div class=\"wp-block-image\">\n<figure class=\"aligncenter size-full is-resized\"><a href=\"https:\/\/www.nabu-rodgau.de\/\" target=\"_blank\" rel=\"noreferrer noopener\"><img decoding=\"async\" width=\"556\" height=\"432\" src=\"https:\/\/heimatverein-nieder-roden.de\/wp-content\/uploads\/2024\/01\/grafik-3.png\" alt=\"\" class=\"wp-image-6423\" style=\"width:356px;height:auto\" srcset=\"https:\/\/heimatverein-nieder-roden.de\/wp-content\/uploads\/2024\/01\/grafik-3.png 556w, https:\/\/heimatverein-nieder-roden.de\/wp-content\/uploads\/2024\/01\/grafik-3-300x233.png 300w\" sizes=\"(max-width: 556px) 100vw, 556px\" \/><\/a><figcaption class=\"wp-element-caption\">Klicken Sie auf das Logo um zur Website des NABU Rodgau zu gelangen. \u00a9NABU Rodgau<\/figcaption><\/figure>\n<\/div>\n\n\n<p class=\"is-style-info\">Beitrag erstellt mit freundlicher Unterst\u00fctzung und Genehmigung des NABU Rodgau. <br>Vielen Dank!<\/p>\n","protected":false},"excerpt":{"rendered":"<p>Endlich erwacht die Natur. Der NABU Rodgau l\u00e4dt ein zum Rundgang auf dem Nieder-R\u00f6der Vereinsgel\u00e4nde, am Samstag, den 16. M\u00e4rz 2024, 15:00 Uhr.<\/p><p><a class=\"more-link btn\" href=\"https:\/\/heimatverein-nieder-roden.de\/?p=6618\">Weiterlesen<\/a><\/p>\n","protected":false},"author":1,"featured_media":5299,"comment_status":"closed","ping_status":"closed","sticky":false,"template":"","format":"standard","meta":{"_coblocks_attr":"","_coblocks_dimensions":"","_coblocks_responsive_height":"","_coblocks_accordion_ie_support":"","footnotes":"","_share_on_mastodon":"0"},"categories":[6,418,242],"tags":[448,354,355],"class_list":["post-6618","post","type-post","status-publish","format-standard","has-post-thumbnail","hentry","category-aktuell","category-nabu","category-partner","tag-fruehjahrsrundgang","tag-nabu","tag-nabu-rodgau","nodate"],"share_on_mastodon":{"url":"","error":""},"publishpress_future_action":{"enabled":false,"date":"2026-05-07 02:15:18","action":"category-remove","newStatus":"draft","terms":[],"taxonomy":"category","extraData":[]},"publishpress_future_workflow_manual_trigger":{"enabledWorkflows":[]},"_links":{"self":[{"href":"https:\/\/heimatverein-nieder-roden.de\/index.php?rest_route=\/wp\/v2\/posts\/6618","targetHints":{"allow":["GET"]}}],"collection":[{"href":"https:\/\/heimatverein-nieder-roden.de\/index.php?rest_route=\/wp\/v2\/posts"}],"about":[{"href":"https:\/\/heimatverein-nieder-roden.de\/index.php?rest_route=\/wp\/v2\/types\/post"}],"author":[{"embeddable":true,"href":"https:\/\/heimatverein-nieder-roden.de\/index.php?rest_route=\/wp\/v2\/users\/1"}],"replies":[{"embeddable":true,"href":"https:\/\/heimatverein-nieder-roden.de\/index.php?rest_route=%2Fwp%2Fv2%2Fcomments&post=6618"}],"version-history":[{"count":4,"href":"https:\/\/heimatverein-nieder-roden.de\/index.php?rest_route=\/wp\/v2\/posts\/6618\/revisions"}],"predecessor-version":[{"id":6623,"href":"https:\/\/heimatverein-nieder-roden.de\/index.php?rest_route=\/wp\/v2\/posts\/6618\/revisions\/6623"}],"wp:featuredmedia":[{"embeddable":true,"href":"https:\/\/heimatverein-nieder-roden.de\/index.php?rest_route=\/wp\/v2\/media\/5299"}],"wp:attachment":[{"href":"https:\/\/heimatverein-nieder-roden.de\/index.php?rest_route=%2Fwp%2Fv2%2Fmedia&parent=6618"}],"wp:term":[{"taxonomy":"category","embeddable":true,"href":"https:\/\/heimatverein-nieder-roden.de\/index.php?rest_route=%2Fwp%2Fv2%2Fcategories&post=6618"},{"taxonomy":"post_tag","embeddable":true,"href":"https:\/\/heimatverein-nieder-roden.de\/index.php?rest_route=%2Fwp%2Fv2%2Ftags&post=6618"}],"curies":[{"name":"wp","href":"https:\/\/api.w.org\/{rel}","templated":true}]}}