{"id":6567,"date":"2024-02-29T22:27:22","date_gmt":"2024-02-29T21:27:22","guid":{"rendered":"https:\/\/heimatverein-nieder-roden.de\/?p=6567"},"modified":"2024-03-17T21:14:05","modified_gmt":"2024-03-17T20:14:05","slug":"jahresausflug-2024-zum-deutschen-ledermuseum","status":"publish","type":"post","link":"https:\/\/heimatverein-nieder-roden.de\/?p=6567","title":{"rendered":"Jahresausflug 2024 zum Deutschen Ledermuseum"},"content":{"rendered":"\n<figure class=\"wp-block-image size-large\"><a href=\"https:\/\/heimatverein-nieder-roden.de\/wp-content\/uploads\/2024\/02\/01_Aussenansicht_copyright_Deutsches_Ledermuseum_L_Brichta.jpg\"><img decoding=\"async\" width=\"1024\" height=\"684\" src=\"https:\/\/heimatverein-nieder-roden.de\/wp-content\/uploads\/2024\/02\/01_Aussenansicht_copyright_Deutsches_Ledermuseum_L_Brichta-1024x684.jpg\" alt=\"\" class=\"wp-image-6568\" srcset=\"https:\/\/heimatverein-nieder-roden.de\/wp-content\/uploads\/2024\/02\/01_Aussenansicht_copyright_Deutsches_Ledermuseum_L_Brichta-1024x684.jpg 1024w, https:\/\/heimatverein-nieder-roden.de\/wp-content\/uploads\/2024\/02\/01_Aussenansicht_copyright_Deutsches_Ledermuseum_L_Brichta-300x200.jpg 300w, https:\/\/heimatverein-nieder-roden.de\/wp-content\/uploads\/2024\/02\/01_Aussenansicht_copyright_Deutsches_Ledermuseum_L_Brichta-768x513.jpg 768w, https:\/\/heimatverein-nieder-roden.de\/wp-content\/uploads\/2024\/02\/01_Aussenansicht_copyright_Deutsches_Ledermuseum_L_Brichta-1536x1025.jpg 1536w, https:\/\/heimatverein-nieder-roden.de\/wp-content\/uploads\/2024\/02\/01_Aussenansicht_copyright_Deutsches_Ledermuseum_L_Brichta-2048x1367.jpg 2048w, https:\/\/heimatverein-nieder-roden.de\/wp-content\/uploads\/2024\/02\/01_Aussenansicht_copyright_Deutsches_Ledermuseum_L_Brichta-836x558.jpg 836w, https:\/\/heimatverein-nieder-roden.de\/wp-content\/uploads\/2024\/02\/01_Aussenansicht_copyright_Deutsches_Ledermuseum_L_Brichta-560x374.jpg 560w, https:\/\/heimatverein-nieder-roden.de\/wp-content\/uploads\/2024\/02\/01_Aussenansicht_copyright_Deutsches_Ledermuseum_L_Brichta-272x182.jpg 272w\" sizes=\"(max-width: 1024px) 100vw, 1024px\" \/><\/a><figcaption class=\"wp-element-caption\">Das Deutsche Ledermuseum in Offenbach. <br>\u00a9Laura Brichta<\/figcaption><\/figure>\n\n\n\n<p>Liebe Mitglieder,<\/p>\n\n\n\n<p>wir hoffen ihr hattet allesamt einen guten Start ins Jahr 2024 und seid bereit f\u00fcr unseren Jahresausflug!<\/p>\n\n\n\n<h3 class=\"wp-block-heading\">Unser Ziel<\/h3>\n\n\n\n<p>Am Sonntag, den 17. M\u00e4rz 2024, starten wir mit einem Besuch des Deutschen Ledermuseums in Offenbach.<\/p>\n\n\n\n<p>Uns erwartet eine interessante F\u00fchrung zum hundertj\u00e4hrigen Jubil\u00e4um des Ledermuseums unter dem Motto<\/p>\n\n\n\n<p class=\"has-text-align-center has-large-font-size\"><strong>LEDER.WELT.GESCHICHTE<\/strong><\/p>\n\n\n\n<div class=\"wp-block-columns is-layout-flex wp-container-core-columns-is-layout-9d6595d7 wp-block-columns-is-layout-flex\">\n<div class=\"wp-block-column is-layout-flow wp-block-column-is-layout-flow\">\n<figure class=\"wp-block-image size-large\"><a href=\"https:\/\/heimatverein-nieder-roden.de\/wp-content\/uploads\/2024\/02\/02_LEDER_WELT_GESCHICHTE_Inuit_copyright_Deutsches_Ledermuseum_R_Spalek-scaled.jpg\"><img decoding=\"async\" width=\"1024\" height=\"683\" src=\"https:\/\/heimatverein-nieder-roden.de\/wp-content\/uploads\/2024\/02\/02_LEDER_WELT_GESCHICHTE_Inuit_copyright_Deutsches_Ledermuseum_R_Spalek-1024x683.jpg\" alt=\"\" class=\"wp-image-6570\" srcset=\"https:\/\/heimatverein-nieder-roden.de\/wp-content\/uploads\/2024\/02\/02_LEDER_WELT_GESCHICHTE_Inuit_copyright_Deutsches_Ledermuseum_R_Spalek-1024x683.jpg 1024w, https:\/\/heimatverein-nieder-roden.de\/wp-content\/uploads\/2024\/02\/02_LEDER_WELT_GESCHICHTE_Inuit_copyright_Deutsches_Ledermuseum_R_Spalek-300x200.jpg 300w, https:\/\/heimatverein-nieder-roden.de\/wp-content\/uploads\/2024\/02\/02_LEDER_WELT_GESCHICHTE_Inuit_copyright_Deutsches_Ledermuseum_R_Spalek-768x512.jpg 768w, https:\/\/heimatverein-nieder-roden.de\/wp-content\/uploads\/2024\/02\/02_LEDER_WELT_GESCHICHTE_Inuit_copyright_Deutsches_Ledermuseum_R_Spalek-1536x1024.jpg 1536w, https:\/\/heimatverein-nieder-roden.de\/wp-content\/uploads\/2024\/02\/02_LEDER_WELT_GESCHICHTE_Inuit_copyright_Deutsches_Ledermuseum_R_Spalek-2048x1365.jpg 2048w, https:\/\/heimatverein-nieder-roden.de\/wp-content\/uploads\/2024\/02\/02_LEDER_WELT_GESCHICHTE_Inuit_copyright_Deutsches_Ledermuseum_R_Spalek-836x557.jpg 836w, https:\/\/heimatverein-nieder-roden.de\/wp-content\/uploads\/2024\/02\/02_LEDER_WELT_GESCHICHTE_Inuit_copyright_Deutsches_Ledermuseum_R_Spalek-560x373.jpg 560w, https:\/\/heimatverein-nieder-roden.de\/wp-content\/uploads\/2024\/02\/02_LEDER_WELT_GESCHICHTE_Inuit_copyright_Deutsches_Ledermuseum_R_Spalek-272x182.jpg 272w\" sizes=\"(max-width: 1024px) 100vw, 1024px\" \/><\/a><figcaption class=\"wp-element-caption\">Parka der Inuit in der Sammlungspr\u00e4sentation LEDER.WELT.GESCHICHTE.  <br>\u00a9Deutsches Ledermuseum, R. Spalek<\/figcaption><\/figure>\n<\/div>\n\n\n\n<div class=\"wp-block-column is-layout-flow wp-block-column-is-layout-flow\">\n<figure class=\"wp-block-image size-large\"><a href=\"https:\/\/heimatverein-nieder-roden.de\/wp-content\/uploads\/2024\/02\/03_DAS_IST_LEDER_copyright_Deutsches_Ledermuseum_R_Spalek.jpg\"><img decoding=\"async\" width=\"1024\" height=\"682\" src=\"https:\/\/heimatverein-nieder-roden.de\/wp-content\/uploads\/2024\/02\/03_DAS_IST_LEDER_copyright_Deutsches_Ledermuseum_R_Spalek-1024x682.jpg\" alt=\"\" class=\"wp-image-6571\" srcset=\"https:\/\/heimatverein-nieder-roden.de\/wp-content\/uploads\/2024\/02\/03_DAS_IST_LEDER_copyright_Deutsches_Ledermuseum_R_Spalek-1024x682.jpg 1024w, https:\/\/heimatverein-nieder-roden.de\/wp-content\/uploads\/2024\/02\/03_DAS_IST_LEDER_copyright_Deutsches_Ledermuseum_R_Spalek-300x200.jpg 300w, https:\/\/heimatverein-nieder-roden.de\/wp-content\/uploads\/2024\/02\/03_DAS_IST_LEDER_copyright_Deutsches_Ledermuseum_R_Spalek-768x512.jpg 768w, https:\/\/heimatverein-nieder-roden.de\/wp-content\/uploads\/2024\/02\/03_DAS_IST_LEDER_copyright_Deutsches_Ledermuseum_R_Spalek-1536x1024.jpg 1536w, https:\/\/heimatverein-nieder-roden.de\/wp-content\/uploads\/2024\/02\/03_DAS_IST_LEDER_copyright_Deutsches_Ledermuseum_R_Spalek-836x557.jpg 836w, https:\/\/heimatverein-nieder-roden.de\/wp-content\/uploads\/2024\/02\/03_DAS_IST_LEDER_copyright_Deutsches_Ledermuseum_R_Spalek-560x373.jpg 560w, https:\/\/heimatverein-nieder-roden.de\/wp-content\/uploads\/2024\/02\/03_DAS_IST_LEDER_copyright_Deutsches_Ledermuseum_R_Spalek-272x182.jpg 272w, https:\/\/heimatverein-nieder-roden.de\/wp-content\/uploads\/2024\/02\/03_DAS_IST_LEDER_copyright_Deutsches_Ledermuseum_R_Spalek.jpg 2000w\" sizes=\"(max-width: 1024px) 100vw, 1024px\" \/><\/a><figcaption class=\"wp-element-caption\">Projektraum DAS IST LEDER! Von A bis Z. <br>\u00a9Deutsches Ledermuseum, R. Spalek<\/figcaption><\/figure>\n<\/div>\n<\/div>\n\n\n\n<h3 class=\"wp-block-heading\">Einkehr<\/h3>\n\n\n\n<p>Zum Abschluss kehren wir ein, in das Restaurant \u201eGleis 3\u201c im alten Bahnhof in J\u00fcgesheim.<\/p>\n\n\n\n<div class=\"wp-block-columns is-layout-flex wp-container-core-columns-is-layout-9d6595d7 wp-block-columns-is-layout-flex\">\n<div class=\"wp-block-column is-vertically-aligned-center is-layout-flow wp-block-column-is-layout-flow\">\n<div class=\"wp-block-buttons is-content-justification-center is-layout-flex wp-container-core-buttons-is-layout-16018d1d wp-block-buttons-is-layout-flex\">\n<div class=\"wp-block-button\"><a class=\"wp-block-button__link wp-element-button\" href=\"http:\/\/gleis3-rodgau.online\/downloads\/Gleis3-SK.pdf\" target=\"_blank\" rel=\"noreferrer noopener\">Direkt zur Speisekarte des &#8222;Gleis 3&#8220;<\/a><\/div>\n<\/div>\n<\/div>\n\n\n\n<div class=\"wp-block-column is-layout-flow wp-block-column-is-layout-flow\">\n<div class=\"wp-block-buttons is-content-justification-center is-layout-flex wp-container-core-buttons-is-layout-16018d1d wp-block-buttons-is-layout-flex\">\n<div class=\"wp-block-button\"><a class=\"wp-block-button__link wp-element-button\" href=\"http:\/\/gleis3-rodgau.online\/\" target=\"_blank\" rel=\"noreferrer noopener\">Zur Internetseite des &#8222;Gleis 3&#8220;<\/a><\/div>\n<\/div>\n<\/div>\n<\/div>\n\n\n\n<h3 class=\"wp-block-heading\">Kurz &amp; knapp:<\/h3>\n\n\n\n<ul class=\"wp-block-list\">\n<li>Den zeitlichen Ablauf findet ihr unten.  <\/li>\n\n\n\n<li>Die maximale Teilnehmerzahl betr\u00e4gt 20 Personen. <\/li>\n\n\n\n<li>Dieser Ausflug ist wie immer eine vereinsinterne Veranstaltung.<\/li>\n\n\n\n<li>Kosten pro Person:  15 \u20ac (inkl. Gruppenfahrkarte, Eintrittskarte und F\u00fchrung)<\/li>\n\n\n\n<li>Die Verpflegung \u00fcbernimmt jeder wie gewohnt selbst.<\/li>\n<\/ul>\n\n\n\n<h3 class=\"wp-block-heading\">Anmeldung<\/h3>\n\n\n\n<p class=\"has-text-align-left has-regular-font-size\">Teilt uns bitte mit, wer von euch mitfahren m\u00f6chte:<\/p>\n\n\n\n<ul class=\"wp-block-list\">\n<li>Per Telefon an G\u00fcnther Keller unter: 06106\/733306<\/li>\n\n\n\n<li>Per E-Mail an: <a href=\"mailto:info@heimatverein-nieder-roden.de\">info@heimatverein-nieder-roden.de<\/a><\/li>\n<\/ul>\n\n\n\n<p class=\"has-text-align-left has-regular-font-size\"><strong>Anmeldeschluss ist Mittwoch, der 13. M\u00e4rz 2024 um 18 Uhr.<\/strong><\/p>\n\n\n\n<h3 class=\"wp-block-heading has-text-align-left\">Ablaufplan <\/h3>\n\n\n\n<p class=\"has-text-align-left has-regular-font-size\">f\u00fcr Sonntag, den 17. M\u00e4rz 2024<\/p>\n\n\n<div class=\"wp-block-image\">\n<figure class=\"aligncenter size-full is-resized\"><a href=\"https:\/\/heimatverein-nieder-roden.de\/wp-content\/uploads\/2024\/02\/grafik.png\"><img decoding=\"async\" width=\"702\" height=\"776\" src=\"https:\/\/heimatverein-nieder-roden.de\/wp-content\/uploads\/2024\/02\/grafik.png\" alt=\"\" class=\"wp-image-6569\" style=\"width:659px;height:auto\" srcset=\"https:\/\/heimatverein-nieder-roden.de\/wp-content\/uploads\/2024\/02\/grafik.png 702w, https:\/\/heimatverein-nieder-roden.de\/wp-content\/uploads\/2024\/02\/grafik-271x300.png 271w, https:\/\/heimatverein-nieder-roden.de\/wp-content\/uploads\/2024\/02\/grafik-560x619.png 560w\" sizes=\"(max-width: 702px) 100vw, 702px\" \/><\/a><\/figure>\n<\/div>\n\n\n<p>Wir freuen uns auf einen sch\u00f6nen Ausflug und einen ebensolchen Tag mit Euch. <\/p>\n\n\n\n<p>Gez.<br>Schaffkibbe Jahresausflug<\/p>\n","protected":false},"excerpt":{"rendered":"<p>wir hoffen ihr hattet allesamt einen guten Start ins Jahr 2024 und seid bereit f\u00fcr unseren Jahresausflug! Am Sonntag, den 17. M\u00e4rz 2024, starten wir mit einem Besuch des Deutschen Ledermuseums in Offenbach.<\/p><p><a class=\"more-link btn\" href=\"https:\/\/heimatverein-nieder-roden.de\/?p=6567\">Weiterlesen<\/a><\/p>\n","protected":false},"author":1,"featured_media":6568,"comment_status":"closed","ping_status":"closed","sticky":false,"template":"","format":"standard","meta":{"_coblocks_attr":"","_coblocks_dimensions":"","_coblocks_responsive_height":"","_coblocks_accordion_ie_support":"","footnotes":"","_share_on_mastodon":"0"},"categories":[6,38],"tags":[34,35,438,440,33,40,441,439],"class_list":["post-6567","post","type-post","status-publish","format-standard","has-post-thumbnail","hentry","category-aktuell","category-jahresausflug","tag-akhnr","tag-arbeitskreis-fuer-heimatkunde-nieder-roden-e-v","tag-deutsches-ledermuseum","tag-gleis-3","tag-heimatverein","tag-jahresausflug","tag-leder-welt-geschichte","tag-offenbach-am-main","nodate"],"share_on_mastodon":{"url":"","error":""},"publishpress_future_action":{"enabled":false,"date":"2026-05-07 09:42:30","action":"category-remove","newStatus":"draft","terms":[],"taxonomy":"category","extraData":[]},"publishpress_future_workflow_manual_trigger":{"enabledWorkflows":[]},"_links":{"self":[{"href":"https:\/\/heimatverein-nieder-roden.de\/index.php?rest_route=\/wp\/v2\/posts\/6567","targetHints":{"allow":["GET"]}}],"collection":[{"href":"https:\/\/heimatverein-nieder-roden.de\/index.php?rest_route=\/wp\/v2\/posts"}],"about":[{"href":"https:\/\/heimatverein-nieder-roden.de\/index.php?rest_route=\/wp\/v2\/types\/post"}],"author":[{"embeddable":true,"href":"https:\/\/heimatverein-nieder-roden.de\/index.php?rest_route=\/wp\/v2\/users\/1"}],"replies":[{"embeddable":true,"href":"https:\/\/heimatverein-nieder-roden.de\/index.php?rest_route=%2Fwp%2Fv2%2Fcomments&post=6567"}],"version-history":[{"count":6,"href":"https:\/\/heimatverein-nieder-roden.de\/index.php?rest_route=\/wp\/v2\/posts\/6567\/revisions"}],"predecessor-version":[{"id":6587,"href":"https:\/\/heimatverein-nieder-roden.de\/index.php?rest_route=\/wp\/v2\/posts\/6567\/revisions\/6587"}],"wp:featuredmedia":[{"embeddable":true,"href":"https:\/\/heimatverein-nieder-roden.de\/index.php?rest_route=\/wp\/v2\/media\/6568"}],"wp:attachment":[{"href":"https:\/\/heimatverein-nieder-roden.de\/index.php?rest_route=%2Fwp%2Fv2%2Fmedia&parent=6567"}],"wp:term":[{"taxonomy":"category","embeddable":true,"href":"https:\/\/heimatverein-nieder-roden.de\/index.php?rest_route=%2Fwp%2Fv2%2Fcategories&post=6567"},{"taxonomy":"post_tag","embeddable":true,"href":"https:\/\/heimatverein-nieder-roden.de\/index.php?rest_route=%2Fwp%2Fv2%2Ftags&post=6567"}],"curies":[{"name":"wp","href":"https:\/\/api.w.org\/{rel}","templated":true}]}}