{"id":6511,"date":"2024-02-07T13:24:00","date_gmt":"2024-02-07T12:24:00","guid":{"rendered":"https:\/\/heimatverein-nieder-roden.de\/?p=6511"},"modified":"2024-02-19T21:29:23","modified_gmt":"2024-02-19T20:29:23","slug":"vortrag-neues-von-rotaha","status":"publish","type":"post","link":"https:\/\/heimatverein-nieder-roden.de\/?p=6511","title":{"rendered":"Vortrag: &#8222;Neues von Rotaha&#8220;"},"content":{"rendered":"<div class=\"wp-block-image\">\n<figure class=\"aligncenter size-large is-resized\"><img decoding=\"async\" width=\"718\" height=\"1024\" src=\"https:\/\/heimatverein-nieder-roden.de\/wp-content\/uploads\/2024\/02\/PohlKarl_Gemaelde_AbaNazar3-1_bearb-718x1024.jpg\" alt=\"\" class=\"wp-image-6513\" style=\"width:407px;height:auto\" srcset=\"https:\/\/heimatverein-nieder-roden.de\/wp-content\/uploads\/2024\/02\/PohlKarl_Gemaelde_AbaNazar3-1_bearb-718x1024.jpg 718w, https:\/\/heimatverein-nieder-roden.de\/wp-content\/uploads\/2024\/02\/PohlKarl_Gemaelde_AbaNazar3-1_bearb-210x300.jpg 210w, https:\/\/heimatverein-nieder-roden.de\/wp-content\/uploads\/2024\/02\/PohlKarl_Gemaelde_AbaNazar3-1_bearb-768x1096.jpg 768w, https:\/\/heimatverein-nieder-roden.de\/wp-content\/uploads\/2024\/02\/PohlKarl_Gemaelde_AbaNazar3-1_bearb-1076x1536.jpg 1076w, https:\/\/heimatverein-nieder-roden.de\/wp-content\/uploads\/2024\/02\/PohlKarl_Gemaelde_AbaNazar3-1_bearb-1435x2048.jpg 1435w, https:\/\/heimatverein-nieder-roden.de\/wp-content\/uploads\/2024\/02\/PohlKarl_Gemaelde_AbaNazar3-1_bearb-836x1193.jpg 836w, https:\/\/heimatverein-nieder-roden.de\/wp-content\/uploads\/2024\/02\/PohlKarl_Gemaelde_AbaNazar3-1_bearb-560x799.jpg 560w, https:\/\/heimatverein-nieder-roden.de\/wp-content\/uploads\/2024\/02\/PohlKarl_Gemaelde_AbaNazar3-1_bearb.jpg 1553w\" sizes=\"(max-width: 718px) 100vw, 718px\" \/><figcaption class=\"wp-element-caption\">Das Gem\u00e4lde von Karl Pohl zeigt eine Szene der \u00c4btissin Abba bei der Unterzeichnung des \u00dcbereignungsvertrages, am Grab des Heiligen Nazarius, in der Klosterkirche Lorsch. So k\u00f6nnte es gewesen sein. \u00a9Karl Pohl  <br>Mit freundlicher Genhmigung. Vielen Dank!<\/figcaption><\/figure>\n<\/div>\n\n\n<p>Seit langem bewegt die Nieder-R\u00f6der die Suche nach dem tats\u00e4chlichen Standort des Klosters &#8222;Rotaha&#8220;.<br>Einer der gr\u00f6\u00dften Kenner der Materie ist unser Heimatforscher Karl Pohl &#8211; Bauamtsleiter der Stadt R\u00f6dermark bis 2001. Er bringt jetzt alle Interessierten im Rahmen eines Vortrags auf den neuesten Stand. <\/p>\n\n\n\n<blockquote class=\"wp-block-quote is-layout-flow wp-block-quote-is-layout-flow\">\n<p class=\"has-text-align-center\">Vortrag: &#8222;Neues von Rotaha&#8220; <\/p>\n\n\n\n<p class=\"has-text-align-center\">5.  M\u00e4rz 2024, 19:00 Uhr<\/p>\n\n\n\n<p class=\"has-text-align-center\">Kelterscheune Urberach<br>Darmst\u00e4dter Str. 18<br>63322 R\u00f6dermark<\/p>\n<cite>Terminhinweis<\/cite><\/blockquote>\n\n\n\n<p>Anlass sind die Ergebnisse der Dissertation von Frau A. Diesch. Sie untersuchte 7 Jahre lang die Ausgrabungsrelikte von Prof. Dr. Schallmayer aus den Jahren 1985-1991. Ziel war es herauszufinden, ob sich Spuren finden lassen, welche auf die Existenz des Klosters Rotaha in R\u00f6dermark hinweisen. <\/p>\n\n\n\n<p>\u00dcber diese Resultate referiert der Heimatforscher Karl Pohl. Er erlaubt sich dabei, seine langj\u00e4hrigen Forschungsergebnisse gegen\u00fcber zu stellen.<\/p>\n\n\n\n<p>Wir danken Herrn Pohl f\u00fcr sein Engagement, sind gespannt auf die Ergebnisse und w\u00fcnschen ihm zahlreiche BesucherInnen bei seinem Vortrag!<\/p>\n\n\n\n<figure class=\"wp-block-image size-large\"><a href=\"https:\/\/heimatverein-nieder-roden.de\/wp-content\/uploads\/2024\/02\/2009-11-25_AKHNR_PohlKarl-Rotaha-Suche-2009_LutherJoerg.jpg\"><img decoding=\"async\" width=\"1024\" height=\"768\" src=\"https:\/\/heimatverein-nieder-roden.de\/wp-content\/uploads\/2024\/02\/2009-11-25_AKHNR_PohlKarl-Rotaha-Suche-2009_LutherJoerg-1024x768.jpg\" alt=\"\" class=\"wp-image-6523\" srcset=\"https:\/\/heimatverein-nieder-roden.de\/wp-content\/uploads\/2024\/02\/2009-11-25_AKHNR_PohlKarl-Rotaha-Suche-2009_LutherJoerg-1024x768.jpg 1024w, https:\/\/heimatverein-nieder-roden.de\/wp-content\/uploads\/2024\/02\/2009-11-25_AKHNR_PohlKarl-Rotaha-Suche-2009_LutherJoerg-300x225.jpg 300w, https:\/\/heimatverein-nieder-roden.de\/wp-content\/uploads\/2024\/02\/2009-11-25_AKHNR_PohlKarl-Rotaha-Suche-2009_LutherJoerg-768x576.jpg 768w, https:\/\/heimatverein-nieder-roden.de\/wp-content\/uploads\/2024\/02\/2009-11-25_AKHNR_PohlKarl-Rotaha-Suche-2009_LutherJoerg-1536x1152.jpg 1536w, https:\/\/heimatverein-nieder-roden.de\/wp-content\/uploads\/2024\/02\/2009-11-25_AKHNR_PohlKarl-Rotaha-Suche-2009_LutherJoerg-836x627.jpg 836w, https:\/\/heimatverein-nieder-roden.de\/wp-content\/uploads\/2024\/02\/2009-11-25_AKHNR_PohlKarl-Rotaha-Suche-2009_LutherJoerg-560x420.jpg 560w, https:\/\/heimatverein-nieder-roden.de\/wp-content\/uploads\/2024\/02\/2009-11-25_AKHNR_PohlKarl-Rotaha-Suche-2009_LutherJoerg.jpg 1640w\" sizes=\"(max-width: 1024px) 100vw, 1024px\" \/><\/a><figcaption class=\"wp-element-caption\">Heimatforscher Karl Pohl (links) und 1. Vorsitzender G\u00fcnther Keller im Jahr 2009, im Vorfeld der Such-Aktion im Fr\u00fchjahr 2010. <br>\u00a9AKHNR\/J\u00f6rg Luther<\/figcaption><\/figure>\n\n\n\n<hr class=\"wp-block-separator has-alpha-channel-opacity is-style-wide\"\/>\n\n\nBeitrag 0 mal aufgerufen in den letzten 365 Tagen.\n","protected":false},"excerpt":{"rendered":"<p>Seit langem bewegt die Nieder-R\u00f6der die Suche nach dem tats\u00e4chlichen Standort des Klosters &#8222;Rotaha&#8220;. Heimtforscher Karl Pohl h\u00e4lt einen Vortrag zu neuen und alten Erkenntnissen:<br \/>\n5. M\u00e4rz 2024, 19:00 Uhr, Kelterscheune Urberach<\/p><p><a class=\"more-link btn\" href=\"https:\/\/heimatverein-nieder-roden.de\/?p=6511\">Weiterlesen<\/a><\/p>\n","protected":false},"author":1,"featured_media":6513,"comment_status":"closed","ping_status":"closed","sticky":false,"template":"","format":"standard","meta":{"_coblocks_attr":"","_coblocks_dimensions":"","_coblocks_responsive_height":"","_coblocks_accordion_ie_support":"","footnotes":"","_share_on_mastodon":"0"},"categories":[6,97],"tags":[431,427,429,428,430],"class_list":["post-6511","post","type-post","status-publish","format-standard","has-post-thumbnail","hentry","category-aktuell","category-slider","tag-diesch","tag-karl-pohl","tag-kloster-rotaha","tag-rotaha","tag-schallmayer","nodate"],"share_on_mastodon":{"url":"","error":""},"publishpress_future_action":{"enabled":false,"date":"2026-05-07 04:38:36","action":"category-remove","newStatus":"draft","terms":[],"taxonomy":"category","extraData":[]},"publishpress_future_workflow_manual_trigger":{"enabledWorkflows":[]},"_links":{"self":[{"href":"https:\/\/heimatverein-nieder-roden.de\/index.php?rest_route=\/wp\/v2\/posts\/6511","targetHints":{"allow":["GET"]}}],"collection":[{"href":"https:\/\/heimatverein-nieder-roden.de\/index.php?rest_route=\/wp\/v2\/posts"}],"about":[{"href":"https:\/\/heimatverein-nieder-roden.de\/index.php?rest_route=\/wp\/v2\/types\/post"}],"author":[{"embeddable":true,"href":"https:\/\/heimatverein-nieder-roden.de\/index.php?rest_route=\/wp\/v2\/users\/1"}],"replies":[{"embeddable":true,"href":"https:\/\/heimatverein-nieder-roden.de\/index.php?rest_route=%2Fwp%2Fv2%2Fcomments&post=6511"}],"version-history":[{"count":5,"href":"https:\/\/heimatverein-nieder-roden.de\/index.php?rest_route=\/wp\/v2\/posts\/6511\/revisions"}],"predecessor-version":[{"id":6532,"href":"https:\/\/heimatverein-nieder-roden.de\/index.php?rest_route=\/wp\/v2\/posts\/6511\/revisions\/6532"}],"wp:featuredmedia":[{"embeddable":true,"href":"https:\/\/heimatverein-nieder-roden.de\/index.php?rest_route=\/wp\/v2\/media\/6513"}],"wp:attachment":[{"href":"https:\/\/heimatverein-nieder-roden.de\/index.php?rest_route=%2Fwp%2Fv2%2Fmedia&parent=6511"}],"wp:term":[{"taxonomy":"category","embeddable":true,"href":"https:\/\/heimatverein-nieder-roden.de\/index.php?rest_route=%2Fwp%2Fv2%2Fcategories&post=6511"},{"taxonomy":"post_tag","embeddable":true,"href":"https:\/\/heimatverein-nieder-roden.de\/index.php?rest_route=%2Fwp%2Fv2%2Ftags&post=6511"}],"curies":[{"name":"wp","href":"https:\/\/api.w.org\/{rel}","templated":true}]}}