{"id":6368,"date":"2023-12-18T22:30:37","date_gmt":"2023-12-18T21:30:37","guid":{"rendered":"https:\/\/heimatverein-nieder-roden.de\/?p=6368"},"modified":"2023-12-18T22:30:38","modified_gmt":"2023-12-18T21:30:38","slug":"festkonzert-des-musikvereins-nieder-roden-am-25-12-um-19-uhr","status":"publish","type":"post","link":"https:\/\/heimatverein-nieder-roden.de\/?p=6368","title":{"rendered":"Festkonzert des Musikvereins Nieder-Roden am 25.12. um 19 Uhr"},"content":{"rendered":"\n<p>Der Musikverein Nieder-Roden l\u00e4dt ein zum traditionellen Festkonzert am ersten Weihnachtsfeiertag. <\/p>\n\n\n\n<p>Um 19 Uhr im B\u00fcrgerhaus Nieder-Roden beginnt die \u201eSternenreise\u201c, die das Motto des Konzerts ist.<\/p>\n\n\n<div class=\"wp-block-image\">\n<figure class=\"aligncenter size-large is-resized\"><img decoding=\"async\" width=\"724\" height=\"1024\" src=\"https:\/\/heimatverein-nieder-roden.de\/wp-content\/uploads\/2023\/12\/MVN_Festkonzert-2023_Plakat-724x1024.png\" alt=\"\" class=\"wp-image-6211\" style=\"width:345px;height:489px\" srcset=\"https:\/\/heimatverein-nieder-roden.de\/wp-content\/uploads\/2023\/12\/MVN_Festkonzert-2023_Plakat-724x1024.png 724w, https:\/\/heimatverein-nieder-roden.de\/wp-content\/uploads\/2023\/12\/MVN_Festkonzert-2023_Plakat-212x300.png 212w, https:\/\/heimatverein-nieder-roden.de\/wp-content\/uploads\/2023\/12\/MVN_Festkonzert-2023_Plakat-768x1087.png 768w, https:\/\/heimatverein-nieder-roden.de\/wp-content\/uploads\/2023\/12\/MVN_Festkonzert-2023_Plakat-836x1183.png 836w, https:\/\/heimatverein-nieder-roden.de\/wp-content\/uploads\/2023\/12\/MVN_Festkonzert-2023_Plakat-560x792.png 560w, https:\/\/heimatverein-nieder-roden.de\/wp-content\/uploads\/2023\/12\/MVN_Festkonzert-2023_Plakat.png 841w\" sizes=\"(max-width: 724px) 100vw, 724px\" \/><figcaption class=\"wp-element-caption\">Plakat zum Festkonzert 2023 des Musikvereins Nieder-Roden e. V. &#8211; \u00a9MVN<\/figcaption><\/figure>\n<\/div>\n\n\n<p>Das Jugendorchester wird unter anderem Filmmusik aus \u201eStar Wars\u201c und \u201eGuardians of the Galaxy\u201c pr\u00e4sentieren. Auch ein solistisches Fl\u00f6tenst\u00fcck, das von einem einsamen Hirten erz\u00e4hlt, ist im Programm. Die zweite Konzerth\u00e4lfte wird das Konzertorchester gestalten, das neben Musik aus dem Musical \u201eStarlight Express\u201c St\u00fccke der beiden deutschen Komponisten Thiemo Kraas und Rolf Rudin im Repertoire hat. Auch weihnachtliche St\u00fccke sollen zu diesem Anlass nat\u00fcrlich nicht zu kurz kommen.<\/p>\n\n\n\n<p>Der Musikverein Nieder-Roden freut sich auf Sie! <\/p>\n\n\n\n<p>Karten (14 Euro) sind erh\u00e4ltlich <\/p>\n\n\n\n<ul class=\"wp-block-list\">\n<li>bei allen Musikern <\/li>\n\n\n\n<li>bei Christian Weiland (Tel.: 06106 76480; E-Mail: <a href=\"mailto:christian.weiland@mv-nieder-roden.de\">christian.weiland@mv-nieder-roden.de<\/a>)<\/li>\n<\/ul>\n\n\n<div class=\"wp-block-image\">\n<figure class=\"aligncenter size-large is-resized\"><a href=\"https:\/\/mv-nieder-roden.de\" target=\"_blank\" rel=\"noreferrer noopener\"><img decoding=\"async\" width=\"1024\" height=\"448\" src=\"https:\/\/heimatverein-nieder-roden.de\/wp-content\/uploads\/2023\/02\/MV-Logo-1024x448.png\" alt=\"\" class=\"wp-image-5033\" style=\"width:416px;height:auto\" srcset=\"https:\/\/heimatverein-nieder-roden.de\/wp-content\/uploads\/2023\/02\/MV-Logo-1024x448.png 1024w, https:\/\/heimatverein-nieder-roden.de\/wp-content\/uploads\/2023\/02\/MV-Logo-300x131.png 300w, https:\/\/heimatverein-nieder-roden.de\/wp-content\/uploads\/2023\/02\/MV-Logo-768x336.png 768w, https:\/\/heimatverein-nieder-roden.de\/wp-content\/uploads\/2023\/02\/MV-Logo-1536x673.png 1536w, https:\/\/heimatverein-nieder-roden.de\/wp-content\/uploads\/2023\/02\/MV-Logo-2048x897.png 2048w, https:\/\/heimatverein-nieder-roden.de\/wp-content\/uploads\/2023\/02\/MV-Logo-836x366.png 836w, https:\/\/heimatverein-nieder-roden.de\/wp-content\/uploads\/2023\/02\/MV-Logo-560x245.png 560w\" sizes=\"(max-width: 1024px) 100vw, 1024px\" \/><\/a><figcaption class=\"wp-element-caption\">Logo des Musikvereins Nieder-Roden e. V.<\/figcaption><\/figure>\n<\/div>","protected":false},"excerpt":{"rendered":"<p>Der Musikverein Nieder-Roden l\u00e4dt ein zum traditionellen Festkonzert am ersten Weihnachtsfeiertag.<\/p><p><a class=\"more-link btn\" href=\"https:\/\/heimatverein-nieder-roden.de\/?p=6368\">Weiterlesen<\/a><\/p>\n","protected":false},"author":1,"featured_media":6211,"comment_status":"closed","ping_status":"closed","sticky":false,"template":"","format":"standard","meta":{"_coblocks_attr":"","_coblocks_dimensions":"","_coblocks_responsive_height":"","_coblocks_accordion_ie_support":"","footnotes":"","_share_on_mastodon":"0"},"categories":[6,412,97],"tags":[111,22,23],"class_list":["post-6368","post","type-post","status-publish","format-standard","has-post-thumbnail","hentry","category-aktuell","category-musikverein","category-slider","tag-festkonzert","tag-musikverein-nieder-roden","tag-mvn","nodate"],"share_on_mastodon":{"url":"","error":""},"publishpress_future_action":{"enabled":false,"date":"2026-05-07 09:35:57","action":"category-remove","newStatus":"draft","terms":[],"taxonomy":"category","extraData":[]},"publishpress_future_workflow_manual_trigger":{"enabledWorkflows":[]},"_links":{"self":[{"href":"https:\/\/heimatverein-nieder-roden.de\/index.php?rest_route=\/wp\/v2\/posts\/6368","targetHints":{"allow":["GET"]}}],"collection":[{"href":"https:\/\/heimatverein-nieder-roden.de\/index.php?rest_route=\/wp\/v2\/posts"}],"about":[{"href":"https:\/\/heimatverein-nieder-roden.de\/index.php?rest_route=\/wp\/v2\/types\/post"}],"author":[{"embeddable":true,"href":"https:\/\/heimatverein-nieder-roden.de\/index.php?rest_route=\/wp\/v2\/users\/1"}],"replies":[{"embeddable":true,"href":"https:\/\/heimatverein-nieder-roden.de\/index.php?rest_route=%2Fwp%2Fv2%2Fcomments&post=6368"}],"version-history":[{"count":1,"href":"https:\/\/heimatverein-nieder-roden.de\/index.php?rest_route=\/wp\/v2\/posts\/6368\/revisions"}],"predecessor-version":[{"id":6369,"href":"https:\/\/heimatverein-nieder-roden.de\/index.php?rest_route=\/wp\/v2\/posts\/6368\/revisions\/6369"}],"wp:featuredmedia":[{"embeddable":true,"href":"https:\/\/heimatverein-nieder-roden.de\/index.php?rest_route=\/wp\/v2\/media\/6211"}],"wp:attachment":[{"href":"https:\/\/heimatverein-nieder-roden.de\/index.php?rest_route=%2Fwp%2Fv2%2Fmedia&parent=6368"}],"wp:term":[{"taxonomy":"category","embeddable":true,"href":"https:\/\/heimatverein-nieder-roden.de\/index.php?rest_route=%2Fwp%2Fv2%2Fcategories&post=6368"},{"taxonomy":"post_tag","embeddable":true,"href":"https:\/\/heimatverein-nieder-roden.de\/index.php?rest_route=%2Fwp%2Fv2%2Ftags&post=6368"}],"curies":[{"name":"wp","href":"https:\/\/api.w.org\/{rel}","templated":true}]}}