{"id":6295,"date":"2023-12-14T18:45:03","date_gmt":"2023-12-14T17:45:03","guid":{"rendered":"https:\/\/heimatverein-nieder-roden.de\/?p=6295"},"modified":"2023-12-14T18:46:00","modified_gmt":"2023-12-14T17:46:00","slug":"tannenfest-im-rollwald-zum-jahresausklang","status":"publish","type":"post","link":"https:\/\/heimatverein-nieder-roden.de\/?p=6295","title":{"rendered":"Tannenfest im Rollwald zum Jahresausklang"},"content":{"rendered":"\n<p>Am 30. Dezember sind alle Interessierten eingeladen das Jahr beim Tannenfest am Rollw\u00e4lder Ortseingang gemeinsam ausklingen zu lassen.<\/p>\n\n\n\n<p>Beim Tannenfest des <strong>F\u00f6rdervereins Villa Kunterbunt e. V. <\/strong>an der Rollwaldtanne Ecke Isarstra\u00dfe\/Am Rollwald gibt es \u00fcberdachte Sitzpl\u00e4tze und einen Spielbereich f\u00fcr Kinder.<\/p>\n\n\n\n<blockquote class=\"wp-block-quote is-layout-flow wp-block-quote-is-layout-flow\">\n<p class=\"has-text-align-center\">Tannenfest<\/p>\n\n\n\n<p class=\"has-text-align-center\">30. Dezember 2023<\/p>\n\n\n\n<p class=\"has-text-align-center\">16:00 &#8211; 21:00 Uhr<\/p>\n\n\n\n<p class=\"has-text-align-center\">Rollwald, Isarstra\u00dfe\/Am Rollwald<\/p>\n<\/blockquote>\n\n\n\n<p>Au\u00dferdem gibt es Gl\u00fchwein, hei\u00dfen O-Saft und kleine Snacks. <\/p>\n\n\n\n<p><strong>Die eingenommenen Spenden komme alle dem Kindergarten Rollwald zugute.<\/strong><\/p>\n\n\n\n<p>Wichtig ist, dass jeder eigene Becher mitbringt, um die Umwelt zu schonen.<\/p>\n\n\n\n<p>Gerne kann Weihnachtsgeb\u00e4ck mitgebracht werden.<\/p>\n\n\n<div class=\"wp-block-image\">\n<figure class=\"aligncenter size-large is-resized\"><a href=\"https:\/\/heimatverein-nieder-roden.de\/wp-content\/uploads\/2023\/12\/2023-12-13_Rollwald_Tannenfest-2023-12-30_SaveTheDate-Plakat.jpg\"><img decoding=\"async\" width=\"720\" height=\"1024\" src=\"https:\/\/heimatverein-nieder-roden.de\/wp-content\/uploads\/2023\/12\/2023-12-13_Rollwald_Tannenfest-2023-12-30_SaveTheDate-Plakat-720x1024.jpg\" alt=\"\" class=\"wp-image-6297\" style=\"width:237px;height:auto\" srcset=\"https:\/\/heimatverein-nieder-roden.de\/wp-content\/uploads\/2023\/12\/2023-12-13_Rollwald_Tannenfest-2023-12-30_SaveTheDate-Plakat-720x1024.jpg 720w, https:\/\/heimatverein-nieder-roden.de\/wp-content\/uploads\/2023\/12\/2023-12-13_Rollwald_Tannenfest-2023-12-30_SaveTheDate-Plakat-211x300.jpg 211w, https:\/\/heimatverein-nieder-roden.de\/wp-content\/uploads\/2023\/12\/2023-12-13_Rollwald_Tannenfest-2023-12-30_SaveTheDate-Plakat-768x1092.jpg 768w, https:\/\/heimatverein-nieder-roden.de\/wp-content\/uploads\/2023\/12\/2023-12-13_Rollwald_Tannenfest-2023-12-30_SaveTheDate-Plakat-836x1188.jpg 836w, https:\/\/heimatverein-nieder-roden.de\/wp-content\/uploads\/2023\/12\/2023-12-13_Rollwald_Tannenfest-2023-12-30_SaveTheDate-Plakat-560x796.jpg 560w, https:\/\/heimatverein-nieder-roden.de\/wp-content\/uploads\/2023\/12\/2023-12-13_Rollwald_Tannenfest-2023-12-30_SaveTheDate-Plakat.jpg 1080w\" sizes=\"(max-width: 720px) 100vw, 720px\" \/><\/a><figcaption class=\"wp-element-caption\">Tannenfest 2023 Plakat &#8211; \u00a9F\u00f6rderverein Villa Kunterbunt e. V.<\/figcaption><\/figure>\n<\/div>\n\n\n<p class=\"is-style-info\"><em>Beitrag erstellt mit freundlicher Unterst\u00fctzung und Genehmigung von F\u00f6rderverein Villa Kunterbunt e. V. Vielen Dank!<\/em><\/p>\n","protected":false},"excerpt":{"rendered":"<p>Am 30. Dezember sind alle Interessierten eingeladen das Jahr beim Tannenfest am Rollw\u00e4lder Ortseingang gemeinsam ausklingen zu lassen. Beim Tannenfest des F\u00f6rdervereins Villa Kunterbunt e. V. an der Rollwaldtanne Ecke Isarstra\u00dfe\/Am Rollwald gibt es \u00fcberdachte Sitzpl\u00e4tze und einen Spielbereich f\u00fcr Kinder. Tannenfest 30. Dezember 2023 16:00 &#8211; 21:00 Uhr Rollwald, Isarstra\u00dfe\/Am Rollwald Au\u00dferdem gibt es &hellip; <\/p>\n<p><a class=\"more-link btn\" href=\"https:\/\/heimatverein-nieder-roden.de\/?p=6295\">Weiterlesen<\/a><\/p>\n","protected":false},"author":1,"featured_media":6300,"comment_status":"closed","ping_status":"closed","sticky":false,"template":"","format":"standard","meta":{"_coblocks_attr":"","_coblocks_dimensions":"","_coblocks_responsive_height":"","_coblocks_accordion_ie_support":"","footnotes":"","_share_on_mastodon":"0"},"categories":[6,97,410],"tags":[407,408,124,409],"class_list":["post-6295","post","type-post","status-publish","format-standard","has-post-thumbnail","hentry","category-aktuell","category-slider","category-villa-kunterbunt","tag-foerderverein-villa-kunterbunt-e-v","tag-kindergarten-rollwald","tag-rollwald","tag-tannenfest","nodate"],"share_on_mastodon":{"url":"","error":""},"publishpress_future_action":{"enabled":false,"date":"2026-05-06 23:51:46","action":"category-remove","newStatus":"draft","terms":[],"taxonomy":"category","extraData":[]},"publishpress_future_workflow_manual_trigger":{"enabledWorkflows":[]},"_links":{"self":[{"href":"https:\/\/heimatverein-nieder-roden.de\/index.php?rest_route=\/wp\/v2\/posts\/6295","targetHints":{"allow":["GET"]}}],"collection":[{"href":"https:\/\/heimatverein-nieder-roden.de\/index.php?rest_route=\/wp\/v2\/posts"}],"about":[{"href":"https:\/\/heimatverein-nieder-roden.de\/index.php?rest_route=\/wp\/v2\/types\/post"}],"author":[{"embeddable":true,"href":"https:\/\/heimatverein-nieder-roden.de\/index.php?rest_route=\/wp\/v2\/users\/1"}],"replies":[{"embeddable":true,"href":"https:\/\/heimatverein-nieder-roden.de\/index.php?rest_route=%2Fwp%2Fv2%2Fcomments&post=6295"}],"version-history":[{"count":2,"href":"https:\/\/heimatverein-nieder-roden.de\/index.php?rest_route=\/wp\/v2\/posts\/6295\/revisions"}],"predecessor-version":[{"id":6299,"href":"https:\/\/heimatverein-nieder-roden.de\/index.php?rest_route=\/wp\/v2\/posts\/6295\/revisions\/6299"}],"wp:featuredmedia":[{"embeddable":true,"href":"https:\/\/heimatverein-nieder-roden.de\/index.php?rest_route=\/wp\/v2\/media\/6300"}],"wp:attachment":[{"href":"https:\/\/heimatverein-nieder-roden.de\/index.php?rest_route=%2Fwp%2Fv2%2Fmedia&parent=6295"}],"wp:term":[{"taxonomy":"category","embeddable":true,"href":"https:\/\/heimatverein-nieder-roden.de\/index.php?rest_route=%2Fwp%2Fv2%2Fcategories&post=6295"},{"taxonomy":"post_tag","embeddable":true,"href":"https:\/\/heimatverein-nieder-roden.de\/index.php?rest_route=%2Fwp%2Fv2%2Ftags&post=6295"}],"curies":[{"name":"wp","href":"https:\/\/api.w.org\/{rel}","templated":true}]}}