{"id":6186,"date":"2023-11-23T02:15:17","date_gmt":"2023-11-23T01:15:17","guid":{"rendered":"https:\/\/heimatverein-nieder-roden.de\/?p=6186"},"modified":"2023-11-23T02:15:18","modified_gmt":"2023-11-23T01:15:18","slug":"konzertchor-polyhymnia-bachs-weihnachtsoratorium-in-rodgau-nieder-roden","status":"publish","type":"post","link":"https:\/\/heimatverein-nieder-roden.de\/?p=6186","title":{"rendered":"Konzertchor Polyhymnia: Bachs Weihnachtsoratorium in Rodgau Nieder-Roden"},"content":{"rendered":"<div class=\"wp-block-image\">\n<figure class=\"aligncenter size-large is-resized\"><a href=\"https:\/\/heimatverein-nieder-roden.de\/wp-content\/uploads\/2023\/09\/2023_POLY_Weihnachtsoratorium_Probe_IMG_8191-scaled.jpg\"><img decoding=\"async\" width=\"1024\" height=\"683\" src=\"https:\/\/heimatverein-nieder-roden.de\/wp-content\/uploads\/2023\/09\/2023_POLY_Weihnachtsoratorium_Probe_IMG_8191-1024x683.jpg\" alt=\"\" class=\"wp-image-5967\" style=\"width:556px;height:371px\" srcset=\"https:\/\/heimatverein-nieder-roden.de\/wp-content\/uploads\/2023\/09\/2023_POLY_Weihnachtsoratorium_Probe_IMG_8191-1024x683.jpg 1024w, https:\/\/heimatverein-nieder-roden.de\/wp-content\/uploads\/2023\/09\/2023_POLY_Weihnachtsoratorium_Probe_IMG_8191-300x200.jpg 300w, https:\/\/heimatverein-nieder-roden.de\/wp-content\/uploads\/2023\/09\/2023_POLY_Weihnachtsoratorium_Probe_IMG_8191-768x512.jpg 768w, https:\/\/heimatverein-nieder-roden.de\/wp-content\/uploads\/2023\/09\/2023_POLY_Weihnachtsoratorium_Probe_IMG_8191-1536x1024.jpg 1536w, https:\/\/heimatverein-nieder-roden.de\/wp-content\/uploads\/2023\/09\/2023_POLY_Weihnachtsoratorium_Probe_IMG_8191-2048x1365.jpg 2048w, https:\/\/heimatverein-nieder-roden.de\/wp-content\/uploads\/2023\/09\/2023_POLY_Weihnachtsoratorium_Probe_IMG_8191-836x557.jpg 836w, https:\/\/heimatverein-nieder-roden.de\/wp-content\/uploads\/2023\/09\/2023_POLY_Weihnachtsoratorium_Probe_IMG_8191-560x373.jpg 560w, https:\/\/heimatverein-nieder-roden.de\/wp-content\/uploads\/2023\/09\/2023_POLY_Weihnachtsoratorium_Probe_IMG_8191-272x182.jpg 272w\" sizes=\"(max-width: 1024px) 100vw, 1024px\" \/><\/a><figcaption class=\"wp-element-caption\">Die S\u00e4nger der Polyhymnia bei der Probenarbeit f\u00fcr das Weihnachtsoratorium im Pfarrheim. \u00a9Polyhymnia\/Wolf<\/figcaption><\/figure>\n<\/div>\n\n\n<p>Der Konzertchor der Polyhymnia Nieder-Roden interpretiert am 01. und 02. Dezember 2023 Bachs Weihnachtsoratorium in der St. Matthias Kirche in Nieder-Roden. <\/p>\n\n\n\n<p>Der Konzertchor musiziert gemeinsam mit dem Solistenensemble <\/p>\n\n\n\n<ul class=\"wp-block-list\">\n<li>Mark Heines (Tenor)<\/li>\n\n\n\n<li>Barbara Fleckenstein (Sopran)<\/li>\n\n\n\n<li>Lena-Sutor Wernich (Mezzosopran\/Alt)<\/li>\n\n\n\n<li>Manuel Adt (Bariton)<\/li>\n<\/ul>\n\n\n\n<p>Den Instrumentalpart \u00fcbernimmt das <strong>Collegium Musicum<\/strong> aus Aschaffenburg. <\/p>\n\n\n\n<p>Die musikalische Leitung hat Chorleiter Gottfried K\u00e4rner. <\/p>\n\n\n\n<h3 class=\"wp-block-heading\">Einstimmung auf die Festtage <\/h3>\n\n\n\n<p>Bachs Weihnachtsoratorium geh\u00f6rt heute zu den Festtagen wie Pl\u00e4tzchen, Gl\u00fchwein und Kerzenlicht, eine kurzweilige Darstellung der Weihnachtsgeschichte mit meisterhafter Musik. Das Bach uns dieses abendf\u00fcllende Meisterwerk hinterlassen hat, ist ein besonderes Geschenk. Auch fast 290 Jahre nach der Entstehung hat dieses Meisterwerk nichts von seiner Frische und Urspr\u00fcnglichkeit verloren. Das Wunder der Geburt Jesu, das ungl\u00e4ubige Staunen der Hirten, der armselige Stall als Krei\u00dfsaal, all das ber\u00fchrt Menschen heute genauso unmittelbar wie die Leipziger Gottesdienstbesucher in der Weihnachtszeit 1734\/35. Bach komponierte, sein Oratorium f\u00fcr die Auff\u00fchrung in den Gottesdiensten der Weihnachtszeit, also an drei Weihnachtsfesttagen, an Neujahr, am Sonntag nach Neujahr und am 6. Januar. Er erz\u00e4hlt die Geschichte von der Geburt Jesu, von Engeln und Hirten, von der Beschneidung Jesu und von der Anbetung durch die heiligen drei K\u00f6nige. Unerreicht ist die Beziehung von Wort und Ton: Johann Sebastian Bach gelingt es, die Stimmungen und Inhalte der erz\u00e4hlten Worte derart in Musik zu setzen, dass man nur staunend zuh\u00f6ren kann.<\/p>\n\n\n\n<h3 class=\"wp-block-heading\">Prickelndes Pr\u00e4ludium im Museum ab 18 Uhr<\/h3>\n\n\n\n<p>Zur Einstimmung vor den Konzerten bieten die Polyhymnia und der Arbeitskreis f\u00fcr Heimatkunde im Heimatmuseum ab 18.00 Uhr ein prickelndes Pr\u00e4ludium an. Mit kleinen Snacks und einem prickelnden Getr\u00e4nk k\u00f6nnen sich die Zuh\u00f6rer auf das Konzert einstimmen. Kurzweilige Informationen und Bilder erz\u00e4hlen im Heimatmuseum ein St\u00fcck 150j\u00e4hrige Geschichte der S\u00e4ngervereinigung S\u00e4ngerkranz Polyhymnia Nieder-Roden. <\/p>\n\n\n\n<p>Lesen Sie alles dazu hier:<\/p>\n\n\n\n<div class=\"wp-block-buttons is-content-justification-center is-layout-flex wp-container-core-buttons-is-layout-16018d1d wp-block-buttons-is-layout-flex\">\n<div class=\"wp-block-button\"><a class=\"wp-block-button__link wp-element-button\" href=\"https:\/\/heimatverein-nieder-roden.de\/?p=5851\" target=\"_blank\" rel=\"noreferrer noopener\">Prickelndes Pr\u00e4ludium im Museum<\/a><\/div>\n<\/div>\n\n\n\n<h3 class=\"wp-block-heading\">Konzertbeginn 19:30 Uhr<\/h3>\n\n\n\n<p>Beide Konzerte beginnen um 19.30 Uhr in der St. Matthias Kirche in Rodgau Nieder-Roden. <\/p>\n\n\n\n<p>Die Kirche ist ab 18.30 Uhr ge\u00f6ffnet. <\/p>\n\n\n\n<p>Mit vorbereiteten Platzkarten k\u00f6nnen die Zuh\u00f6rer sich einen Platz reservieren und sich vor dem Konzert im Heimatmuseum einstimmen. <\/p>\n\n\n\n<p>Kartenvorverkaufsstellen und weitere Informationen zum Chorprojekt unter <a href=\"http:\/\/www.po-ly-hym-ni-a.de\">www.po-ly-hym-ni-a.de<\/a><\/p>\n\n\n\n<hr class=\"wp-block-separator has-alpha-channel-opacity is-style-wide\"\/>\n\n\n\n<h2 class=\"wp-block-heading\">Der Flyer zum Projekt<\/h2>\n\n\n\n<p>Hier finden Sie den Flyer zum Projekt mit vielen Infos und den Sponsoren:<\/p>\n\n\n<div class=\"wp-block-image\">\n<figure class=\"aligncenter size-large\"><a href=\"https:\/\/heimatverein-nieder-roden.de\/wp-content\/uploads\/2023\/08\/grafik-13.png\"><img decoding=\"async\" width=\"1024\" height=\"724\" src=\"https:\/\/heimatverein-nieder-roden.de\/wp-content\/uploads\/2023\/08\/grafik-13-1024x724.png\" alt=\"\" class=\"wp-image-5849\" srcset=\"https:\/\/heimatverein-nieder-roden.de\/wp-content\/uploads\/2023\/08\/grafik-13-1024x724.png 1024w, https:\/\/heimatverein-nieder-roden.de\/wp-content\/uploads\/2023\/08\/grafik-13-300x212.png 300w, https:\/\/heimatverein-nieder-roden.de\/wp-content\/uploads\/2023\/08\/grafik-13-768x543.png 768w, https:\/\/heimatverein-nieder-roden.de\/wp-content\/uploads\/2023\/08\/grafik-13-1536x1086.png 1536w, https:\/\/heimatverein-nieder-roden.de\/wp-content\/uploads\/2023\/08\/grafik-13-2048x1448.png 2048w, https:\/\/heimatverein-nieder-roden.de\/wp-content\/uploads\/2023\/08\/grafik-13-836x591.png 836w, https:\/\/heimatverein-nieder-roden.de\/wp-content\/uploads\/2023\/08\/grafik-13-560x396.png 560w\" sizes=\"(max-width: 1024px) 100vw, 1024px\" \/><\/a><figcaption class=\"wp-element-caption\">Flyer zum Projekt 2023 der Polyhymnia: Das Weihnachtsoratorium von J. S. Bach <br>\u00a9Polyhymnia\/StolzDesign<\/figcaption><\/figure>\n<\/div>\n\n\n<p>Weitere Informationen zum Projekt gibt es auf den Seiten des Vereins:<\/p>\n\n\n<div class=\"wp-block-image\">\n<figure class=\"aligncenter size-full is-resized\"><a href=\"https:\/\/www.po-ly-hym-ni-a.de\/news\/weihnachts-oratorium\/weitere-infos\/\" target=\"_blank\" rel=\"noreferrer noopener\"><img decoding=\"async\" width=\"452\" height=\"449\" src=\"https:\/\/heimatverein-nieder-roden.de\/wp-content\/uploads\/2022\/04\/Polyhymnia-NR_Logo.jpg\" alt=\"\" class=\"wp-image-4069\" style=\"width:313px;height:311px\" srcset=\"https:\/\/heimatverein-nieder-roden.de\/wp-content\/uploads\/2022\/04\/Polyhymnia-NR_Logo.jpg 452w, https:\/\/heimatverein-nieder-roden.de\/wp-content\/uploads\/2022\/04\/Polyhymnia-NR_Logo-300x298.jpg 300w, https:\/\/heimatverein-nieder-roden.de\/wp-content\/uploads\/2022\/04\/Polyhymnia-NR_Logo-150x150.jpg 150w\" sizes=\"(max-width: 452px) 100vw, 452px\" \/><\/a><\/figure>\n<\/div>\n\n\n<p class=\"has-text-align-center is-style-info\"><em>Beitrag erstellt mit freundlicher Genehmigung der <br>S\u00e4ngervereinigung S\u00e4ngerkranz Polyhymnia Nieder-Roden e. V.<br>Vielen Dank!<\/em><\/p>\n","protected":false},"excerpt":{"rendered":"<p>Der Konzertchor der Polyhymnia Nieder-Roden interpretiert am 01. und 02. Dezember Bachs Weihnachtsoratorium in der St. Matthias Kirche in Nieder-Roden.<\/p><p><a class=\"more-link btn\" href=\"https:\/\/heimatverein-nieder-roden.de\/?p=6186\">Weiterlesen<\/a><\/p>\n","protected":false},"author":1,"featured_media":5863,"comment_status":"closed","ping_status":"closed","sticky":false,"template":"","format":"standard","meta":{"_coblocks_attr":"","_coblocks_dimensions":"","_coblocks_responsive_height":"","_coblocks_accordion_ie_support":"","footnotes":"","_share_on_mastodon":"0"},"categories":[6,394,97],"tags":[34,35,32,387,248,388,249,80,386],"class_list":["post-6186","post","type-post","status-publish","format-standard","has-post-thumbnail","hentry","category-aktuell","category-polyhymnia","category-slider","tag-akhnr","tag-arbeitskreis-fuer-heimatkunde-nieder-roden-e-v","tag-heimatmuseum","tag-johann-sebastian-bach","tag-polyhymnia","tag-prickelndes-praeludium","tag-saengervereinigung-saengerkranz-polyhymnia-nieder-roden","tag-sankt-matthias-kirche","tag-weihnachtsoratorium","nodate"],"share_on_mastodon":{"url":"","error":""},"publishpress_future_action":{"enabled":false,"date":"2026-05-07 06:04:26","action":"category-remove","newStatus":"draft","terms":[],"taxonomy":"category","extraData":[]},"publishpress_future_workflow_manual_trigger":{"enabledWorkflows":[]},"_links":{"self":[{"href":"https:\/\/heimatverein-nieder-roden.de\/index.php?rest_route=\/wp\/v2\/posts\/6186","targetHints":{"allow":["GET"]}}],"collection":[{"href":"https:\/\/heimatverein-nieder-roden.de\/index.php?rest_route=\/wp\/v2\/posts"}],"about":[{"href":"https:\/\/heimatverein-nieder-roden.de\/index.php?rest_route=\/wp\/v2\/types\/post"}],"author":[{"embeddable":true,"href":"https:\/\/heimatverein-nieder-roden.de\/index.php?rest_route=\/wp\/v2\/users\/1"}],"replies":[{"embeddable":true,"href":"https:\/\/heimatverein-nieder-roden.de\/index.php?rest_route=%2Fwp%2Fv2%2Fcomments&post=6186"}],"version-history":[{"count":1,"href":"https:\/\/heimatverein-nieder-roden.de\/index.php?rest_route=\/wp\/v2\/posts\/6186\/revisions"}],"predecessor-version":[{"id":6187,"href":"https:\/\/heimatverein-nieder-roden.de\/index.php?rest_route=\/wp\/v2\/posts\/6186\/revisions\/6187"}],"wp:featuredmedia":[{"embeddable":true,"href":"https:\/\/heimatverein-nieder-roden.de\/index.php?rest_route=\/wp\/v2\/media\/5863"}],"wp:attachment":[{"href":"https:\/\/heimatverein-nieder-roden.de\/index.php?rest_route=%2Fwp%2Fv2%2Fmedia&parent=6186"}],"wp:term":[{"taxonomy":"category","embeddable":true,"href":"https:\/\/heimatverein-nieder-roden.de\/index.php?rest_route=%2Fwp%2Fv2%2Fcategories&post=6186"},{"taxonomy":"post_tag","embeddable":true,"href":"https:\/\/heimatverein-nieder-roden.de\/index.php?rest_route=%2Fwp%2Fv2%2Ftags&post=6186"}],"curies":[{"name":"wp","href":"https:\/\/api.w.org\/{rel}","templated":true}]}}