{"id":5984,"date":"2023-08-31T15:45:48","date_gmt":"2023-08-31T13:45:48","guid":{"rendered":"https:\/\/heimatverein-nieder-roden.de\/?p=5984"},"modified":"2023-09-11T15:52:17","modified_gmt":"2023-09-11T13:52:17","slug":"rodgau-fuers-foto-auf-die-historische-schulbank","status":"publish","type":"post","link":"https:\/\/heimatverein-nieder-roden.de\/?p=5984","title":{"rendered":"&#8222;Rodgau: F\u00fcrs Foto auf die historische Schulbank&#8220;"},"content":{"rendered":"\n<p>Artikel der Offenbach-Post auf OP-Online.de vom 11.09.2023.<\/p>\n\n\n\n<p><em>Urspr\u00fcnglich in der Print-Ausgabe ver\u00f6ffentlicht am 30.08.2023 unter dem Titel &#8222;F\u00fcrs Foto auf die historische Schulbank&#8220;.<\/em><\/p>\n\n\n\n<figure class=\"wp-block-image size-full\"><a href=\"https:\/\/www.op-online.de\/region\/rodgau\/rodgau-fuers-foto-auf-die-historische-schulbank-92512720.html\" target=\"_blank\" rel=\"noreferrer noopener\"><img decoding=\"async\" width=\"1015\" height=\"652\" src=\"https:\/\/heimatverein-nieder-roden.de\/wp-content\/uploads\/2023\/09\/grafik-2.png\" alt=\"\" class=\"wp-image-5985\" srcset=\"https:\/\/heimatverein-nieder-roden.de\/wp-content\/uploads\/2023\/09\/grafik-2.png 1015w, https:\/\/heimatverein-nieder-roden.de\/wp-content\/uploads\/2023\/09\/grafik-2-300x193.png 300w, https:\/\/heimatverein-nieder-roden.de\/wp-content\/uploads\/2023\/09\/grafik-2-768x493.png 768w, https:\/\/heimatverein-nieder-roden.de\/wp-content\/uploads\/2023\/09\/grafik-2-836x537.png 836w, https:\/\/heimatverein-nieder-roden.de\/wp-content\/uploads\/2023\/09\/grafik-2-560x360.png 560w\" sizes=\"(max-width: 1015px) 100vw, 1015px\" \/><\/a><figcaption class=\"wp-element-caption\">Artikel auf OP-Online vom 11.09.2023 &#8211; \u00a9 OP-Online<\/figcaption><\/figure>\n\n\n\n<p>Klicken Sie auf das Bild und sie gelangen direkt zum Artikel!<\/p>\n\n\n\n<p>Mit freundlicher Genehmigung der Offenbach-Post!<\/p>\n","protected":false},"excerpt":{"rendered":"<p>Artikel der Offenbach-Post auf OP-Online.de vom 11.09.2023.<br \/>\nWir bedanken uns herzlich f\u00fcr die Berichterstattung der Presse!<\/p><p><a class=\"more-link btn\" href=\"https:\/\/heimatverein-nieder-roden.de\/?p=5984\">Weiterlesen<\/a><\/p>\n","protected":false},"author":1,"featured_media":1383,"comment_status":"closed","ping_status":"closed","sticky":false,"template":"","format":"standard","meta":{"_coblocks_attr":"","_coblocks_dimensions":"","_coblocks_responsive_height":"","_coblocks_accordion_ie_support":"","footnotes":"","_share_on_mastodon":"0"},"categories":[6,88,58],"tags":[34,35,89,101,385,59],"class_list":["post-5984","post","type-post","status-publish","format-standard","has-post-thumbnail","hentry","category-aktuell","category-einschulung","category-presse","tag-akhnr","tag-arbeitskreis-fuer-heimatkunde-nieder-roden-e-v","tag-einschulung","tag-offenbach-post","tag-oischulfoddo","tag-presse","nodate"],"share_on_mastodon":{"url":"","error":""},"publishpress_future_action":{"enabled":false,"date":"2026-05-07 08:17:31","action":"category-remove","newStatus":"draft","terms":[],"taxonomy":"category","extraData":[]},"publishpress_future_workflow_manual_trigger":{"enabledWorkflows":[]},"_links":{"self":[{"href":"https:\/\/heimatverein-nieder-roden.de\/index.php?rest_route=\/wp\/v2\/posts\/5984","targetHints":{"allow":["GET"]}}],"collection":[{"href":"https:\/\/heimatverein-nieder-roden.de\/index.php?rest_route=\/wp\/v2\/posts"}],"about":[{"href":"https:\/\/heimatverein-nieder-roden.de\/index.php?rest_route=\/wp\/v2\/types\/post"}],"author":[{"embeddable":true,"href":"https:\/\/heimatverein-nieder-roden.de\/index.php?rest_route=\/wp\/v2\/users\/1"}],"replies":[{"embeddable":true,"href":"https:\/\/heimatverein-nieder-roden.de\/index.php?rest_route=%2Fwp%2Fv2%2Fcomments&post=5984"}],"version-history":[{"count":1,"href":"https:\/\/heimatverein-nieder-roden.de\/index.php?rest_route=\/wp\/v2\/posts\/5984\/revisions"}],"predecessor-version":[{"id":5986,"href":"https:\/\/heimatverein-nieder-roden.de\/index.php?rest_route=\/wp\/v2\/posts\/5984\/revisions\/5986"}],"wp:featuredmedia":[{"embeddable":true,"href":"https:\/\/heimatverein-nieder-roden.de\/index.php?rest_route=\/wp\/v2\/media\/1383"}],"wp:attachment":[{"href":"https:\/\/heimatverein-nieder-roden.de\/index.php?rest_route=%2Fwp%2Fv2%2Fmedia&parent=5984"}],"wp:term":[{"taxonomy":"category","embeddable":true,"href":"https:\/\/heimatverein-nieder-roden.de\/index.php?rest_route=%2Fwp%2Fv2%2Fcategories&post=5984"},{"taxonomy":"post_tag","embeddable":true,"href":"https:\/\/heimatverein-nieder-roden.de\/index.php?rest_route=%2Fwp%2Fv2%2Ftags&post=5984"}],"curies":[{"name":"wp","href":"https:\/\/api.w.org\/{rel}","templated":true}]}}