{"id":5972,"date":"2023-09-11T13:39:23","date_gmt":"2023-09-11T11:39:23","guid":{"rendered":"https:\/\/heimatverein-nieder-roden.de\/?p=5972"},"modified":"2023-09-11T14:03:39","modified_gmt":"2023-09-11T12:03:39","slug":"musik-im-museumshof-erstmals-mit-chorgesang","status":"publish","type":"post","link":"https:\/\/heimatverein-nieder-roden.de\/?p=5972","title":{"rendered":"Musik im Museumshof erstmals mit Chorgesang"},"content":{"rendered":"\n<p><strong>Vorverkauf f\u00fcr Weihnachtsoratorium startet im Heimatmuseum; gro\u00dfes R\u00e4tsel in der Jahresausstellung gel\u00f6st<\/strong><\/p>\n\n\n\n<p>Eine Premiere erwartet die Besucher im Hof des Nieder-R\u00f6der Heimatmuseums, bei der n\u00e4chsten Museums\u00f6ffnung.<br>Bei ausreichender Witterung, werden zum ersten Mal in der Reihe &#8222;Musik im Museumshof&#8220; Ch\u00f6re zu h\u00f6ren und sehen sein. Die S\u00e4ngervereinigung S\u00e4ngerkranz Polyhymnia Nieder-Roden e. V. wird den Nachmittag gesanglich begleiten. Mitglieder des M\u00e4nnerchors und der Ch\u00f6re PolyCanto (Frauenchor) und PolyVocals (gemischt) zeigen ihr K\u00f6nnen und machen Lust auf das gro\u00dfe Projekt der Polyhmnia in diesem Jahr: Am 1. und 2. Dezember bringt sie das Weihnachtsoratorium von Johann Sebastian Bach in die St. Matthias Kirche Nieder-Roden.<\/p>\n\n\n<div class=\"wp-block-image\">\n<figure class=\"aligncenter size-large is-resized\"><img decoding=\"async\" src=\"https:\/\/heimatverein-nieder-roden.de\/wp-content\/uploads\/2022\/06\/2022-06-12_15-43-59_AKHNR_Museumsoeffnung-KO_IMG_20220612_154359_1920_72dpi_Wasserz-1024x768.jpg\" alt=\"\" class=\"wp-image-4373\" style=\"width:560px;height:420px\" width=\"560\" height=\"420\" srcset=\"https:\/\/heimatverein-nieder-roden.de\/wp-content\/uploads\/2022\/06\/2022-06-12_15-43-59_AKHNR_Museumsoeffnung-KO_IMG_20220612_154359_1920_72dpi_Wasserz-1024x768.jpg 1024w, https:\/\/heimatverein-nieder-roden.de\/wp-content\/uploads\/2022\/06\/2022-06-12_15-43-59_AKHNR_Museumsoeffnung-KO_IMG_20220612_154359_1920_72dpi_Wasserz-300x225.jpg 300w, https:\/\/heimatverein-nieder-roden.de\/wp-content\/uploads\/2022\/06\/2022-06-12_15-43-59_AKHNR_Museumsoeffnung-KO_IMG_20220612_154359_1920_72dpi_Wasserz-768x576.jpg 768w, https:\/\/heimatverein-nieder-roden.de\/wp-content\/uploads\/2022\/06\/2022-06-12_15-43-59_AKHNR_Museumsoeffnung-KO_IMG_20220612_154359_1920_72dpi_Wasserz-1536x1152.jpg 1536w, https:\/\/heimatverein-nieder-roden.de\/wp-content\/uploads\/2022\/06\/2022-06-12_15-43-59_AKHNR_Museumsoeffnung-KO_IMG_20220612_154359_1920_72dpi_Wasserz-836x627.jpg 836w, https:\/\/heimatverein-nieder-roden.de\/wp-content\/uploads\/2022\/06\/2022-06-12_15-43-59_AKHNR_Museumsoeffnung-KO_IMG_20220612_154359_1920_72dpi_Wasserz-560x420.jpg 560w, https:\/\/heimatverein-nieder-roden.de\/wp-content\/uploads\/2022\/06\/2022-06-12_15-43-59_AKHNR_Museumsoeffnung-KO_IMG_20220612_154359_1920_72dpi_Wasserz.jpg 1920w\" sizes=\"(max-width: 560px) 100vw, 560px\" \/><figcaption class=\"wp-element-caption\">Museums\u00f6ffnung mit Musik im Museumshof. \u00a9AKHNR\/FMA<\/figcaption><\/figure>\n<\/div>\n\n\n<h2 class=\"wp-block-heading\">Vorverkauf f\u00fcr Weihnachtsoratorium startet im Museum<\/h2>\n\n\n\n<p>Es wird erwartet, dass die verf\u00fcgbaren Pl\u00e4tze schnell vergriffen sind. Wer sich seinen Platz sichern m\u00f6chte, sollte daher unbedingt den Weg zum Heimatmuseum finden: Die Besucher k\u00f6nnen sich nicht nur am Gesang erfreuen &#8211; es startet hier auch offiziell die Vorverkaufsphase.<\/p>\n\n\n<div class=\"wp-block-image\">\n<figure class=\"aligncenter size-full is-resized\"><a href=\"https:\/\/heimatverein-nieder-roden.de\/?p=5848\" target=\"_blank\" rel=\"noreferrer noopener\"><img decoding=\"async\" src=\"https:\/\/heimatverein-nieder-roden.de\/wp-content\/uploads\/2023\/08\/polyhymnia_weihnachtsoratorium-2023_flyer-cover-teil.png\" alt=\"\" class=\"wp-image-5824\" style=\"width:295px;height:331px\" width=\"295\" height=\"331\" srcset=\"https:\/\/heimatverein-nieder-roden.de\/wp-content\/uploads\/2023\/08\/polyhymnia_weihnachtsoratorium-2023_flyer-cover-teil.png 861w, https:\/\/heimatverein-nieder-roden.de\/wp-content\/uploads\/2023\/08\/polyhymnia_weihnachtsoratorium-2023_flyer-cover-teil-268x300.png 268w, https:\/\/heimatverein-nieder-roden.de\/wp-content\/uploads\/2023\/08\/polyhymnia_weihnachtsoratorium-2023_flyer-cover-teil-768x861.png 768w, https:\/\/heimatverein-nieder-roden.de\/wp-content\/uploads\/2023\/08\/polyhymnia_weihnachtsoratorium-2023_flyer-cover-teil-836x937.png 836w, https:\/\/heimatverein-nieder-roden.de\/wp-content\/uploads\/2023\/08\/polyhymnia_weihnachtsoratorium-2023_flyer-cover-teil-560x628.png 560w\" sizes=\"(max-width: 295px) 100vw, 295px\" \/><\/a><\/figure>\n<\/div>\n\n\n<figure class=\"wp-block-pullquote\"><blockquote><p>Eintrittskarten<br>30,00 \u20ac Vorverkauf<br>35,00 \u20ac Abendkasse<\/p><\/blockquote><\/figure>\n\n\n\n<p>Karten im Vorverkauf gibt es auch bei unserem Partner &#8222;Gartenstadt B\u00fccher:<\/p>\n\n\n<div class=\"wp-block-image\">\n<figure class=\"aligncenter size-full is-resized\"><a href=\"https:\/\/www.genialokal.de\/buchhandlung\/rodgau\/gartenstadtbuecher\/\" target=\"_blank\" rel=\"noreferrer noopener\"><img decoding=\"async\" src=\"https:\/\/heimatverein-nieder-roden.de\/wp-content\/uploads\/2021\/11\/Logo_GartenstadtBuecher_cmyk_300dpi-klein.jpg\" alt=\"\" class=\"wp-image-3290\" style=\"width:251px;height:171px\" width=\"251\" height=\"171\" srcset=\"https:\/\/heimatverein-nieder-roden.de\/wp-content\/uploads\/2021\/11\/Logo_GartenstadtBuecher_cmyk_300dpi-klein.jpg 415w, https:\/\/heimatverein-nieder-roden.de\/wp-content\/uploads\/2021\/11\/Logo_GartenstadtBuecher_cmyk_300dpi-klein-300x205.jpg 300w\" sizes=\"(max-width: 251px) 100vw, 251px\" \/><\/a><\/figure>\n<\/div>\n\n\n<p class=\"has-text-align-center\"><strong>Gartenstadt B\u00fccher<\/strong><br>K\u00f6lner Stra\u00dfe 1<br>63110 Rodgau<br>Tel.: 06106 72410<\/p>\n\n\n\n<p><strong>Weitere Vorverkaufsstellen<\/strong><\/p>\n\n\n\n<ul class=\"wp-block-list\">\n<li>J\u00fcgesheimer B\u00fccherstube, M\u00fchlstra\u00dfe 2, 63110 Rodgau Tel.: 06106 18080 <\/li>\n\n\n\n<li>Der Weinladen, Ludwig-Erhard-Platz 2-4, 63110 Rodgau, Tel.: 06106 2593608<\/li>\n\n\n\n<li>Buchhandlung R\u00f6dermark, Dieburger Stra\u00dfe 80, 63322 R\u00f6dermark, Tel.: 06074 94450<\/li>\n\n\n\n<li>und bei allen Chormitgliedern<\/li>\n<\/ul>\n\n\n\n<h2 class=\"wp-block-heading\">R\u00e4tsel um den mysteri\u00f6sen Findling gel\u00f6st?!<\/h2>\n\n\n\n<p>Der Besuch lohnt sich dar\u00fcber hinaus auch um die Ausstellungen und das Museumscaf\u00e9 mit selbstgebackenen Kuchen und Torten zu besuchen. Mit der Jahresausstellung zum Thema &#8222;Alte Grabsteine und welche Geschichten sie uns erz\u00e4hlen&#8220; versucht der AKHNR m\u00f6glichst vollst\u00e4ndige Informationen \u00fcber die noch vorhandenen Grabsteine auf dem Alten Friedhof zusammenzutragen. <\/p>\n\n\n\n<p>Viel Wissen haben die Besucher in diesem Jahr schon mitgebracht. Einige Ausstellungstafeln konnten anhand dessen \u00fcberarbeitet werden. Besonders spannend ist, dass das R\u00e4stel um den mysteri\u00f6sesten Stein gel\u00f6st werden konnte. Ein gro\u00dfer Dank geht daf\u00fcr an die professionelle und ausdauernde Hilfe der MitarbeiterInnen im Rodgauer Stadtarchiv.<\/p>\n\n\n<div class=\"wp-block-image\">\n<figure class=\"aligncenter size-large is-resized\"><img decoding=\"async\" src=\"https:\/\/heimatverein-nieder-roden.de\/wp-content\/uploads\/2023\/09\/12_2022-01-23_AKHNR_Alter-Friedhof_GrabsteinNr12_UBI_20220123_153252-768x1024.jpg\" alt=\"\" class=\"wp-image-5973\" style=\"width:384px;height:512px\" width=\"384\" height=\"512\" srcset=\"https:\/\/heimatverein-nieder-roden.de\/wp-content\/uploads\/2023\/09\/12_2022-01-23_AKHNR_Alter-Friedhof_GrabsteinNr12_UBI_20220123_153252-768x1024.jpg 768w, https:\/\/heimatverein-nieder-roden.de\/wp-content\/uploads\/2023\/09\/12_2022-01-23_AKHNR_Alter-Friedhof_GrabsteinNr12_UBI_20220123_153252-225x300.jpg 225w, https:\/\/heimatverein-nieder-roden.de\/wp-content\/uploads\/2023\/09\/12_2022-01-23_AKHNR_Alter-Friedhof_GrabsteinNr12_UBI_20220123_153252-1152x1536.jpg 1152w, https:\/\/heimatverein-nieder-roden.de\/wp-content\/uploads\/2023\/09\/12_2022-01-23_AKHNR_Alter-Friedhof_GrabsteinNr12_UBI_20220123_153252-1536x2048.jpg 1536w, https:\/\/heimatverein-nieder-roden.de\/wp-content\/uploads\/2023\/09\/12_2022-01-23_AKHNR_Alter-Friedhof_GrabsteinNr12_UBI_20220123_153252-836x1115.jpg 836w, https:\/\/heimatverein-nieder-roden.de\/wp-content\/uploads\/2023\/09\/12_2022-01-23_AKHNR_Alter-Friedhof_GrabsteinNr12_UBI_20220123_153252-560x747.jpg 560w, https:\/\/heimatverein-nieder-roden.de\/wp-content\/uploads\/2023\/09\/12_2022-01-23_AKHNR_Alter-Friedhof_GrabsteinNr12_UBI_20220123_153252-scaled.jpg 1920w\" sizes=\"(max-width: 384px) 100vw, 384px\" \/><figcaption class=\"wp-element-caption\">Der mysteri\u00f6se Grabstein Nr. 12 &#8211; auf dem Alten Friedhof in Nieder-Roden. Der einzige Grabstein in Form eines Findlings, hat nahezu alle Buchstaben seiner Beschriftung verloren. Das R\u00e4tsel konnte jetzt wahrscheinlich gel\u00f6st werden. \u00a9AKHNR\/UBI<\/figcaption><\/figure>\n<\/div>\n\n\n<p>Sie sind gespannt, was herausgekommen ist? Kommen Sie vorbei! Bei der Museums\u00f6ffnung am kommenden Sonntag, den 17. September 2023, von 14 bis 18 Uhr, im Heimatmuseum Nieder-Roden, Schulstra\u00dfe 32.<\/p>\n\n\n\n<hr class=\"wp-block-separator has-alpha-channel-opacity is-style-wide\"\/>\n\n\n\n<p>Weitere Infos zur Jahresausstellung:<\/p>\n\n\n\n<div class=\"wp-block-buttons is-content-justification-center is-layout-flex wp-container-core-buttons-is-layout-16018d1d wp-block-buttons-is-layout-flex\">\n<div class=\"wp-block-button is-style-fill\"><a class=\"wp-block-button__link has-background wp-element-button\" href=\"https:\/\/heimatverein-nieder-roden.de\/?p=5120\" style=\"background-color:#8c2b2b\" target=\"_blank\" rel=\"noreferrer noopener\">Infos zur Jahresausstellung<\/a><\/div>\n<\/div>\n","protected":false},"excerpt":{"rendered":"<p>Museums\u00f6ffnung am kommenden  Sonntag, 17.09.2023, 14-18 Uhr<\/p>\n<p>Vorverkauf f\u00fcr Weihnachtsoratorium startet im Heimatmuseum; gro\u00dfes R\u00e4tsel in der Jahresausstellung gel\u00f6st<\/p><p><a class=\"more-link btn\" href=\"https:\/\/heimatverein-nieder-roden.de\/?p=5972\">Weiterlesen<\/a><\/p>\n","protected":false},"author":1,"featured_media":4366,"comment_status":"closed","ping_status":"closed","sticky":false,"template":"","format":"standard","meta":{"_coblocks_attr":"","_coblocks_dimensions":"","_coblocks_responsive_height":"","_coblocks_accordion_ie_support":"","footnotes":"","_share_on_mastodon":"0"},"categories":[6,9,10,394,97],"tags":[34,35,32,27,25,20,395,248,250,249,386],"class_list":["post-5972","post","type-post","status-publish","format-standard","has-post-thumbnail","hentry","category-aktuell","category-museumsoeffnungen","category-musik-im-museumshof","category-polyhymnia","category-slider","tag-akhnr","tag-arbeitskreis-fuer-heimatkunde-nieder-roden-e-v","tag-heimatmuseum","tag-jahresausstellung","tag-museumsoeffnung","tag-musik-im-museumshof","tag-polycanto","tag-polyhymnia","tag-polyvocals","tag-saengervereinigung-saengerkranz-polyhymnia-nieder-roden","tag-weihnachtsoratorium","nodate"],"share_on_mastodon":{"url":"","error":""},"publishpress_future_action":{"enabled":false,"date":"2026-05-06 22:50:52","action":"category-remove","newStatus":"draft","terms":[],"taxonomy":"category","extraData":[]},"publishpress_future_workflow_manual_trigger":{"enabledWorkflows":[]},"_links":{"self":[{"href":"https:\/\/heimatverein-nieder-roden.de\/index.php?rest_route=\/wp\/v2\/posts\/5972","targetHints":{"allow":["GET"]}}],"collection":[{"href":"https:\/\/heimatverein-nieder-roden.de\/index.php?rest_route=\/wp\/v2\/posts"}],"about":[{"href":"https:\/\/heimatverein-nieder-roden.de\/index.php?rest_route=\/wp\/v2\/types\/post"}],"author":[{"embeddable":true,"href":"https:\/\/heimatverein-nieder-roden.de\/index.php?rest_route=\/wp\/v2\/users\/1"}],"replies":[{"embeddable":true,"href":"https:\/\/heimatverein-nieder-roden.de\/index.php?rest_route=%2Fwp%2Fv2%2Fcomments&post=5972"}],"version-history":[{"count":4,"href":"https:\/\/heimatverein-nieder-roden.de\/index.php?rest_route=\/wp\/v2\/posts\/5972\/revisions"}],"predecessor-version":[{"id":5979,"href":"https:\/\/heimatverein-nieder-roden.de\/index.php?rest_route=\/wp\/v2\/posts\/5972\/revisions\/5979"}],"wp:featuredmedia":[{"embeddable":true,"href":"https:\/\/heimatverein-nieder-roden.de\/index.php?rest_route=\/wp\/v2\/media\/4366"}],"wp:attachment":[{"href":"https:\/\/heimatverein-nieder-roden.de\/index.php?rest_route=%2Fwp%2Fv2%2Fmedia&parent=5972"}],"wp:term":[{"taxonomy":"category","embeddable":true,"href":"https:\/\/heimatverein-nieder-roden.de\/index.php?rest_route=%2Fwp%2Fv2%2Fcategories&post=5972"},{"taxonomy":"post_tag","embeddable":true,"href":"https:\/\/heimatverein-nieder-roden.de\/index.php?rest_route=%2Fwp%2Fv2%2Ftags&post=5972"}],"curies":[{"name":"wp","href":"https:\/\/api.w.org\/{rel}","templated":true}]}}