{"id":5904,"date":"2023-09-05T00:07:27","date_gmt":"2023-09-04T22:07:27","guid":{"rendered":"https:\/\/heimatverein-nieder-roden.de\/?p=5904"},"modified":"2023-09-09T12:17:44","modified_gmt":"2023-09-09T10:17:44","slug":"das-kerbblaettche-digital-gibts-nur-hier","status":"publish","type":"post","link":"https:\/\/heimatverein-nieder-roden.de\/?p=5904","title":{"rendered":"Das Kerbbl\u00e4ttsche digital &#8211; gibts nur hier!"},"content":{"rendered":"\n<p><strong>Ein Beitrag zur Nirrer\u00e4irer Kerb 2023<\/strong><\/p>\n\n\n\n<p>Nat\u00fcrlich liest sich das Kerbbl\u00e4ttsche am besten auf Papier.<\/p>\n\n\n\n<p>Aber f\u00fcr alle die es auch gerne digital lesen m\u00f6chten haben wir hier das digitale Kerbbl\u00e4ttsche verf\u00fcgbar.<\/p>\n\n\n\n<p class=\"is-style-warning\">Keine Vervielf\u00e4ltigung oder Wiederver\u00f6ffentlichung ohne Genehmigung!<br>Die Rechte der Inhalte liegen bei den Verfassern.<\/p>\n\n\n\n<div data-wp-interactive=\"core\/file\" class=\"wp-block-file aligncenter\"><object data-wp-bind--hidden=\"!state.hasPdfPreview\" hidden class=\"wp-block-file__embed\" data=\"https:\/\/heimatverein-nieder-roden.de\/wp-content\/uploads\/2023\/09\/nirreraeirer-kerbblaettsche-2023_reduz.pdf\" type=\"application\/pdf\" style=\"width:100%;height:1153px\" aria-label=\"Einbettung von Nirrer\u00e4rier-Kerbbl\u00e4ttche-2023_reduz.\"><\/object><a id=\"wp-block-file--media-fcce99e7-53e6-49b6-873e-564eb262505b\" href=\"https:\/\/heimatverein-nieder-roden.de\/wp-content\/uploads\/2023\/09\/nirreraeirer-kerbblaettsche-2023_reduz.pdf\">Nirrer\u00e4rier-Kerbbl\u00e4ttche-2023_reduz<\/a><a href=\"https:\/\/heimatverein-nieder-roden.de\/wp-content\/uploads\/2023\/09\/nirreraeirer-kerbblaettsche-2023_reduz.pdf\" class=\"wp-block-file__button wp-element-button\" download aria-describedby=\"wp-block-file--media-fcce99e7-53e6-49b6-873e-564eb262505b\">Herunterladen<\/a><\/div>\n\n\n\n<hr class=\"wp-block-separator has-alpha-channel-opacity\"\/>\n\n\nBeitrag 0 mal aufgerufen in den letzten 365 Tagen.\n","protected":false},"excerpt":{"rendered":"<p>Ein Beitrag zur Nirrer\u00e4irer Kerb 2023<\/p>\n<p>Nat\u00fcrlich liest sich das Kerbbl\u00e4ttsche am besten auf Papier.<\/p>\n<p>Aber f\u00fcr alle die es auch gerne digital lesen m\u00f6chten haben wir hier das digitale Kerbbl\u00e4ttche verf\u00fcgbar.<\/p><p><a class=\"more-link btn\" href=\"https:\/\/heimatverein-nieder-roden.de\/?p=5904\">Weiterlesen<\/a><\/p>\n","protected":false},"author":1,"featured_media":5717,"comment_status":"closed","ping_status":"closed","sticky":false,"template":"","format":"standard","meta":{"_coblocks_attr":"","_coblocks_dimensions":"","_coblocks_responsive_height":"","_coblocks_accordion_ie_support":"","footnotes":"","_share_on_mastodon":"0"},"categories":[6,372,97],"tags":[176,381,368,367],"class_list":["post-5904","post","type-post","status-publish","format-standard","has-post-thumbnail","hentry","category-aktuell","category-kerb-2023","category-slider","tag-kerb","tag-kerbblaettsche","tag-nieder-roeder-kerb","tag-nirreraeirer-kerb","nodate"],"share_on_mastodon":{"url":"","error":""},"publishpress_future_action":{"enabled":false,"date":"2026-05-07 09:25:48","action":"category-remove","newStatus":"draft","terms":[],"taxonomy":"category","extraData":[]},"publishpress_future_workflow_manual_trigger":{"enabledWorkflows":[]},"_links":{"self":[{"href":"https:\/\/heimatverein-nieder-roden.de\/index.php?rest_route=\/wp\/v2\/posts\/5904","targetHints":{"allow":["GET"]}}],"collection":[{"href":"https:\/\/heimatverein-nieder-roden.de\/index.php?rest_route=\/wp\/v2\/posts"}],"about":[{"href":"https:\/\/heimatverein-nieder-roden.de\/index.php?rest_route=\/wp\/v2\/types\/post"}],"author":[{"embeddable":true,"href":"https:\/\/heimatverein-nieder-roden.de\/index.php?rest_route=\/wp\/v2\/users\/1"}],"replies":[{"embeddable":true,"href":"https:\/\/heimatverein-nieder-roden.de\/index.php?rest_route=%2Fwp%2Fv2%2Fcomments&post=5904"}],"version-history":[{"count":10,"href":"https:\/\/heimatverein-nieder-roden.de\/index.php?rest_route=\/wp\/v2\/posts\/5904\/revisions"}],"predecessor-version":[{"id":5960,"href":"https:\/\/heimatverein-nieder-roden.de\/index.php?rest_route=\/wp\/v2\/posts\/5904\/revisions\/5960"}],"wp:featuredmedia":[{"embeddable":true,"href":"https:\/\/heimatverein-nieder-roden.de\/index.php?rest_route=\/wp\/v2\/media\/5717"}],"wp:attachment":[{"href":"https:\/\/heimatverein-nieder-roden.de\/index.php?rest_route=%2Fwp%2Fv2%2Fmedia&parent=5904"}],"wp:term":[{"taxonomy":"category","embeddable":true,"href":"https:\/\/heimatverein-nieder-roden.de\/index.php?rest_route=%2Fwp%2Fv2%2Fcategories&post=5904"},{"taxonomy":"post_tag","embeddable":true,"href":"https:\/\/heimatverein-nieder-roden.de\/index.php?rest_route=%2Fwp%2Fv2%2Ftags&post=5904"}],"curies":[{"name":"wp","href":"https:\/\/api.w.org\/{rel}","templated":true}]}}