{"id":5851,"date":"2023-09-11T13:15:59","date_gmt":"2023-09-11T11:15:59","guid":{"rendered":"https:\/\/heimatverein-nieder-roden.de\/?p=5851"},"modified":"2023-11-14T00:38:38","modified_gmt":"2023-11-13T23:38:38","slug":"prickelndes-praeludium-im-museum","status":"publish","type":"post","link":"https:\/\/heimatverein-nieder-roden.de\/?p=5851","title":{"rendered":"&#8222;Prickelndes Pr\u00e4ludium&#8220; im Museum"},"content":{"rendered":"\n<p class=\"is-style-info\">Die Anfangszeit wurde auf 18 Uhr verschoben.<br><br><em>Update vom 14.11.2023<\/em><\/p>\n\n\n\n<p>In diesem Dezember f\u00fchrt die S\u00e4ngervereinigung S\u00e4ngerkranz Polyhymnia ihr gro\u00dfes Jahresevent auf. Am 1. und 2. Dezember bringt sie das Weihnachtsoratorium von J. S. Bach nach Nieder-Roden.<\/p>\n\n\n<div class=\"wp-block-image\">\n<figure class=\"aligncenter size-large\"><img decoding=\"async\" width=\"1024\" height=\"315\" src=\"https:\/\/heimatverein-nieder-roden.de\/wp-content\/uploads\/2023\/08\/2023-08-29_AKHNRPOLY_Prickelndes-Praeludium_Web_Slider-Bild_1300x400px-1024x315.jpg\" alt=\"\" class=\"wp-image-5863\" srcset=\"https:\/\/heimatverein-nieder-roden.de\/wp-content\/uploads\/2023\/08\/2023-08-29_AKHNRPOLY_Prickelndes-Praeludium_Web_Slider-Bild_1300x400px-1024x315.jpg 1024w, https:\/\/heimatverein-nieder-roden.de\/wp-content\/uploads\/2023\/08\/2023-08-29_AKHNRPOLY_Prickelndes-Praeludium_Web_Slider-Bild_1300x400px-300x92.jpg 300w, https:\/\/heimatverein-nieder-roden.de\/wp-content\/uploads\/2023\/08\/2023-08-29_AKHNRPOLY_Prickelndes-Praeludium_Web_Slider-Bild_1300x400px-768x236.jpg 768w, https:\/\/heimatverein-nieder-roden.de\/wp-content\/uploads\/2023\/08\/2023-08-29_AKHNRPOLY_Prickelndes-Praeludium_Web_Slider-Bild_1300x400px-836x257.jpg 836w, https:\/\/heimatverein-nieder-roden.de\/wp-content\/uploads\/2023\/08\/2023-08-29_AKHNRPOLY_Prickelndes-Praeludium_Web_Slider-Bild_1300x400px-560x172.jpg 560w, https:\/\/heimatverein-nieder-roden.de\/wp-content\/uploads\/2023\/08\/2023-08-29_AKHNRPOLY_Prickelndes-Praeludium_Web_Slider-Bild_1300x400px.jpg 1300w\" sizes=\"(max-width: 1024px) 100vw, 1024px\" \/><\/figure>\n<\/div>\n\n\n<p>Zur Einstimmung vor den Konzerten bieten die Polyhymnia und der Arbeitskreis f\u00fcr Heimatkunde Nieder-Roden den Besuchern kleine Snacks und prickelnde Getr\u00e4nke ab 18 Uhr im Heimatmuseum an.<\/p>\n\n\n\n<figure class=\"wp-block-pullquote\"><blockquote><p>Prickelndes Pr\u00e4ludium im Museum<br><br>Freitag, 1. Dezember, 2023<br>Samstag, 2. Dezember, 2023<br>jeweils ab 18:00 Uhr<br><br>Heimatmuseum Nieder-Roden<br>Schulstra\u00dfe 32<br>63110 Rodgau<br><\/p><cite>Terminhinweis Prickelndes Pr\u00e4ludium<\/cite><\/blockquote><\/figure>\n\n\n\n<p>Die G\u00e4ste k\u00f6nnen sich im Museum aufw\u00e4rmen, austauschen und erfahren Interessantes rund um die intensive Projektarbeit \u00fcber die vorangegangenen Monate.<\/p>\n\n\n\n<p>Im Anschluss geht es mit einem sehr kurzen Fu\u00dfweg zum nebenan gelegenen Veranstaltungsort.<br>Die Konzerte beginnen jeweils um 19:30 Uhr in der St. Matthias Kirche.<\/p>\n\n\n\n<figure class=\"wp-block-image size-large\"><a href=\"https:\/\/heimatverein-nieder-roden.de\/wp-content\/uploads\/2023\/08\/2023-08-29_AKHNRPOLY_Prickelndes-Praeludium_Lageplan_v1.0.jpg\"><img decoding=\"async\" width=\"1024\" height=\"724\" src=\"https:\/\/heimatverein-nieder-roden.de\/wp-content\/uploads\/2023\/08\/2023-08-29_AKHNRPOLY_Prickelndes-Praeludium_Lageplan_v1.0-1024x724.jpg\" alt=\"\" class=\"wp-image-5864\" srcset=\"https:\/\/heimatverein-nieder-roden.de\/wp-content\/uploads\/2023\/08\/2023-08-29_AKHNRPOLY_Prickelndes-Praeludium_Lageplan_v1.0-1024x724.jpg 1024w, https:\/\/heimatverein-nieder-roden.de\/wp-content\/uploads\/2023\/08\/2023-08-29_AKHNRPOLY_Prickelndes-Praeludium_Lageplan_v1.0-300x212.jpg 300w, https:\/\/heimatverein-nieder-roden.de\/wp-content\/uploads\/2023\/08\/2023-08-29_AKHNRPOLY_Prickelndes-Praeludium_Lageplan_v1.0-768x543.jpg 768w, https:\/\/heimatverein-nieder-roden.de\/wp-content\/uploads\/2023\/08\/2023-08-29_AKHNRPOLY_Prickelndes-Praeludium_Lageplan_v1.0-1536x1086.jpg 1536w, https:\/\/heimatverein-nieder-roden.de\/wp-content\/uploads\/2023\/08\/2023-08-29_AKHNRPOLY_Prickelndes-Praeludium_Lageplan_v1.0-836x591.jpg 836w, https:\/\/heimatverein-nieder-roden.de\/wp-content\/uploads\/2023\/08\/2023-08-29_AKHNRPOLY_Prickelndes-Praeludium_Lageplan_v1.0-560x396.jpg 560w, https:\/\/heimatverein-nieder-roden.de\/wp-content\/uploads\/2023\/08\/2023-08-29_AKHNRPOLY_Prickelndes-Praeludium_Lageplan_v1.0.jpg 2046w\" sizes=\"(max-width: 1024px) 100vw, 1024px\" \/><\/a><figcaption class=\"wp-element-caption\">Weihnachtsoratorium und &#8222;Prickelndes Pr\u00e4ludium im Museum&#8220;. Lageplan der Veranstaltungsorte. <br>\u00a9AKHNR\/FMA<\/figcaption><\/figure>\n\n\n\n<hr class=\"wp-block-separator has-alpha-channel-opacity\"\/>\n\n\n\n<p>Weitere Informationen zum Projekt finden Sie hier:<\/p>\n\n\n\n<div class=\"wp-block-buttons is-content-justification-center is-layout-flex wp-container-core-buttons-is-layout-16018d1d wp-block-buttons-is-layout-flex\">\n<div class=\"wp-block-button\"><a class=\"wp-block-button__link wp-element-button\" href=\"https:\/\/heimatverein-nieder-roden.de\/?p=5848\">Weihnachtsoratorium mit der Polyhymnia<\/a><\/div>\n<\/div>\n\n\n\n<hr class=\"wp-block-separator has-alpha-channel-opacity is-style-wide\"\/>\n\n\nBeitrag 0 mal aufgerufen in den letzten 365 Tagen.\n","protected":false},"excerpt":{"rendered":"<p>Zur Einstimmung auf das Weihnachtsoratorium laden AKHNR und Polyhymnia die Besucher vor der Veranstaltung ins Heimatmuseum ein&#8230;<\/p><p><a class=\"more-link btn\" href=\"https:\/\/heimatverein-nieder-roden.de\/?p=5851\">Weiterlesen<\/a><\/p>\n","protected":false},"author":1,"featured_media":5863,"comment_status":"closed","ping_status":"closed","sticky":false,"template":"","format":"standard","meta":{"_coblocks_attr":"","_coblocks_dimensions":"","_coblocks_responsive_height":"","_coblocks_accordion_ie_support":"","footnotes":"","_share_on_mastodon":"0"},"categories":[6,97,39],"tags":[34,35,387,248,388,386],"class_list":["post-5851","post","type-post","status-publish","format-standard","has-post-thumbnail","hentry","category-aktuell","category-slider","category-veranstaltungen","tag-akhnr","tag-arbeitskreis-fuer-heimatkunde-nieder-roden-e-v","tag-johann-sebastian-bach","tag-polyhymnia","tag-prickelndes-praeludium","tag-weihnachtsoratorium","nodate"],"share_on_mastodon":{"url":"","error":""},"publishpress_future_action":{"enabled":false,"date":"2026-05-10 10:36:00","action":"category-remove","newStatus":"draft","terms":[],"taxonomy":"category","extraData":[]},"publishpress_future_workflow_manual_trigger":{"enabledWorkflows":[]},"_links":{"self":[{"href":"https:\/\/heimatverein-nieder-roden.de\/index.php?rest_route=\/wp\/v2\/posts\/5851","targetHints":{"allow":["GET"]}}],"collection":[{"href":"https:\/\/heimatverein-nieder-roden.de\/index.php?rest_route=\/wp\/v2\/posts"}],"about":[{"href":"https:\/\/heimatverein-nieder-roden.de\/index.php?rest_route=\/wp\/v2\/types\/post"}],"author":[{"embeddable":true,"href":"https:\/\/heimatverein-nieder-roden.de\/index.php?rest_route=\/wp\/v2\/users\/1"}],"replies":[{"embeddable":true,"href":"https:\/\/heimatverein-nieder-roden.de\/index.php?rest_route=%2Fwp%2Fv2%2Fcomments&post=5851"}],"version-history":[{"count":5,"href":"https:\/\/heimatverein-nieder-roden.de\/index.php?rest_route=\/wp\/v2\/posts\/5851\/revisions"}],"predecessor-version":[{"id":6174,"href":"https:\/\/heimatverein-nieder-roden.de\/index.php?rest_route=\/wp\/v2\/posts\/5851\/revisions\/6174"}],"wp:featuredmedia":[{"embeddable":true,"href":"https:\/\/heimatverein-nieder-roden.de\/index.php?rest_route=\/wp\/v2\/media\/5863"}],"wp:attachment":[{"href":"https:\/\/heimatverein-nieder-roden.de\/index.php?rest_route=%2Fwp%2Fv2%2Fmedia&parent=5851"}],"wp:term":[{"taxonomy":"category","embeddable":true,"href":"https:\/\/heimatverein-nieder-roden.de\/index.php?rest_route=%2Fwp%2Fv2%2Fcategories&post=5851"},{"taxonomy":"post_tag","embeddable":true,"href":"https:\/\/heimatverein-nieder-roden.de\/index.php?rest_route=%2Fwp%2Fv2%2Ftags&post=5851"}],"curies":[{"name":"wp","href":"https:\/\/api.w.org\/{rel}","templated":true}]}}