{"id":5848,"date":"2023-09-11T13:24:54","date_gmt":"2023-09-11T11:24:54","guid":{"rendered":"https:\/\/heimatverein-nieder-roden.de\/?p=5848"},"modified":"2023-09-11T13:41:22","modified_gmt":"2023-09-11T11:41:22","slug":"weihnachtsoratorium-von-j-s-bach-grossprojekt-2023-der-polyhymnia","status":"publish","type":"post","link":"https:\/\/heimatverein-nieder-roden.de\/?p=5848","title":{"rendered":"Weihnachtsoratorium von J. S. Bach &#8211; Gro\u00dfprojekt 2023 der Polyhymnia"},"content":{"rendered":"\n<p>Die S\u00e4ngervereinigung S\u00e4ngerkranz Polyhymnia Nieder-Roden steckt mitten in der Vorbereitung auf ihr gro\u00dfes Projekt im Jahr 2023.<\/p>\n\n\n<div class=\"wp-block-image\">\n<figure class=\"aligncenter size-large is-resized\"><a href=\"https:\/\/heimatverein-nieder-roden.de\/wp-content\/uploads\/2023\/09\/2023_POLY_Weihnachtsoratorium_Probe_IMG_8191-scaled.jpg\"><img decoding=\"async\" src=\"https:\/\/heimatverein-nieder-roden.de\/wp-content\/uploads\/2023\/09\/2023_POLY_Weihnachtsoratorium_Probe_IMG_8191-1024x683.jpg\" alt=\"\" class=\"wp-image-5967\" style=\"width:556px;height:371px\" width=\"556\" height=\"371\" srcset=\"https:\/\/heimatverein-nieder-roden.de\/wp-content\/uploads\/2023\/09\/2023_POLY_Weihnachtsoratorium_Probe_IMG_8191-1024x683.jpg 1024w, https:\/\/heimatverein-nieder-roden.de\/wp-content\/uploads\/2023\/09\/2023_POLY_Weihnachtsoratorium_Probe_IMG_8191-300x200.jpg 300w, https:\/\/heimatverein-nieder-roden.de\/wp-content\/uploads\/2023\/09\/2023_POLY_Weihnachtsoratorium_Probe_IMG_8191-768x512.jpg 768w, https:\/\/heimatverein-nieder-roden.de\/wp-content\/uploads\/2023\/09\/2023_POLY_Weihnachtsoratorium_Probe_IMG_8191-1536x1024.jpg 1536w, https:\/\/heimatverein-nieder-roden.de\/wp-content\/uploads\/2023\/09\/2023_POLY_Weihnachtsoratorium_Probe_IMG_8191-2048x1365.jpg 2048w, https:\/\/heimatverein-nieder-roden.de\/wp-content\/uploads\/2023\/09\/2023_POLY_Weihnachtsoratorium_Probe_IMG_8191-836x557.jpg 836w, https:\/\/heimatverein-nieder-roden.de\/wp-content\/uploads\/2023\/09\/2023_POLY_Weihnachtsoratorium_Probe_IMG_8191-560x373.jpg 560w, https:\/\/heimatverein-nieder-roden.de\/wp-content\/uploads\/2023\/09\/2023_POLY_Weihnachtsoratorium_Probe_IMG_8191-272x182.jpg 272w\" sizes=\"(max-width: 556px) 100vw, 556px\" \/><\/a><figcaption class=\"wp-element-caption\">Die S\u00e4nger der Polyhymnia bei der Probenarbeit f\u00fcr das Weihnachtsoratorium im Pfarrheim. \u00a9Polyhymnia\/Wolf<\/figcaption><\/figure>\n<\/div>\n\n\n<p>Auf dem Programm steht die Auff\u00fchrung eines der wichtigsten Juwelen der geistlichen Chormusik: in der Pfarrkirche St. Matthias Nieder Roden wird im Advent 2023 J. S. Bachs ber\u00fchmtes Weihnachtsoratorium I \u2013 III mit Chor, Solisten, und Orchester aufgef\u00fchrt.<\/p>\n\n\n\n<p>Wenn die Pauke beginnt, kann Weihnachten kommen: Was w\u00e4re das kommende Fest ohne das Weihnachtsoratorium von Bach? Seine mal strahlenden, mal dem\u00fctigen, immer ins Herz treffenden Kl\u00e4nge geh\u00f6ren zum Sch\u00f6nsten, was die Barockmusik zu bieten hat. \u201eJauchzet, frohlocket\u201c: Wenige vertonte Verse sind so sehr zum Allgemeingut klassischer Musik geworden wie die ersten Worte dieses Weihnachtsoratoriums. Und f\u00fcr viele Musikfreunde ist ein Weihnachtsfest ohne diese Kl\u00e4nge und Worte kaum vorstellbar.<\/p>\n\n\n\n<p>Es musizieren neben dem Konzertchor der Polyhymnia Nieder-Roden vier Solisten und ein professionelles Orchester. <\/p>\n\n\n\n<p>Die musikalische Leitung hat Gottfried K\u00e4rner.<\/p>\n\n\n\n<hr class=\"wp-block-separator has-alpha-channel-opacity is-style-wide\"\/>\n\n\n\n<h2 class=\"wp-block-heading\">Vorverkauf startet im Heimatmuseum<\/h2>\n\n\n\n<p>Der Vorverkauf zur Veranstaltung startet am Sonntag, den 17. September 2023 im Heimatmuseum, bei der Museums\u00f6ffnung mit &#8222;Musik im Museumshof&#8220;. <br>Lesen Sie alles dazu hier:<\/p>\n\n\n\n<div class=\"wp-block-buttons is-content-justification-center is-layout-flex wp-container-core-buttons-is-layout-16018d1d wp-block-buttons-is-layout-flex\">\n<div class=\"wp-block-button\"><a class=\"wp-block-button__link wp-element-button\" href=\"https:\/\/heimatverein-nieder-roden.de\/?p=5972\">Vorverkauf bei Musik im Museumshof<\/a><\/div>\n<\/div>\n\n\n\n<hr class=\"wp-block-separator has-alpha-channel-opacity is-style-wide\"\/>\n\n\n\n<h2 class=\"wp-block-heading\">Prickelndes Pr\u00e4ludium im Museum<\/h2>\n\n\n\n<p>Zur Einstimmung auf die Veranstaltung veranstalten Polyhymnia und AKHNR ein &#8222;Prickelndes Pr\u00e4ludium&#8220; im Museum.<br>Lesen Sie alles dazu hier:<\/p>\n\n\n\n<div class=\"wp-block-buttons is-content-justification-center is-layout-flex wp-container-core-buttons-is-layout-16018d1d wp-block-buttons-is-layout-flex\">\n<div class=\"wp-block-button\"><a class=\"wp-block-button__link wp-element-button\" href=\"https:\/\/heimatverein-nieder-roden.de\/?p=5851\" target=\"_blank\" rel=\"noreferrer noopener\">Prickelndes Pr\u00e4ludium im Museum<\/a><\/div>\n<\/div>\n\n\n\n<hr class=\"wp-block-separator has-alpha-channel-opacity is-style-wide\"\/>\n\n\n\n<h2 class=\"wp-block-heading\">Der Flyer zum Projekt<\/h2>\n\n\n\n<p>Hier finden Sie den Flyer zum Projekt mit vielen Infos und den Sponsoren:<\/p>\n\n\n<div class=\"wp-block-image\">\n<figure class=\"aligncenter size-large\"><a href=\"https:\/\/heimatverein-nieder-roden.de\/wp-content\/uploads\/2023\/08\/grafik-13.png\"><img decoding=\"async\" width=\"1024\" height=\"724\" src=\"https:\/\/heimatverein-nieder-roden.de\/wp-content\/uploads\/2023\/08\/grafik-13-1024x724.png\" alt=\"\" class=\"wp-image-5849\" srcset=\"https:\/\/heimatverein-nieder-roden.de\/wp-content\/uploads\/2023\/08\/grafik-13-1024x724.png 1024w, https:\/\/heimatverein-nieder-roden.de\/wp-content\/uploads\/2023\/08\/grafik-13-300x212.png 300w, https:\/\/heimatverein-nieder-roden.de\/wp-content\/uploads\/2023\/08\/grafik-13-768x543.png 768w, https:\/\/heimatverein-nieder-roden.de\/wp-content\/uploads\/2023\/08\/grafik-13-1536x1086.png 1536w, https:\/\/heimatverein-nieder-roden.de\/wp-content\/uploads\/2023\/08\/grafik-13-2048x1448.png 2048w, https:\/\/heimatverein-nieder-roden.de\/wp-content\/uploads\/2023\/08\/grafik-13-836x591.png 836w, https:\/\/heimatverein-nieder-roden.de\/wp-content\/uploads\/2023\/08\/grafik-13-560x396.png 560w\" sizes=\"(max-width: 1024px) 100vw, 1024px\" \/><\/a><figcaption class=\"wp-element-caption\">Flyer zum Projekt 2023 der Polyhymnia: Das Weihnachtsoratorium von J. S. Bach <br>\u00a9Polyhymnia\/StolzDesign<\/figcaption><\/figure>\n<\/div>\n\n\n<p>Weitere Informationen zum Projekt gibt es auf den Seiten des Vereins:<\/p>\n\n\n<div class=\"wp-block-image\">\n<figure class=\"aligncenter size-full is-resized\"><a href=\"https:\/\/www.po-ly-hym-ni-a.de\/news\/weihnachts-oratorium\/weitere-infos\/\" target=\"_blank\" rel=\"noreferrer noopener\"><img decoding=\"async\" src=\"https:\/\/heimatverein-nieder-roden.de\/wp-content\/uploads\/2022\/04\/Polyhymnia-NR_Logo.jpg\" alt=\"\" class=\"wp-image-4069\" style=\"width:313px;height:311px\" width=\"313\" height=\"311\" srcset=\"https:\/\/heimatverein-nieder-roden.de\/wp-content\/uploads\/2022\/04\/Polyhymnia-NR_Logo.jpg 452w, https:\/\/heimatverein-nieder-roden.de\/wp-content\/uploads\/2022\/04\/Polyhymnia-NR_Logo-300x298.jpg 300w, https:\/\/heimatverein-nieder-roden.de\/wp-content\/uploads\/2022\/04\/Polyhymnia-NR_Logo-150x150.jpg 150w\" sizes=\"(max-width: 313px) 100vw, 313px\" \/><\/a><\/figure>\n<\/div>\n\n\n<p class=\"has-text-align-center is-style-info\"><em>Beitrag erstellt mit freundlicher Genehmigung der <br>S\u00e4ngervereinigung S\u00e4ngerkranz Polyhymnia Nieder-Roden e. V.<br>Vielen Dank!<\/em><\/p>\n","protected":false},"excerpt":{"rendered":"<p>Die S\u00e4ngervereinigung S\u00e4ngerkranz Polyhymnia Nieder-Roden steckt mitten in der Vorbereitung auf ihr gro\u00dfes Projekt im Jahr 2023.<\/p><p><a class=\"more-link btn\" href=\"https:\/\/heimatverein-nieder-roden.de\/?p=5848\">Weiterlesen<\/a><\/p>\n","protected":false},"author":1,"featured_media":5967,"comment_status":"closed","ping_status":"closed","sticky":false,"template":"","format":"standard","meta":{"_coblocks_attr":"","_coblocks_dimensions":"","_coblocks_responsive_height":"","_coblocks_accordion_ie_support":"","footnotes":"","_share_on_mastodon":"0"},"categories":[6,394,97],"tags":[387,248,249,80,386],"class_list":["post-5848","post","type-post","status-publish","format-standard","has-post-thumbnail","hentry","category-aktuell","category-polyhymnia","category-slider","tag-johann-sebastian-bach","tag-polyhymnia","tag-saengervereinigung-saengerkranz-polyhymnia-nieder-roden","tag-sankt-matthias-kirche","tag-weihnachtsoratorium","nodate"],"share_on_mastodon":{"url":"","error":""},"publishpress_future_action":{"enabled":false,"date":"2026-05-07 07:15:57","action":"category-remove","newStatus":"draft","terms":[],"taxonomy":"category","extraData":[]},"publishpress_future_workflow_manual_trigger":{"enabledWorkflows":[]},"_links":{"self":[{"href":"https:\/\/heimatverein-nieder-roden.de\/index.php?rest_route=\/wp\/v2\/posts\/5848","targetHints":{"allow":["GET"]}}],"collection":[{"href":"https:\/\/heimatverein-nieder-roden.de\/index.php?rest_route=\/wp\/v2\/posts"}],"about":[{"href":"https:\/\/heimatverein-nieder-roden.de\/index.php?rest_route=\/wp\/v2\/types\/post"}],"author":[{"embeddable":true,"href":"https:\/\/heimatverein-nieder-roden.de\/index.php?rest_route=\/wp\/v2\/users\/1"}],"replies":[{"embeddable":true,"href":"https:\/\/heimatverein-nieder-roden.de\/index.php?rest_route=%2Fwp%2Fv2%2Fcomments&post=5848"}],"version-history":[{"count":6,"href":"https:\/\/heimatverein-nieder-roden.de\/index.php?rest_route=\/wp\/v2\/posts\/5848\/revisions"}],"predecessor-version":[{"id":5975,"href":"https:\/\/heimatverein-nieder-roden.de\/index.php?rest_route=\/wp\/v2\/posts\/5848\/revisions\/5975"}],"wp:featuredmedia":[{"embeddable":true,"href":"https:\/\/heimatverein-nieder-roden.de\/index.php?rest_route=\/wp\/v2\/media\/5967"}],"wp:attachment":[{"href":"https:\/\/heimatverein-nieder-roden.de\/index.php?rest_route=%2Fwp%2Fv2%2Fmedia&parent=5848"}],"wp:term":[{"taxonomy":"category","embeddable":true,"href":"https:\/\/heimatverein-nieder-roden.de\/index.php?rest_route=%2Fwp%2Fv2%2Fcategories&post=5848"},{"taxonomy":"post_tag","embeddable":true,"href":"https:\/\/heimatverein-nieder-roden.de\/index.php?rest_route=%2Fwp%2Fv2%2Ftags&post=5848"}],"curies":[{"name":"wp","href":"https:\/\/api.w.org\/{rel}","templated":true}]}}