{"id":5821,"date":"2023-08-28T00:41:10","date_gmt":"2023-08-27T22:41:10","guid":{"rendered":"https:\/\/heimatverein-nieder-roden.de\/?p=5821"},"modified":"2023-08-29T22:17:31","modified_gmt":"2023-08-29T20:17:31","slug":"aktion-oischulfoddo","status":"publish","type":"post","link":"https:\/\/heimatverein-nieder-roden.de\/?p=5821","title":{"rendered":"Aktion &#8222;Oischulfoddo&#8220;"},"content":{"rendered":"\n<p><em><br><\/em><strong>Das Heimatmuseum Nieder-Roden \u00f6ffnet zum Schulanfang seine T\u00fcren<\/strong><\/p>\n\n\n\n<p>P\u00fcnktlich zum neuen Schuljahr bietet der im Heimatmuseum die M\u00f6glichkeit ein ganz besonderes Fotos zur Einschulung zu schie\u00dfen. Im alten Lehrerhaus in der Schulstra\u00dfe, Ecke Turmstra\u00dfe, k\u00f6nnen die stolzen Eltern ihren Nachwuchs im alten Klassenzimmer ablichten. <\/p>\n\n\n<div class=\"wp-block-image\">\n<figure class=\"aligncenter size-large is-resized\"><img decoding=\"async\" src=\"https:\/\/heimatverein-nieder-roden.de\/wp-content\/uploads\/2019\/05\/AKHNR_Museum_Klassenzimmer-1024x768.jpg\" alt=\"\" class=\"wp-image-1126\" style=\"width:396px;height:297px\" width=\"396\" height=\"297\" srcset=\"https:\/\/heimatverein-nieder-roden.de\/wp-content\/uploads\/2019\/05\/AKHNR_Museum_Klassenzimmer-1024x768.jpg 1024w, https:\/\/heimatverein-nieder-roden.de\/wp-content\/uploads\/2019\/05\/AKHNR_Museum_Klassenzimmer-300x225.jpg 300w, https:\/\/heimatverein-nieder-roden.de\/wp-content\/uploads\/2019\/05\/AKHNR_Museum_Klassenzimmer-768x576.jpg 768w\" sizes=\"(max-width: 396px) 100vw, 396px\" \/><figcaption class=\"wp-element-caption\">Das historische Klassenzimmer im Heimatmuseum Nieder-Roden. \u00a9AKHNR\/FMA<\/figcaption><\/figure>\n<\/div>\n\n\n<p>Der Raum ist Teil der Dauerausstellung zum Thema &#8218;Leben wir fr\u00fcher &#8211; um 1900&#8216;. Hier d\u00fcrfen die ABC-Sch\u00fctzen auf historischen Schulb\u00e4nken Platz nehmen und sich von ihren Angeh\u00f6rigen fotografieren lassen. <\/p>\n\n\n\n<p>Das Museum \u00f6ffnet dazu am Dienstag, den 5. September 2023 von 11:30 bis 16:00 Uhr.<br><\/p>\n\n\n<div class=\"wp-block-image\">\n<figure class=\"aligncenter size-large is-resized\"><img decoding=\"async\" src=\"https:\/\/heimatverein-nieder-roden.de\/wp-content\/uploads\/2019\/08\/AKHNR_Fotos-im-hist-Klassenzimmer_Symbolbild-e1564949054120-768x1024.jpg\" alt=\"\" class=\"wp-image-1457\" style=\"width:248px;height:331px\" width=\"248\" height=\"331\" srcset=\"https:\/\/heimatverein-nieder-roden.de\/wp-content\/uploads\/2019\/08\/AKHNR_Fotos-im-hist-Klassenzimmer_Symbolbild-e1564949054120-768x1024.jpg 768w, https:\/\/heimatverein-nieder-roden.de\/wp-content\/uploads\/2019\/08\/AKHNR_Fotos-im-hist-Klassenzimmer_Symbolbild-e1564949054120-225x300.jpg 225w, https:\/\/heimatverein-nieder-roden.de\/wp-content\/uploads\/2019\/08\/AKHNR_Fotos-im-hist-Klassenzimmer_Symbolbild-e1564949054120-560x747.jpg 560w\" sizes=\"(max-width: 248px) 100vw, 248px\" \/><figcaption class=\"wp-element-caption\">Beispielfoto der Aktion &#8222;Oischulfoddo&#8220; &#8211; \u00a9AKHNR\/Fam. Rhein<\/figcaption><\/figure>\n<\/div>\n\n\n<p>Der Begriff &#8222;Oischulfoddo&#8220; aus dem Nirrer\u00e4irer Dialekt steht in der Nieder-R\u00f6der Mundart \u00fcbrigens f\u00fcr &#8222;Einschulfoto&#8220; &#8211; oder auch &#8222;Foto zur Einschulung&#8220;.<br>Fr\u00fcher war die Aktion auch bekannt unter dem Titel &#8222;Fotos im historischen Klassenzimmer&#8220;.<\/p>\n","protected":false},"excerpt":{"rendered":"<p>Das Heimatmuseum Nieder-Roden \u00f6ffnet zum Schulanfang seine T\u00fcren.<br \/>\nHier l\u00e4sst sich ein ganz besonderes Fotos zur Einschulung zu schie\u00dfen&#8230;<\/p><p><a class=\"more-link btn\" href=\"https:\/\/heimatverein-nieder-roden.de\/?p=5821\">Weiterlesen<\/a><\/p>\n","protected":false},"author":1,"featured_media":1126,"comment_status":"closed","ping_status":"closed","sticky":false,"template":"","format":"standard","meta":{"_coblocks_attr":"","_coblocks_dimensions":"","_coblocks_responsive_height":"","_coblocks_accordion_ie_support":"","footnotes":"","_share_on_mastodon":"0"},"categories":[88],"tags":[34,35,89,32,90,385],"class_list":["post-5821","post","type-post","status-publish","format-standard","has-post-thumbnail","hentry","category-einschulung","tag-akhnr","tag-arbeitskreis-fuer-heimatkunde-nieder-roden-e-v","tag-einschulung","tag-heimatmuseum","tag-historisches-klassenzimmer","tag-oischulfoddo","nodate"],"share_on_mastodon":{"url":"","error":""},"publishpress_future_action":{"enabled":false,"date":"2026-05-07 07:07:42","action":"category-remove","newStatus":"draft","terms":[],"taxonomy":"category","extraData":[]},"publishpress_future_workflow_manual_trigger":{"enabledWorkflows":[]},"_links":{"self":[{"href":"https:\/\/heimatverein-nieder-roden.de\/index.php?rest_route=\/wp\/v2\/posts\/5821","targetHints":{"allow":["GET"]}}],"collection":[{"href":"https:\/\/heimatverein-nieder-roden.de\/index.php?rest_route=\/wp\/v2\/posts"}],"about":[{"href":"https:\/\/heimatverein-nieder-roden.de\/index.php?rest_route=\/wp\/v2\/types\/post"}],"author":[{"embeddable":true,"href":"https:\/\/heimatverein-nieder-roden.de\/index.php?rest_route=\/wp\/v2\/users\/1"}],"replies":[{"embeddable":true,"href":"https:\/\/heimatverein-nieder-roden.de\/index.php?rest_route=%2Fwp%2Fv2%2Fcomments&post=5821"}],"version-history":[{"count":2,"href":"https:\/\/heimatverein-nieder-roden.de\/index.php?rest_route=\/wp\/v2\/posts\/5821\/revisions"}],"predecessor-version":[{"id":5839,"href":"https:\/\/heimatverein-nieder-roden.de\/index.php?rest_route=\/wp\/v2\/posts\/5821\/revisions\/5839"}],"wp:featuredmedia":[{"embeddable":true,"href":"https:\/\/heimatverein-nieder-roden.de\/index.php?rest_route=\/wp\/v2\/media\/1126"}],"wp:attachment":[{"href":"https:\/\/heimatverein-nieder-roden.de\/index.php?rest_route=%2Fwp%2Fv2%2Fmedia&parent=5821"}],"wp:term":[{"taxonomy":"category","embeddable":true,"href":"https:\/\/heimatverein-nieder-roden.de\/index.php?rest_route=%2Fwp%2Fv2%2Fcategories&post=5821"},{"taxonomy":"post_tag","embeddable":true,"href":"https:\/\/heimatverein-nieder-roden.de\/index.php?rest_route=%2Fwp%2Fv2%2Ftags&post=5821"}],"curies":[{"name":"wp","href":"https:\/\/api.w.org\/{rel}","templated":true}]}}