{"id":5792,"date":"2023-08-27T23:17:30","date_gmt":"2023-08-27T21:17:30","guid":{"rendered":"https:\/\/heimatverein-nieder-roden.de\/?p=5792"},"modified":"2023-08-27T23:21:15","modified_gmt":"2023-08-27T21:21:15","slug":"die-kirchweih-gedanken-aus-kirchlicher-sicht","status":"publish","type":"post","link":"https:\/\/heimatverein-nieder-roden.de\/?p=5792","title":{"rendered":"Die Kirchweih: Gedanken aus kirchlicher Sicht"},"content":{"rendered":"\n<p><strong>Ein Beitrag zur Nirrer\u00e4irer Kerb 2023<\/strong><\/p>\n\n\n<div class=\"wp-block-image\">\n<figure class=\"aligncenter size-large is-resized\"><a href=\"https:\/\/heimatverein-nieder-roden.de\/wp-content\/uploads\/2023\/08\/StMatthiasKirche_KoserBernhard_003_7a064682-c832-46c4-8a7c-4df034f67b9b.jpg\"><img decoding=\"async\" src=\"https:\/\/heimatverein-nieder-roden.de\/wp-content\/uploads\/2023\/08\/StMatthiasKirche_KoserBernhard_003_7a064682-c832-46c4-8a7c-4df034f67b9b-768x1024.jpg\" alt=\"\" class=\"wp-image-5793\" style=\"width:493px\" width=\"493\" srcset=\"https:\/\/heimatverein-nieder-roden.de\/wp-content\/uploads\/2023\/08\/StMatthiasKirche_KoserBernhard_003_7a064682-c832-46c4-8a7c-4df034f67b9b-768x1024.jpg 768w, https:\/\/heimatverein-nieder-roden.de\/wp-content\/uploads\/2023\/08\/StMatthiasKirche_KoserBernhard_003_7a064682-c832-46c4-8a7c-4df034f67b9b-225x300.jpg 225w, https:\/\/heimatverein-nieder-roden.de\/wp-content\/uploads\/2023\/08\/StMatthiasKirche_KoserBernhard_003_7a064682-c832-46c4-8a7c-4df034f67b9b-1152x1536.jpg 1152w, https:\/\/heimatverein-nieder-roden.de\/wp-content\/uploads\/2023\/08\/StMatthiasKirche_KoserBernhard_003_7a064682-c832-46c4-8a7c-4df034f67b9b-836x1115.jpg 836w, https:\/\/heimatverein-nieder-roden.de\/wp-content\/uploads\/2023\/08\/StMatthiasKirche_KoserBernhard_003_7a064682-c832-46c4-8a7c-4df034f67b9b-560x747.jpg 560w, https:\/\/heimatverein-nieder-roden.de\/wp-content\/uploads\/2023\/08\/StMatthiasKirche_KoserBernhard_003_7a064682-c832-46c4-8a7c-4df034f67b9b.jpg 1200w\" sizes=\"(max-width: 768px) 100vw, 768px\" \/><\/a><figcaption class=\"wp-element-caption\">Die Sankt Matthias Kirche im Altort von Nieder-Roden. \u00a9Bernhard Koser<\/figcaption><\/figure>\n<\/div>\n\n\n<figure class=\"wp-block-pullquote\"><blockquote><p>\u201e<strong>Ein Haus voll Glorie schauet<\/strong><br><strong>weit \u00fcber alle Land,<\/strong><br><strong>aus ewgem Stein erbauet<\/strong><br><strong>von Gottes Meisterhand,<\/strong><br><strong>Gott, wir loben dich, Gott wir preisen dich.<\/strong><br><strong>O lass im Hause dein<\/strong><br><strong>uns all geborgen sein.\u201c<\/strong><\/p><cite>Gesangbuch Gotteslob Nr. 478<\/cite><\/blockquote><\/figure>\n\n\n\n<p>Mit diesem Lied beginnt am Kerbsonntag das feierliche Hochamt in unserer Kirche St. Matthias. Die Gemeinde singt es mit Inbrunst und gro\u00dfer Freude. Orgel und Kirchenchor stimmen in den Jubelgesang mit ein. Viele Gl\u00e4ubige sind da, auch solche, die sonst nicht regelm\u00e4\u00dfig zum Gottesdienst kommen<strong>.<\/strong><\/p>\n\n\n\n<p class=\"has-text-align-center\"><strong>Es ist Kerb!<\/strong><\/p>\n\n\n\n<p>Auch die Kerbm\u00e4dchen und Kerbburschen sind dabei. Sie knien in den vorderen B\u00e4nken und tragen ihre Festkleidung. Ihnen geb\u00fchrt Respekt. Schon am Freitag haben sie nach einem Umzug durch den Altort den bunt geschm\u00fcckten Kerbbaum mit dem Segen des Pfarrers im Garten des Pfarrheimes aufgestellt. Die Nacht zum Sonntag feierten sie mit ihren G\u00e4sten auf dem Platz neben der Kirche. <\/p>\n\n\n\n<p>Kerb oder Kirchweih ist einer der H\u00f6hepunkte im Kirchenjahr und ein besonderes Fest in der Nieder-R\u00f6der Gemeinde. Wir feiern unsere Kirche, sowohl das Bauwerk, die Kirche St. Matthias, als auch die Kirche als Gemeinschaft aller Gl\u00e4ubigen in der Nachfolge Jesu. <\/p>\n\n\n\n<p>Wir bewundern beim Kirchweihfest staunend die Leistung unserer Vorfahren, die in den Jahren 1895\/96 dieses wunderbare Gotteshaus gebaut haben. Zu dieser Zeit lebten in Nieder-Roden 1317 Katholiken und 15 Protestanten. Wenn man bedenkt, dass die meisten dieser Leute ihren Lebensunterhalt mit der Arbeit auf dem Feld und in der Fabrik verdienten und nur ein geringes Einkommen hatten, wei\u00df man, welche Opfer gebracht werden mussten, um ein solches Bauwerk zu errichten und zu finanzieren. Es war ihnen aber offenbar der M\u00fche wert. Treibende Kraft des Kirchneubaues war der damalige Pfarrer Heinrich Nolda. In seiner zwanzigj\u00e4hrigen Amtszeit hat er ohne R\u00fccksicht auf seinen Gesundheitszustand seine ganze Kraft f\u00fcr den Kirchbau eingesetzt. Er sammelte pers\u00f6nlich in ganz Hessen Spenden, um die Finanzierung sicherzustellen. Bei seinem Tod am 20.11.1908 hinterlie\u00df er den Nieder-R\u00f6dern eine schuldenfreie Kirche und zudem das neugebaute Schwesternhaus mit Kindergarten und Pfarrsaal. Er wurde in einer Gruft vor dem rechten Seitenaltar in seiner Kirche beigesetzt. <\/p>\n\n\n<div class=\"wp-block-image\">\n<figure class=\"aligncenter size-large is-resized\"><a href=\"https:\/\/heimatverein-nieder-roden.de\/wp-content\/uploads\/2023\/08\/StMatthiasKirche_KoserBernhard_001_87585928-4b5f-451e-81a9-fd6e9cebcdbf.jpg\"><img decoding=\"async\" src=\"https:\/\/heimatverein-nieder-roden.de\/wp-content\/uploads\/2023\/08\/StMatthiasKirche_KoserBernhard_001_87585928-4b5f-451e-81a9-fd6e9cebcdbf-768x1024.jpg\" alt=\"\" class=\"wp-image-5794\" style=\"width:364px;height:485px\" width=\"364\" height=\"485\" srcset=\"https:\/\/heimatverein-nieder-roden.de\/wp-content\/uploads\/2023\/08\/StMatthiasKirche_KoserBernhard_001_87585928-4b5f-451e-81a9-fd6e9cebcdbf-768x1024.jpg 768w, https:\/\/heimatverein-nieder-roden.de\/wp-content\/uploads\/2023\/08\/StMatthiasKirche_KoserBernhard_001_87585928-4b5f-451e-81a9-fd6e9cebcdbf-225x300.jpg 225w, https:\/\/heimatverein-nieder-roden.de\/wp-content\/uploads\/2023\/08\/StMatthiasKirche_KoserBernhard_001_87585928-4b5f-451e-81a9-fd6e9cebcdbf-1152x1536.jpg 1152w, https:\/\/heimatverein-nieder-roden.de\/wp-content\/uploads\/2023\/08\/StMatthiasKirche_KoserBernhard_001_87585928-4b5f-451e-81a9-fd6e9cebcdbf-836x1115.jpg 836w, https:\/\/heimatverein-nieder-roden.de\/wp-content\/uploads\/2023\/08\/StMatthiasKirche_KoserBernhard_001_87585928-4b5f-451e-81a9-fd6e9cebcdbf-560x747.jpg 560w, https:\/\/heimatverein-nieder-roden.de\/wp-content\/uploads\/2023\/08\/StMatthiasKirche_KoserBernhard_001_87585928-4b5f-451e-81a9-fd6e9cebcdbf.jpg 1536w\" sizes=\"(max-width: 364px) 100vw, 364px\" \/><\/a><figcaption class=\"wp-element-caption\">Das Hauptschiff mit Blick auf den Hochaltar. \u00a9Bernhard Koser<\/figcaption><\/figure>\n<\/div>\n\n\n<p>Erw\u00e4hnenswert in diesen Zusammenhang ist die \u00f6kumenische Nachbarschaftshilfe beim Bau der Kirche. Die protestantischen Bauern aus Dudenhofen halfen mit ihren Pferdegespannen beim Transport des Baumaterials. Bei der Feier zur Grundsteinlegung nahmen sie mit ihrem Pfarrer teil. <\/p>\n\n\n\n<p>Es ist zu vermuten, dass das Lied \u201eEin Haus voll Glorie schauet\u201c schon bei der Einweihung der Kirche am 27.9.1896 gesungen wurde, denn es wurde schon 20 Jahre vorher von dem Jesuitenpater Joseph Mohr getextet und komponiert und erlangte in den katholischen Gemeinden schnell Zuspruch. Der Verfasser musste sich allerdings in den Jahren der Entstehung des Liedes im Ausland aufhalten, da aufgrund des Bismarckschen Kulturkampfs der Jesuitenorden im deutschen Reich verboten war. Die Not und Bedr\u00e4ngnis, in der sich die katholische Kirche damals befand, kommen in dem von Pater Mohr verfassten urspr\u00fcnglichen Liedtext zum Ausdruck. \u201eWohl tobet um die Mauern der Sturm in wilder Wut, das Haus wird\u2019s \u00fcberdauern, auf festem Grund es ruht,\u201c hie\u00df es in der 3. Strophe. Es sollte den katholischen Gl\u00e4ubigen Mut und Zuversicht zugesprochen und das Selbstbewusstsein gest\u00e4rkt werden. <\/p>\n\n\n\n<p>Nach dem 2. Vatikanischen Konzil wurde der Text von Joseph Mohr als \u00fcberholt angesehen und durch einen neuen Text ersetzt, wobei die erste Strophe und die gef\u00e4llige, hymnische Melodie beibehalten wurden. Hans W. Marx schrieb 1975 die Strophen 3 bis 5 neu und richtete den Blick auf die Kirche als wanderndes Gottesvolk. Aus dem \u201eHaus voll Glorie\u201c wurde ein \u201eZelt Gottes\u201c. So hei\u00dft es in der 4. Strophe: \u201eSeht Gottes Zelt auf Erden! Verborgen ist er da; in menschlichen Geb\u00e4rden, bleibt er den Menschen nah\u2026\u201c. <\/p>\n\n\n<div class=\"wp-block-image\">\n<figure class=\"aligncenter size-large is-resized\"><a href=\"https:\/\/heimatverein-nieder-roden.de\/wp-content\/uploads\/2023\/08\/StMatthiasKirche_KoserBernhard_002_de8a68e6-c590-40ab-91f8-8543b7604447.jpg\"><img decoding=\"async\" src=\"https:\/\/heimatverein-nieder-roden.de\/wp-content\/uploads\/2023\/08\/StMatthiasKirche_KoserBernhard_002_de8a68e6-c590-40ab-91f8-8543b7604447-768x1024.jpg\" alt=\"\" class=\"wp-image-5795\" style=\"width:410px\" width=\"410\" srcset=\"https:\/\/heimatverein-nieder-roden.de\/wp-content\/uploads\/2023\/08\/StMatthiasKirche_KoserBernhard_002_de8a68e6-c590-40ab-91f8-8543b7604447-768x1024.jpg 768w, https:\/\/heimatverein-nieder-roden.de\/wp-content\/uploads\/2023\/08\/StMatthiasKirche_KoserBernhard_002_de8a68e6-c590-40ab-91f8-8543b7604447-225x300.jpg 225w, https:\/\/heimatverein-nieder-roden.de\/wp-content\/uploads\/2023\/08\/StMatthiasKirche_KoserBernhard_002_de8a68e6-c590-40ab-91f8-8543b7604447-1152x1536.jpg 1152w, https:\/\/heimatverein-nieder-roden.de\/wp-content\/uploads\/2023\/08\/StMatthiasKirche_KoserBernhard_002_de8a68e6-c590-40ab-91f8-8543b7604447-836x1114.jpg 836w, https:\/\/heimatverein-nieder-roden.de\/wp-content\/uploads\/2023\/08\/StMatthiasKirche_KoserBernhard_002_de8a68e6-c590-40ab-91f8-8543b7604447-560x747.jpg 560w, https:\/\/heimatverein-nieder-roden.de\/wp-content\/uploads\/2023\/08\/StMatthiasKirche_KoserBernhard_002_de8a68e6-c590-40ab-91f8-8543b7604447.jpg 1273w\" sizes=\"(max-width: 768px) 100vw, 768px\" \/><\/a><figcaption class=\"wp-element-caption\">Figur des Schutzpatrons der katholischen Kirche Nieder-Rodens, dem heiligen Matthias, an der Frontseite des Kirchenbaus von 1896. \u00a9Bernhard Koser<\/figcaption><\/figure>\n<\/div>\n\n\n<p>Seit dieser Text\u00e4nderung sind wieder fast 50 Jahre vergangen. Die Kirche befindet sich wieder in einer Zeit des Umbruchs. Neue Sichtweisen auf das Bild der Kirche in unserer Gesellschaft werden er\u00f6rtert. Reformen und Ver\u00e4nderung der Strukturen werden angemahnt. Die erforderlichen Ma\u00dfnahmen wurden eingeleitet, der Diskussionsprozess ist in vollem Gange. Die Zuversicht ist gro\u00df, dass die Kirche gest\u00e4rkt aus diesem Wandlungsprozess hervorgehen wird. Wie genau die neuen Strukturen aussehen werden, vermag heute noch niemand zu sagen. Mit Mut und Gottvertrauen arbeiten die Gl\u00e4ubigen in den Pfarrgemeinden an der L\u00f6sung der Probleme. Der Erfolg wird davon abh\u00e4ngen, wie wichtig uns allen die Kirche im Allgemeinen und in Nieder-Roden im Besonderen ist. Lassen wir uns von der gleichen Begeisterung leiten, mit der unsere Vorfahren den Bau unserer sch\u00f6nen Kirche St. Matthias bewerkstelligt haben. <\/p>\n\n\n\n<p>Mit diesem positiven Ausblick w\u00fcnschen wir allen Nieder-R\u00f6dern eine fr\u00f6hliche Kerbfeier.<\/p>\n\n\n\n<hr class=\"wp-block-separator has-alpha-channel-opacity\"\/>\n\n\n\n<p><em>Text und Abbildungen: Pfarrgemeinde St. Matthias Nieder-Roden &#8211; Bernhard Koser<\/em><\/p>\n\n\n\n<hr class=\"wp-block-separator has-alpha-channel-opacity\"\/>\n\n\nBeitrag 0 mal aufgerufen in den letzten 365 Tagen.\n","protected":false},"excerpt":{"rendered":"<p>Ein Beitrag zur Nirrer\u00e4irer Kerb 2023<\/p>\n<p>von Bernhard Koser, Organist in der Pfarrgemeinde St. Matthias Nieder-Roden.<\/p><p><a class=\"more-link btn\" href=\"https:\/\/heimatverein-nieder-roden.de\/?p=5792\">Weiterlesen<\/a><\/p>\n","protected":false},"author":1,"featured_media":5793,"comment_status":"closed","ping_status":"closed","sticky":false,"template":"","format":"standard","meta":{"_coblocks_attr":"","_coblocks_dimensions":"","_coblocks_responsive_height":"","_coblocks_accordion_ie_support":"","footnotes":"","_share_on_mastodon":"0"},"categories":[6,372,97],"tags":[384,176,383,368,367,133,80],"class_list":["post-5792","post","type-post","status-publish","format-standard","has-post-thumbnail","hentry","category-aktuell","category-kerb-2023","category-slider","tag-bernhard-koser","tag-kerb","tag-kirchweih","tag-nieder-roeder-kerb","tag-nirreraeirer-kerb","tag-pfarrgemeinde-sankt-matthias","tag-sankt-matthias-kirche","nodate"],"share_on_mastodon":{"url":"","error":""},"publishpress_future_action":{"enabled":false,"date":"2026-05-07 07:17:19","action":"category-remove","newStatus":"draft","terms":[],"taxonomy":"category","extraData":[]},"publishpress_future_workflow_manual_trigger":{"enabledWorkflows":[]},"_links":{"self":[{"href":"https:\/\/heimatverein-nieder-roden.de\/index.php?rest_route=\/wp\/v2\/posts\/5792","targetHints":{"allow":["GET"]}}],"collection":[{"href":"https:\/\/heimatverein-nieder-roden.de\/index.php?rest_route=\/wp\/v2\/posts"}],"about":[{"href":"https:\/\/heimatverein-nieder-roden.de\/index.php?rest_route=\/wp\/v2\/types\/post"}],"author":[{"embeddable":true,"href":"https:\/\/heimatverein-nieder-roden.de\/index.php?rest_route=\/wp\/v2\/users\/1"}],"replies":[{"embeddable":true,"href":"https:\/\/heimatverein-nieder-roden.de\/index.php?rest_route=%2Fwp%2Fv2%2Fcomments&post=5792"}],"version-history":[{"count":4,"href":"https:\/\/heimatverein-nieder-roden.de\/index.php?rest_route=\/wp\/v2\/posts\/5792\/revisions"}],"predecessor-version":[{"id":5801,"href":"https:\/\/heimatverein-nieder-roden.de\/index.php?rest_route=\/wp\/v2\/posts\/5792\/revisions\/5801"}],"wp:featuredmedia":[{"embeddable":true,"href":"https:\/\/heimatverein-nieder-roden.de\/index.php?rest_route=\/wp\/v2\/media\/5793"}],"wp:attachment":[{"href":"https:\/\/heimatverein-nieder-roden.de\/index.php?rest_route=%2Fwp%2Fv2%2Fmedia&parent=5792"}],"wp:term":[{"taxonomy":"category","embeddable":true,"href":"https:\/\/heimatverein-nieder-roden.de\/index.php?rest_route=%2Fwp%2Fv2%2Fcategories&post=5792"},{"taxonomy":"post_tag","embeddable":true,"href":"https:\/\/heimatverein-nieder-roden.de\/index.php?rest_route=%2Fwp%2Fv2%2Ftags&post=5792"}],"curies":[{"name":"wp","href":"https:\/\/api.w.org\/{rel}","templated":true}]}}