{"id":5714,"date":"2023-08-27T19:26:16","date_gmt":"2023-08-27T17:26:16","guid":{"rendered":"https:\/\/heimatverein-nieder-roden.de\/?p=5714"},"modified":"2023-09-05T13:32:30","modified_gmt":"2023-09-05T11:32:30","slug":"das-kerbblaettsche","status":"publish","type":"post","link":"https:\/\/heimatverein-nieder-roden.de\/?p=5714","title":{"rendered":"Das Kerbbl\u00e4ttsche"},"content":{"rendered":"\n<p><strong>Ein Beitrag zur Nirrer\u00e4irer Kerb 2023<\/strong><\/p>\n\n\n<div class=\"wp-block-image\">\n<figure class=\"aligncenter size-large\"><img decoding=\"async\" width=\"1024\" height=\"576\" src=\"https:\/\/heimatverein-nieder-roden.de\/wp-content\/uploads\/2023\/08\/2023-08-27_AKHNR_NR-Kerbblaettsche_Symbolbild_Website-1024x576.jpg\" alt=\"\" class=\"wp-image-5717\" srcset=\"https:\/\/heimatverein-nieder-roden.de\/wp-content\/uploads\/2023\/08\/2023-08-27_AKHNR_NR-Kerbblaettsche_Symbolbild_Website-1024x576.jpg 1024w, https:\/\/heimatverein-nieder-roden.de\/wp-content\/uploads\/2023\/08\/2023-08-27_AKHNR_NR-Kerbblaettsche_Symbolbild_Website-300x169.jpg 300w, https:\/\/heimatverein-nieder-roden.de\/wp-content\/uploads\/2023\/08\/2023-08-27_AKHNR_NR-Kerbblaettsche_Symbolbild_Website-768x432.jpg 768w, https:\/\/heimatverein-nieder-roden.de\/wp-content\/uploads\/2023\/08\/2023-08-27_AKHNR_NR-Kerbblaettsche_Symbolbild_Website-836x470.jpg 836w, https:\/\/heimatverein-nieder-roden.de\/wp-content\/uploads\/2023\/08\/2023-08-27_AKHNR_NR-Kerbblaettsche_Symbolbild_Website-560x315.jpg 560w, https:\/\/heimatverein-nieder-roden.de\/wp-content\/uploads\/2023\/08\/2023-08-27_AKHNR_NR-Kerbblaettsche_Symbolbild_Website.jpg 1280w\" sizes=\"(max-width: 1024px) 100vw, 1024px\" \/><figcaption class=\"wp-element-caption\">Nirrer\u00e4irer Kerbl\u00e4ttsche 2023 &#8211; Symbolbild \u00a9AKHNR<\/figcaption><\/figure>\n<\/div>\n\n\n<p>Das Kerbbl\u00e4ttsche erscheint im Zeitungsformat mit rustikal-historischer Anmutung. Es umfasst redaktionelle Beitr\u00e4ge der Mitwirkenden die gemeinsam das Fest der Kerb im Ort gestalten. Finanziert wird die Publikation durch lokale Sponsoren, die ebenfalls pr\u00e4sentiert werden.<\/p>\n\n\n\n<p>Es bietet erstmals die Gelegenheit zu erfassen was die Kerb in Nieder-Roden bietet, wer alles mitmacht, was BesucherInnen erleben k\u00f6nnen, an welchen Orten etwas stattfindet und was das kulinarische Angebot umfasst.<\/p>\n\n\n\n<p>Ein <strong>gemeinsames <\/strong>Bl\u00e4ttsche, soll deutlich machen, dass wir die Kerb im Ort <strong>gemeinsam <\/strong>feiern.<\/p>\n\n\n\n<ul class=\"wp-block-list\">\n<li>St\u00f6bern Sie in den Beitr\u00e4gen und erfahren Sie was die Kerb ausmacht.<\/li>\n\n\n\n<li>Planen Sie ihren Besuch bei der Kerb &#8211; wann und wo m\u00f6chten Sie dabei sein?<\/li>\n\n\n\n<li>Haben Sie noch keine Idee was Sie essen m\u00f6chten? Hier finden Sie bestimmt etwas.<\/li>\n<\/ul>\n\n\n\n<p>Das alles erm\u00f6glicht das neue Nirrer\u00e4irer Kerbbl\u00e4ttsche!<\/p>\n\n\n\n<h2 class=\"wp-block-heading\">Ein Gemeinschaftswerk<\/h2>\n\n\n\n<p>Das Nirrer\u00e4irer Kerbbl\u00e4ttsche ist ein Gemeinschaftswerk von Nieder-R\u00f6dern f\u00fcr Nieder-R\u00f6der. Initiiert von Rodgau Erleben e. V., ma\u00dfgeblich mitgetragen vom Arbeitskreis f\u00fcr Heimatkunde Nieder-Roden e. V. und mitgestaltet bzw. unterst\u00fctzt von den Mitwirkenden der Kerb: <\/p>\n\n\n\n<ul class=\"wp-block-list\">\n<li>Kerbverein Nieder-Roden e. V., <\/li>\n\n\n\n<li>Pfarrgemeinde Sankt Matthias Nieder-Roden<\/li>\n\n\n\n<li>Musikverein Nieder-Roden e. V., <\/li>\n\n\n\n<li>Familie Mergenthal<\/li>\n\n\n\n<li>Familie Schrod<\/li>\n<\/ul>\n\n\n\n<p>Wir danken au\u00dferdem allen Sponsoren, die diese Publikation erm\u00f6glicht haben!<\/p>\n\n\n<div class=\"wp-block-image\">\n<figure class=\"aligncenter size-full\"><a href=\"https:\/\/www.rodgauerleben.de\/\" target=\"_blank\" rel=\"noreferrer noopener\"><img decoding=\"async\" width=\"442\" height=\"139\" src=\"https:\/\/heimatverein-nieder-roden.de\/wp-content\/uploads\/2023\/08\/Rodgau-Erleben_Logo.jpg\" alt=\"\" class=\"wp-image-5715\" srcset=\"https:\/\/heimatverein-nieder-roden.de\/wp-content\/uploads\/2023\/08\/Rodgau-Erleben_Logo.jpg 442w, https:\/\/heimatverein-nieder-roden.de\/wp-content\/uploads\/2023\/08\/Rodgau-Erleben_Logo-300x94.jpg 300w\" sizes=\"(max-width: 442px) 100vw, 442px\" \/><\/a><figcaption class=\"wp-element-caption\">Initiiator des Kerbbl\u00e4ttsches ist Markus Frei von Rodgau Erleben e. V.<br>Vielen Dank f\u00fcr die gro\u00dfartige Initiative unter gro\u00dfem Zeitdruck!<br>Klicken Sie auf das Logo um mehr \u00fcbe Rodgau Erleben zu erfahren:<br><a href=\"https:\/\/www.rodgauerleben.de\/\">https:\/\/www.rodgauerleben.de\/<\/a><\/figcaption><\/figure>\n<\/div>\n\n\n<h3 class=\"wp-block-heading\">Was kostet das Kerbbl\u00e4ttsche?<\/h3>\n\n\n\n<p>Das Kerbbl\u00e4ttsche ist kostenlos erh\u00e4ltlich!<\/p>\n\n\n\n<h3 class=\"wp-block-heading\">Wo gibt es das Kerbbl\u00e4ttsche?<\/h3>\n\n\n\n<p>Das Kerbbl\u00e4ttsche liegt gedruckt bei den \u00f6rtlichen Gesch\u00e4ften und im Heimatmuseum aus.<\/p>\n\n\n\n<p>Au\u00dferdem erh\u00e4ltlich ist es bei den Mitwirkenden.<\/p>\n\n\n\n<p>Eine genaue Liste der Ausgabestellen finden Sie hier:<\/p>\n\n\n\n<div class=\"wp-block-buttons is-content-justification-center is-layout-flex wp-container-core-buttons-is-layout-16018d1d wp-block-buttons-is-layout-flex\">\n<div class=\"wp-block-button\"><a class=\"wp-block-button__link wp-element-button\" href=\"https:\/\/heimatverein-nieder-roden.de\/?p=5892\" target=\"_blank\" rel=\"noreferrer noopener\">Ausgabestellen des Kerbbl\u00e4ttsche<\/a><\/div>\n<\/div>\n\n\n\n<h3 class=\"wp-block-heading\">Gibt es die Informationen auch digital?<\/h3>\n\n\n\n<p>Ja, die meisten Informationen aus dem Kerbbl\u00e4ttsche finden Sie hier auf den Seiten des AKHNR.<\/p>\n\n\n\n<p>Und das Kerbbl\u00e4ttsche gibt es digital ebenfalls bei uns &#8211; exklusiv!<\/p>\n\n\n\n<div class=\"wp-block-columns is-layout-flex wp-container-core-columns-is-layout-9d6595d7 wp-block-columns-is-layout-flex\">\n<div class=\"wp-block-column is-layout-flow wp-block-column-is-layout-flow\">\n<div class=\"wp-block-buttons is-content-justification-center is-layout-flex wp-container-core-buttons-is-layout-16018d1d wp-block-buttons-is-layout-flex\">\n<div class=\"wp-block-button\"><a class=\"wp-block-button__link has-background wp-element-button\" href=\"https:\/\/heimatverein-nieder-roden.de\/?page_id=5607\" style=\"background-color:#932418\" target=\"_blank\" rel=\"noreferrer noopener\">Alle Beitr\u00e4ge zur Kerb 2023<\/a><\/div>\n<\/div>\n<\/div>\n\n\n\n<div class=\"wp-block-column is-layout-flow wp-block-column-is-layout-flow\">\n<div class=\"wp-block-buttons is-content-justification-center is-layout-flex wp-container-core-buttons-is-layout-16018d1d wp-block-buttons-is-layout-flex\">\n<div class=\"wp-block-button\"><a class=\"wp-block-button__link has-background wp-element-button\" href=\"https:\/\/heimatverein-nieder-roden.de\/?p=5904\" style=\"background-color:#932418\" target=\"_blank\" rel=\"noreferrer noopener\">Das Kerbbl\u00e4ttsche digital<\/a><\/div>\n<\/div>\n<\/div>\n<\/div>\n\n\n\n<hr class=\"wp-block-separator has-alpha-channel-opacity is-style-wide\"\/>\n\n\nBeitrag 0 mal aufgerufen in den letzten 365 Tagen.\n","protected":false},"excerpt":{"rendered":"<p>Ein Beitrag zur Nirrer\u00e4irer Kerb 2023<\/p>\n<p>Das Kerbbl\u00e4ttsche erscheint im Zeitungsformat mit rustikal-historischer Anmutung. Es umfasst redaktionelle Beitr\u00e4ge der Mitwirkenden die gemeinsam das Fest der Kerb im Ort gestalten. <\/p>\n<p>Lesen Sie hier mehr&#8230;<\/p><p><a class=\"more-link btn\" href=\"https:\/\/heimatverein-nieder-roden.de\/?p=5714\">Weiterlesen<\/a><\/p>\n","protected":false},"author":1,"featured_media":5717,"comment_status":"closed","ping_status":"closed","sticky":false,"template":"","format":"standard","meta":{"_coblocks_attr":"","_coblocks_dimensions":"","_coblocks_responsive_height":"","_coblocks_accordion_ie_support":"","footnotes":"","_share_on_mastodon":"0"},"categories":[6,372,97],"tags":[176,381,368,367],"class_list":["post-5714","post","type-post","status-publish","format-standard","has-post-thumbnail","hentry","category-aktuell","category-kerb-2023","category-slider","tag-kerb","tag-kerbblaettsche","tag-nieder-roeder-kerb","tag-nirreraeirer-kerb","nodate"],"share_on_mastodon":{"url":"","error":""},"publishpress_future_action":{"enabled":false,"date":"2026-05-07 08:38:23","action":"category-remove","newStatus":"draft","terms":[],"taxonomy":"category","extraData":[]},"publishpress_future_workflow_manual_trigger":{"enabledWorkflows":[]},"_links":{"self":[{"href":"https:\/\/heimatverein-nieder-roden.de\/index.php?rest_route=\/wp\/v2\/posts\/5714","targetHints":{"allow":["GET"]}}],"collection":[{"href":"https:\/\/heimatverein-nieder-roden.de\/index.php?rest_route=\/wp\/v2\/posts"}],"about":[{"href":"https:\/\/heimatverein-nieder-roden.de\/index.php?rest_route=\/wp\/v2\/types\/post"}],"author":[{"embeddable":true,"href":"https:\/\/heimatverein-nieder-roden.de\/index.php?rest_route=\/wp\/v2\/users\/1"}],"replies":[{"embeddable":true,"href":"https:\/\/heimatverein-nieder-roden.de\/index.php?rest_route=%2Fwp%2Fv2%2Fcomments&post=5714"}],"version-history":[{"count":7,"href":"https:\/\/heimatverein-nieder-roden.de\/index.php?rest_route=\/wp\/v2\/posts\/5714\/revisions"}],"predecessor-version":[{"id":5915,"href":"https:\/\/heimatverein-nieder-roden.de\/index.php?rest_route=\/wp\/v2\/posts\/5714\/revisions\/5915"}],"wp:featuredmedia":[{"embeddable":true,"href":"https:\/\/heimatverein-nieder-roden.de\/index.php?rest_route=\/wp\/v2\/media\/5717"}],"wp:attachment":[{"href":"https:\/\/heimatverein-nieder-roden.de\/index.php?rest_route=%2Fwp%2Fv2%2Fmedia&parent=5714"}],"wp:term":[{"taxonomy":"category","embeddable":true,"href":"https:\/\/heimatverein-nieder-roden.de\/index.php?rest_route=%2Fwp%2Fv2%2Fcategories&post=5714"},{"taxonomy":"post_tag","embeddable":true,"href":"https:\/\/heimatverein-nieder-roden.de\/index.php?rest_route=%2Fwp%2Fv2%2Ftags&post=5714"}],"curies":[{"name":"wp","href":"https:\/\/api.w.org\/{rel}","templated":true}]}}