{"id":5711,"date":"2023-08-27T14:13:32","date_gmt":"2023-08-27T12:13:32","guid":{"rendered":"https:\/\/heimatverein-nieder-roden.de\/?p=5711"},"modified":"2023-08-29T22:19:53","modified_gmt":"2023-08-29T20:19:53","slug":"der-kerbumzug","status":"publish","type":"post","link":"https:\/\/heimatverein-nieder-roden.de\/?p=5711","title":{"rendered":"Der Kerbumzug"},"content":{"rendered":"\n<p><strong>Ein Beitrag zur Nirrer\u00e4irer Kerb 2023<\/strong><\/p>\n\n\n\n<figure class=\"wp-block-image size-large\"><a href=\"https:\/\/heimatverein-nieder-roden.de\/wp-content\/uploads\/2023\/08\/2022-09-09_16-59-40_AKHNR_Kerb-2022_EGE_IMG_8488-scaled.jpg\"><img decoding=\"async\" width=\"1024\" height=\"576\" src=\"https:\/\/heimatverein-nieder-roden.de\/wp-content\/uploads\/2023\/08\/2022-09-09_16-59-40_AKHNR_Kerb-2022_EGE_IMG_8488-1024x576.jpg\" alt=\"\" class=\"wp-image-5683\" srcset=\"https:\/\/heimatverein-nieder-roden.de\/wp-content\/uploads\/2023\/08\/2022-09-09_16-59-40_AKHNR_Kerb-2022_EGE_IMG_8488-1024x576.jpg 1024w, https:\/\/heimatverein-nieder-roden.de\/wp-content\/uploads\/2023\/08\/2022-09-09_16-59-40_AKHNR_Kerb-2022_EGE_IMG_8488-300x169.jpg 300w, https:\/\/heimatverein-nieder-roden.de\/wp-content\/uploads\/2023\/08\/2022-09-09_16-59-40_AKHNR_Kerb-2022_EGE_IMG_8488-768x432.jpg 768w, https:\/\/heimatverein-nieder-roden.de\/wp-content\/uploads\/2023\/08\/2022-09-09_16-59-40_AKHNR_Kerb-2022_EGE_IMG_8488-1536x865.jpg 1536w, https:\/\/heimatverein-nieder-roden.de\/wp-content\/uploads\/2023\/08\/2022-09-09_16-59-40_AKHNR_Kerb-2022_EGE_IMG_8488-2048x1153.jpg 2048w, https:\/\/heimatverein-nieder-roden.de\/wp-content\/uploads\/2023\/08\/2022-09-09_16-59-40_AKHNR_Kerb-2022_EGE_IMG_8488-836x471.jpg 836w, https:\/\/heimatverein-nieder-roden.de\/wp-content\/uploads\/2023\/08\/2022-09-09_16-59-40_AKHNR_Kerb-2022_EGE_IMG_8488-560x315.jpg 560w\" sizes=\"(max-width: 1024px) 100vw, 1024px\" \/><\/a><figcaption class=\"wp-element-caption\">Die Kinder der Kita Otzbergstra\u00dfe befestigen ihr Kerbw\u00fcnsche an der Baumkrone. \u00a9AKHNR\/EGE<\/figcaption><\/figure>\n\n\n\n<p>Der erste Punkt im Kerbkalender seit einigen Jahren der Kerbumzug am Kerbfreitag.<\/p>\n\n\n\n<p>Dabei ziehen die Kerbbursche und Kerbm\u00e4dsche durch den Ort um die Bev\u00f6lkerung auf das anstehende Festwochenende hinzuweisen. Mit dabei sind viele Schaulustige und nach M\u00f6glichkeit die Kinder der \u00f6rtlichen Kinderg\u00e4rten. Sie haben sich gut vorbereitet und am Kerbbaum ihre W\u00fcnsche f\u00fcr die Kerb befestigt. Mit den bunten, flatternden Papierstreifen sieht die Baumkrone besonders festlich aus.<\/p>\n\n\n\n<p>\u00dcber die Jahre gab es immer mal wieder unterschiedliche Verlaufsrouten. <\/p>\n\n\n\n<p>Den Verlauf f\u00fcr dieses Jahr finden Sie hier:<\/p>\n\n\n\n<figure class=\"wp-block-image size-large\"><a href=\"https:\/\/heimatverein-nieder-roden.de\/wp-content\/uploads\/2023\/08\/2023-08-22_AKHNR_NR-Kerb2023_Umzug_Verlaufskarte_Entwurf_v0.2-scaled.jpg\"><img decoding=\"async\" width=\"1024\" height=\"576\" src=\"https:\/\/heimatverein-nieder-roden.de\/wp-content\/uploads\/2023\/08\/2023-08-22_AKHNR_NR-Kerb2023_Umzug_Verlaufskarte_Entwurf_v0.2-1024x576.jpg\" alt=\"\" class=\"wp-image-5567\" srcset=\"https:\/\/heimatverein-nieder-roden.de\/wp-content\/uploads\/2023\/08\/2023-08-22_AKHNR_NR-Kerb2023_Umzug_Verlaufskarte_Entwurf_v0.2-1024x576.jpg 1024w, https:\/\/heimatverein-nieder-roden.de\/wp-content\/uploads\/2023\/08\/2023-08-22_AKHNR_NR-Kerb2023_Umzug_Verlaufskarte_Entwurf_v0.2-300x169.jpg 300w, https:\/\/heimatverein-nieder-roden.de\/wp-content\/uploads\/2023\/08\/2023-08-22_AKHNR_NR-Kerb2023_Umzug_Verlaufskarte_Entwurf_v0.2-768x432.jpg 768w, https:\/\/heimatverein-nieder-roden.de\/wp-content\/uploads\/2023\/08\/2023-08-22_AKHNR_NR-Kerb2023_Umzug_Verlaufskarte_Entwurf_v0.2-1536x864.jpg 1536w, https:\/\/heimatverein-nieder-roden.de\/wp-content\/uploads\/2023\/08\/2023-08-22_AKHNR_NR-Kerb2023_Umzug_Verlaufskarte_Entwurf_v0.2-2048x1152.jpg 2048w, https:\/\/heimatverein-nieder-roden.de\/wp-content\/uploads\/2023\/08\/2023-08-22_AKHNR_NR-Kerb2023_Umzug_Verlaufskarte_Entwurf_v0.2-836x470.jpg 836w, https:\/\/heimatverein-nieder-roden.de\/wp-content\/uploads\/2023\/08\/2023-08-22_AKHNR_NR-Kerb2023_Umzug_Verlaufskarte_Entwurf_v0.2-560x315.jpg 560w\" sizes=\"(max-width: 1024px) 100vw, 1024px\" \/><\/a><figcaption class=\"wp-element-caption\">Der Verlauf des Nieder-R\u00f6der Kerbumzuges 2023. \u00a9AKHNR\/FMA<\/figcaption><\/figure>\n\n\n\n<p class=\"has-pale-pink-background-color has-background\">Der Kerbumzug wird organisiert durch den Kerbverein Nieder-Roden e. V.<br>Wir k\u00f6nnen daher keine Gew\u00e4hr f\u00fcr die Umzugsroute \u00fcbernehmen!<\/p>\n\n\n\n<hr class=\"wp-block-separator has-alpha-channel-opacity is-style-wide\"\/>\n\n\nBeitrag 0 mal aufgerufen in den letzten 365 Tagen.\n","protected":false},"excerpt":{"rendered":"<p>Ein Beitrag zur Nirrer\u00e4irer Kerb 2023<\/p>\n<p>Der erste Veranstaltungspunkt im Kerbkalender ist seit einigen Jahren der Kerbumzug. Hier finden Sie Startzeit und Verlauf.<\/p><p><a class=\"more-link btn\" href=\"https:\/\/heimatverein-nieder-roden.de\/?p=5711\">Weiterlesen<\/a><\/p>\n","protected":false},"author":1,"featured_media":5683,"comment_status":"closed","ping_status":"closed","sticky":false,"template":"","format":"standard","meta":{"_coblocks_attr":"","_coblocks_dimensions":"","_coblocks_responsive_height":"","_coblocks_accordion_ie_support":"","footnotes":"","_share_on_mastodon":"0"},"categories":[6,372,97],"tags":[176,380,368,367],"class_list":["post-5711","post","type-post","status-publish","format-standard","has-post-thumbnail","hentry","category-aktuell","category-kerb-2023","category-slider","tag-kerb","tag-kerbumzug","tag-nieder-roeder-kerb","tag-nirreraeirer-kerb","nodate"],"share_on_mastodon":{"url":"","error":""},"publishpress_future_action":{"enabled":false,"date":"2026-05-07 09:22:26","action":"category-remove","newStatus":"draft","terms":[],"taxonomy":"category","extraData":[]},"publishpress_future_workflow_manual_trigger":{"enabledWorkflows":[]},"_links":{"self":[{"href":"https:\/\/heimatverein-nieder-roden.de\/index.php?rest_route=\/wp\/v2\/posts\/5711","targetHints":{"allow":["GET"]}}],"collection":[{"href":"https:\/\/heimatverein-nieder-roden.de\/index.php?rest_route=\/wp\/v2\/posts"}],"about":[{"href":"https:\/\/heimatverein-nieder-roden.de\/index.php?rest_route=\/wp\/v2\/types\/post"}],"author":[{"embeddable":true,"href":"https:\/\/heimatverein-nieder-roden.de\/index.php?rest_route=\/wp\/v2\/users\/1"}],"replies":[{"embeddable":true,"href":"https:\/\/heimatverein-nieder-roden.de\/index.php?rest_route=%2Fwp%2Fv2%2Fcomments&post=5711"}],"version-history":[{"count":5,"href":"https:\/\/heimatverein-nieder-roden.de\/index.php?rest_route=\/wp\/v2\/posts\/5711\/revisions"}],"predecessor-version":[{"id":5841,"href":"https:\/\/heimatverein-nieder-roden.de\/index.php?rest_route=\/wp\/v2\/posts\/5711\/revisions\/5841"}],"wp:featuredmedia":[{"embeddable":true,"href":"https:\/\/heimatverein-nieder-roden.de\/index.php?rest_route=\/wp\/v2\/media\/5683"}],"wp:attachment":[{"href":"https:\/\/heimatverein-nieder-roden.de\/index.php?rest_route=%2Fwp%2Fv2%2Fmedia&parent=5711"}],"wp:term":[{"taxonomy":"category","embeddable":true,"href":"https:\/\/heimatverein-nieder-roden.de\/index.php?rest_route=%2Fwp%2Fv2%2Fcategories&post=5711"},{"taxonomy":"post_tag","embeddable":true,"href":"https:\/\/heimatverein-nieder-roden.de\/index.php?rest_route=%2Fwp%2Fv2%2Ftags&post=5711"}],"curies":[{"name":"wp","href":"https:\/\/api.w.org\/{rel}","templated":true}]}}