{"id":5693,"date":"2023-08-27T13:48:04","date_gmt":"2023-08-27T11:48:04","guid":{"rendered":"https:\/\/heimatverein-nieder-roden.de\/?p=5693"},"modified":"2023-08-29T22:21:37","modified_gmt":"2023-08-29T20:21:37","slug":"25-jahre-kerb-in-hof-und-scheune-mit-dem-musikverein-nieder-roden","status":"publish","type":"post","link":"https:\/\/heimatverein-nieder-roden.de\/?p=5693","title":{"rendered":"25 Jahre Kerb in Hof und Scheune mit dem Musikverein Nieder-Roden"},"content":{"rendered":"\n<p><strong>Ein Beitrag zur Nirrer\u00e4irer Kerb 2023<\/strong><\/p>\n\n\n\n<p>Wie sich aus einem Protokoll aus dem Jahr 1927 ergibt, hat der Musikverein schon damals um den zweiten Sonntag im September seinen Beitrag zur Kerb geleistet. Tagelang wurde Tanzmusik gemacht, und zwar gerne auch \u201evon 4 Uhr nachmittags bis 3 \u00bd Uhr Montagsfr\u00fch\u201c.<\/p>\n\n\n<div class=\"wp-block-image\">\n<figure class=\"aligncenter size-full is-resized\"><a href=\"https:\/\/heimatverein-nieder-roden.de\/wp-content\/uploads\/2023\/08\/grafik-5.png\"><img decoding=\"async\" src=\"https:\/\/heimatverein-nieder-roden.de\/wp-content\/uploads\/2023\/08\/grafik-5.png\" alt=\"\" class=\"wp-image-5695\" style=\"width:440px;height:333px\" width=\"440\" height=\"333\" srcset=\"https:\/\/heimatverein-nieder-roden.de\/wp-content\/uploads\/2023\/08\/grafik-5.png 783w, https:\/\/heimatverein-nieder-roden.de\/wp-content\/uploads\/2023\/08\/grafik-5-300x227.png 300w, https:\/\/heimatverein-nieder-roden.de\/wp-content\/uploads\/2023\/08\/grafik-5-768x581.png 768w, https:\/\/heimatverein-nieder-roden.de\/wp-content\/uploads\/2023\/08\/grafik-5-560x423.png 560w\" sizes=\"(max-width: 440px) 100vw, 440px\" \/><\/a><figcaption class=\"wp-element-caption\">Das Protokoll aus dem Jahr 1927. \u00a9MVN<\/figcaption><\/figure>\n<\/div>\n\n\n<p>Ab 1978 veranstaltet der Verein den Kerbtanz, der jahrelang ein H\u00f6hepunkt im Veranstaltungskalender ist.<\/p>\n\n\n<div class=\"wp-block-image\">\n<figure class=\"aligncenter size-full is-resized\"><img decoding=\"async\" src=\"https:\/\/heimatverein-nieder-roden.de\/wp-content\/uploads\/2023\/08\/grafik-7.png\" alt=\"\" class=\"wp-image-5697\" style=\"width:601px\" width=\"601\" srcset=\"https:\/\/heimatverein-nieder-roden.de\/wp-content\/uploads\/2023\/08\/grafik-7.png 861w, https:\/\/heimatverein-nieder-roden.de\/wp-content\/uploads\/2023\/08\/grafik-7-300x160.png 300w, https:\/\/heimatverein-nieder-roden.de\/wp-content\/uploads\/2023\/08\/grafik-7-768x410.png 768w, https:\/\/heimatverein-nieder-roden.de\/wp-content\/uploads\/2023\/08\/grafik-7-836x447.png 836w, https:\/\/heimatverein-nieder-roden.de\/wp-content\/uploads\/2023\/08\/grafik-7-560x299.png 560w\" sizes=\"(max-width: 861px) 100vw, 861px\" \/><figcaption class=\"wp-element-caption\">Kerbtanz mit dem Musikverein. \u00a9MVN<\/figcaption><\/figure>\n<\/div>\n\n\n<p>1998 beginnt die sch\u00f6ne Tradition der Scheunenkerb. Zuerst stellt Christian Weiland seine urige Scheune als Veranstaltungsort zur Verf\u00fcgung. Dort wird bei Zithermusik zum Heurigenabend eingeladen. Sonntags unterhalten die Orchester bei Bewirtung die G\u00e4ste.<\/p>\n\n\n\n<p>Als diese Scheune zum Wohnhaus umgebaut wird, bieten Dieter Mergenthal und Achim Jaeger im Jahr 2003 ihren Hof an. Dies ist ein Gl\u00fccksfall f\u00fcr unsere Kerb in Hof und Scheune und der Musikverein Nieder-Roden e. V. m\u00f6chte auch hier einmal \u00f6ffentlich \u201eDanke\u201c sagen f\u00fcr diesen wunderbaren Veranstaltungsort.<\/p>\n\n\n\n<figure class=\"wp-block-gallery has-nested-images columns-default is-cropped wp-block-gallery-1 is-layout-flex wp-block-gallery-is-layout-flex\">\n<figure class=\"wp-block-image size-large\"><a href=\"https:\/\/heimatverein-nieder-roden.de\/wp-content\/uploads\/2023\/08\/grafik-10.png\"><img decoding=\"async\" width=\"377\" height=\"569\" data-id=\"5700\" src=\"https:\/\/heimatverein-nieder-roden.de\/wp-content\/uploads\/2023\/08\/grafik-10.png\" alt=\"\" class=\"wp-image-5700\" srcset=\"https:\/\/heimatverein-nieder-roden.de\/wp-content\/uploads\/2023\/08\/grafik-10.png 377w, https:\/\/heimatverein-nieder-roden.de\/wp-content\/uploads\/2023\/08\/grafik-10-199x300.png 199w\" sizes=\"(max-width: 377px) 100vw, 377px\" \/><\/a><figcaption class=\"wp-element-caption\">Konzertorchester<\/figcaption><\/figure>\n\n\n\n<figure class=\"wp-block-image size-large\"><a href=\"https:\/\/heimatverein-nieder-roden.de\/wp-content\/uploads\/2023\/08\/grafik-9.png\"><img decoding=\"async\" width=\"731\" height=\"581\" data-id=\"5699\" src=\"https:\/\/heimatverein-nieder-roden.de\/wp-content\/uploads\/2023\/08\/grafik-9.png\" alt=\"\" class=\"wp-image-5699\" srcset=\"https:\/\/heimatverein-nieder-roden.de\/wp-content\/uploads\/2023\/08\/grafik-9.png 731w, https:\/\/heimatverein-nieder-roden.de\/wp-content\/uploads\/2023\/08\/grafik-9-300x238.png 300w, https:\/\/heimatverein-nieder-roden.de\/wp-content\/uploads\/2023\/08\/grafik-9-560x445.png 560w\" sizes=\"(max-width: 731px) 100vw, 731px\" \/><\/a><figcaption class=\"wp-element-caption\">&#8222;Rodgauer Blasmusik&#8220;<\/figcaption><\/figure>\n\n\n\n<figure class=\"wp-block-image size-large\"><a href=\"https:\/\/heimatverein-nieder-roden.de\/wp-content\/uploads\/2023\/08\/grafik-8.png\"><img decoding=\"async\" width=\"686\" height=\"514\" data-id=\"5698\" src=\"https:\/\/heimatverein-nieder-roden.de\/wp-content\/uploads\/2023\/08\/grafik-8.png\" alt=\"\" class=\"wp-image-5698\" srcset=\"https:\/\/heimatverein-nieder-roden.de\/wp-content\/uploads\/2023\/08\/grafik-8.png 686w, https:\/\/heimatverein-nieder-roden.de\/wp-content\/uploads\/2023\/08\/grafik-8-300x225.png 300w, https:\/\/heimatverein-nieder-roden.de\/wp-content\/uploads\/2023\/08\/grafik-8-560x420.png 560w\" sizes=\"(max-width: 686px) 100vw, 686px\" \/><\/a><figcaption class=\"wp-element-caption\">Orchester &#8222;Klangfarben&#8220;<\/figcaption><\/figure>\n\n\n\n<figure class=\"wp-block-image size-large\"><a href=\"https:\/\/heimatverein-nieder-roden.de\/wp-content\/uploads\/2023\/08\/grafik-11.png\"><img decoding=\"async\" width=\"774\" height=\"581\" data-id=\"5701\" src=\"https:\/\/heimatverein-nieder-roden.de\/wp-content\/uploads\/2023\/08\/grafik-11.png\" alt=\"\" class=\"wp-image-5701\" srcset=\"https:\/\/heimatverein-nieder-roden.de\/wp-content\/uploads\/2023\/08\/grafik-11.png 774w, https:\/\/heimatverein-nieder-roden.de\/wp-content\/uploads\/2023\/08\/grafik-11-300x225.png 300w, https:\/\/heimatverein-nieder-roden.de\/wp-content\/uploads\/2023\/08\/grafik-11-768x576.png 768w, https:\/\/heimatverein-nieder-roden.de\/wp-content\/uploads\/2023\/08\/grafik-11-560x420.png 560w\" sizes=\"(max-width: 774px) 100vw, 774px\" \/><\/a><figcaption class=\"wp-element-caption\">2023 erstmals bei der Kerb: die Bl\u00e4serkids; nat\u00fcrlich tritt auch das Jugendorchester auf <br>&#8211; auf diesem Fotos sind beide Gruppierungen gemeinsam zu sehen.<\/figcaption><\/figure>\n<figcaption class=\"blocks-gallery-caption wp-element-caption\">Die Orchester des Musikvereins Nieder-Roden treten Sonntags bei der Kerb auf. \u00a9MVN<\/figcaption><\/figure>\n\n\n\n<h2 class=\"wp-block-heading\">Die Kerblounge<\/h2>\n\n\n\n<p>Im Jahr 2015 startet der Musikverein mit der Kerb-Lounge in den Kerbsamstag. In gem\u00fctlicher Atmosph\u00e4re gibt es live Swing-, Groove- und Latin-Musik auf die Ohren.<\/p>\n\n\n<div class=\"wp-block-image\">\n<figure class=\"aligncenter size-full\"><img decoding=\"async\" width=\"604\" height=\"453\" src=\"https:\/\/heimatverein-nieder-roden.de\/wp-content\/uploads\/2023\/08\/grafik-4.png\" alt=\"\" class=\"wp-image-5694\" srcset=\"https:\/\/heimatverein-nieder-roden.de\/wp-content\/uploads\/2023\/08\/grafik-4.png 604w, https:\/\/heimatverein-nieder-roden.de\/wp-content\/uploads\/2023\/08\/grafik-4-300x225.png 300w, https:\/\/heimatverein-nieder-roden.de\/wp-content\/uploads\/2023\/08\/grafik-4-560x420.png 560w\" sizes=\"(max-width: 604px) 100vw, 604px\" \/><figcaption class=\"wp-element-caption\">Die Kerblounge am Samstagabend. \u00a9MVN<\/figcaption><\/figure>\n<\/div>\n\n\n<p>Die Idee kam Tom Sch\u00fcler, Trompeter und Mitglied des Musikvereins Nieder Roden, um die Kerb auch anderen Zielgruppen zu erschlie\u00dfen. Im Fokus stehen Besucherinnen und Besucher, die sonst eher auf Pop- und Jazzkonzerten zu finden sind. Hierzu nutzt er sein gro\u00dfes Netzwerk in der lokalen Musikszene.<\/p>\n\n\n\n<p>Die \u201eMarke Kerblounge\u201c erfreut sich seit Anfang an gro\u00dfer Beliebtheit beim Publikum. In der Hofreite Mergenthal geben sich auf der Open Air B\u00fchne Musikerinnen und Musiker der regio-nalen Jazz- und Popszene die Klinke in die Hand. Zur Stammbesetzung der Kerb Lounge Band geh\u00f6ren neben Tom Sch\u00fcler an der Trompete Matthias R\u00fcdiger am Saxofon, Johannes Kunze am Schlagzeug und Tim Neckermann an der Gitarre (alles auch Musikvereins-Mitglieder). Dazu gibt es immer Gesang und weitere in der Region und dar\u00fcber hinaus be-kannte musikalische G\u00e4ste, deren vollst\u00e4ndige Benennung diesen Beitrag sprengen w\u00fcrde.<\/p>\n\n\n\n<h2 class=\"wp-block-heading\">Die Kerblounge 2023<\/h2>\n\n\n\n<p>In diesem Jahr findet die Kerblounge in musikalisch \u201eintimem Rahmen\u201c statt. Die S\u00e4ngerin Sofia Mapapa wird mit stimmungsvoller Klavierbegleitung daf\u00fcr sorgen, dass auch diese Kerblounge wieder ein unvergesslicher entspannter Abend bei guter Musik wird.<\/p>\n\n\n\n<p>Nat\u00fcrlich freuen wir uns besonders, Dich, liebe Leserin und lieber Leser, auch in diesem Jahr bei unserer Kerb unterhalten und bewirten zu d\u00fcrfen.<\/p>\n\n\n\n<h2 class=\"wp-block-heading\">Unser kulinarisches Angebot zur Kerb 2023<\/h2>\n\n\n\n<h3 class=\"wp-block-heading\">Kerbsamstag<\/h3>\n\n\n\n<ul class=\"wp-block-list\">\n<li>Rostbratwurst vom Grill<\/li>\n\n\n\n<li>Fingerfood <\/li>\n\n\n\n<li>Leckerer Biowein<\/li>\n<\/ul>\n\n\n\n<h3 class=\"wp-block-heading\">Kerbsonntag<\/h3>\n\n\n\n<ul class=\"wp-block-list\">\n<li>Rostbratwurst vom Grill<\/li>\n\n\n\n<li>Diverse selbstgemachte vegetarische Suppen <\/li>\n\n\n\n<li>Gro\u00dfes Kuchenbuffet <\/li>\n<\/ul>\n\n\n\n<h3 class=\"wp-block-heading\">Kerbmontag<\/h3>\n\n\n\n<ul class=\"wp-block-list\">\n<li>Leckeres vom Grill<\/li>\n\n\n\n<li>Diverse Bioweine <\/li>\n\n\n\n<li>\u201eKerbkuche\u201c<\/li>\n<\/ul>\n\n\n\n<hr class=\"wp-block-separator has-alpha-channel-opacity is-style-wide\"\/>\n\n\n\n<p class=\"has-text-align-left\"><em>Text und Abbildungen: Musikverein Nieder-Roden e. V.<\/em><\/p>\n\n\n\n<hr class=\"wp-block-separator has-alpha-channel-opacity is-style-wide\"\/>\n\n\nBeitrag 0 mal aufgerufen in den letzten 365 Tagen.\n","protected":false},"excerpt":{"rendered":"<p>Ein Beitrag zur Nirrer\u00e4irer Kerb 2023<br \/>\nWie sich aus einem Protokoll aus dem Jahr 1927 ergibt, hat der Musikverein schon damals um den zweiten Sonntag im September seinen Beitrag zur Kerb geleistet. Tagelang wurde Tanzmusik gemacht,&#8230;<\/p><p><a class=\"more-link btn\" href=\"https:\/\/heimatverein-nieder-roden.de\/?p=5693\">Weiterlesen<\/a><\/p>\n","protected":false},"author":1,"featured_media":5697,"comment_status":"closed","ping_status":"closed","sticky":false,"template":"","format":"standard","meta":{"_coblocks_attr":"","_coblocks_dimensions":"","_coblocks_responsive_height":"","_coblocks_accordion_ie_support":"","footnotes":"","_share_on_mastodon":"0"},"categories":[6,372,97],"tags":[176,379,22,368,367,378],"class_list":["post-5693","post","type-post","status-publish","format-standard","has-post-thumbnail","hentry","category-aktuell","category-kerb-2023","category-slider","tag-kerb","tag-kerblounge","tag-musikverein-nieder-roden","tag-nieder-roeder-kerb","tag-nirreraeirer-kerb","tag-scheune-mergenthal","nodate"],"share_on_mastodon":{"url":"","error":""},"publishpress_future_action":{"enabled":false,"date":"2026-05-07 09:22:56","action":"category-remove","newStatus":"draft","terms":[],"taxonomy":"category","extraData":[]},"publishpress_future_workflow_manual_trigger":{"enabledWorkflows":[]},"_links":{"self":[{"href":"https:\/\/heimatverein-nieder-roden.de\/index.php?rest_route=\/wp\/v2\/posts\/5693","targetHints":{"allow":["GET"]}}],"collection":[{"href":"https:\/\/heimatverein-nieder-roden.de\/index.php?rest_route=\/wp\/v2\/posts"}],"about":[{"href":"https:\/\/heimatverein-nieder-roden.de\/index.php?rest_route=\/wp\/v2\/types\/post"}],"author":[{"embeddable":true,"href":"https:\/\/heimatverein-nieder-roden.de\/index.php?rest_route=\/wp\/v2\/users\/1"}],"replies":[{"embeddable":true,"href":"https:\/\/heimatverein-nieder-roden.de\/index.php?rest_route=%2Fwp%2Fv2%2Fcomments&post=5693"}],"version-history":[{"count":7,"href":"https:\/\/heimatverein-nieder-roden.de\/index.php?rest_route=\/wp\/v2\/posts\/5693\/revisions"}],"predecessor-version":[{"id":5844,"href":"https:\/\/heimatverein-nieder-roden.de\/index.php?rest_route=\/wp\/v2\/posts\/5693\/revisions\/5844"}],"wp:featuredmedia":[{"embeddable":true,"href":"https:\/\/heimatverein-nieder-roden.de\/index.php?rest_route=\/wp\/v2\/media\/5697"}],"wp:attachment":[{"href":"https:\/\/heimatverein-nieder-roden.de\/index.php?rest_route=%2Fwp%2Fv2%2Fmedia&parent=5693"}],"wp:term":[{"taxonomy":"category","embeddable":true,"href":"https:\/\/heimatverein-nieder-roden.de\/index.php?rest_route=%2Fwp%2Fv2%2Fcategories&post=5693"},{"taxonomy":"post_tag","embeddable":true,"href":"https:\/\/heimatverein-nieder-roden.de\/index.php?rest_route=%2Fwp%2Fv2%2Ftags&post=5693"}],"curies":[{"name":"wp","href":"https:\/\/api.w.org\/{rel}","templated":true}]}}