{"id":5661,"date":"2023-08-27T13:47:20","date_gmt":"2023-08-27T11:47:20","guid":{"rendered":"https:\/\/heimatverein-nieder-roden.de\/?p=5661"},"modified":"2023-09-08T22:38:51","modified_gmt":"2023-09-08T20:38:51","slug":"kerb-feiern-bei-familie-schrod-und-gutes-tun","status":"publish","type":"post","link":"https:\/\/heimatverein-nieder-roden.de\/?p=5661","title":{"rendered":"Kerb feiern bei Familie Schrod &#8211; und Gutes tun"},"content":{"rendered":"\n<p><strong>Ein Beitrag zur Nirrer\u00e4irer Kerb 2023<\/strong><\/p>\n\n\n\n<p>Seit die Kerb wieder im alten Ortskern von Nieder-Roden stattfindet, ist Familie Schrod in der Ober-Rodener-Stra\u00dfe 49 ein fester Bestandteil der Feier.<\/p>\n\n\n\n<p>War es zu Beginn, im Jahr 1997,  nur ein Tag Beteiligung, wurden daraus im Laufe der Jahre zwei Tage, bis Wolfgang und Andreas Schrod schlie\u00dflich von Kerbsamstag bis zum Ausklang am Montagabend ihre Pforten f\u00fcr Besucher \u00f6ffneten. Und so ist es auch heute noch.<\/p>\n\n\n<div class=\"wp-block-image\">\n<figure class=\"aligncenter size-full is-resized\"><img decoding=\"async\" src=\"https:\/\/heimatverein-nieder-roden.de\/wp-content\/uploads\/2023\/08\/grafik-2.png\" alt=\"\" class=\"wp-image-5663\" style=\"width:497px;height:362px\" width=\"497\" height=\"362\" srcset=\"https:\/\/heimatverein-nieder-roden.de\/wp-content\/uploads\/2023\/08\/grafik-2.png 901w, https:\/\/heimatverein-nieder-roden.de\/wp-content\/uploads\/2023\/08\/grafik-2-300x218.png 300w, https:\/\/heimatverein-nieder-roden.de\/wp-content\/uploads\/2023\/08\/grafik-2-768x559.png 768w, https:\/\/heimatverein-nieder-roden.de\/wp-content\/uploads\/2023\/08\/grafik-2-836x609.png 836w, https:\/\/heimatverein-nieder-roden.de\/wp-content\/uploads\/2023\/08\/grafik-2-560x408.png 560w\" sizes=\"(max-width: 497px) 100vw, 497px\" \/><figcaption class=\"wp-element-caption\">Drei Solisten der Mainzer Hofs\u00e4nger: Stefan, Andreas und Frank. \u00a9Mainzer Hofs\u00e4nger<\/figcaption><\/figure>\n<\/div>\n\n\n<figure class=\"wp-block-pullquote\"><blockquote><p>Die Mainzer Hofs\u00e4nger <br><br>Kerbsonntag<br>10. September 2023<br>17:00 Uhr<br><br>in der Scheune Schrod<br>Ober-Rodener-Stra\u00dfe 49<br>63110 Rodgau &#8211; Nieder-Roden<\/p><cite>Terminhinweis zur Kerb 2023 bei Fam. SChrod<\/cite><\/blockquote><\/figure>\n\n\n\n<p>Musikalisch wurde die Kerb in und hinter der Scheune ab 1997 von DJ Hufi begleitet. Einige Jahre sp\u00e4ter \u00fcbernahm die musikalische Begleitung DJ Michy, der mittlerweile nicht mehr wegzudenken ist, aus der Ober-Rodener-Stra\u00dfe. <\/p>\n\n\n\n<p>Die Begleitung wechselte immer mal wieder. So war im Laufe der Jahre am Samstagabend auch schon Blasmusik live in der Scheune zu h\u00f6ren.<\/p>\n\n\n\n<p>Durch Corona mussten auch wir 2 Jahre Pause machen. Doch danach ging es mit der Kerb wie gewohnt weiter.<\/p>\n\n\n\n<p>Im vergangenen Jahr hat Andreas Schrod ein musikalisches Highlight nach Rodgau geholt. Drei Solisten der Mainzer Hofs\u00e4nger unterhielten die G\u00e4ste in der Scheune mit ihren markanten Stimmen. Auch dieses Jahr freuen wir uns, dass die Stimmen aus Mainz am Kerbsonntag bei uns wieder zu h\u00f6ren sind.<\/p>\n\n\n\n<figure class=\"wp-block-gallery has-nested-images columns-default is-cropped wp-block-gallery-1 is-layout-flex wp-block-gallery-is-layout-flex\">\n<figure class=\"wp-block-image size-large\"><a href=\"https:\/\/heimatverein-nieder-roden.de\/wp-content\/uploads\/2023\/08\/4-2000-09_NR-Kerb_Fam-Schrod_001_beschn-Licht-Q40-scaled.jpg\"><img decoding=\"async\" width=\"1024\" height=\"699\" data-id=\"5667\" src=\"https:\/\/heimatverein-nieder-roden.de\/wp-content\/uploads\/2023\/08\/4-2000-09_NR-Kerb_Fam-Schrod_001_beschn-Licht-Q40-1024x699.jpg\" alt=\"\" class=\"wp-image-5667\" srcset=\"https:\/\/heimatverein-nieder-roden.de\/wp-content\/uploads\/2023\/08\/4-2000-09_NR-Kerb_Fam-Schrod_001_beschn-Licht-Q40-1024x699.jpg 1024w, https:\/\/heimatverein-nieder-roden.de\/wp-content\/uploads\/2023\/08\/4-2000-09_NR-Kerb_Fam-Schrod_001_beschn-Licht-Q40-300x205.jpg 300w, https:\/\/heimatverein-nieder-roden.de\/wp-content\/uploads\/2023\/08\/4-2000-09_NR-Kerb_Fam-Schrod_001_beschn-Licht-Q40-768x524.jpg 768w, https:\/\/heimatverein-nieder-roden.de\/wp-content\/uploads\/2023\/08\/4-2000-09_NR-Kerb_Fam-Schrod_001_beschn-Licht-Q40-1536x1049.jpg 1536w, https:\/\/heimatverein-nieder-roden.de\/wp-content\/uploads\/2023\/08\/4-2000-09_NR-Kerb_Fam-Schrod_001_beschn-Licht-Q40-2048x1398.jpg 2048w, https:\/\/heimatverein-nieder-roden.de\/wp-content\/uploads\/2023\/08\/4-2000-09_NR-Kerb_Fam-Schrod_001_beschn-Licht-Q40-836x571.jpg 836w, https:\/\/heimatverein-nieder-roden.de\/wp-content\/uploads\/2023\/08\/4-2000-09_NR-Kerb_Fam-Schrod_001_beschn-Licht-Q40-560x382.jpg 560w\" sizes=\"(max-width: 1024px) 100vw, 1024px\" \/><\/a><figcaption class=\"wp-element-caption\">Der Seniorchef Edmund Schrod vor der h\u00fcbsch dekorierten Hofeinfahrt im Jahr 2000. \u00a9Fam. Schrod<\/figcaption><\/figure>\n\n\n\n<figure class=\"wp-block-image size-large\"><a href=\"https:\/\/heimatverein-nieder-roden.de\/wp-content\/uploads\/2023\/08\/7-2007-09_NR-Kerb_Fam-Schrod_002_Q80_Licht-scaled.jpg\"><img decoding=\"async\" width=\"1024\" height=\"701\" data-id=\"5670\" src=\"https:\/\/heimatverein-nieder-roden.de\/wp-content\/uploads\/2023\/08\/7-2007-09_NR-Kerb_Fam-Schrod_002_Q80_Licht-1024x701.jpg\" alt=\"\" class=\"wp-image-5670\" srcset=\"https:\/\/heimatverein-nieder-roden.de\/wp-content\/uploads\/2023\/08\/7-2007-09_NR-Kerb_Fam-Schrod_002_Q80_Licht-1024x701.jpg 1024w, https:\/\/heimatverein-nieder-roden.de\/wp-content\/uploads\/2023\/08\/7-2007-09_NR-Kerb_Fam-Schrod_002_Q80_Licht-300x205.jpg 300w, https:\/\/heimatverein-nieder-roden.de\/wp-content\/uploads\/2023\/08\/7-2007-09_NR-Kerb_Fam-Schrod_002_Q80_Licht-768x526.jpg 768w, https:\/\/heimatverein-nieder-roden.de\/wp-content\/uploads\/2023\/08\/7-2007-09_NR-Kerb_Fam-Schrod_002_Q80_Licht-1536x1052.jpg 1536w, https:\/\/heimatverein-nieder-roden.de\/wp-content\/uploads\/2023\/08\/7-2007-09_NR-Kerb_Fam-Schrod_002_Q80_Licht-2048x1402.jpg 2048w, https:\/\/heimatverein-nieder-roden.de\/wp-content\/uploads\/2023\/08\/7-2007-09_NR-Kerb_Fam-Schrod_002_Q80_Licht-836x572.jpg 836w, https:\/\/heimatverein-nieder-roden.de\/wp-content\/uploads\/2023\/08\/7-2007-09_NR-Kerb_Fam-Schrod_002_Q80_Licht-560x383.jpg 560w\" sizes=\"(max-width: 1024px) 100vw, 1024px\" \/><\/a><figcaption class=\"wp-element-caption\">Dichte und famili\u00e4re Atmosph\u00e4re zieht die Stammg\u00e4ste an.\nDer Blick vom Garten Richtung Hauptstra\u00dfe. Aufnahme 2007. \u00a9Fam. Schrod<\/figcaption><\/figure>\n\n\n\n<figure class=\"wp-block-image size-large\"><a href=\"https:\/\/heimatverein-nieder-roden.de\/wp-content\/uploads\/2023\/08\/1-2011-09-12_12-07-38_NR-Kerb_Fam-Schrod_Kerb-2011-A-047-scaled.jpg\"><img decoding=\"async\" width=\"1024\" height=\"768\" data-id=\"5673\" src=\"https:\/\/heimatverein-nieder-roden.de\/wp-content\/uploads\/2023\/08\/1-2011-09-12_12-07-38_NR-Kerb_Fam-Schrod_Kerb-2011-A-047-1024x768.jpg\" alt=\"\" class=\"wp-image-5673\" srcset=\"https:\/\/heimatverein-nieder-roden.de\/wp-content\/uploads\/2023\/08\/1-2011-09-12_12-07-38_NR-Kerb_Fam-Schrod_Kerb-2011-A-047-1024x768.jpg 1024w, https:\/\/heimatverein-nieder-roden.de\/wp-content\/uploads\/2023\/08\/1-2011-09-12_12-07-38_NR-Kerb_Fam-Schrod_Kerb-2011-A-047-300x225.jpg 300w, https:\/\/heimatverein-nieder-roden.de\/wp-content\/uploads\/2023\/08\/1-2011-09-12_12-07-38_NR-Kerb_Fam-Schrod_Kerb-2011-A-047-768x576.jpg 768w, https:\/\/heimatverein-nieder-roden.de\/wp-content\/uploads\/2023\/08\/1-2011-09-12_12-07-38_NR-Kerb_Fam-Schrod_Kerb-2011-A-047-1536x1152.jpg 1536w, https:\/\/heimatverein-nieder-roden.de\/wp-content\/uploads\/2023\/08\/1-2011-09-12_12-07-38_NR-Kerb_Fam-Schrod_Kerb-2011-A-047-2048x1536.jpg 2048w, https:\/\/heimatverein-nieder-roden.de\/wp-content\/uploads\/2023\/08\/1-2011-09-12_12-07-38_NR-Kerb_Fam-Schrod_Kerb-2011-A-047-836x627.jpg 836w, https:\/\/heimatverein-nieder-roden.de\/wp-content\/uploads\/2023\/08\/1-2011-09-12_12-07-38_NR-Kerb_Fam-Schrod_Kerb-2011-A-047-560x420.jpg 560w\" sizes=\"(max-width: 1024px) 100vw, 1024px\" \/><\/a><figcaption class=\"wp-element-caption\">Volles Zelt im Garten hinter der Scheune im Jahr 2011.\nDie Stammg\u00e4ste lassen sich das traditionelle Kerbessen am Montag schmecken: Rippchen mit Kraut und Brot. \u00a9Fam. Schrod<\/figcaption><\/figure>\n\n\n\n<figure class=\"wp-block-image size-large\"><a href=\"https:\/\/heimatverein-nieder-roden.de\/wp-content\/uploads\/2023\/08\/5-2007-09_NR-Kerb_Fam-Schrod_001_Q80_Licht-scaled.jpg\"><img decoding=\"async\" width=\"703\" height=\"1024\" data-id=\"5668\" src=\"https:\/\/heimatverein-nieder-roden.de\/wp-content\/uploads\/2023\/08\/5-2007-09_NR-Kerb_Fam-Schrod_001_Q80_Licht-703x1024.jpg\" alt=\"\" class=\"wp-image-5668\" srcset=\"https:\/\/heimatverein-nieder-roden.de\/wp-content\/uploads\/2023\/08\/5-2007-09_NR-Kerb_Fam-Schrod_001_Q80_Licht-703x1024.jpg 703w, https:\/\/heimatverein-nieder-roden.de\/wp-content\/uploads\/2023\/08\/5-2007-09_NR-Kerb_Fam-Schrod_001_Q80_Licht-206x300.jpg 206w, https:\/\/heimatverein-nieder-roden.de\/wp-content\/uploads\/2023\/08\/5-2007-09_NR-Kerb_Fam-Schrod_001_Q80_Licht-768x1119.jpg 768w, https:\/\/heimatverein-nieder-roden.de\/wp-content\/uploads\/2023\/08\/5-2007-09_NR-Kerb_Fam-Schrod_001_Q80_Licht-1054x1536.jpg 1054w, https:\/\/heimatverein-nieder-roden.de\/wp-content\/uploads\/2023\/08\/5-2007-09_NR-Kerb_Fam-Schrod_001_Q80_Licht-1405x2048.jpg 1405w, https:\/\/heimatverein-nieder-roden.de\/wp-content\/uploads\/2023\/08\/5-2007-09_NR-Kerb_Fam-Schrod_001_Q80_Licht-836x1219.jpg 836w, https:\/\/heimatverein-nieder-roden.de\/wp-content\/uploads\/2023\/08\/5-2007-09_NR-Kerb_Fam-Schrod_001_Q80_Licht-560x816.jpg 560w, https:\/\/heimatverein-nieder-roden.de\/wp-content\/uploads\/2023\/08\/5-2007-09_NR-Kerb_Fam-Schrod_001_Q80_Licht-scaled.jpg 1756w\" sizes=\"(max-width: 703px) 100vw, 703px\" \/><\/a><figcaption class=\"wp-element-caption\">Der erste DJ bei Fam. Schrod: Sebastian &#8222;Hufi&#8220; Hufnagel &#8211; hier im Jahr 2007. \u00a9Fam. Schrod<\/figcaption><\/figure>\n\n\n\n<figure class=\"wp-block-image size-large\"><a href=\"https:\/\/heimatverein-nieder-roden.de\/wp-content\/uploads\/2023\/08\/9-2019-09-09_19-37-54_NR-Kerb_Fam-Schrod_IMG_1497-scaled.jpg\"><img decoding=\"async\" width=\"1024\" height=\"768\" data-id=\"5672\" src=\"https:\/\/heimatverein-nieder-roden.de\/wp-content\/uploads\/2023\/08\/9-2019-09-09_19-37-54_NR-Kerb_Fam-Schrod_IMG_1497-1024x768.jpg\" alt=\"\" class=\"wp-image-5672\" srcset=\"https:\/\/heimatverein-nieder-roden.de\/wp-content\/uploads\/2023\/08\/9-2019-09-09_19-37-54_NR-Kerb_Fam-Schrod_IMG_1497-1024x768.jpg 1024w, https:\/\/heimatverein-nieder-roden.de\/wp-content\/uploads\/2023\/08\/9-2019-09-09_19-37-54_NR-Kerb_Fam-Schrod_IMG_1497-300x225.jpg 300w, https:\/\/heimatverein-nieder-roden.de\/wp-content\/uploads\/2023\/08\/9-2019-09-09_19-37-54_NR-Kerb_Fam-Schrod_IMG_1497-768x576.jpg 768w, https:\/\/heimatverein-nieder-roden.de\/wp-content\/uploads\/2023\/08\/9-2019-09-09_19-37-54_NR-Kerb_Fam-Schrod_IMG_1497-1536x1152.jpg 1536w, https:\/\/heimatverein-nieder-roden.de\/wp-content\/uploads\/2023\/08\/9-2019-09-09_19-37-54_NR-Kerb_Fam-Schrod_IMG_1497-2048x1536.jpg 2048w, https:\/\/heimatverein-nieder-roden.de\/wp-content\/uploads\/2023\/08\/9-2019-09-09_19-37-54_NR-Kerb_Fam-Schrod_IMG_1497-836x627.jpg 836w, https:\/\/heimatverein-nieder-roden.de\/wp-content\/uploads\/2023\/08\/9-2019-09-09_19-37-54_NR-Kerb_Fam-Schrod_IMG_1497-560x420.jpg 560w\" sizes=\"(max-width: 1024px) 100vw, 1024px\" \/><\/a><figcaption class=\"wp-element-caption\">Die Verbrennung der Kerbpuppen markiert das Ende der Kerb.\nHier im Hof der Familie Schrod im Jahr 2019. \u00a9Fam. Schrod<\/figcaption><\/figure>\n\n\n\n<figure class=\"wp-block-image size-large\"><a href=\"https:\/\/heimatverein-nieder-roden.de\/wp-content\/uploads\/2023\/08\/6-1999-09_NR-Kerb_Fam-Schrod_002_Q80_Licht-scaled.jpg\"><img decoding=\"async\" width=\"1024\" height=\"697\" data-id=\"5669\" src=\"https:\/\/heimatverein-nieder-roden.de\/wp-content\/uploads\/2023\/08\/6-1999-09_NR-Kerb_Fam-Schrod_002_Q80_Licht-1024x697.jpg\" alt=\"\" class=\"wp-image-5669\" srcset=\"https:\/\/heimatverein-nieder-roden.de\/wp-content\/uploads\/2023\/08\/6-1999-09_NR-Kerb_Fam-Schrod_002_Q80_Licht-1024x697.jpg 1024w, https:\/\/heimatverein-nieder-roden.de\/wp-content\/uploads\/2023\/08\/6-1999-09_NR-Kerb_Fam-Schrod_002_Q80_Licht-300x204.jpg 300w, https:\/\/heimatverein-nieder-roden.de\/wp-content\/uploads\/2023\/08\/6-1999-09_NR-Kerb_Fam-Schrod_002_Q80_Licht-768x523.jpg 768w, https:\/\/heimatverein-nieder-roden.de\/wp-content\/uploads\/2023\/08\/6-1999-09_NR-Kerb_Fam-Schrod_002_Q80_Licht-1536x1045.jpg 1536w, https:\/\/heimatverein-nieder-roden.de\/wp-content\/uploads\/2023\/08\/6-1999-09_NR-Kerb_Fam-Schrod_002_Q80_Licht-2048x1394.jpg 2048w, https:\/\/heimatverein-nieder-roden.de\/wp-content\/uploads\/2023\/08\/6-1999-09_NR-Kerb_Fam-Schrod_002_Q80_Licht-836x569.jpg 836w, https:\/\/heimatverein-nieder-roden.de\/wp-content\/uploads\/2023\/08\/6-1999-09_NR-Kerb_Fam-Schrod_002_Q80_Licht-560x381.jpg 560w\" sizes=\"(max-width: 1024px) 100vw, 1024px\" \/><\/a><figcaption class=\"wp-element-caption\">1999 ist die R\u00fcckkehr der Kerb in den Altort erst zwei Jahre her. Der selbstgemauerte Verkaufsstand ist daher noch jung und nicht verputzt. \u00a9Fam. Schrod<\/figcaption><\/figure>\n\n\n\n<figure class=\"wp-block-image size-large\"><a href=\"https:\/\/heimatverein-nieder-roden.de\/wp-content\/uploads\/2023\/08\/2-2011-09-10_17-57-47_NR-Kerb_Fam-Schrod_Kerb-2011-A-025-scaled.jpg\"><img decoding=\"async\" width=\"1024\" height=\"768\" data-id=\"5665\" src=\"https:\/\/heimatverein-nieder-roden.de\/wp-content\/uploads\/2023\/08\/2-2011-09-10_17-57-47_NR-Kerb_Fam-Schrod_Kerb-2011-A-025-1024x768.jpg\" alt=\"\" class=\"wp-image-5665\" srcset=\"https:\/\/heimatverein-nieder-roden.de\/wp-content\/uploads\/2023\/08\/2-2011-09-10_17-57-47_NR-Kerb_Fam-Schrod_Kerb-2011-A-025-1024x768.jpg 1024w, https:\/\/heimatverein-nieder-roden.de\/wp-content\/uploads\/2023\/08\/2-2011-09-10_17-57-47_NR-Kerb_Fam-Schrod_Kerb-2011-A-025-300x225.jpg 300w, https:\/\/heimatverein-nieder-roden.de\/wp-content\/uploads\/2023\/08\/2-2011-09-10_17-57-47_NR-Kerb_Fam-Schrod_Kerb-2011-A-025-768x576.jpg 768w, https:\/\/heimatverein-nieder-roden.de\/wp-content\/uploads\/2023\/08\/2-2011-09-10_17-57-47_NR-Kerb_Fam-Schrod_Kerb-2011-A-025-1536x1152.jpg 1536w, https:\/\/heimatverein-nieder-roden.de\/wp-content\/uploads\/2023\/08\/2-2011-09-10_17-57-47_NR-Kerb_Fam-Schrod_Kerb-2011-A-025-2048x1536.jpg 2048w, https:\/\/heimatverein-nieder-roden.de\/wp-content\/uploads\/2023\/08\/2-2011-09-10_17-57-47_NR-Kerb_Fam-Schrod_Kerb-2011-A-025-836x627.jpg 836w, https:\/\/heimatverein-nieder-roden.de\/wp-content\/uploads\/2023\/08\/2-2011-09-10_17-57-47_NR-Kerb_Fam-Schrod_Kerb-2011-A-025-560x420.jpg 560w\" sizes=\"(max-width: 1024px) 100vw, 1024px\" \/><\/a><figcaption class=\"wp-element-caption\">Hier kocht der Chef noch selbst! Wolfgang Schrod&#8230; \u00a9Fam. Schrod<\/figcaption><\/figure>\n\n\n\n<figure class=\"wp-block-image size-large\"><a href=\"https:\/\/heimatverein-nieder-roden.de\/wp-content\/uploads\/2023\/08\/3-2013-09-06_15-42-19_NR-Kerb_Fam-Schrod_Kerb-2013-010-scaled.jpg\"><img decoding=\"async\" width=\"768\" height=\"1024\" data-id=\"5666\" src=\"https:\/\/heimatverein-nieder-roden.de\/wp-content\/uploads\/2023\/08\/3-2013-09-06_15-42-19_NR-Kerb_Fam-Schrod_Kerb-2013-010-768x1024.jpg\" alt=\"\" class=\"wp-image-5666\" srcset=\"https:\/\/heimatverein-nieder-roden.de\/wp-content\/uploads\/2023\/08\/3-2013-09-06_15-42-19_NR-Kerb_Fam-Schrod_Kerb-2013-010-768x1024.jpg 768w, https:\/\/heimatverein-nieder-roden.de\/wp-content\/uploads\/2023\/08\/3-2013-09-06_15-42-19_NR-Kerb_Fam-Schrod_Kerb-2013-010-225x300.jpg 225w, https:\/\/heimatverein-nieder-roden.de\/wp-content\/uploads\/2023\/08\/3-2013-09-06_15-42-19_NR-Kerb_Fam-Schrod_Kerb-2013-010-1152x1536.jpg 1152w, https:\/\/heimatverein-nieder-roden.de\/wp-content\/uploads\/2023\/08\/3-2013-09-06_15-42-19_NR-Kerb_Fam-Schrod_Kerb-2013-010-1536x2048.jpg 1536w, https:\/\/heimatverein-nieder-roden.de\/wp-content\/uploads\/2023\/08\/3-2013-09-06_15-42-19_NR-Kerb_Fam-Schrod_Kerb-2013-010-836x1115.jpg 836w, https:\/\/heimatverein-nieder-roden.de\/wp-content\/uploads\/2023\/08\/3-2013-09-06_15-42-19_NR-Kerb_Fam-Schrod_Kerb-2013-010-560x747.jpg 560w, https:\/\/heimatverein-nieder-roden.de\/wp-content\/uploads\/2023\/08\/3-2013-09-06_15-42-19_NR-Kerb_Fam-Schrod_Kerb-2013-010-scaled.jpg 1920w\" sizes=\"(max-width: 768px) 100vw, 768px\" \/><\/a><figcaption class=\"wp-element-caption\">&#8230;mit starker Unterst\u00fctzung durch seinen Bruder Andreas. \u00a9Fam. Schrod<\/figcaption><\/figure>\n<\/figure>\n\n\n\n<p>So eine Veranstaltung kann man als Familie allein nicht stemmen. Ohne die Hilfe und Unterst\u00fctzung von Freunden, Bekannten und dem Gesangverein Sonntag-Verein w\u00e4re das nicht m\u00f6glich.<\/p>\n\n\n\n<p>Und das Wichtigste zum Schluss: die Einnahmen der Veranstaltung von Wolfgang und Andreas Schrod werden an das Kinderhospiz \u201eSterntaler\u201c in Dudenhofen (Pfalz) gespendet werden. Wer mit uns ein paar sch\u00f6ne Stunden erlebt, tut damit also auch noch etwas Gutes!<\/p>\n\n\n<div class=\"wp-block-image\">\n<figure class=\"aligncenter size-large is-resized\"><a href=\"https:\/\/heimatverein-nieder-roden.de\/wp-content\/uploads\/2023\/08\/8-2015-09-12_18-33-28_NR-Kerb_Fam-Schrod_IMG_0502-scaled.jpg\"><img decoding=\"async\" src=\"https:\/\/heimatverein-nieder-roden.de\/wp-content\/uploads\/2023\/08\/8-2015-09-12_18-33-28_NR-Kerb_Fam-Schrod_IMG_0502-1024x768.jpg\" alt=\"\" class=\"wp-image-5671\" style=\"width:460px;height:345px\" width=\"460\" height=\"345\" srcset=\"https:\/\/heimatverein-nieder-roden.de\/wp-content\/uploads\/2023\/08\/8-2015-09-12_18-33-28_NR-Kerb_Fam-Schrod_IMG_0502-1024x768.jpg 1024w, https:\/\/heimatverein-nieder-roden.de\/wp-content\/uploads\/2023\/08\/8-2015-09-12_18-33-28_NR-Kerb_Fam-Schrod_IMG_0502-300x225.jpg 300w, https:\/\/heimatverein-nieder-roden.de\/wp-content\/uploads\/2023\/08\/8-2015-09-12_18-33-28_NR-Kerb_Fam-Schrod_IMG_0502-768x576.jpg 768w, https:\/\/heimatverein-nieder-roden.de\/wp-content\/uploads\/2023\/08\/8-2015-09-12_18-33-28_NR-Kerb_Fam-Schrod_IMG_0502-1536x1152.jpg 1536w, https:\/\/heimatverein-nieder-roden.de\/wp-content\/uploads\/2023\/08\/8-2015-09-12_18-33-28_NR-Kerb_Fam-Schrod_IMG_0502-2048x1536.jpg 2048w, https:\/\/heimatverein-nieder-roden.de\/wp-content\/uploads\/2023\/08\/8-2015-09-12_18-33-28_NR-Kerb_Fam-Schrod_IMG_0502-836x627.jpg 836w, https:\/\/heimatverein-nieder-roden.de\/wp-content\/uploads\/2023\/08\/8-2015-09-12_18-33-28_NR-Kerb_Fam-Schrod_IMG_0502-560x420.jpg 560w\" sizes=\"(max-width: 460px) 100vw, 460px\" \/><\/a><figcaption class=\"wp-element-caption\">Alle Einnahmen f\u00fcr einen guten Zweck! Familie Schrod spendet an das Kinderhospiz \u201eSterntaler\u201c in Dudenhofen (Pfalz). Silvia und ihr Bruder Andreas bei der symbolischen Scheck\u00fcbergabe 2015. <br>Weitere Infos unter: <a href=\"https:\/\/www.kinderhospiz-sterntaler.de\/\">https:\/\/www.kinderhospiz-sterntaler.de\/<\/a> <br>\u00a9Fam. Schrod<\/figcaption><\/figure>\n<\/div>\n\n\n<h2 class=\"wp-block-heading has-text-align-center\">Unser Speisenangebot zur Kerb<\/h2>\n\n\n\n<h3 class=\"wp-block-heading\">Samstag<\/h3>\n\n\n\n<p>Die Speisekarte am Samstag bietet:<\/p>\n\n\n\n<ul class=\"wp-block-list\">\n<li>Wurstsalat mit Bratkartkoffeln<\/li>\n\n\n\n<li>Handk\u00e4s mit Musik<br><\/li>\n\n\n\n<li>Presskopp-Weck <\/li>\n\n\n\n<li>Rindsw\u00fcrstchen<\/li>\n\n\n\n<li>Schweinew\u00fcrstchen<\/li>\n<\/ul>\n\n\n\n<hr class=\"wp-block-separator has-alpha-channel-opacity\"\/>\n\n\n\n<h3 class=\"wp-block-heading\">Sonntag<\/h3>\n\n\n\n<p>Weiter geht&#8217;s am Sonntag. <br>Deftig \u2013 lecker bieten wir an:<\/p>\n\n\n\n<ul class=\"wp-block-list\">\n<li>Grillhaxe mit hausgemachtem Kartoffelsalat<\/li>\n\n\n\n<li>Grillbauch<\/li>\n\n\n\n<li>Hackbraten<\/li>\n\n\n\n<li>Wildgulasch mit Sp\u00e4tzle<br><\/li>\n\n\n\n<li>Presskopp-Weck <\/li>\n\n\n\n<li>Rindsw\u00fcrstchen<\/li>\n\n\n\n<li>Schweinew\u00fcrstchen<br><\/li>\n<\/ul>\n\n\n\n<p>und zur Kaffee-Zeit selbstgebackene Kuchen und Kaffee<\/p>\n\n\n\n<hr class=\"wp-block-separator has-alpha-channel-opacity\"\/>\n\n\n\n<h3 class=\"wp-block-heading\">Montag<\/h3>\n\n\n\n<p>Traditionelles Kerb-Essen am Montag:<\/p>\n\n\n\n<ul class=\"wp-block-list\">\n<li>Rippchen mit Kraut und Brot<\/li>\n\n\n\n<li>Hausmacher Wurstplatte<br><\/li>\n\n\n\n<li>Presskopp-Weck <\/li>\n\n\n\n<li>Rindsw\u00fcrstchen<\/li>\n\n\n\n<li>Schweinew\u00fcrstchen<\/li>\n<\/ul>\n\n\n\n<hr class=\"wp-block-separator has-alpha-channel-opacity is-style-wide\"\/>\n\n\n\n<p class=\"has-text-align-center is-style-info\"><em>Beitrag erstellt mit freundlicher Genehmigung von Familie Schrod.<br>Vielen Dank!<\/em><\/p>\n\n\n\n<hr class=\"wp-block-separator has-alpha-channel-opacity is-style-wide\"\/>\n\n\nBeitrag 0 mal aufgerufen in den letzten 365 Tagen.\n","protected":false},"excerpt":{"rendered":"<p>Ein Beitrag zur Nirrer\u00e4irer Kerb 2023<\/p>\n<p>Seit die Kerb wieder im alten Ortskern von Nieder-Roden stattfindet, ist Familie Schrod in der Ober-Rodener-Stra\u00dfe 49 ein fester Bestandteil der Feier.<\/p>\n<p>War es zu Beginn, im Jahr 1997,  nur ein Tag&#8230;<\/p><p><a class=\"more-link btn\" href=\"https:\/\/heimatverein-nieder-roden.de\/?p=5661\">Weiterlesen<\/a><\/p>\n","protected":false},"author":1,"featured_media":5667,"comment_status":"closed","ping_status":"closed","sticky":false,"template":"","format":"standard","meta":{"_coblocks_attr":"","_coblocks_dimensions":"","_coblocks_responsive_height":"","_coblocks_accordion_ie_support":"","footnotes":"","_share_on_mastodon":"0"},"categories":[6,372,97],"tags":[176,371,370,368,367,369],"class_list":["post-5661","post","type-post","status-publish","format-standard","has-post-thumbnail","hentry","category-aktuell","category-kerb-2023","category-slider","tag-kerb","tag-kinderhospiz-sterntaler","tag-mainzer-hofsaenger","tag-nieder-roeder-kerb","tag-nirreraeirer-kerb","tag-scheune-schrod","nodate"],"share_on_mastodon":{"url":"","error":""},"publishpress_future_action":{"enabled":false,"date":"2026-05-07 09:22:48","action":"category-remove","newStatus":"draft","terms":[],"taxonomy":"category","extraData":[]},"publishpress_future_workflow_manual_trigger":{"enabledWorkflows":[]},"_links":{"self":[{"href":"https:\/\/heimatverein-nieder-roden.de\/index.php?rest_route=\/wp\/v2\/posts\/5661","targetHints":{"allow":["GET"]}}],"collection":[{"href":"https:\/\/heimatverein-nieder-roden.de\/index.php?rest_route=\/wp\/v2\/posts"}],"about":[{"href":"https:\/\/heimatverein-nieder-roden.de\/index.php?rest_route=\/wp\/v2\/types\/post"}],"author":[{"embeddable":true,"href":"https:\/\/heimatverein-nieder-roden.de\/index.php?rest_route=\/wp\/v2\/users\/1"}],"replies":[{"embeddable":true,"href":"https:\/\/heimatverein-nieder-roden.de\/index.php?rest_route=%2Fwp%2Fv2%2Fcomments&post=5661"}],"version-history":[{"count":16,"href":"https:\/\/heimatverein-nieder-roden.de\/index.php?rest_route=\/wp\/v2\/posts\/5661\/revisions"}],"predecessor-version":[{"id":5955,"href":"https:\/\/heimatverein-nieder-roden.de\/index.php?rest_route=\/wp\/v2\/posts\/5661\/revisions\/5955"}],"wp:featuredmedia":[{"embeddable":true,"href":"https:\/\/heimatverein-nieder-roden.de\/index.php?rest_route=\/wp\/v2\/media\/5667"}],"wp:attachment":[{"href":"https:\/\/heimatverein-nieder-roden.de\/index.php?rest_route=%2Fwp%2Fv2%2Fmedia&parent=5661"}],"wp:term":[{"taxonomy":"category","embeddable":true,"href":"https:\/\/heimatverein-nieder-roden.de\/index.php?rest_route=%2Fwp%2Fv2%2Fcategories&post=5661"},{"taxonomy":"post_tag","embeddable":true,"href":"https:\/\/heimatverein-nieder-roden.de\/index.php?rest_route=%2Fwp%2Fv2%2Ftags&post=5661"}],"curies":[{"name":"wp","href":"https:\/\/api.w.org\/{rel}","templated":true}]}}