{"id":5390,"date":"2023-07-18T23:08:14","date_gmt":"2023-07-18T21:08:14","guid":{"rendered":"https:\/\/heimatverein-nieder-roden.de\/?p=5390"},"modified":"2023-08-02T01:52:57","modified_gmt":"2023-08-01T23:52:57","slug":"akhnr-schlaegt-helmut-simon-fuer-den-kulturpreis-2023-vor","status":"publish","type":"post","link":"https:\/\/heimatverein-nieder-roden.de\/?p=5390","title":{"rendered":"AKHNR schl\u00e4gt Helmut Simon f\u00fcr den Kulturpreis 2023 vor"},"content":{"rendered":"\n<p><strong>Der AKHNR m\u00f6chte einem gro\u00dfen Nieder-R\u00f6der Heimatforscher ein geb\u00fchrendes Andenken bewahren. Anl\u00e4sslich seines 10. Todesjahrs hat der Verein daher den Vorschlag eingereicht, Helmut Simon den Kulturpreis der Stadt Rodgau im Jahre 2023 zu verleihen.<\/strong><\/p>\n\n\n<div class=\"wp-block-image\">\n<figure class=\"aligncenter size-large is-resized\"><a href=\"https:\/\/heimatverein-nieder-roden.de\/wp-content\/uploads\/2023\/07\/2009-04-10_AKHNR_Buchvorstellung_Die-kranke-Kuh_EGE_022_bearb-scaled.jpg\"><img decoding=\"async\" src=\"https:\/\/heimatverein-nieder-roden.de\/wp-content\/uploads\/2023\/07\/2009-04-10_akhnr_buchvorstellung_die-kranke-kuh_ege_022_bearb-1-scaled-1024x768.jpg\" alt=\"\" class=\"wp-image-5391\" width=\"620\" height=\"465\" srcset=\"https:\/\/heimatverein-nieder-roden.de\/wp-content\/uploads\/2023\/07\/2009-04-10_akhnr_buchvorstellung_die-kranke-kuh_ege_022_bearb-1-scaled-1024x768.jpg 1024w, https:\/\/heimatverein-nieder-roden.de\/wp-content\/uploads\/2023\/07\/2009-04-10_akhnr_buchvorstellung_die-kranke-kuh_ege_022_bearb-1-scaled-300x225.jpg 300w, https:\/\/heimatverein-nieder-roden.de\/wp-content\/uploads\/2023\/07\/2009-04-10_akhnr_buchvorstellung_die-kranke-kuh_ege_022_bearb-1-scaled-768x576.jpg 768w, https:\/\/heimatverein-nieder-roden.de\/wp-content\/uploads\/2023\/07\/2009-04-10_akhnr_buchvorstellung_die-kranke-kuh_ege_022_bearb-1-scaled-1536x1152.jpg 1536w, https:\/\/heimatverein-nieder-roden.de\/wp-content\/uploads\/2023\/07\/2009-04-10_akhnr_buchvorstellung_die-kranke-kuh_ege_022_bearb-1-scaled-2048x1536.jpg 2048w, https:\/\/heimatverein-nieder-roden.de\/wp-content\/uploads\/2023\/07\/2009-04-10_akhnr_buchvorstellung_die-kranke-kuh_ege_022_bearb-1-scaled-836x627.jpg 836w, https:\/\/heimatverein-nieder-roden.de\/wp-content\/uploads\/2023\/07\/2009-04-10_akhnr_buchvorstellung_die-kranke-kuh_ege_022_bearb-1-scaled-560x420.jpg 560w\" sizes=\"(max-width: 620px) 100vw, 620px\" \/><\/a><figcaption class=\"wp-element-caption\">Helmut Simon bei der Vorstellung seines Buches &#8222;Die kranke Kuh&#8220; am 10. April 2009 im Hof des Heimatmuseums Nieder-Roden. &#8211; \u00a9AKHNR\/EGE<\/figcaption><\/figure>\n<\/div>\n\n\n<p>Lesen Sie hier den ganzen Antrag mit Begr\u00fcndung:<\/p>\n\n\n\n<p>&#8222;&#8230;der Arbeitskreis f\u00fcr Heimatkunde Nieder-Roden e. V. stellt hiermit den<\/p>\n\n\n\n<p class=\"has-text-align-center\"><strong>Antrag<\/strong><\/p>\n\n\n\n<p class=\"has-text-align-center\"><strong>auf die posthume Verleihung<br>des Kulturpreises der Stadt Rodgau an<\/strong><\/p>\n\n\n\n<p class=\"has-text-align-center\"><strong>Helmut Simon<\/strong><\/p>\n\n\n\n<p>anl\u00e4sslich seines 10. Todesjahrs.<\/p>\n\n\n\n<p><strong>Begr\u00fcndung<\/strong><\/p>\n\n\n\n<p>Helmut Simon, geboren am 30.03.1930, gestorben am 09.10.2013, widmete sich schon w\u00e4hrend seines Berufslebens, und besonders danach, der Heimatforschung.<\/p>\n\n\n\n<p>Er war 50 Jahre aktives Mitglied im Gesangverein Sonntag-Verein Nieder-Roden 1876 und 13 Jahre aktives Mitglied im Arbeitskreis f\u00fcr Heimatkunde Nieder-Roden e. V. (AKHNR).<\/p>\n\n\n\n<p>In den 50 Jahren seiner Mitgliedschaft im Sonntag-Verein war Helmut Simon lange Zeit als Schatzmeister t\u00e4tig und schrieb alle Chroniken f\u00fcr die Jubil\u00e4ums-Festschriften.<\/p>\n\n\n\n<p>Als Heimatforscher verfasste er Standardwerke der Nieder-R\u00f6der Heimatliteratur und sicherte somit der Nachwelt einen gro\u00dfen Wissensschatz, von dem zahlreiche Laien aber auch Wissenschaftler profitieren konnten und k\u00f6nnen.<\/p>\n\n\n\n<p>Herr Helmut Simon ist Autor folgender Werke:<\/p>\n\n\n\n<ul class=\"wp-block-list\">\n<li>1996<br>&#8222;Chronik der Pfarrgemeinde St. Matthias Nieder-Roden&#8220;<br>Buch \u00fcber die \u00f6rtliche Kirchengeschichte anl\u00e4sslich der Jubil\u00e4en 650 Jahre Pfarrei Nieder-Roden (1346-1996) und 100 Jahre Pfarrkirche St. Matthias (1896-1996).<br>Herausgeber: Katholische Pfarrgemeinde St. Matthias Nieder-Roden<br><\/li>\n\n\n\n<li>1999<br>&#8222;Familienbuch von Nieder-Roden&#8220;<br>Daten zu Familien-Generationen von 1632-1970.<br>Herausgeber: Selbstverlag<br>Vielen Ahnenforschern dient dieses Buch als Nachschlagwerk.<br><\/li>\n\n\n\n<li>2005<br>&#8222;Nieder-R\u00f6der Gedenkbuch Gefallene und Vermisste 1554-1945\u201c<br>Herausgeber: AKHNR<br><\/li>\n\n\n\n<li>2009<br>&#8222;Die kranke Kuh und andere Geschichten aus den fr\u00fcheren Zeiten Nieder-Rodens\u201c<br>Herausgeber: AKHNR<br>Dieses Werk enth\u00e4lt au\u00dferdem eine ausf\u00fchrliche Erg\u00e4nzung zum Nieder-R\u00f6der Mundart-W\u00f6rterbuch \u201eJedes \u00d6rtchen hat sein W\u00f6rtchen\u201c.<br><\/li>\n\n\n\n<li>2013<br>\u201eChronik 300 Jahre Gasthaus zum Engel\u201c<br>Festschrift zum Jubil\u00e4um.<br><\/li>\n<\/ul>\n\n\n\n<p>Zahlreiche Beitr\u00e4ge und Fortsetzungsbeitr\u00e4ge von Helmut Simon \u00fcber die Geschichte Nieder-Rodens erschienen in der lokalen Presse (Lokalnachrichten bzw. Rodgau-Zeitung, Offenbach-Post) zum Beispiel \u00fcber den 30-j\u00e4hrigen Krieg, \u201eJuden in Nieder-Roden\u201c, \u201eAuf der Suche nach den Ahnen\u201c und weitere.<\/p>\n\n\n\n<p>Dar\u00fcber hinaus betrieb Helmut Simon Forschungen \u00fcber Auswanderer von Nieder-Roden nach Nordamerika 1856-1883 und pflegte rege Kontakte zu den Nachfahren in den USA. Durch Helmut Simons Unterst\u00fctzung kamen im Jahr 2011 die amerikanischen Grimms aus Pennsylvania zur Kerb nach Nieder-Roden, um den Heimatort ihrer Vorfahren kennenzulernen.<\/p>\n\n\n\n<p>Neben weiteren Aktivit\u00e4ten war Helmut Simon auch Ansprechpartner f\u00fcr die Vertreter von Presse und Stadtverwaltung bei heimatgeschichtlichen Fragen.<\/p>\n\n\n\n<p>Ohne die Arbeit und das ehrenamtliche Engagement von Helmut Simon w\u00e4ren zahlreiche Zusammenh\u00e4nge, Details und Eindr\u00fccke unserer lokalen Geschichte vermutlich verloren gegangen und der Nachwelt verborgen geblieben. Er hat somit Identit\u00e4tsstiftung und Geschichtsbewusstsein f\u00fcr Rodgauer und Nieder-R\u00f6der B\u00fcrger in vielerlei Hinsicht, \u00fcberhaupt erst erm\u00f6glicht, positiv beeinflusst und nachhaltig zug\u00e4nglich gemacht.&#8220;<\/p>\n\n\n\n<p>Wir hoffen, dass  dieser Vorschlag positiv ber\u00fccksichtigt wird.<\/p>\n\n\n\n<p>Der Vorstand des AKHNR<\/p>\n\n\n\n<hr class=\"wp-block-separator has-alpha-channel-opacity\"\/>\n\n\n\n<p><em>Wir danken besonders Ilse Eberhardt f\u00fcr die Initiative und Vorbereitung zu diesem Antrag!<\/em><\/p>\n","protected":false},"excerpt":{"rendered":"<p>Der AKHNR m\u00f6chte einem gro\u00dfen Nieder-R\u00f6der Heimatforscher ein geb\u00fchrendes Andenken bewahren. Anl\u00e4sslich seines 10. Todesjahrs hat der Verein daher den Vorschlag eingereicht, Helmut Simon den Kulturpreis der Stadt Rodgau im Jahre 2023 zu verleihen. Lesen Sie hier den ganzen Antrag mit Begr\u00fcndung: &#8222;&#8230;der Arbeitskreis f\u00fcr Heimatkunde Nieder-Roden e. V. stellt hiermit den Antrag auf die &hellip; <\/p>\n<p><a class=\"more-link btn\" href=\"https:\/\/heimatverein-nieder-roden.de\/?p=5390\">Weiterlesen<\/a><\/p>\n","protected":false},"author":1,"featured_media":5398,"comment_status":"closed","ping_status":"closed","sticky":false,"template":"","format":"standard","meta":{"_coblocks_attr":"","_coblocks_dimensions":"","_coblocks_responsive_height":"","_coblocks_accordion_ie_support":"","footnotes":"","_share_on_mastodon":"0"},"categories":[6],"tags":[34,35,360,361,17],"class_list":["post-5390","post","type-post","status-publish","format-standard","has-post-thumbnail","hentry","category-aktuell","tag-akhnr","tag-arbeitskreis-fuer-heimatkunde-nieder-roden-e-v","tag-helmut-simon","tag-kulturpreis","tag-stadt-rodgau","nodate"],"share_on_mastodon":{"url":"","error":""},"publishpress_future_action":{"enabled":false,"date":"2026-05-09 10:56:12","action":"category-remove","newStatus":"draft","terms":[],"taxonomy":"category","extraData":[]},"publishpress_future_workflow_manual_trigger":{"enabledWorkflows":[]},"_links":{"self":[{"href":"https:\/\/heimatverein-nieder-roden.de\/index.php?rest_route=\/wp\/v2\/posts\/5390","targetHints":{"allow":["GET"]}}],"collection":[{"href":"https:\/\/heimatverein-nieder-roden.de\/index.php?rest_route=\/wp\/v2\/posts"}],"about":[{"href":"https:\/\/heimatverein-nieder-roden.de\/index.php?rest_route=\/wp\/v2\/types\/post"}],"author":[{"embeddable":true,"href":"https:\/\/heimatverein-nieder-roden.de\/index.php?rest_route=\/wp\/v2\/users\/1"}],"replies":[{"embeddable":true,"href":"https:\/\/heimatverein-nieder-roden.de\/index.php?rest_route=%2Fwp%2Fv2%2Fcomments&post=5390"}],"version-history":[{"count":2,"href":"https:\/\/heimatverein-nieder-roden.de\/index.php?rest_route=\/wp\/v2\/posts\/5390\/revisions"}],"predecessor-version":[{"id":5397,"href":"https:\/\/heimatverein-nieder-roden.de\/index.php?rest_route=\/wp\/v2\/posts\/5390\/revisions\/5397"}],"wp:featuredmedia":[{"embeddable":true,"href":"https:\/\/heimatverein-nieder-roden.de\/index.php?rest_route=\/wp\/v2\/media\/5398"}],"wp:attachment":[{"href":"https:\/\/heimatverein-nieder-roden.de\/index.php?rest_route=%2Fwp%2Fv2%2Fmedia&parent=5390"}],"wp:term":[{"taxonomy":"category","embeddable":true,"href":"https:\/\/heimatverein-nieder-roden.de\/index.php?rest_route=%2Fwp%2Fv2%2Fcategories&post=5390"},{"taxonomy":"post_tag","embeddable":true,"href":"https:\/\/heimatverein-nieder-roden.de\/index.php?rest_route=%2Fwp%2Fv2%2Ftags&post=5390"}],"curies":[{"name":"wp","href":"https:\/\/api.w.org\/{rel}","templated":true}]}}