{"id":5361,"date":"2023-07-16T13:08:39","date_gmt":"2023-07-16T11:08:39","guid":{"rendered":"https:\/\/heimatverein-nieder-roden.de\/?p=5361"},"modified":"2023-07-30T13:19:04","modified_gmt":"2023-07-30T11:19:04","slug":"jugend-des-musikvereins-nutzt-den-museumshof","status":"publish","type":"post","link":"https:\/\/heimatverein-nieder-roden.de\/?p=5361","title":{"rendered":"Jugend des Musikvereins nutzt den Museumshof"},"content":{"rendered":"\n<p>Aufgrund einer Terminkollision konnte der Musikverein ein geplantes Vorspiel der &#8222;Bl\u00e4serkids&#8220; und des Jugendorchesters nicht im Haus der Musik durchf\u00fchren.<\/p>\n\n\n\n<p>Auf Anfrage sprang der AKHNR ein und stellte den Museumshof am Sonntag, den 16. Juli f\u00fcr ein paar Stunden zur Verf\u00fcgung. So konnten Kinder, Jugendliche und ihre Familien ihren Termin im prall gef\u00fcllten Hof veranstalten.<\/p>\n\n\n\n<p>Danke an Stefan Rebmann vom Musikverein f\u00fcr die netten Dankesworte und Hinweise auf die Aktivit\u00e4ten des AKHNR!<\/p>\n\n\n\n<figure class=\"wp-block-gallery has-nested-images columns-default is-cropped wp-block-gallery-1 is-layout-flex wp-block-gallery-is-layout-flex\">\n<figure class=\"wp-block-image size-large\"><a href=\"https:\/\/heimatverein-nieder-roden.de\/wp-content\/uploads\/2023\/07\/2023-07-16_AKHNR_MVN-Jugend-im-Museumshof_MMA_signal-2023-07-30-130718_002.jpeg\"><img decoding=\"async\" width=\"1024\" height=\"768\" data-id=\"5364\" src=\"https:\/\/heimatverein-nieder-roden.de\/wp-content\/uploads\/2023\/07\/2023-07-16_AKHNR_MVN-Jugend-im-Museumshof_MMA_signal-2023-07-30-130718_002-1024x768.jpeg\" alt=\"\" class=\"wp-image-5364\" srcset=\"https:\/\/heimatverein-nieder-roden.de\/wp-content\/uploads\/2023\/07\/2023-07-16_AKHNR_MVN-Jugend-im-Museumshof_MMA_signal-2023-07-30-130718_002-1024x768.jpeg 1024w, https:\/\/heimatverein-nieder-roden.de\/wp-content\/uploads\/2023\/07\/2023-07-16_AKHNR_MVN-Jugend-im-Museumshof_MMA_signal-2023-07-30-130718_002-300x225.jpeg 300w, https:\/\/heimatverein-nieder-roden.de\/wp-content\/uploads\/2023\/07\/2023-07-16_AKHNR_MVN-Jugend-im-Museumshof_MMA_signal-2023-07-30-130718_002-768x576.jpeg 768w, https:\/\/heimatverein-nieder-roden.de\/wp-content\/uploads\/2023\/07\/2023-07-16_AKHNR_MVN-Jugend-im-Museumshof_MMA_signal-2023-07-30-130718_002-1536x1152.jpeg 1536w, https:\/\/heimatverein-nieder-roden.de\/wp-content\/uploads\/2023\/07\/2023-07-16_AKHNR_MVN-Jugend-im-Museumshof_MMA_signal-2023-07-30-130718_002-836x627.jpeg 836w, https:\/\/heimatverein-nieder-roden.de\/wp-content\/uploads\/2023\/07\/2023-07-16_AKHNR_MVN-Jugend-im-Museumshof_MMA_signal-2023-07-30-130718_002-560x420.jpeg 560w, https:\/\/heimatverein-nieder-roden.de\/wp-content\/uploads\/2023\/07\/2023-07-16_AKHNR_MVN-Jugend-im-Museumshof_MMA_signal-2023-07-30-130718_002.jpeg 2048w\" sizes=\"(max-width: 1024px) 100vw, 1024px\" \/><\/a><\/figure>\n\n\n\n<figure class=\"wp-block-image size-large\"><a href=\"https:\/\/heimatverein-nieder-roden.de\/wp-content\/uploads\/2023\/07\/2023-07-16_AKHNR_MVN-Jugend-im-Museumshof_MMA_signal-2023-07-30-130648.jpeg\"><img decoding=\"async\" width=\"1024\" height=\"768\" data-id=\"5363\" src=\"https:\/\/heimatverein-nieder-roden.de\/wp-content\/uploads\/2023\/07\/2023-07-16_AKHNR_MVN-Jugend-im-Museumshof_MMA_signal-2023-07-30-130648-1024x768.jpeg\" alt=\"\" class=\"wp-image-5363\" srcset=\"https:\/\/heimatverein-nieder-roden.de\/wp-content\/uploads\/2023\/07\/2023-07-16_AKHNR_MVN-Jugend-im-Museumshof_MMA_signal-2023-07-30-130648-1024x768.jpeg 1024w, https:\/\/heimatverein-nieder-roden.de\/wp-content\/uploads\/2023\/07\/2023-07-16_AKHNR_MVN-Jugend-im-Museumshof_MMA_signal-2023-07-30-130648-300x225.jpeg 300w, https:\/\/heimatverein-nieder-roden.de\/wp-content\/uploads\/2023\/07\/2023-07-16_AKHNR_MVN-Jugend-im-Museumshof_MMA_signal-2023-07-30-130648-768x576.jpeg 768w, https:\/\/heimatverein-nieder-roden.de\/wp-content\/uploads\/2023\/07\/2023-07-16_AKHNR_MVN-Jugend-im-Museumshof_MMA_signal-2023-07-30-130648-1536x1152.jpeg 1536w, https:\/\/heimatverein-nieder-roden.de\/wp-content\/uploads\/2023\/07\/2023-07-16_AKHNR_MVN-Jugend-im-Museumshof_MMA_signal-2023-07-30-130648-836x627.jpeg 836w, https:\/\/heimatverein-nieder-roden.de\/wp-content\/uploads\/2023\/07\/2023-07-16_AKHNR_MVN-Jugend-im-Museumshof_MMA_signal-2023-07-30-130648-560x420.jpeg 560w, https:\/\/heimatverein-nieder-roden.de\/wp-content\/uploads\/2023\/07\/2023-07-16_AKHNR_MVN-Jugend-im-Museumshof_MMA_signal-2023-07-30-130648.jpeg 2048w\" sizes=\"(max-width: 1024px) 100vw, 1024px\" \/><\/a><\/figure>\n\n\n\n<figure class=\"wp-block-image size-large\"><a href=\"https:\/\/heimatverein-nieder-roden.de\/wp-content\/uploads\/2023\/07\/2023-07-16_AKHNR_MVN-Jugend-im-Museumshof_MMA_signal-2023-07-30-130633.jpeg\"><img decoding=\"async\" width=\"1024\" height=\"768\" data-id=\"5362\" src=\"https:\/\/heimatverein-nieder-roden.de\/wp-content\/uploads\/2023\/07\/2023-07-16_AKHNR_MVN-Jugend-im-Museumshof_MMA_signal-2023-07-30-130633-1024x768.jpeg\" alt=\"\" class=\"wp-image-5362\" srcset=\"https:\/\/heimatverein-nieder-roden.de\/wp-content\/uploads\/2023\/07\/2023-07-16_AKHNR_MVN-Jugend-im-Museumshof_MMA_signal-2023-07-30-130633-1024x768.jpeg 1024w, https:\/\/heimatverein-nieder-roden.de\/wp-content\/uploads\/2023\/07\/2023-07-16_AKHNR_MVN-Jugend-im-Museumshof_MMA_signal-2023-07-30-130633-300x225.jpeg 300w, https:\/\/heimatverein-nieder-roden.de\/wp-content\/uploads\/2023\/07\/2023-07-16_AKHNR_MVN-Jugend-im-Museumshof_MMA_signal-2023-07-30-130633-768x576.jpeg 768w, https:\/\/heimatverein-nieder-roden.de\/wp-content\/uploads\/2023\/07\/2023-07-16_AKHNR_MVN-Jugend-im-Museumshof_MMA_signal-2023-07-30-130633-1536x1152.jpeg 1536w, https:\/\/heimatverein-nieder-roden.de\/wp-content\/uploads\/2023\/07\/2023-07-16_AKHNR_MVN-Jugend-im-Museumshof_MMA_signal-2023-07-30-130633-836x627.jpeg 836w, https:\/\/heimatverein-nieder-roden.de\/wp-content\/uploads\/2023\/07\/2023-07-16_AKHNR_MVN-Jugend-im-Museumshof_MMA_signal-2023-07-30-130633-560x420.jpeg 560w, https:\/\/heimatverein-nieder-roden.de\/wp-content\/uploads\/2023\/07\/2023-07-16_AKHNR_MVN-Jugend-im-Museumshof_MMA_signal-2023-07-30-130633.jpeg 2048w\" sizes=\"(max-width: 1024px) 100vw, 1024px\" \/><\/a><\/figure>\n<figcaption class=\"blocks-gallery-caption wp-element-caption\"> Bl\u00e4serkids und Jugendorchester des MVN im Museumshof &#8211; \u00a9Aufnahmen MVN\/AKHNR MMA<\/figcaption><\/figure>\n\n\n<div class=\"wp-block-image\">\n<figure class=\"aligncenter size-large is-resized\"><img decoding=\"async\" src=\"https:\/\/heimatverein-nieder-roden.de\/wp-content\/uploads\/2023\/02\/MV-Logo-1024x448.png\" alt=\"\" class=\"wp-image-5033\" width=\"431\" height=\"188\" srcset=\"https:\/\/heimatverein-nieder-roden.de\/wp-content\/uploads\/2023\/02\/MV-Logo-1024x448.png 1024w, https:\/\/heimatverein-nieder-roden.de\/wp-content\/uploads\/2023\/02\/MV-Logo-300x131.png 300w, https:\/\/heimatverein-nieder-roden.de\/wp-content\/uploads\/2023\/02\/MV-Logo-768x336.png 768w, https:\/\/heimatverein-nieder-roden.de\/wp-content\/uploads\/2023\/02\/MV-Logo-1536x673.png 1536w, https:\/\/heimatverein-nieder-roden.de\/wp-content\/uploads\/2023\/02\/MV-Logo-2048x897.png 2048w, https:\/\/heimatverein-nieder-roden.de\/wp-content\/uploads\/2023\/02\/MV-Logo-836x366.png 836w, https:\/\/heimatverein-nieder-roden.de\/wp-content\/uploads\/2023\/02\/MV-Logo-560x245.png 560w\" sizes=\"(max-width: 431px) 100vw, 431px\" \/><figcaption class=\"wp-element-caption\">Logo des Musikvereins Nieder-Roden e. V.<\/figcaption><\/figure>\n<\/div>","protected":false},"excerpt":{"rendered":"<p>Aufgrund einer Terminkollision konnte der Musikverein ein geplantes Vorspiel der &#8222;Bl\u00e4serkids&#8220; und des Jugendorchesters nicht im Haus der Musik durchf\u00fchren. Auf Anfrage sprang der AKHNR ein und stellte den Museumshof am Sonntag, den 16. Juli f\u00fcr ein paar Stunden zur Verf\u00fcgung. So konnten Kinder, Jugendliche und ihre Familien ihren Termin im prall gef\u00fcllten Hof veranstalten. &hellip; <\/p>\n<p><a class=\"more-link btn\" href=\"https:\/\/heimatverein-nieder-roden.de\/?p=5361\">Weiterlesen<\/a><\/p>\n","protected":false},"author":1,"featured_media":0,"comment_status":"closed","ping_status":"closed","sticky":false,"template":"","format":"standard","meta":{"_coblocks_attr":"","_coblocks_dimensions":"","_coblocks_responsive_height":"","_coblocks_accordion_ie_support":"","footnotes":"","_share_on_mastodon":"0"},"categories":[6],"tags":[35,32,22],"class_list":["post-5361","post","type-post","status-publish","format-standard","hentry","category-aktuell","tag-arbeitskreis-fuer-heimatkunde-nieder-roden-e-v","tag-heimatmuseum","tag-musikverein-nieder-roden","nodate"],"share_on_mastodon":{"url":"","error":""},"publishpress_future_action":{"enabled":false,"date":"2026-05-09 13:34:20","action":"category-remove","newStatus":"draft","terms":[],"taxonomy":"category","extraData":[]},"publishpress_future_workflow_manual_trigger":{"enabledWorkflows":[]},"_links":{"self":[{"href":"https:\/\/heimatverein-nieder-roden.de\/index.php?rest_route=\/wp\/v2\/posts\/5361","targetHints":{"allow":["GET"]}}],"collection":[{"href":"https:\/\/heimatverein-nieder-roden.de\/index.php?rest_route=\/wp\/v2\/posts"}],"about":[{"href":"https:\/\/heimatverein-nieder-roden.de\/index.php?rest_route=\/wp\/v2\/types\/post"}],"author":[{"embeddable":true,"href":"https:\/\/heimatverein-nieder-roden.de\/index.php?rest_route=\/wp\/v2\/users\/1"}],"replies":[{"embeddable":true,"href":"https:\/\/heimatverein-nieder-roden.de\/index.php?rest_route=%2Fwp%2Fv2%2Fcomments&post=5361"}],"version-history":[{"count":2,"href":"https:\/\/heimatverein-nieder-roden.de\/index.php?rest_route=\/wp\/v2\/posts\/5361\/revisions"}],"predecessor-version":[{"id":5367,"href":"https:\/\/heimatverein-nieder-roden.de\/index.php?rest_route=\/wp\/v2\/posts\/5361\/revisions\/5367"}],"wp:attachment":[{"href":"https:\/\/heimatverein-nieder-roden.de\/index.php?rest_route=%2Fwp%2Fv2%2Fmedia&parent=5361"}],"wp:term":[{"taxonomy":"category","embeddable":true,"href":"https:\/\/heimatverein-nieder-roden.de\/index.php?rest_route=%2Fwp%2Fv2%2Fcategories&post=5361"},{"taxonomy":"post_tag","embeddable":true,"href":"https:\/\/heimatverein-nieder-roden.de\/index.php?rest_route=%2Fwp%2Fv2%2Ftags&post=5361"}],"curies":[{"name":"wp","href":"https:\/\/api.w.org\/{rel}","templated":true}]}}