{"id":5296,"date":"2023-07-05T09:11:59","date_gmt":"2023-07-05T07:11:59","guid":{"rendered":"https:\/\/heimatverein-nieder-roden.de\/?p=5296"},"modified":"2023-08-07T20:09:02","modified_gmt":"2023-08-07T18:09:02","slug":"nabu-sommerfest-2023","status":"publish","type":"post","link":"https:\/\/heimatverein-nieder-roden.de\/?p=5296","title":{"rendered":"NABU Sommerfest 2023"},"content":{"rendered":"\n<p>Der NABU Rodgau l\u00e4dt recht herzlich zu seinem Sommerfest, ab 11 Uhr auf dem Vereinsgel\u00e4nde Vogelh\u00fctte, gegen\u00fcber dem Sch\u00fctzenklub \u201eGamsbock\u201c ein.<\/p>\n\n\n<div class=\"wp-block-image\">\n<figure class=\"aligncenter size-large is-resized\"><img decoding=\"async\" src=\"https:\/\/heimatverein-nieder-roden.de\/wp-content\/uploads\/2023\/07\/2023-07-09_NABU_Sommerfest_Banner-1024x415.jpg\" alt=\"\" class=\"wp-image-5297\" width=\"605\" height=\"245\" srcset=\"https:\/\/heimatverein-nieder-roden.de\/wp-content\/uploads\/2023\/07\/2023-07-09_NABU_Sommerfest_Banner-1024x415.jpg 1024w, https:\/\/heimatverein-nieder-roden.de\/wp-content\/uploads\/2023\/07\/2023-07-09_NABU_Sommerfest_Banner-300x122.jpg 300w, https:\/\/heimatverein-nieder-roden.de\/wp-content\/uploads\/2023\/07\/2023-07-09_NABU_Sommerfest_Banner-768x311.jpg 768w, https:\/\/heimatverein-nieder-roden.de\/wp-content\/uploads\/2023\/07\/2023-07-09_NABU_Sommerfest_Banner-836x339.jpg 836w, https:\/\/heimatverein-nieder-roden.de\/wp-content\/uploads\/2023\/07\/2023-07-09_NABU_Sommerfest_Banner-560x227.jpg 560w, https:\/\/heimatverein-nieder-roden.de\/wp-content\/uploads\/2023\/07\/2023-07-09_NABU_Sommerfest_Banner.jpg 1200w\" sizes=\"(max-width: 605px) 100vw, 605px\" \/><figcaption class=\"wp-element-caption\">NABU Rodgau Sommerfest 2023 Werbebanner \u00a9NABU Rodgau<\/figcaption><\/figure>\n<\/div>\n\n\n<p>Bei einer Radlerpause, in geselliger Atmosph\u00e4re, genie\u00dft man gerne den selbst gekelterten Apfelwein vom Kelterfest am 3. Oktober. Bei &#8222;Handk\u00e4s&#8220;mit Musik, warmen Speisen und Kaffee und Kuchen l\u00e4sst es sich wunderbar wieder auftanken.<\/p>\n\n\n\n<p>Der neugestaltete NABU-Garten, l\u00e4dt zu einem kleinen Spaziergang ein, hier k\u00f6nnen sich auch Anregungen f\u00fcr die eigene nat\u00fcrliche Gartengestaltung geholt werden.<\/p>\n\n\n<div class=\"wp-block-image\">\n<figure class=\"aligncenter size-large is-resized\"><a href=\"https:\/\/heimatverein-nieder-roden.de\/wp-content\/uploads\/2023\/07\/nabu-rodgau_nieder-roden-vogelhuette_garten_pulweyandreas.png\"><img decoding=\"async\" src=\"https:\/\/heimatverein-nieder-roden.de\/wp-content\/uploads\/2023\/07\/nabu-rodgau_nieder-roden-vogelhuette_garten_pulweyandreas-1024x681.png\" alt=\"\" class=\"wp-image-5299\" width=\"629\" height=\"418\" srcset=\"https:\/\/heimatverein-nieder-roden.de\/wp-content\/uploads\/2023\/07\/nabu-rodgau_nieder-roden-vogelhuette_garten_pulweyandreas-1024x681.png 1024w, https:\/\/heimatverein-nieder-roden.de\/wp-content\/uploads\/2023\/07\/nabu-rodgau_nieder-roden-vogelhuette_garten_pulweyandreas-300x200.png 300w, https:\/\/heimatverein-nieder-roden.de\/wp-content\/uploads\/2023\/07\/nabu-rodgau_nieder-roden-vogelhuette_garten_pulweyandreas-768x511.png 768w, https:\/\/heimatverein-nieder-roden.de\/wp-content\/uploads\/2023\/07\/nabu-rodgau_nieder-roden-vogelhuette_garten_pulweyandreas-836x556.png 836w, https:\/\/heimatverein-nieder-roden.de\/wp-content\/uploads\/2023\/07\/nabu-rodgau_nieder-roden-vogelhuette_garten_pulweyandreas-560x372.png 560w, https:\/\/heimatverein-nieder-roden.de\/wp-content\/uploads\/2023\/07\/nabu-rodgau_nieder-roden-vogelhuette_garten_pulweyandreas-272x182.png 272w, https:\/\/heimatverein-nieder-roden.de\/wp-content\/uploads\/2023\/07\/nabu-rodgau_nieder-roden-vogelhuette_garten_pulweyandreas.png 1200w\" sizes=\"(max-width: 629px) 100vw, 629px\" \/><\/a><figcaption class=\"wp-element-caption\">NABU Garten, Foto: Andreas Pulwey<\/figcaption><\/figure>\n<\/div>\n\n\n<p><a href=\"https:\/\/www.nabu-rodgau.de\/wir-\u00fcber-uns\/wie-komme-ich-zur-nabu-h\u00fctte\/\"><strong>Die Anfahrtsbeschreibung finden Sie unter www.nabu-r<\/strong><\/a><strong><a href=\"https:\/\/www.nabu-rodgau.de\/wir-\u00fcber-uns\/wie-komme-ich-zur-nabu-h\u00fctte\/\">odgau.de &#8211; klicken Sie hier.<\/a><\/strong><\/p>\n\n\n\n<p>Der NABU Rodgau stellt seine Handy Sammelbox bereit f\u00fcr die Entsorgung alter Handys.\u00a0<\/p>\n\n\n\n<p class=\"has-text-align-center has-light-green-cyan-background-color has-background\"><strong>Tipp des AKHNR<\/strong><br><br><strong>Besuchen Sie Vormittags ab 11 Uhr das Sommerfest des NABU <\/strong><br><strong>und lauschen Sie anschlie\u00dfend ab 14 Uhr der <\/strong><strong>&#8222;Musik im Museumshof&#8220;! <\/strong><br><br><a href=\"https:\/\/heimatverein-nieder-roden.de\/?p=5294\" data-type=\"post\" data-id=\"5294\">Mehr dazu hier&#8230;<\/a><\/p>\n\n\n\n<hr class=\"wp-block-separator has-alpha-channel-opacity\"\/>\n\n\n\n<p><em>Beitrag erstellt mit freundlicher Unterst\u00fctzung\/Genehmigung des NABU Rodgau. Vielen Dank!<\/em><\/p>\n","protected":false},"excerpt":{"rendered":"<p>Der NABU Rodgau l\u00e4dt ein, ab 11 Uhr auf dem Vereinsgel\u00e4nde Vogelh\u00fctte, gegen\u00fcber dem Sch\u00fctzenklub \u201eGamsbock\u201c.<\/p><p><a class=\"more-link btn\" href=\"https:\/\/heimatverein-nieder-roden.de\/?p=5296\">Weiterlesen<\/a><\/p>\n","protected":false},"author":1,"featured_media":5299,"comment_status":"closed","ping_status":"closed","sticky":false,"template":"","format":"standard","meta":{"_coblocks_attr":"","_coblocks_dimensions":"","_coblocks_responsive_height":"","_coblocks_accordion_ie_support":"","footnotes":"","_share_on_mastodon":"0"},"categories":[6],"tags":[354,355],"class_list":["post-5296","post","type-post","status-publish","format-standard","has-post-thumbnail","hentry","category-aktuell","tag-nabu","tag-nabu-rodgau","nodate"],"share_on_mastodon":{"url":"","error":""},"publishpress_future_action":{"enabled":false,"date":"2026-05-07 02:16:39","action":"category-remove","newStatus":"draft","terms":[],"taxonomy":"category","extraData":[]},"publishpress_future_workflow_manual_trigger":{"enabledWorkflows":[]},"_links":{"self":[{"href":"https:\/\/heimatverein-nieder-roden.de\/index.php?rest_route=\/wp\/v2\/posts\/5296","targetHints":{"allow":["GET"]}}],"collection":[{"href":"https:\/\/heimatverein-nieder-roden.de\/index.php?rest_route=\/wp\/v2\/posts"}],"about":[{"href":"https:\/\/heimatverein-nieder-roden.de\/index.php?rest_route=\/wp\/v2\/types\/post"}],"author":[{"embeddable":true,"href":"https:\/\/heimatverein-nieder-roden.de\/index.php?rest_route=\/wp\/v2\/users\/1"}],"replies":[{"embeddable":true,"href":"https:\/\/heimatverein-nieder-roden.de\/index.php?rest_route=%2Fwp%2Fv2%2Fcomments&post=5296"}],"version-history":[{"count":4,"href":"https:\/\/heimatverein-nieder-roden.de\/index.php?rest_route=\/wp\/v2\/posts\/5296\/revisions"}],"predecessor-version":[{"id":5302,"href":"https:\/\/heimatverein-nieder-roden.de\/index.php?rest_route=\/wp\/v2\/posts\/5296\/revisions\/5302"}],"wp:featuredmedia":[{"embeddable":true,"href":"https:\/\/heimatverein-nieder-roden.de\/index.php?rest_route=\/wp\/v2\/media\/5299"}],"wp:attachment":[{"href":"https:\/\/heimatverein-nieder-roden.de\/index.php?rest_route=%2Fwp%2Fv2%2Fmedia&parent=5296"}],"wp:term":[{"taxonomy":"category","embeddable":true,"href":"https:\/\/heimatverein-nieder-roden.de\/index.php?rest_route=%2Fwp%2Fv2%2Fcategories&post=5296"},{"taxonomy":"post_tag","embeddable":true,"href":"https:\/\/heimatverein-nieder-roden.de\/index.php?rest_route=%2Fwp%2Fv2%2Ftags&post=5296"}],"curies":[{"name":"wp","href":"https:\/\/api.w.org\/{rel}","templated":true}]}}