{"id":5294,"date":"2023-07-03T10:50:49","date_gmt":"2023-07-03T08:50:49","guid":{"rendered":"https:\/\/heimatverein-nieder-roden.de\/?p=5294"},"modified":"2023-07-09T13:04:23","modified_gmt":"2023-07-09T11:04:23","slug":"naechste-museumsoeffnung-am-sonntag-9-juli-2023-mit-musik-im-museumshof","status":"publish","type":"post","link":"https:\/\/heimatverein-nieder-roden.de\/?p=5294","title":{"rendered":"N\u00e4chste Museums\u00f6ffnung am Sonntag, 9. Juli 2023, mit &#8222;Musik im Museumshof&#8220;"},"content":{"rendered":"\n<p>Am Sonntag, den 9. Juli 2023 gibt es wieder &#8222;Musik im Museumshof&#8220; beim Heimatmuseum Nieder-Roden.<\/p>\n\n\n\n<p>Ab 14 Uhr \u00f6ffnet das Museum seine Pforten. Es lohnt ein Besuch der Jahresausstellung &#8222;<a href=\"https:\/\/heimatverein-nieder-roden.de\/?p=5120\" data-type=\"post\" data-id=\"5120\">Alte Grabsteine und welche Geschichten sie uns erz\u00e4hlen<\/a>&#8222;. <\/p>\n\n\n\n<p>Au\u00dferdem ist die Dauerausstellung ge\u00f6ffnet und es gibt selbstgebackene Kuchen und Torten f\u00fcr die G\u00e4ste des Museumscaf\u00e9s. Bei gutem Wetter decken wir im Hof. <strong>Hier wir freuen uns besonders \u00fcber die musikalische Begleitung des Konzertorchesters<\/strong><strong>.<\/strong><\/p>\n\n\n\n<p>Damit setzen wir die Kooperation mit dem Musikverein Nieder-Roden e. V. (MVN) fort.<\/p>\n\n\n<div class=\"wp-block-image\">\n<figure class=\"aligncenter size-large is-resized\"><a href=\"mv-nieder-roden.de\" target=\"_blank\" rel=\"noreferrer noopener\"><img decoding=\"async\" src=\"https:\/\/heimatverein-nieder-roden.de\/wp-content\/uploads\/2019\/02\/2019-02-17_AKHNR_MVN-Logo_selbstgeb_v1.0-1024x469.png\" alt=\"\" class=\"wp-image-557\" width=\"445\" height=\"204\" srcset=\"https:\/\/heimatverein-nieder-roden.de\/wp-content\/uploads\/2019\/02\/2019-02-17_AKHNR_MVN-Logo_selbstgeb_v1.0-1024x469.png 1024w, https:\/\/heimatverein-nieder-roden.de\/wp-content\/uploads\/2019\/02\/2019-02-17_AKHNR_MVN-Logo_selbstgeb_v1.0-300x137.png 300w, https:\/\/heimatverein-nieder-roden.de\/wp-content\/uploads\/2019\/02\/2019-02-17_AKHNR_MVN-Logo_selbstgeb_v1.0-768x352.png 768w\" sizes=\"(max-width: 445px) 100vw, 445px\" \/><\/a><figcaption class=\"wp-element-caption\">Link zur Internetseite des Musikvereins &#8211; \u00a9MVN<\/figcaption><\/figure>\n<\/div>\n\n<div class=\"wp-block-image wp-image-1293 size-full\">\n<figure class=\"aligncenter size-large is-resized\"><a href=\"https:\/\/heimatverein-nieder-roden.de\/wp-content\/uploads\/2020\/07\/2019-05-19_AKHNR_\u00d6ffnung-2019-05-19_155542.jpg\"><img decoding=\"async\" src=\"https:\/\/heimatverein-nieder-roden.de\/wp-content\/uploads\/2020\/07\/2019-05-19_AKHNR_\u00d6ffnung-2019-05-19_155542-1024x768.jpg\" alt=\"\" class=\"wp-image-2338\" width=\"528\" height=\"395\" srcset=\"https:\/\/heimatverein-nieder-roden.de\/wp-content\/uploads\/2020\/07\/2019-05-19_AKHNR_\u00d6ffnung-2019-05-19_155542-1024x768.jpg 1024w, https:\/\/heimatverein-nieder-roden.de\/wp-content\/uploads\/2020\/07\/2019-05-19_AKHNR_\u00d6ffnung-2019-05-19_155542-300x225.jpg 300w, https:\/\/heimatverein-nieder-roden.de\/wp-content\/uploads\/2020\/07\/2019-05-19_AKHNR_\u00d6ffnung-2019-05-19_155542-768x576.jpg 768w, https:\/\/heimatverein-nieder-roden.de\/wp-content\/uploads\/2020\/07\/2019-05-19_AKHNR_\u00d6ffnung-2019-05-19_155542-560x420.jpg 560w, https:\/\/heimatverein-nieder-roden.de\/wp-content\/uploads\/2020\/07\/2019-05-19_AKHNR_\u00d6ffnung-2019-05-19_155542.jpg 1440w\" sizes=\"(max-width: 528px) 100vw, 528px\" \/><\/a><figcaption class=\"wp-element-caption\">Das Konzertorchester des MVN im Museumshof am 19.05.2019 &#8211; \u00a9AKHNR\/FST<\/figcaption><\/figure>\n<\/div>\n\n\n<hr class=\"wp-block-separator has-alpha-channel-opacity is-style-wide\"\/>\n\n\n\n<p><\/p>\n","protected":false},"excerpt":{"rendered":"<p>Ge\u00f6ffnet ab 14 Uhr. Wir freuen uns, das Konzertorchester begr\u00fc\u00dfen zu d\u00fcrfen. Besuchen Sie die Jahresausstellung &#8222;Alte Grabsteine und welche Geschichten sie uns erz\u00e4hlen&#8220;. <\/p><p><a class=\"more-link btn\" href=\"https:\/\/heimatverein-nieder-roden.de\/?p=5294\">Weiterlesen<\/a><\/p>\n","protected":false},"author":1,"featured_media":4382,"comment_status":"closed","ping_status":"closed","sticky":false,"template":"","format":"standard","meta":{"_coblocks_attr":"","_coblocks_dimensions":"","_coblocks_responsive_height":"","_coblocks_accordion_ie_support":"","footnotes":"","_share_on_mastodon":"0"},"categories":[6,138,9,10],"tags":[30,350,24,25,20,21,22,23,16],"class_list":["post-5294","post","type-post","status-publish","format-standard","has-post-thumbnail","hentry","category-aktuell","category-jahresausstellung","category-museumsoeffnungen","category-musik-im-museumshof","tag-blasmusik","tag-jahresausstellung-2023","tag-konzertorchester","tag-museumsoeffnung","tag-musik-im-museumshof","tag-musikverein","tag-musikverein-nieder-roden","tag-mvn","tag-nieder-roden","nodate"],"share_on_mastodon":{"url":"","error":""},"publishpress_future_action":{"enabled":false,"date":"2026-05-07 04:39:26","action":"category-remove","newStatus":"draft","terms":[],"taxonomy":"category","extraData":[]},"publishpress_future_workflow_manual_trigger":{"enabledWorkflows":[]},"_links":{"self":[{"href":"https:\/\/heimatverein-nieder-roden.de\/index.php?rest_route=\/wp\/v2\/posts\/5294","targetHints":{"allow":["GET"]}}],"collection":[{"href":"https:\/\/heimatverein-nieder-roden.de\/index.php?rest_route=\/wp\/v2\/posts"}],"about":[{"href":"https:\/\/heimatverein-nieder-roden.de\/index.php?rest_route=\/wp\/v2\/types\/post"}],"author":[{"embeddable":true,"href":"https:\/\/heimatverein-nieder-roden.de\/index.php?rest_route=\/wp\/v2\/users\/1"}],"replies":[{"embeddable":true,"href":"https:\/\/heimatverein-nieder-roden.de\/index.php?rest_route=%2Fwp%2Fv2%2Fcomments&post=5294"}],"version-history":[{"count":1,"href":"https:\/\/heimatverein-nieder-roden.de\/index.php?rest_route=\/wp\/v2\/posts\/5294\/revisions"}],"predecessor-version":[{"id":5295,"href":"https:\/\/heimatverein-nieder-roden.de\/index.php?rest_route=\/wp\/v2\/posts\/5294\/revisions\/5295"}],"wp:featuredmedia":[{"embeddable":true,"href":"https:\/\/heimatverein-nieder-roden.de\/index.php?rest_route=\/wp\/v2\/media\/4382"}],"wp:attachment":[{"href":"https:\/\/heimatverein-nieder-roden.de\/index.php?rest_route=%2Fwp%2Fv2%2Fmedia&parent=5294"}],"wp:term":[{"taxonomy":"category","embeddable":true,"href":"https:\/\/heimatverein-nieder-roden.de\/index.php?rest_route=%2Fwp%2Fv2%2Fcategories&post=5294"},{"taxonomy":"post_tag","embeddable":true,"href":"https:\/\/heimatverein-nieder-roden.de\/index.php?rest_route=%2Fwp%2Fv2%2Ftags&post=5294"}],"curies":[{"name":"wp","href":"https:\/\/api.w.org\/{rel}","templated":true}]}}