{"id":5272,"date":"2023-06-05T11:32:40","date_gmt":"2023-06-05T09:32:40","guid":{"rendered":"https:\/\/heimatverein-nieder-roden.de\/?p=5272"},"modified":"2023-06-05T11:34:47","modified_gmt":"2023-06-05T09:34:47","slug":"45-jahre-rollwaldfest","status":"publish","type":"post","link":"https:\/\/heimatverein-nieder-roden.de\/?p=5272","title":{"rendered":"45 Jahre Rollwaldfest"},"content":{"rendered":"\n<h3 class=\"wp-block-heading\"><strong>Fest an der Heilig-Kreuz-Kirche in Rollwald 2023 eine Stunde l\u00e4nger<\/strong><\/h3>\n\n\n\n<p>Es ist wieder soweit! Die Aktiven des \u201eRollwaldkreises\u201c laden zum Rollwaldfest an der kleinen Kirche ein. In diesem Jahr wird bereits zum 45. Mal an der kleinen Rollwaldkirche gefeiert &#8211; und diesmal sogar eine Stunde l\u00e4nger als in den vergangenen Jahren. <\/p>\n\n\n<div class=\"wp-block-image\">\n<figure class=\"aligncenter size-large is-resized\"><a href=\"https:\/\/sanktmatthias.de\" target=\"_blank\" rel=\"noreferrer noopener\"><img decoding=\"async\" src=\"https:\/\/heimatverein-nieder-roden.de\/wp-content\/uploads\/2023\/06\/Heilig-Kreuz-Rollwald_Logo_Scan_Gr25Prz-Q30Prz-1024x678.jpg\" alt=\"\" class=\"wp-image-5280\" width=\"387\" height=\"255\" srcset=\"https:\/\/heimatverein-nieder-roden.de\/wp-content\/uploads\/2023\/06\/Heilig-Kreuz-Rollwald_Logo_Scan_Gr25Prz-Q30Prz-1024x678.jpg 1024w, https:\/\/heimatverein-nieder-roden.de\/wp-content\/uploads\/2023\/06\/Heilig-Kreuz-Rollwald_Logo_Scan_Gr25Prz-Q30Prz-300x199.jpg 300w, https:\/\/heimatverein-nieder-roden.de\/wp-content\/uploads\/2023\/06\/Heilig-Kreuz-Rollwald_Logo_Scan_Gr25Prz-Q30Prz-768x508.jpg 768w, https:\/\/heimatverein-nieder-roden.de\/wp-content\/uploads\/2023\/06\/Heilig-Kreuz-Rollwald_Logo_Scan_Gr25Prz-Q30Prz-1536x1017.jpg 1536w, https:\/\/heimatverein-nieder-roden.de\/wp-content\/uploads\/2023\/06\/Heilig-Kreuz-Rollwald_Logo_Scan_Gr25Prz-Q30Prz-836x553.jpg 836w, https:\/\/heimatverein-nieder-roden.de\/wp-content\/uploads\/2023\/06\/Heilig-Kreuz-Rollwald_Logo_Scan_Gr25Prz-Q30Prz-560x371.jpg 560w, https:\/\/heimatverein-nieder-roden.de\/wp-content\/uploads\/2023\/06\/Heilig-Kreuz-Rollwald_Logo_Scan_Gr25Prz-Q30Prz.jpg 1582w\" sizes=\"(max-width: 387px) 100vw, 387px\" \/><\/a><figcaption class=\"wp-element-caption\">Logo der Heilig-Kreuz-Kirche Rollwald <br>\u00a9Pfarrgemeinde St. Matthias Nieder-Roden<br>F\u00fcr weitere Infos zur Pfarrei klicken Sie auf das Logo.<\/figcaption><\/figure>\n<\/div>\n\n\n<p>Traditionsgem\u00e4\u00df beginnt das Rollwaldfest nach dem Gottesdienst in der Heilig-Kreuz-Kirche Rollwald, der in diesem Jahr <strong>am Sonntag, 25. Juni, bereits um 9:30 Uhr<\/strong> beginnt &#8211; also eine Stunde fr\u00fcher als gewohnt<\/p>\n\n\n<div class=\"wp-block-image\">\n<figure class=\"aligncenter size-large is-resized\"><a href=\"https:\/\/heimatverein-nieder-roden.de\/wp-content\/uploads\/2023\/06\/2022-05-22_17-37-00_Rollwaldfest_WST_P1150739.jpg\"><img decoding=\"async\" src=\"https:\/\/heimatverein-nieder-roden.de\/wp-content\/uploads\/2023\/06\/2022-05-22_17-37-00_Rollwaldfest_WST_P1150739-1024x655.jpg\" alt=\"\" class=\"wp-image-5273\" width=\"638\" height=\"408\" srcset=\"https:\/\/heimatverein-nieder-roden.de\/wp-content\/uploads\/2023\/06\/2022-05-22_17-37-00_Rollwaldfest_WST_P1150739-1024x655.jpg 1024w, https:\/\/heimatverein-nieder-roden.de\/wp-content\/uploads\/2023\/06\/2022-05-22_17-37-00_Rollwaldfest_WST_P1150739-300x192.jpg 300w, https:\/\/heimatverein-nieder-roden.de\/wp-content\/uploads\/2023\/06\/2022-05-22_17-37-00_Rollwaldfest_WST_P1150739-768x491.jpg 768w, https:\/\/heimatverein-nieder-roden.de\/wp-content\/uploads\/2023\/06\/2022-05-22_17-37-00_Rollwaldfest_WST_P1150739-1536x982.jpg 1536w, https:\/\/heimatverein-nieder-roden.de\/wp-content\/uploads\/2023\/06\/2022-05-22_17-37-00_Rollwaldfest_WST_P1150739-2048x1310.jpg 2048w, https:\/\/heimatverein-nieder-roden.de\/wp-content\/uploads\/2023\/06\/2022-05-22_17-37-00_Rollwaldfest_WST_P1150739-836x535.jpg 836w, https:\/\/heimatverein-nieder-roden.de\/wp-content\/uploads\/2023\/06\/2022-05-22_17-37-00_Rollwaldfest_WST_P1150739-560x358.jpg 560w\" sizes=\"(max-width: 638px) 100vw, 638px\" \/><\/a><figcaption class=\"wp-element-caption\">Schattige Pl\u00e4tzchen warten an der Rollwaldkirche. &#8211; \u00a9Rollwaldkreis<\/figcaption><\/figure>\n<\/div>\n\n\n<p>Die G\u00e4ste erwartet wieder ein Fest f\u00fcr Jung und Alt. Viele flei\u00dfige Helfer haben das Fest vorbereitet und sorgen f\u00fcr das leibliche Wohl. Grillgut wird ab Mittag auf den Rost gelegt und k\u00fchle Getr\u00e4nke ausgeschenkt. Kaffee und Kuchen sind nat\u00fcrlich hausgemacht. Und wer m\u00f6chte kann sich auch nachmittags und abends noch Gegrilltes auf den Teller legen lassen.<\/p>\n\n\n\n<div class=\"wp-block-columns is-layout-flex wp-container-core-columns-is-layout-9d6595d7 wp-block-columns-is-layout-flex\">\n<div class=\"wp-block-column is-layout-flow wp-block-column-is-layout-flow\" style=\"flex-basis:50%\"><div class=\"wp-block-image\">\n<figure class=\"aligncenter size-medium\"><a href=\"https:\/\/heimatverein-nieder-roden.de\/wp-content\/uploads\/2023\/06\/2022-05-22_11-09-00_Rollwaldfest_WST_1109370.jpg\"><img decoding=\"async\" width=\"300\" height=\"233\" src=\"https:\/\/heimatverein-nieder-roden.de\/wp-content\/uploads\/2023\/06\/2022-05-22_11-09-00_Rollwaldfest_WST_1109370-300x233.jpg\" alt=\"\" class=\"wp-image-5274\" srcset=\"https:\/\/heimatverein-nieder-roden.de\/wp-content\/uploads\/2023\/06\/2022-05-22_11-09-00_Rollwaldfest_WST_1109370-300x233.jpg 300w, https:\/\/heimatverein-nieder-roden.de\/wp-content\/uploads\/2023\/06\/2022-05-22_11-09-00_Rollwaldfest_WST_1109370-1024x796.jpg 1024w, https:\/\/heimatverein-nieder-roden.de\/wp-content\/uploads\/2023\/06\/2022-05-22_11-09-00_Rollwaldfest_WST_1109370-768x597.jpg 768w, https:\/\/heimatverein-nieder-roden.de\/wp-content\/uploads\/2023\/06\/2022-05-22_11-09-00_Rollwaldfest_WST_1109370-1536x1193.jpg 1536w, https:\/\/heimatverein-nieder-roden.de\/wp-content\/uploads\/2023\/06\/2022-05-22_11-09-00_Rollwaldfest_WST_1109370-2048x1591.jpg 2048w, https:\/\/heimatverein-nieder-roden.de\/wp-content\/uploads\/2023\/06\/2022-05-22_11-09-00_Rollwaldfest_WST_1109370-836x650.jpg 836w, https:\/\/heimatverein-nieder-roden.de\/wp-content\/uploads\/2023\/06\/2022-05-22_11-09-00_Rollwaldfest_WST_1109370-560x435.jpg 560w\" sizes=\"(max-width: 300px) 100vw, 300px\" \/><\/a><figcaption class=\"wp-element-caption\">Grillgut kommt ab Mittag auf den Rost. &#8211; \u00a9Rollwaldkreis<\/figcaption><\/figure>\n<\/div><\/div>\n\n\n\n<div class=\"wp-block-column is-layout-flow wp-block-column-is-layout-flow\" style=\"flex-basis:50%\"><div class=\"wp-block-image\">\n<figure class=\"aligncenter size-medium\"><a href=\"https:\/\/heimatverein-nieder-roden.de\/wp-content\/uploads\/2023\/06\/2022-05-22_11-03-00_Rollwaldfest_WST_8.jpg\"><img decoding=\"async\" width=\"300\" height=\"229\" src=\"https:\/\/heimatverein-nieder-roden.de\/wp-content\/uploads\/2023\/06\/2022-05-22_11-03-00_Rollwaldfest_WST_8-300x229.jpg\" alt=\"\" class=\"wp-image-5275\" srcset=\"https:\/\/heimatverein-nieder-roden.de\/wp-content\/uploads\/2023\/06\/2022-05-22_11-03-00_Rollwaldfest_WST_8-300x229.jpg 300w, https:\/\/heimatverein-nieder-roden.de\/wp-content\/uploads\/2023\/06\/2022-05-22_11-03-00_Rollwaldfest_WST_8-1024x781.jpg 1024w, https:\/\/heimatverein-nieder-roden.de\/wp-content\/uploads\/2023\/06\/2022-05-22_11-03-00_Rollwaldfest_WST_8-768x586.jpg 768w, https:\/\/heimatverein-nieder-roden.de\/wp-content\/uploads\/2023\/06\/2022-05-22_11-03-00_Rollwaldfest_WST_8-1536x1172.jpg 1536w, https:\/\/heimatverein-nieder-roden.de\/wp-content\/uploads\/2023\/06\/2022-05-22_11-03-00_Rollwaldfest_WST_8-836x638.jpg 836w, https:\/\/heimatverein-nieder-roden.de\/wp-content\/uploads\/2023\/06\/2022-05-22_11-03-00_Rollwaldfest_WST_8-560x427.jpg 560w, https:\/\/heimatverein-nieder-roden.de\/wp-content\/uploads\/2023\/06\/2022-05-22_11-03-00_Rollwaldfest_WST_8.jpg 1555w\" sizes=\"(max-width: 300px) 100vw, 300px\" \/><\/a><figcaption class=\"wp-element-caption\">Die vielen flei\u00dfigen Helfer freuen sich auf zahlreiche G\u00e4ste beim Rollwaldfest. &#8211; \u00a9Rollwaldkreis<\/figcaption><\/figure>\n<\/div><\/div>\n<\/div>\n\n\n\n<p>F\u00fcr Kinder gibt es Spiele und eine H\u00fcpfburg &#8211; f\u00fcr alle anderen, viel Zeit zum Zusammensein, f\u00fcr Gespr\u00e4che, Kennenlernen und Austausch.<\/p>\n\n\n\n<p>Auch ein Informationsstand zum am 1. April vorgestellten Maskenprojekt an der Gedenkst\u00e4tte Rollwald ist vorgesehen. Die roten Sandsteinmasken, wurden von vielen Rollw\u00e4ldern und Besuchern der Gedenkst\u00e4tte begr\u00fc\u00dft und haben letztere aufgewertet, aber es fehlen noch einige Euro um die Rechnung f\u00fcr die Kunstwerke zu bezahlen.<\/p>\n\n\n<div class=\"wp-block-image\">\n<figure class=\"aligncenter size-large is-resized\"><a href=\"https:\/\/heimatverein-nieder-roden.de\/wp-content\/uploads\/2023\/05\/2023-04-01_12-34-09_Munavero_MuenninghoffRolf_Lager-Rollwald-Maskenprojekt_IMG_3115-scaled.jpg\"><img decoding=\"async\" src=\"https:\/\/heimatverein-nieder-roden.de\/wp-content\/uploads\/2023\/05\/2023-04-01_12-34-09_Munavero_MuenninghoffRolf_Lager-Rollwald-Maskenprojekt_IMG_3115-1024x683.jpg\" alt=\"\" class=\"wp-image-5211\" width=\"386\" height=\"257\" srcset=\"https:\/\/heimatverein-nieder-roden.de\/wp-content\/uploads\/2023\/05\/2023-04-01_12-34-09_Munavero_MuenninghoffRolf_Lager-Rollwald-Maskenprojekt_IMG_3115-1024x683.jpg 1024w, https:\/\/heimatverein-nieder-roden.de\/wp-content\/uploads\/2023\/05\/2023-04-01_12-34-09_Munavero_MuenninghoffRolf_Lager-Rollwald-Maskenprojekt_IMG_3115-300x200.jpg 300w, https:\/\/heimatverein-nieder-roden.de\/wp-content\/uploads\/2023\/05\/2023-04-01_12-34-09_Munavero_MuenninghoffRolf_Lager-Rollwald-Maskenprojekt_IMG_3115-768x512.jpg 768w, https:\/\/heimatverein-nieder-roden.de\/wp-content\/uploads\/2023\/05\/2023-04-01_12-34-09_Munavero_MuenninghoffRolf_Lager-Rollwald-Maskenprojekt_IMG_3115-1536x1024.jpg 1536w, https:\/\/heimatverein-nieder-roden.de\/wp-content\/uploads\/2023\/05\/2023-04-01_12-34-09_Munavero_MuenninghoffRolf_Lager-Rollwald-Maskenprojekt_IMG_3115-2048x1365.jpg 2048w, https:\/\/heimatverein-nieder-roden.de\/wp-content\/uploads\/2023\/05\/2023-04-01_12-34-09_Munavero_MuenninghoffRolf_Lager-Rollwald-Maskenprojekt_IMG_3115-836x557.jpg 836w, https:\/\/heimatverein-nieder-roden.de\/wp-content\/uploads\/2023\/05\/2023-04-01_12-34-09_Munavero_MuenninghoffRolf_Lager-Rollwald-Maskenprojekt_IMG_3115-560x373.jpg 560w, https:\/\/heimatverein-nieder-roden.de\/wp-content\/uploads\/2023\/05\/2023-04-01_12-34-09_Munavero_MuenninghoffRolf_Lager-Rollwald-Maskenprojekt_IMG_3115-272x182.jpg 272w\" sizes=\"(max-width: 386px) 100vw, 386px\" \/><\/a><figcaption class=\"wp-element-caption\">Die installierten Stein-Masken auf der Gedenkst\u00e4tte des ehemaligen Lagerfriedhofs Rollwald. \u2013 \u00a9Rolf M\u00fcnninghoff<\/figcaption><\/figure>\n<\/div>\n\n\n<p>Die Helferinnen und Helfer des Rollwaldkreises freuen sich auf das Rollwaldfest, auf einen sch\u00f6nen Tag und auf viele G\u00e4ste!<\/p>\n\n\n\n<hr class=\"wp-block-separator has-alpha-channel-opacity is-style-wide\"\/>\n\n\n\n<p class=\"has-background\" style=\"background-color:#ffefc2\">Text erstellt mit freundlicher Unterst\u00fctzung und Genehmigung des Rollwaldkreises\/Werner Stolzenburg. Vielen Dank!<\/p>\n\n\n\n<hr class=\"wp-block-separator has-alpha-channel-opacity is-style-wide\"\/>\n","protected":false},"excerpt":{"rendered":"<p>Es ist wieder soweit! Die Aktiven des \u201eRollwaldkreises\u201c laden zum Rollwaldfest an der kleinen Kirche ein. In diesem Jahr wird bereits zum 45. Mal an der kleinen Rollwaldkirche gefeiert &#8211; und diesmal sogar eine Stunde l\u00e4nger als in den vergangenen Jahren. <\/p><p><a class=\"more-link btn\" href=\"https:\/\/heimatverein-nieder-roden.de\/?p=5272\">Weiterlesen<\/a><\/p>\n","protected":false},"author":1,"featured_media":5273,"comment_status":"closed","ping_status":"closed","sticky":false,"template":"","format":"standard","meta":{"_coblocks_attr":"","_coblocks_dimensions":"","_coblocks_responsive_height":"","_coblocks_accordion_ie_support":"","footnotes":"","_share_on_mastodon":"0"},"categories":[6,97],"tags":[352,133,353,351],"class_list":["post-5272","post","type-post","status-publish","format-standard","has-post-thumbnail","hentry","category-aktuell","category-slider","tag-heilig-kreuz-kirche","tag-pfarrgemeinde-sankt-matthias","tag-rollwaldfest","tag-rollwaldkreis","nodate"],"share_on_mastodon":{"url":"","error":""},"publishpress_future_action":{"enabled":false,"date":"2026-05-07 07:07:40","action":"category-remove","newStatus":"draft","terms":[],"taxonomy":"category","extraData":[]},"publishpress_future_workflow_manual_trigger":{"enabledWorkflows":[]},"_links":{"self":[{"href":"https:\/\/heimatverein-nieder-roden.de\/index.php?rest_route=\/wp\/v2\/posts\/5272","targetHints":{"allow":["GET"]}}],"collection":[{"href":"https:\/\/heimatverein-nieder-roden.de\/index.php?rest_route=\/wp\/v2\/posts"}],"about":[{"href":"https:\/\/heimatverein-nieder-roden.de\/index.php?rest_route=\/wp\/v2\/types\/post"}],"author":[{"embeddable":true,"href":"https:\/\/heimatverein-nieder-roden.de\/index.php?rest_route=\/wp\/v2\/users\/1"}],"replies":[{"embeddable":true,"href":"https:\/\/heimatverein-nieder-roden.de\/index.php?rest_route=%2Fwp%2Fv2%2Fcomments&post=5272"}],"version-history":[{"count":8,"href":"https:\/\/heimatverein-nieder-roden.de\/index.php?rest_route=\/wp\/v2\/posts\/5272\/revisions"}],"predecessor-version":[{"id":5286,"href":"https:\/\/heimatverein-nieder-roden.de\/index.php?rest_route=\/wp\/v2\/posts\/5272\/revisions\/5286"}],"wp:featuredmedia":[{"embeddable":true,"href":"https:\/\/heimatverein-nieder-roden.de\/index.php?rest_route=\/wp\/v2\/media\/5273"}],"wp:attachment":[{"href":"https:\/\/heimatverein-nieder-roden.de\/index.php?rest_route=%2Fwp%2Fv2%2Fmedia&parent=5272"}],"wp:term":[{"taxonomy":"category","embeddable":true,"href":"https:\/\/heimatverein-nieder-roden.de\/index.php?rest_route=%2Fwp%2Fv2%2Fcategories&post=5272"},{"taxonomy":"post_tag","embeddable":true,"href":"https:\/\/heimatverein-nieder-roden.de\/index.php?rest_route=%2Fwp%2Fv2%2Ftags&post=5272"}],"curies":[{"name":"wp","href":"https:\/\/api.w.org\/{rel}","templated":true}]}}