{"id":5245,"date":"2023-05-10T11:16:06","date_gmt":"2023-05-10T09:16:06","guid":{"rendered":"https:\/\/heimatverein-nieder-roden.de\/?p=5245"},"modified":"2023-05-11T16:39:09","modified_gmt":"2023-05-11T14:39:09","slug":"impressionen-der-museumsoeffnung-am-07-05-2023","status":"publish","type":"post","link":"https:\/\/heimatverein-nieder-roden.de\/?p=5245","title":{"rendered":"Impressionen der Museums\u00f6ffnung am 07.05.2023"},"content":{"rendered":"\n<p>Hier sehen Sie eine Galerie zur Museums\u00f6ffnung am Sonntag, den 7. Mai 2023 mit Musik im Museumshof, gespielt durch das Jugendorchester und das Orchester &#8222;Klangfarben&#8220;, des Musikvereins Nieder-Roden e. V.<\/p>\n\n\n\n<p>Vielen Dank an die MusikerInnen, die Dirigentinnen Yvonne B\u00fcttner und Angela Groh und den Musikverein f\u00fcr die musikalische Begleitung!<\/p>\n\n\n\n<p>Au\u00dferdem ein gro\u00dfes Dankesch\u00f6n an Familie Lesnik f\u00fcr Vorbereitung von Museumshof, Museumsstubb (Caf\u00e9) und die Leitung des Dienstes an diesem Tag. Danke auch an Familie Hartmann f\u00fcr den Museumsdienst sowie an Ilse Eberhardt und Uli Biebel f\u00fcr die Begleitung der Ausstellungser\u00f6ffnung!<\/p>\n\n\n\n<p>Nat\u00fcrlich danken wir auch den Kuchenspendern f\u00fcr ihre leckeren Gaben!<\/p>\n\n\n<div class=\"wp-block-image\">\n<figure class=\"aligncenter size-large is-resized\"><a href=\"mv-nieder-roden.de\" target=\"_blank\" rel=\"noreferrer noopener\"><img decoding=\"async\" src=\"https:\/\/heimatverein-nieder-roden.de\/wp-content\/uploads\/2019\/02\/2019-02-17_AKHNR_MVN-Logo_selbstgeb_v1.0-1024x469.png\" alt=\"\" class=\"wp-image-557\" width=\"527\" height=\"241\" srcset=\"https:\/\/heimatverein-nieder-roden.de\/wp-content\/uploads\/2019\/02\/2019-02-17_AKHNR_MVN-Logo_selbstgeb_v1.0-1024x469.png 1024w, https:\/\/heimatverein-nieder-roden.de\/wp-content\/uploads\/2019\/02\/2019-02-17_AKHNR_MVN-Logo_selbstgeb_v1.0-300x137.png 300w, https:\/\/heimatverein-nieder-roden.de\/wp-content\/uploads\/2019\/02\/2019-02-17_AKHNR_MVN-Logo_selbstgeb_v1.0-768x352.png 768w\" sizes=\"(max-width: 527px) 100vw, 527px\" \/><\/a><figcaption class=\"wp-element-caption\">Klicken Sie auf das Logo um zur Internetseite des Musikvereins zu gelangen!<\/figcaption><\/figure>\n<\/div>\n\n<div class=\"wp-block-image\">\n<figure class=\"aligncenter size-large is-resized\"><a href=\"https:\/\/www.mv-nieder-roden.de\/unsere-orchester\/jugendorchester\/\" target=\"_blank\" rel=\"noreferrer noopener\"><img decoding=\"async\" src=\"https:\/\/heimatverein-nieder-roden.de\/wp-content\/uploads\/2023\/05\/MVN_Jugendorchester_Logo-1024x263.png\" alt=\"\" class=\"wp-image-5191\" width=\"494\" height=\"126\" srcset=\"https:\/\/heimatverein-nieder-roden.de\/wp-content\/uploads\/2023\/05\/MVN_Jugendorchester_Logo-1024x263.png 1024w, https:\/\/heimatverein-nieder-roden.de\/wp-content\/uploads\/2023\/05\/MVN_Jugendorchester_Logo-300x77.png 300w, https:\/\/heimatverein-nieder-roden.de\/wp-content\/uploads\/2023\/05\/MVN_Jugendorchester_Logo-768x197.png 768w, https:\/\/heimatverein-nieder-roden.de\/wp-content\/uploads\/2023\/05\/MVN_Jugendorchester_Logo-1536x395.png 1536w, https:\/\/heimatverein-nieder-roden.de\/wp-content\/uploads\/2023\/05\/MVN_Jugendorchester_Logo-2048x526.png 2048w, https:\/\/heimatverein-nieder-roden.de\/wp-content\/uploads\/2023\/05\/MVN_Jugendorchester_Logo-836x215.png 836w, https:\/\/heimatverein-nieder-roden.de\/wp-content\/uploads\/2023\/05\/MVN_Jugendorchester_Logo-560x144.png 560w\" sizes=\"(max-width: 494px) 100vw, 494px\" \/><\/a><figcaption class=\"wp-element-caption\">Klicken Sie auf das Logo um direkt zur Seite des Jugendorchesters zu gelangen!<\/figcaption><\/figure>\n<\/div>\n\n<div class=\"wp-block-image\">\n<figure class=\"aligncenter size-large is-resized\"><a href=\"https:\/\/www.mv-nieder-roden.de\/unsere-orchester\/klangfarben\/\" target=\"_blank\" rel=\"noreferrer noopener\"><img decoding=\"async\" src=\"https:\/\/heimatverein-nieder-roden.de\/wp-content\/uploads\/2023\/05\/MVN_Orchester-Klangfarben_Logo-1024x302.png\" alt=\"\" class=\"wp-image-5190\" width=\"529\" height=\"155\" srcset=\"https:\/\/heimatverein-nieder-roden.de\/wp-content\/uploads\/2023\/05\/MVN_Orchester-Klangfarben_Logo-1024x302.png 1024w, https:\/\/heimatverein-nieder-roden.de\/wp-content\/uploads\/2023\/05\/MVN_Orchester-Klangfarben_Logo-300x89.png 300w, https:\/\/heimatverein-nieder-roden.de\/wp-content\/uploads\/2023\/05\/MVN_Orchester-Klangfarben_Logo-768x227.png 768w, https:\/\/heimatverein-nieder-roden.de\/wp-content\/uploads\/2023\/05\/MVN_Orchester-Klangfarben_Logo-1536x454.png 1536w, https:\/\/heimatverein-nieder-roden.de\/wp-content\/uploads\/2023\/05\/MVN_Orchester-Klangfarben_Logo-2048x605.png 2048w, https:\/\/heimatverein-nieder-roden.de\/wp-content\/uploads\/2023\/05\/MVN_Orchester-Klangfarben_Logo-836x247.png 836w, https:\/\/heimatverein-nieder-roden.de\/wp-content\/uploads\/2023\/05\/MVN_Orchester-Klangfarben_Logo-560x165.png 560w\" sizes=\"(max-width: 529px) 100vw, 529px\" \/><\/a><figcaption class=\"wp-element-caption\">Klicken Sie auf das Logo um direkt zur Seite des Orchesters &#8222;Klangfarben&#8220; zu gelangen!<\/figcaption><\/figure>\n<\/div>\n\n\n<figure class=\"wp-block-gallery has-nested-images columns-default is-cropped wp-block-gallery-1 is-layout-flex wp-block-gallery-is-layout-flex\">\n<figure class=\"wp-block-image size-large\"><a href=\"https:\/\/heimatverein-nieder-roden.de\/wp-content\/uploads\/2023\/05\/2023-05-07_16-30-03_AKHNR_Museumsoeffnung-MiMh-JO-KF-Eroeffnung-JA2023_FMA_IMG_20230507_163003-scaled.jpg\"><img decoding=\"async\" width=\"768\" height=\"1024\" data-id=\"5244\" src=\"https:\/\/heimatverein-nieder-roden.de\/wp-content\/uploads\/2023\/05\/2023-05-07_16-30-03_AKHNR_Museumsoeffnung-MiMh-JO-KF-Eroeffnung-JA2023_FMA_IMG_20230507_163003-768x1024.jpg\" alt=\"\" class=\"wp-image-5244\" srcset=\"https:\/\/heimatverein-nieder-roden.de\/wp-content\/uploads\/2023\/05\/2023-05-07_16-30-03_AKHNR_Museumsoeffnung-MiMh-JO-KF-Eroeffnung-JA2023_FMA_IMG_20230507_163003-768x1024.jpg 768w, https:\/\/heimatverein-nieder-roden.de\/wp-content\/uploads\/2023\/05\/2023-05-07_16-30-03_AKHNR_Museumsoeffnung-MiMh-JO-KF-Eroeffnung-JA2023_FMA_IMG_20230507_163003-225x300.jpg 225w, https:\/\/heimatverein-nieder-roden.de\/wp-content\/uploads\/2023\/05\/2023-05-07_16-30-03_AKHNR_Museumsoeffnung-MiMh-JO-KF-Eroeffnung-JA2023_FMA_IMG_20230507_163003-1152x1536.jpg 1152w, https:\/\/heimatverein-nieder-roden.de\/wp-content\/uploads\/2023\/05\/2023-05-07_16-30-03_AKHNR_Museumsoeffnung-MiMh-JO-KF-Eroeffnung-JA2023_FMA_IMG_20230507_163003-1536x2048.jpg 1536w, https:\/\/heimatverein-nieder-roden.de\/wp-content\/uploads\/2023\/05\/2023-05-07_16-30-03_AKHNR_Museumsoeffnung-MiMh-JO-KF-Eroeffnung-JA2023_FMA_IMG_20230507_163003-836x1115.jpg 836w, https:\/\/heimatverein-nieder-roden.de\/wp-content\/uploads\/2023\/05\/2023-05-07_16-30-03_AKHNR_Museumsoeffnung-MiMh-JO-KF-Eroeffnung-JA2023_FMA_IMG_20230507_163003-560x747.jpg 560w, https:\/\/heimatverein-nieder-roden.de\/wp-content\/uploads\/2023\/05\/2023-05-07_16-30-03_AKHNR_Museumsoeffnung-MiMh-JO-KF-Eroeffnung-JA2023_FMA_IMG_20230507_163003-scaled.jpg 1920w\" sizes=\"(max-width: 768px) 100vw, 768px\" \/><\/a><\/figure>\n\n\n\n<figure class=\"wp-block-image size-large\"><a href=\"https:\/\/heimatverein-nieder-roden.de\/wp-content\/uploads\/2023\/05\/2023-05-07_16-29-07_AKHNR_Museumsoeffnung-MiMh-JO-KF-Eroeffnung-JA2023_FMA_IMG_20230507_162907_HDR-scaled.jpg\"><img decoding=\"async\" width=\"1024\" height=\"768\" data-id=\"5243\" src=\"https:\/\/heimatverein-nieder-roden.de\/wp-content\/uploads\/2023\/05\/2023-05-07_16-29-07_AKHNR_Museumsoeffnung-MiMh-JO-KF-Eroeffnung-JA2023_FMA_IMG_20230507_162907_HDR-1024x768.jpg\" alt=\"\" class=\"wp-image-5243\" srcset=\"https:\/\/heimatverein-nieder-roden.de\/wp-content\/uploads\/2023\/05\/2023-05-07_16-29-07_AKHNR_Museumsoeffnung-MiMh-JO-KF-Eroeffnung-JA2023_FMA_IMG_20230507_162907_HDR-1024x768.jpg 1024w, https:\/\/heimatverein-nieder-roden.de\/wp-content\/uploads\/2023\/05\/2023-05-07_16-29-07_AKHNR_Museumsoeffnung-MiMh-JO-KF-Eroeffnung-JA2023_FMA_IMG_20230507_162907_HDR-300x225.jpg 300w, https:\/\/heimatverein-nieder-roden.de\/wp-content\/uploads\/2023\/05\/2023-05-07_16-29-07_AKHNR_Museumsoeffnung-MiMh-JO-KF-Eroeffnung-JA2023_FMA_IMG_20230507_162907_HDR-768x576.jpg 768w, https:\/\/heimatverein-nieder-roden.de\/wp-content\/uploads\/2023\/05\/2023-05-07_16-29-07_AKHNR_Museumsoeffnung-MiMh-JO-KF-Eroeffnung-JA2023_FMA_IMG_20230507_162907_HDR-1536x1152.jpg 1536w, https:\/\/heimatverein-nieder-roden.de\/wp-content\/uploads\/2023\/05\/2023-05-07_16-29-07_AKHNR_Museumsoeffnung-MiMh-JO-KF-Eroeffnung-JA2023_FMA_IMG_20230507_162907_HDR-2048x1536.jpg 2048w, https:\/\/heimatverein-nieder-roden.de\/wp-content\/uploads\/2023\/05\/2023-05-07_16-29-07_AKHNR_Museumsoeffnung-MiMh-JO-KF-Eroeffnung-JA2023_FMA_IMG_20230507_162907_HDR-836x627.jpg 836w, https:\/\/heimatverein-nieder-roden.de\/wp-content\/uploads\/2023\/05\/2023-05-07_16-29-07_AKHNR_Museumsoeffnung-MiMh-JO-KF-Eroeffnung-JA2023_FMA_IMG_20230507_162907_HDR-560x420.jpg 560w\" sizes=\"(max-width: 1024px) 100vw, 1024px\" \/><\/a><\/figure>\n\n\n\n<figure class=\"wp-block-image size-large\"><a href=\"https:\/\/heimatverein-nieder-roden.de\/wp-content\/uploads\/2023\/05\/2023-05-07_16-16-41_AKHNR_Museumsoeffnung-MiMh-JO-KF-Eroeffnung-JA2023_FMA_IMG_20230507_161641-scaled.jpg\"><img decoding=\"async\" width=\"1024\" height=\"768\" data-id=\"5242\" src=\"https:\/\/heimatverein-nieder-roden.de\/wp-content\/uploads\/2023\/05\/2023-05-07_16-16-41_AKHNR_Museumsoeffnung-MiMh-JO-KF-Eroeffnung-JA2023_FMA_IMG_20230507_161641-1024x768.jpg\" alt=\"\" class=\"wp-image-5242\" srcset=\"https:\/\/heimatverein-nieder-roden.de\/wp-content\/uploads\/2023\/05\/2023-05-07_16-16-41_AKHNR_Museumsoeffnung-MiMh-JO-KF-Eroeffnung-JA2023_FMA_IMG_20230507_161641-1024x768.jpg 1024w, https:\/\/heimatverein-nieder-roden.de\/wp-content\/uploads\/2023\/05\/2023-05-07_16-16-41_AKHNR_Museumsoeffnung-MiMh-JO-KF-Eroeffnung-JA2023_FMA_IMG_20230507_161641-300x225.jpg 300w, https:\/\/heimatverein-nieder-roden.de\/wp-content\/uploads\/2023\/05\/2023-05-07_16-16-41_AKHNR_Museumsoeffnung-MiMh-JO-KF-Eroeffnung-JA2023_FMA_IMG_20230507_161641-768x576.jpg 768w, https:\/\/heimatverein-nieder-roden.de\/wp-content\/uploads\/2023\/05\/2023-05-07_16-16-41_AKHNR_Museumsoeffnung-MiMh-JO-KF-Eroeffnung-JA2023_FMA_IMG_20230507_161641-1536x1152.jpg 1536w, https:\/\/heimatverein-nieder-roden.de\/wp-content\/uploads\/2023\/05\/2023-05-07_16-16-41_AKHNR_Museumsoeffnung-MiMh-JO-KF-Eroeffnung-JA2023_FMA_IMG_20230507_161641-2048x1536.jpg 2048w, https:\/\/heimatverein-nieder-roden.de\/wp-content\/uploads\/2023\/05\/2023-05-07_16-16-41_AKHNR_Museumsoeffnung-MiMh-JO-KF-Eroeffnung-JA2023_FMA_IMG_20230507_161641-836x627.jpg 836w, https:\/\/heimatverein-nieder-roden.de\/wp-content\/uploads\/2023\/05\/2023-05-07_16-16-41_AKHNR_Museumsoeffnung-MiMh-JO-KF-Eroeffnung-JA2023_FMA_IMG_20230507_161641-560x420.jpg 560w\" sizes=\"(max-width: 1024px) 100vw, 1024px\" \/><\/a><\/figure>\n\n\n\n<figure class=\"wp-block-image size-large\"><a href=\"https:\/\/heimatverein-nieder-roden.de\/wp-content\/uploads\/2023\/05\/2023-05-07_16-16-30_AKHNR_Museumsoeffnung-MiMh-JO-KF-Eroeffnung-JA2023_FMA_IMG_20230507_161630-scaled.jpg\"><img decoding=\"async\" width=\"1024\" height=\"768\" data-id=\"5241\" src=\"https:\/\/heimatverein-nieder-roden.de\/wp-content\/uploads\/2023\/05\/2023-05-07_16-16-30_AKHNR_Museumsoeffnung-MiMh-JO-KF-Eroeffnung-JA2023_FMA_IMG_20230507_161630-1024x768.jpg\" alt=\"\" class=\"wp-image-5241\" srcset=\"https:\/\/heimatverein-nieder-roden.de\/wp-content\/uploads\/2023\/05\/2023-05-07_16-16-30_AKHNR_Museumsoeffnung-MiMh-JO-KF-Eroeffnung-JA2023_FMA_IMG_20230507_161630-1024x768.jpg 1024w, https:\/\/heimatverein-nieder-roden.de\/wp-content\/uploads\/2023\/05\/2023-05-07_16-16-30_AKHNR_Museumsoeffnung-MiMh-JO-KF-Eroeffnung-JA2023_FMA_IMG_20230507_161630-300x225.jpg 300w, https:\/\/heimatverein-nieder-roden.de\/wp-content\/uploads\/2023\/05\/2023-05-07_16-16-30_AKHNR_Museumsoeffnung-MiMh-JO-KF-Eroeffnung-JA2023_FMA_IMG_20230507_161630-768x576.jpg 768w, https:\/\/heimatverein-nieder-roden.de\/wp-content\/uploads\/2023\/05\/2023-05-07_16-16-30_AKHNR_Museumsoeffnung-MiMh-JO-KF-Eroeffnung-JA2023_FMA_IMG_20230507_161630-1536x1152.jpg 1536w, https:\/\/heimatverein-nieder-roden.de\/wp-content\/uploads\/2023\/05\/2023-05-07_16-16-30_AKHNR_Museumsoeffnung-MiMh-JO-KF-Eroeffnung-JA2023_FMA_IMG_20230507_161630-2048x1536.jpg 2048w, https:\/\/heimatverein-nieder-roden.de\/wp-content\/uploads\/2023\/05\/2023-05-07_16-16-30_AKHNR_Museumsoeffnung-MiMh-JO-KF-Eroeffnung-JA2023_FMA_IMG_20230507_161630-836x627.jpg 836w, https:\/\/heimatverein-nieder-roden.de\/wp-content\/uploads\/2023\/05\/2023-05-07_16-16-30_AKHNR_Museumsoeffnung-MiMh-JO-KF-Eroeffnung-JA2023_FMA_IMG_20230507_161630-560x420.jpg 560w\" sizes=\"(max-width: 1024px) 100vw, 1024px\" \/><\/a><\/figure>\n\n\n\n<figure class=\"wp-block-image size-large\"><a href=\"https:\/\/heimatverein-nieder-roden.de\/wp-content\/uploads\/2023\/05\/2023-05-07_16-16-05_AKHNR_Museumsoeffnung-MiMh-JO-KF-Eroeffnung-JA2023_FMA_IMG_20230507_161605-scaled.jpg\"><img decoding=\"async\" width=\"1024\" height=\"768\" data-id=\"5240\" src=\"https:\/\/heimatverein-nieder-roden.de\/wp-content\/uploads\/2023\/05\/2023-05-07_16-16-05_AKHNR_Museumsoeffnung-MiMh-JO-KF-Eroeffnung-JA2023_FMA_IMG_20230507_161605-1024x768.jpg\" alt=\"\" class=\"wp-image-5240\" srcset=\"https:\/\/heimatverein-nieder-roden.de\/wp-content\/uploads\/2023\/05\/2023-05-07_16-16-05_AKHNR_Museumsoeffnung-MiMh-JO-KF-Eroeffnung-JA2023_FMA_IMG_20230507_161605-1024x768.jpg 1024w, https:\/\/heimatverein-nieder-roden.de\/wp-content\/uploads\/2023\/05\/2023-05-07_16-16-05_AKHNR_Museumsoeffnung-MiMh-JO-KF-Eroeffnung-JA2023_FMA_IMG_20230507_161605-300x225.jpg 300w, https:\/\/heimatverein-nieder-roden.de\/wp-content\/uploads\/2023\/05\/2023-05-07_16-16-05_AKHNR_Museumsoeffnung-MiMh-JO-KF-Eroeffnung-JA2023_FMA_IMG_20230507_161605-768x576.jpg 768w, https:\/\/heimatverein-nieder-roden.de\/wp-content\/uploads\/2023\/05\/2023-05-07_16-16-05_AKHNR_Museumsoeffnung-MiMh-JO-KF-Eroeffnung-JA2023_FMA_IMG_20230507_161605-1536x1152.jpg 1536w, https:\/\/heimatverein-nieder-roden.de\/wp-content\/uploads\/2023\/05\/2023-05-07_16-16-05_AKHNR_Museumsoeffnung-MiMh-JO-KF-Eroeffnung-JA2023_FMA_IMG_20230507_161605-2048x1536.jpg 2048w, https:\/\/heimatverein-nieder-roden.de\/wp-content\/uploads\/2023\/05\/2023-05-07_16-16-05_AKHNR_Museumsoeffnung-MiMh-JO-KF-Eroeffnung-JA2023_FMA_IMG_20230507_161605-836x627.jpg 836w, https:\/\/heimatverein-nieder-roden.de\/wp-content\/uploads\/2023\/05\/2023-05-07_16-16-05_AKHNR_Museumsoeffnung-MiMh-JO-KF-Eroeffnung-JA2023_FMA_IMG_20230507_161605-560x420.jpg 560w\" sizes=\"(max-width: 1024px) 100vw, 1024px\" \/><\/a><\/figure>\n\n\n\n<figure class=\"wp-block-image size-large\"><a href=\"https:\/\/heimatverein-nieder-roden.de\/wp-content\/uploads\/2023\/05\/2023-05-07_16-15-25_AKHNR_Museumsoeffnung-MiMh-JO-KF-Eroeffnung-JA2023_FMA_IMG_20230507_161525-scaled.jpg\"><img decoding=\"async\" width=\"768\" height=\"1024\" data-id=\"5239\" src=\"https:\/\/heimatverein-nieder-roden.de\/wp-content\/uploads\/2023\/05\/2023-05-07_16-15-25_AKHNR_Museumsoeffnung-MiMh-JO-KF-Eroeffnung-JA2023_FMA_IMG_20230507_161525-768x1024.jpg\" alt=\"\" class=\"wp-image-5239\" srcset=\"https:\/\/heimatverein-nieder-roden.de\/wp-content\/uploads\/2023\/05\/2023-05-07_16-15-25_AKHNR_Museumsoeffnung-MiMh-JO-KF-Eroeffnung-JA2023_FMA_IMG_20230507_161525-768x1024.jpg 768w, https:\/\/heimatverein-nieder-roden.de\/wp-content\/uploads\/2023\/05\/2023-05-07_16-15-25_AKHNR_Museumsoeffnung-MiMh-JO-KF-Eroeffnung-JA2023_FMA_IMG_20230507_161525-225x300.jpg 225w, https:\/\/heimatverein-nieder-roden.de\/wp-content\/uploads\/2023\/05\/2023-05-07_16-15-25_AKHNR_Museumsoeffnung-MiMh-JO-KF-Eroeffnung-JA2023_FMA_IMG_20230507_161525-1152x1536.jpg 1152w, https:\/\/heimatverein-nieder-roden.de\/wp-content\/uploads\/2023\/05\/2023-05-07_16-15-25_AKHNR_Museumsoeffnung-MiMh-JO-KF-Eroeffnung-JA2023_FMA_IMG_20230507_161525-1536x2048.jpg 1536w, https:\/\/heimatverein-nieder-roden.de\/wp-content\/uploads\/2023\/05\/2023-05-07_16-15-25_AKHNR_Museumsoeffnung-MiMh-JO-KF-Eroeffnung-JA2023_FMA_IMG_20230507_161525-836x1115.jpg 836w, https:\/\/heimatverein-nieder-roden.de\/wp-content\/uploads\/2023\/05\/2023-05-07_16-15-25_AKHNR_Museumsoeffnung-MiMh-JO-KF-Eroeffnung-JA2023_FMA_IMG_20230507_161525-560x747.jpg 560w, https:\/\/heimatverein-nieder-roden.de\/wp-content\/uploads\/2023\/05\/2023-05-07_16-15-25_AKHNR_Museumsoeffnung-MiMh-JO-KF-Eroeffnung-JA2023_FMA_IMG_20230507_161525-scaled.jpg 1920w\" sizes=\"(max-width: 768px) 100vw, 768px\" \/><\/a><\/figure>\n\n\n\n<figure class=\"wp-block-image size-large\"><a href=\"https:\/\/heimatverein-nieder-roden.de\/wp-content\/uploads\/2023\/05\/2023-05-07_16-13-54_AKHNR_Museumsoeffnung-MiMh-JO-KF-Eroeffnung-JA2023_FMA_IMG_20230507_161354-scaled.jpg\"><img decoding=\"async\" width=\"1024\" height=\"768\" data-id=\"5238\" src=\"https:\/\/heimatverein-nieder-roden.de\/wp-content\/uploads\/2023\/05\/2023-05-07_16-13-54_AKHNR_Museumsoeffnung-MiMh-JO-KF-Eroeffnung-JA2023_FMA_IMG_20230507_161354-1024x768.jpg\" alt=\"\" class=\"wp-image-5238\" srcset=\"https:\/\/heimatverein-nieder-roden.de\/wp-content\/uploads\/2023\/05\/2023-05-07_16-13-54_AKHNR_Museumsoeffnung-MiMh-JO-KF-Eroeffnung-JA2023_FMA_IMG_20230507_161354-1024x768.jpg 1024w, https:\/\/heimatverein-nieder-roden.de\/wp-content\/uploads\/2023\/05\/2023-05-07_16-13-54_AKHNR_Museumsoeffnung-MiMh-JO-KF-Eroeffnung-JA2023_FMA_IMG_20230507_161354-300x225.jpg 300w, https:\/\/heimatverein-nieder-roden.de\/wp-content\/uploads\/2023\/05\/2023-05-07_16-13-54_AKHNR_Museumsoeffnung-MiMh-JO-KF-Eroeffnung-JA2023_FMA_IMG_20230507_161354-768x576.jpg 768w, https:\/\/heimatverein-nieder-roden.de\/wp-content\/uploads\/2023\/05\/2023-05-07_16-13-54_AKHNR_Museumsoeffnung-MiMh-JO-KF-Eroeffnung-JA2023_FMA_IMG_20230507_161354-1536x1152.jpg 1536w, https:\/\/heimatverein-nieder-roden.de\/wp-content\/uploads\/2023\/05\/2023-05-07_16-13-54_AKHNR_Museumsoeffnung-MiMh-JO-KF-Eroeffnung-JA2023_FMA_IMG_20230507_161354-2048x1536.jpg 2048w, https:\/\/heimatverein-nieder-roden.de\/wp-content\/uploads\/2023\/05\/2023-05-07_16-13-54_AKHNR_Museumsoeffnung-MiMh-JO-KF-Eroeffnung-JA2023_FMA_IMG_20230507_161354-836x627.jpg 836w, https:\/\/heimatverein-nieder-roden.de\/wp-content\/uploads\/2023\/05\/2023-05-07_16-13-54_AKHNR_Museumsoeffnung-MiMh-JO-KF-Eroeffnung-JA2023_FMA_IMG_20230507_161354-560x420.jpg 560w\" sizes=\"(max-width: 1024px) 100vw, 1024px\" \/><\/a><\/figure>\n\n\n\n<figure class=\"wp-block-image size-large\"><a href=\"https:\/\/heimatverein-nieder-roden.de\/wp-content\/uploads\/2023\/05\/2023-05-07_16-13-36_AKHNR_Museumsoeffnung-MiMh-JO-KF-Eroeffnung-JA2023_FMA_IMG_20230507_161336-scaled.jpg\"><img decoding=\"async\" width=\"1024\" height=\"768\" data-id=\"5237\" src=\"https:\/\/heimatverein-nieder-roden.de\/wp-content\/uploads\/2023\/05\/2023-05-07_16-13-36_AKHNR_Museumsoeffnung-MiMh-JO-KF-Eroeffnung-JA2023_FMA_IMG_20230507_161336-1024x768.jpg\" alt=\"\" class=\"wp-image-5237\" srcset=\"https:\/\/heimatverein-nieder-roden.de\/wp-content\/uploads\/2023\/05\/2023-05-07_16-13-36_AKHNR_Museumsoeffnung-MiMh-JO-KF-Eroeffnung-JA2023_FMA_IMG_20230507_161336-1024x768.jpg 1024w, https:\/\/heimatverein-nieder-roden.de\/wp-content\/uploads\/2023\/05\/2023-05-07_16-13-36_AKHNR_Museumsoeffnung-MiMh-JO-KF-Eroeffnung-JA2023_FMA_IMG_20230507_161336-300x225.jpg 300w, https:\/\/heimatverein-nieder-roden.de\/wp-content\/uploads\/2023\/05\/2023-05-07_16-13-36_AKHNR_Museumsoeffnung-MiMh-JO-KF-Eroeffnung-JA2023_FMA_IMG_20230507_161336-768x576.jpg 768w, https:\/\/heimatverein-nieder-roden.de\/wp-content\/uploads\/2023\/05\/2023-05-07_16-13-36_AKHNR_Museumsoeffnung-MiMh-JO-KF-Eroeffnung-JA2023_FMA_IMG_20230507_161336-1536x1152.jpg 1536w, https:\/\/heimatverein-nieder-roden.de\/wp-content\/uploads\/2023\/05\/2023-05-07_16-13-36_AKHNR_Museumsoeffnung-MiMh-JO-KF-Eroeffnung-JA2023_FMA_IMG_20230507_161336-2048x1536.jpg 2048w, https:\/\/heimatverein-nieder-roden.de\/wp-content\/uploads\/2023\/05\/2023-05-07_16-13-36_AKHNR_Museumsoeffnung-MiMh-JO-KF-Eroeffnung-JA2023_FMA_IMG_20230507_161336-836x627.jpg 836w, https:\/\/heimatverein-nieder-roden.de\/wp-content\/uploads\/2023\/05\/2023-05-07_16-13-36_AKHNR_Museumsoeffnung-MiMh-JO-KF-Eroeffnung-JA2023_FMA_IMG_20230507_161336-560x420.jpg 560w\" sizes=\"(max-width: 1024px) 100vw, 1024px\" \/><\/a><\/figure>\n\n\n\n<figure class=\"wp-block-image size-large\"><a href=\"https:\/\/heimatverein-nieder-roden.de\/wp-content\/uploads\/2023\/05\/2023-05-07_16-13-26_AKHNR_Museumsoeffnung-MiMh-JO-KF-Eroeffnung-JA2023_FMA_IMG_20230507_161326-scaled.jpg\"><img decoding=\"async\" width=\"1024\" height=\"768\" data-id=\"5236\" src=\"https:\/\/heimatverein-nieder-roden.de\/wp-content\/uploads\/2023\/05\/2023-05-07_16-13-26_AKHNR_Museumsoeffnung-MiMh-JO-KF-Eroeffnung-JA2023_FMA_IMG_20230507_161326-1024x768.jpg\" alt=\"\" class=\"wp-image-5236\" srcset=\"https:\/\/heimatverein-nieder-roden.de\/wp-content\/uploads\/2023\/05\/2023-05-07_16-13-26_AKHNR_Museumsoeffnung-MiMh-JO-KF-Eroeffnung-JA2023_FMA_IMG_20230507_161326-1024x768.jpg 1024w, https:\/\/heimatverein-nieder-roden.de\/wp-content\/uploads\/2023\/05\/2023-05-07_16-13-26_AKHNR_Museumsoeffnung-MiMh-JO-KF-Eroeffnung-JA2023_FMA_IMG_20230507_161326-300x225.jpg 300w, https:\/\/heimatverein-nieder-roden.de\/wp-content\/uploads\/2023\/05\/2023-05-07_16-13-26_AKHNR_Museumsoeffnung-MiMh-JO-KF-Eroeffnung-JA2023_FMA_IMG_20230507_161326-768x576.jpg 768w, https:\/\/heimatverein-nieder-roden.de\/wp-content\/uploads\/2023\/05\/2023-05-07_16-13-26_AKHNR_Museumsoeffnung-MiMh-JO-KF-Eroeffnung-JA2023_FMA_IMG_20230507_161326-1536x1152.jpg 1536w, https:\/\/heimatverein-nieder-roden.de\/wp-content\/uploads\/2023\/05\/2023-05-07_16-13-26_AKHNR_Museumsoeffnung-MiMh-JO-KF-Eroeffnung-JA2023_FMA_IMG_20230507_161326-2048x1536.jpg 2048w, https:\/\/heimatverein-nieder-roden.de\/wp-content\/uploads\/2023\/05\/2023-05-07_16-13-26_AKHNR_Museumsoeffnung-MiMh-JO-KF-Eroeffnung-JA2023_FMA_IMG_20230507_161326-836x627.jpg 836w, https:\/\/heimatverein-nieder-roden.de\/wp-content\/uploads\/2023\/05\/2023-05-07_16-13-26_AKHNR_Museumsoeffnung-MiMh-JO-KF-Eroeffnung-JA2023_FMA_IMG_20230507_161326-560x420.jpg 560w\" sizes=\"(max-width: 1024px) 100vw, 1024px\" \/><\/a><\/figure>\n\n\n\n<figure class=\"wp-block-image size-large\"><a href=\"https:\/\/heimatverein-nieder-roden.de\/wp-content\/uploads\/2023\/05\/2023-05-07_16-13-17_AKHNR_Museumsoeffnung-MiMh-JO-KF-Eroeffnung-JA2023_ALE_IMG_20230507_161315-scaled.jpg\"><img decoding=\"async\" width=\"768\" height=\"1024\" data-id=\"5235\" src=\"https:\/\/heimatverein-nieder-roden.de\/wp-content\/uploads\/2023\/05\/2023-05-07_16-13-17_AKHNR_Museumsoeffnung-MiMh-JO-KF-Eroeffnung-JA2023_ALE_IMG_20230507_161315-768x1024.jpg\" alt=\"\" class=\"wp-image-5235\" srcset=\"https:\/\/heimatverein-nieder-roden.de\/wp-content\/uploads\/2023\/05\/2023-05-07_16-13-17_AKHNR_Museumsoeffnung-MiMh-JO-KF-Eroeffnung-JA2023_ALE_IMG_20230507_161315-768x1024.jpg 768w, https:\/\/heimatverein-nieder-roden.de\/wp-content\/uploads\/2023\/05\/2023-05-07_16-13-17_AKHNR_Museumsoeffnung-MiMh-JO-KF-Eroeffnung-JA2023_ALE_IMG_20230507_161315-225x300.jpg 225w, https:\/\/heimatverein-nieder-roden.de\/wp-content\/uploads\/2023\/05\/2023-05-07_16-13-17_AKHNR_Museumsoeffnung-MiMh-JO-KF-Eroeffnung-JA2023_ALE_IMG_20230507_161315-1152x1536.jpg 1152w, https:\/\/heimatverein-nieder-roden.de\/wp-content\/uploads\/2023\/05\/2023-05-07_16-13-17_AKHNR_Museumsoeffnung-MiMh-JO-KF-Eroeffnung-JA2023_ALE_IMG_20230507_161315-1536x2048.jpg 1536w, https:\/\/heimatverein-nieder-roden.de\/wp-content\/uploads\/2023\/05\/2023-05-07_16-13-17_AKHNR_Museumsoeffnung-MiMh-JO-KF-Eroeffnung-JA2023_ALE_IMG_20230507_161315-836x1115.jpg 836w, https:\/\/heimatverein-nieder-roden.de\/wp-content\/uploads\/2023\/05\/2023-05-07_16-13-17_AKHNR_Museumsoeffnung-MiMh-JO-KF-Eroeffnung-JA2023_ALE_IMG_20230507_161315-560x747.jpg 560w, https:\/\/heimatverein-nieder-roden.de\/wp-content\/uploads\/2023\/05\/2023-05-07_16-13-17_AKHNR_Museumsoeffnung-MiMh-JO-KF-Eroeffnung-JA2023_ALE_IMG_20230507_161315-scaled.jpg 1920w\" sizes=\"(max-width: 768px) 100vw, 768px\" \/><\/a><\/figure>\n\n\n\n<figure class=\"wp-block-image size-large\"><a href=\"https:\/\/heimatverein-nieder-roden.de\/wp-content\/uploads\/2023\/05\/2023-05-07_15-58-32_AKHNR_Museumsoeffnung-MiMh-JO-KF-Eroeffnung-JA2023_UBI_20230507_155832-scaled.jpg\"><img decoding=\"async\" width=\"768\" height=\"1024\" data-id=\"5234\" src=\"https:\/\/heimatverein-nieder-roden.de\/wp-content\/uploads\/2023\/05\/2023-05-07_15-58-32_AKHNR_Museumsoeffnung-MiMh-JO-KF-Eroeffnung-JA2023_UBI_20230507_155832-768x1024.jpg\" alt=\"\" class=\"wp-image-5234\" srcset=\"https:\/\/heimatverein-nieder-roden.de\/wp-content\/uploads\/2023\/05\/2023-05-07_15-58-32_AKHNR_Museumsoeffnung-MiMh-JO-KF-Eroeffnung-JA2023_UBI_20230507_155832-768x1024.jpg 768w, https:\/\/heimatverein-nieder-roden.de\/wp-content\/uploads\/2023\/05\/2023-05-07_15-58-32_AKHNR_Museumsoeffnung-MiMh-JO-KF-Eroeffnung-JA2023_UBI_20230507_155832-225x300.jpg 225w, https:\/\/heimatverein-nieder-roden.de\/wp-content\/uploads\/2023\/05\/2023-05-07_15-58-32_AKHNR_Museumsoeffnung-MiMh-JO-KF-Eroeffnung-JA2023_UBI_20230507_155832-1152x1536.jpg 1152w, https:\/\/heimatverein-nieder-roden.de\/wp-content\/uploads\/2023\/05\/2023-05-07_15-58-32_AKHNR_Museumsoeffnung-MiMh-JO-KF-Eroeffnung-JA2023_UBI_20230507_155832-1536x2048.jpg 1536w, https:\/\/heimatverein-nieder-roden.de\/wp-content\/uploads\/2023\/05\/2023-05-07_15-58-32_AKHNR_Museumsoeffnung-MiMh-JO-KF-Eroeffnung-JA2023_UBI_20230507_155832-836x1115.jpg 836w, https:\/\/heimatverein-nieder-roden.de\/wp-content\/uploads\/2023\/05\/2023-05-07_15-58-32_AKHNR_Museumsoeffnung-MiMh-JO-KF-Eroeffnung-JA2023_UBI_20230507_155832-560x747.jpg 560w, https:\/\/heimatverein-nieder-roden.de\/wp-content\/uploads\/2023\/05\/2023-05-07_15-58-32_AKHNR_Museumsoeffnung-MiMh-JO-KF-Eroeffnung-JA2023_UBI_20230507_155832-scaled.jpg 1920w\" sizes=\"(max-width: 768px) 100vw, 768px\" \/><\/a><\/figure>\n\n\n\n<figure class=\"wp-block-image size-large\"><a href=\"https:\/\/heimatverein-nieder-roden.de\/wp-content\/uploads\/2023\/05\/2023-05-07_15-49-06_AKHNR_Museumsoeffnung-MiMh-JO-KF-Eroeffnung-JA2023_UBI_20230507_154906-scaled.jpg\"><img decoding=\"async\" width=\"1024\" height=\"768\" data-id=\"5233\" src=\"https:\/\/heimatverein-nieder-roden.de\/wp-content\/uploads\/2023\/05\/2023-05-07_15-49-06_AKHNR_Museumsoeffnung-MiMh-JO-KF-Eroeffnung-JA2023_UBI_20230507_154906-1024x768.jpg\" alt=\"\" class=\"wp-image-5233\" srcset=\"https:\/\/heimatverein-nieder-roden.de\/wp-content\/uploads\/2023\/05\/2023-05-07_15-49-06_AKHNR_Museumsoeffnung-MiMh-JO-KF-Eroeffnung-JA2023_UBI_20230507_154906-1024x768.jpg 1024w, https:\/\/heimatverein-nieder-roden.de\/wp-content\/uploads\/2023\/05\/2023-05-07_15-49-06_AKHNR_Museumsoeffnung-MiMh-JO-KF-Eroeffnung-JA2023_UBI_20230507_154906-300x225.jpg 300w, https:\/\/heimatverein-nieder-roden.de\/wp-content\/uploads\/2023\/05\/2023-05-07_15-49-06_AKHNR_Museumsoeffnung-MiMh-JO-KF-Eroeffnung-JA2023_UBI_20230507_154906-768x576.jpg 768w, https:\/\/heimatverein-nieder-roden.de\/wp-content\/uploads\/2023\/05\/2023-05-07_15-49-06_AKHNR_Museumsoeffnung-MiMh-JO-KF-Eroeffnung-JA2023_UBI_20230507_154906-1536x1152.jpg 1536w, https:\/\/heimatverein-nieder-roden.de\/wp-content\/uploads\/2023\/05\/2023-05-07_15-49-06_AKHNR_Museumsoeffnung-MiMh-JO-KF-Eroeffnung-JA2023_UBI_20230507_154906-2048x1536.jpg 2048w, https:\/\/heimatverein-nieder-roden.de\/wp-content\/uploads\/2023\/05\/2023-05-07_15-49-06_AKHNR_Museumsoeffnung-MiMh-JO-KF-Eroeffnung-JA2023_UBI_20230507_154906-836x627.jpg 836w, https:\/\/heimatverein-nieder-roden.de\/wp-content\/uploads\/2023\/05\/2023-05-07_15-49-06_AKHNR_Museumsoeffnung-MiMh-JO-KF-Eroeffnung-JA2023_UBI_20230507_154906-560x420.jpg 560w\" sizes=\"(max-width: 1024px) 100vw, 1024px\" \/><\/a><\/figure>\n\n\n\n<figure class=\"wp-block-image size-large\"><a href=\"https:\/\/heimatverein-nieder-roden.de\/wp-content\/uploads\/2023\/05\/2023-05-07_15-35-18_AKHNR_Museumsoeffnung-MiMh-JO-KF-Eroeffnung-JA2023_UBI_20230507_153518-scaled.jpg\"><img decoding=\"async\" width=\"768\" height=\"1024\" data-id=\"5232\" src=\"https:\/\/heimatverein-nieder-roden.de\/wp-content\/uploads\/2023\/05\/2023-05-07_15-35-18_AKHNR_Museumsoeffnung-MiMh-JO-KF-Eroeffnung-JA2023_UBI_20230507_153518-768x1024.jpg\" alt=\"\" class=\"wp-image-5232\" srcset=\"https:\/\/heimatverein-nieder-roden.de\/wp-content\/uploads\/2023\/05\/2023-05-07_15-35-18_AKHNR_Museumsoeffnung-MiMh-JO-KF-Eroeffnung-JA2023_UBI_20230507_153518-768x1024.jpg 768w, https:\/\/heimatverein-nieder-roden.de\/wp-content\/uploads\/2023\/05\/2023-05-07_15-35-18_AKHNR_Museumsoeffnung-MiMh-JO-KF-Eroeffnung-JA2023_UBI_20230507_153518-225x300.jpg 225w, https:\/\/heimatverein-nieder-roden.de\/wp-content\/uploads\/2023\/05\/2023-05-07_15-35-18_AKHNR_Museumsoeffnung-MiMh-JO-KF-Eroeffnung-JA2023_UBI_20230507_153518-1152x1536.jpg 1152w, https:\/\/heimatverein-nieder-roden.de\/wp-content\/uploads\/2023\/05\/2023-05-07_15-35-18_AKHNR_Museumsoeffnung-MiMh-JO-KF-Eroeffnung-JA2023_UBI_20230507_153518-1536x2048.jpg 1536w, https:\/\/heimatverein-nieder-roden.de\/wp-content\/uploads\/2023\/05\/2023-05-07_15-35-18_AKHNR_Museumsoeffnung-MiMh-JO-KF-Eroeffnung-JA2023_UBI_20230507_153518-836x1115.jpg 836w, https:\/\/heimatverein-nieder-roden.de\/wp-content\/uploads\/2023\/05\/2023-05-07_15-35-18_AKHNR_Museumsoeffnung-MiMh-JO-KF-Eroeffnung-JA2023_UBI_20230507_153518-560x747.jpg 560w, https:\/\/heimatverein-nieder-roden.de\/wp-content\/uploads\/2023\/05\/2023-05-07_15-35-18_AKHNR_Museumsoeffnung-MiMh-JO-KF-Eroeffnung-JA2023_UBI_20230507_153518-scaled.jpg 1920w\" sizes=\"(max-width: 768px) 100vw, 768px\" \/><\/a><\/figure>\n\n\n\n<figure class=\"wp-block-image size-large\"><a href=\"https:\/\/heimatverein-nieder-roden.de\/wp-content\/uploads\/2023\/05\/2023-05-07_15-35-08_AKHNR_Museumsoeffnung-MiMh-JO-KF-Eroeffnung-JA2023_UBI_20230507_161910-scaled.jpg\"><img decoding=\"async\" width=\"1024\" height=\"768\" data-id=\"5231\" src=\"https:\/\/heimatverein-nieder-roden.de\/wp-content\/uploads\/2023\/05\/2023-05-07_15-35-08_AKHNR_Museumsoeffnung-MiMh-JO-KF-Eroeffnung-JA2023_UBI_20230507_161910-1024x768.jpg\" alt=\"\" class=\"wp-image-5231\" srcset=\"https:\/\/heimatverein-nieder-roden.de\/wp-content\/uploads\/2023\/05\/2023-05-07_15-35-08_AKHNR_Museumsoeffnung-MiMh-JO-KF-Eroeffnung-JA2023_UBI_20230507_161910-1024x768.jpg 1024w, https:\/\/heimatverein-nieder-roden.de\/wp-content\/uploads\/2023\/05\/2023-05-07_15-35-08_AKHNR_Museumsoeffnung-MiMh-JO-KF-Eroeffnung-JA2023_UBI_20230507_161910-300x225.jpg 300w, https:\/\/heimatverein-nieder-roden.de\/wp-content\/uploads\/2023\/05\/2023-05-07_15-35-08_AKHNR_Museumsoeffnung-MiMh-JO-KF-Eroeffnung-JA2023_UBI_20230507_161910-768x576.jpg 768w, https:\/\/heimatverein-nieder-roden.de\/wp-content\/uploads\/2023\/05\/2023-05-07_15-35-08_AKHNR_Museumsoeffnung-MiMh-JO-KF-Eroeffnung-JA2023_UBI_20230507_161910-1536x1152.jpg 1536w, https:\/\/heimatverein-nieder-roden.de\/wp-content\/uploads\/2023\/05\/2023-05-07_15-35-08_AKHNR_Museumsoeffnung-MiMh-JO-KF-Eroeffnung-JA2023_UBI_20230507_161910-2048x1536.jpg 2048w, https:\/\/heimatverein-nieder-roden.de\/wp-content\/uploads\/2023\/05\/2023-05-07_15-35-08_AKHNR_Museumsoeffnung-MiMh-JO-KF-Eroeffnung-JA2023_UBI_20230507_161910-836x627.jpg 836w, https:\/\/heimatverein-nieder-roden.de\/wp-content\/uploads\/2023\/05\/2023-05-07_15-35-08_AKHNR_Museumsoeffnung-MiMh-JO-KF-Eroeffnung-JA2023_UBI_20230507_161910-560x420.jpg 560w\" sizes=\"(max-width: 1024px) 100vw, 1024px\" \/><\/a><\/figure>\n\n\n\n<figure class=\"wp-block-image size-large\"><a href=\"https:\/\/heimatverein-nieder-roden.de\/wp-content\/uploads\/2023\/05\/2023-05-07_15-32-54_AKHNR_Museumsoeffnung-MiMh-JO-KF-Eroeffnung-JA2023_FMA_IMG_20230507_153254-scaled.jpg\"><img decoding=\"async\" width=\"1024\" height=\"768\" data-id=\"5230\" src=\"https:\/\/heimatverein-nieder-roden.de\/wp-content\/uploads\/2023\/05\/2023-05-07_15-32-54_AKHNR_Museumsoeffnung-MiMh-JO-KF-Eroeffnung-JA2023_FMA_IMG_20230507_153254-1024x768.jpg\" alt=\"\" class=\"wp-image-5230\" srcset=\"https:\/\/heimatverein-nieder-roden.de\/wp-content\/uploads\/2023\/05\/2023-05-07_15-32-54_AKHNR_Museumsoeffnung-MiMh-JO-KF-Eroeffnung-JA2023_FMA_IMG_20230507_153254-1024x768.jpg 1024w, https:\/\/heimatverein-nieder-roden.de\/wp-content\/uploads\/2023\/05\/2023-05-07_15-32-54_AKHNR_Museumsoeffnung-MiMh-JO-KF-Eroeffnung-JA2023_FMA_IMG_20230507_153254-300x225.jpg 300w, https:\/\/heimatverein-nieder-roden.de\/wp-content\/uploads\/2023\/05\/2023-05-07_15-32-54_AKHNR_Museumsoeffnung-MiMh-JO-KF-Eroeffnung-JA2023_FMA_IMG_20230507_153254-768x576.jpg 768w, https:\/\/heimatverein-nieder-roden.de\/wp-content\/uploads\/2023\/05\/2023-05-07_15-32-54_AKHNR_Museumsoeffnung-MiMh-JO-KF-Eroeffnung-JA2023_FMA_IMG_20230507_153254-1536x1152.jpg 1536w, https:\/\/heimatverein-nieder-roden.de\/wp-content\/uploads\/2023\/05\/2023-05-07_15-32-54_AKHNR_Museumsoeffnung-MiMh-JO-KF-Eroeffnung-JA2023_FMA_IMG_20230507_153254-2048x1536.jpg 2048w, https:\/\/heimatverein-nieder-roden.de\/wp-content\/uploads\/2023\/05\/2023-05-07_15-32-54_AKHNR_Museumsoeffnung-MiMh-JO-KF-Eroeffnung-JA2023_FMA_IMG_20230507_153254-836x627.jpg 836w, https:\/\/heimatverein-nieder-roden.de\/wp-content\/uploads\/2023\/05\/2023-05-07_15-32-54_AKHNR_Museumsoeffnung-MiMh-JO-KF-Eroeffnung-JA2023_FMA_IMG_20230507_153254-560x420.jpg 560w\" sizes=\"(max-width: 1024px) 100vw, 1024px\" \/><\/a><\/figure>\n\n\n\n<figure class=\"wp-block-image size-large\"><a href=\"https:\/\/heimatverein-nieder-roden.de\/wp-content\/uploads\/2023\/05\/2023-05-07_15-03-51_AKHNR_Museumsoeffnung-MiMh-JO-KF-Eroeffnung-JA2023_FMA_IMG_20230507_150351-scaled.jpg\"><img decoding=\"async\" width=\"1024\" height=\"768\" data-id=\"5229\" src=\"https:\/\/heimatverein-nieder-roden.de\/wp-content\/uploads\/2023\/05\/2023-05-07_15-03-51_AKHNR_Museumsoeffnung-MiMh-JO-KF-Eroeffnung-JA2023_FMA_IMG_20230507_150351-1024x768.jpg\" alt=\"\" class=\"wp-image-5229\" srcset=\"https:\/\/heimatverein-nieder-roden.de\/wp-content\/uploads\/2023\/05\/2023-05-07_15-03-51_AKHNR_Museumsoeffnung-MiMh-JO-KF-Eroeffnung-JA2023_FMA_IMG_20230507_150351-1024x768.jpg 1024w, https:\/\/heimatverein-nieder-roden.de\/wp-content\/uploads\/2023\/05\/2023-05-07_15-03-51_AKHNR_Museumsoeffnung-MiMh-JO-KF-Eroeffnung-JA2023_FMA_IMG_20230507_150351-300x225.jpg 300w, https:\/\/heimatverein-nieder-roden.de\/wp-content\/uploads\/2023\/05\/2023-05-07_15-03-51_AKHNR_Museumsoeffnung-MiMh-JO-KF-Eroeffnung-JA2023_FMA_IMG_20230507_150351-768x576.jpg 768w, https:\/\/heimatverein-nieder-roden.de\/wp-content\/uploads\/2023\/05\/2023-05-07_15-03-51_AKHNR_Museumsoeffnung-MiMh-JO-KF-Eroeffnung-JA2023_FMA_IMG_20230507_150351-1536x1152.jpg 1536w, https:\/\/heimatverein-nieder-roden.de\/wp-content\/uploads\/2023\/05\/2023-05-07_15-03-51_AKHNR_Museumsoeffnung-MiMh-JO-KF-Eroeffnung-JA2023_FMA_IMG_20230507_150351-2048x1536.jpg 2048w, https:\/\/heimatverein-nieder-roden.de\/wp-content\/uploads\/2023\/05\/2023-05-07_15-03-51_AKHNR_Museumsoeffnung-MiMh-JO-KF-Eroeffnung-JA2023_FMA_IMG_20230507_150351-836x627.jpg 836w, https:\/\/heimatverein-nieder-roden.de\/wp-content\/uploads\/2023\/05\/2023-05-07_15-03-51_AKHNR_Museumsoeffnung-MiMh-JO-KF-Eroeffnung-JA2023_FMA_IMG_20230507_150351-560x420.jpg 560w\" sizes=\"(max-width: 1024px) 100vw, 1024px\" \/><\/a><\/figure>\n\n\n\n<figure class=\"wp-block-image size-large\"><a href=\"https:\/\/heimatverein-nieder-roden.de\/wp-content\/uploads\/2023\/05\/2023-05-07_15-03-34_AKHNR_Museumsoeffnung-MiMh-JO-KF-Eroeffnung-JA2023_FMA_IMG_20230507_150334-scaled.jpg\"><img decoding=\"async\" width=\"1024\" height=\"768\" data-id=\"5228\" src=\"https:\/\/heimatverein-nieder-roden.de\/wp-content\/uploads\/2023\/05\/2023-05-07_15-03-34_AKHNR_Museumsoeffnung-MiMh-JO-KF-Eroeffnung-JA2023_FMA_IMG_20230507_150334-1024x768.jpg\" alt=\"\" class=\"wp-image-5228\" srcset=\"https:\/\/heimatverein-nieder-roden.de\/wp-content\/uploads\/2023\/05\/2023-05-07_15-03-34_AKHNR_Museumsoeffnung-MiMh-JO-KF-Eroeffnung-JA2023_FMA_IMG_20230507_150334-1024x768.jpg 1024w, https:\/\/heimatverein-nieder-roden.de\/wp-content\/uploads\/2023\/05\/2023-05-07_15-03-34_AKHNR_Museumsoeffnung-MiMh-JO-KF-Eroeffnung-JA2023_FMA_IMG_20230507_150334-300x225.jpg 300w, https:\/\/heimatverein-nieder-roden.de\/wp-content\/uploads\/2023\/05\/2023-05-07_15-03-34_AKHNR_Museumsoeffnung-MiMh-JO-KF-Eroeffnung-JA2023_FMA_IMG_20230507_150334-768x576.jpg 768w, https:\/\/heimatverein-nieder-roden.de\/wp-content\/uploads\/2023\/05\/2023-05-07_15-03-34_AKHNR_Museumsoeffnung-MiMh-JO-KF-Eroeffnung-JA2023_FMA_IMG_20230507_150334-1536x1152.jpg 1536w, https:\/\/heimatverein-nieder-roden.de\/wp-content\/uploads\/2023\/05\/2023-05-07_15-03-34_AKHNR_Museumsoeffnung-MiMh-JO-KF-Eroeffnung-JA2023_FMA_IMG_20230507_150334-2048x1536.jpg 2048w, https:\/\/heimatverein-nieder-roden.de\/wp-content\/uploads\/2023\/05\/2023-05-07_15-03-34_AKHNR_Museumsoeffnung-MiMh-JO-KF-Eroeffnung-JA2023_FMA_IMG_20230507_150334-836x627.jpg 836w, https:\/\/heimatverein-nieder-roden.de\/wp-content\/uploads\/2023\/05\/2023-05-07_15-03-34_AKHNR_Museumsoeffnung-MiMh-JO-KF-Eroeffnung-JA2023_FMA_IMG_20230507_150334-560x420.jpg 560w\" sizes=\"(max-width: 1024px) 100vw, 1024px\" \/><\/a><\/figure>\n\n\n\n<figure class=\"wp-block-image size-large\"><a href=\"https:\/\/heimatverein-nieder-roden.de\/wp-content\/uploads\/2023\/05\/2023-05-07_15-03-28_AKHNR_Museumsoeffnung-MiMh-JO-KF-Eroeffnung-JA2023_FMA_IMG_20230507_150328-scaled.jpg\"><img decoding=\"async\" width=\"1024\" height=\"768\" data-id=\"5227\" src=\"https:\/\/heimatverein-nieder-roden.de\/wp-content\/uploads\/2023\/05\/2023-05-07_15-03-28_AKHNR_Museumsoeffnung-MiMh-JO-KF-Eroeffnung-JA2023_FMA_IMG_20230507_150328-1024x768.jpg\" alt=\"\" class=\"wp-image-5227\" srcset=\"https:\/\/heimatverein-nieder-roden.de\/wp-content\/uploads\/2023\/05\/2023-05-07_15-03-28_AKHNR_Museumsoeffnung-MiMh-JO-KF-Eroeffnung-JA2023_FMA_IMG_20230507_150328-1024x768.jpg 1024w, https:\/\/heimatverein-nieder-roden.de\/wp-content\/uploads\/2023\/05\/2023-05-07_15-03-28_AKHNR_Museumsoeffnung-MiMh-JO-KF-Eroeffnung-JA2023_FMA_IMG_20230507_150328-300x225.jpg 300w, https:\/\/heimatverein-nieder-roden.de\/wp-content\/uploads\/2023\/05\/2023-05-07_15-03-28_AKHNR_Museumsoeffnung-MiMh-JO-KF-Eroeffnung-JA2023_FMA_IMG_20230507_150328-768x576.jpg 768w, https:\/\/heimatverein-nieder-roden.de\/wp-content\/uploads\/2023\/05\/2023-05-07_15-03-28_AKHNR_Museumsoeffnung-MiMh-JO-KF-Eroeffnung-JA2023_FMA_IMG_20230507_150328-1536x1152.jpg 1536w, https:\/\/heimatverein-nieder-roden.de\/wp-content\/uploads\/2023\/05\/2023-05-07_15-03-28_AKHNR_Museumsoeffnung-MiMh-JO-KF-Eroeffnung-JA2023_FMA_IMG_20230507_150328-2048x1536.jpg 2048w, https:\/\/heimatverein-nieder-roden.de\/wp-content\/uploads\/2023\/05\/2023-05-07_15-03-28_AKHNR_Museumsoeffnung-MiMh-JO-KF-Eroeffnung-JA2023_FMA_IMG_20230507_150328-836x627.jpg 836w, https:\/\/heimatverein-nieder-roden.de\/wp-content\/uploads\/2023\/05\/2023-05-07_15-03-28_AKHNR_Museumsoeffnung-MiMh-JO-KF-Eroeffnung-JA2023_FMA_IMG_20230507_150328-560x420.jpg 560w\" sizes=\"(max-width: 1024px) 100vw, 1024px\" \/><\/a><\/figure>\n\n\n\n<figure class=\"wp-block-image size-large\"><a href=\"https:\/\/heimatverein-nieder-roden.de\/wp-content\/uploads\/2023\/05\/2023-05-07_14-58-06_AKHNR_Museumsoeffnung-MiMh-JO-KF-Eroeffnung-JA2023_FMA_IMG_20230507_145806-scaled.jpg\"><img decoding=\"async\" width=\"1024\" height=\"768\" data-id=\"5226\" src=\"https:\/\/heimatverein-nieder-roden.de\/wp-content\/uploads\/2023\/05\/2023-05-07_14-58-06_AKHNR_Museumsoeffnung-MiMh-JO-KF-Eroeffnung-JA2023_FMA_IMG_20230507_145806-1024x768.jpg\" alt=\"\" class=\"wp-image-5226\" srcset=\"https:\/\/heimatverein-nieder-roden.de\/wp-content\/uploads\/2023\/05\/2023-05-07_14-58-06_AKHNR_Museumsoeffnung-MiMh-JO-KF-Eroeffnung-JA2023_FMA_IMG_20230507_145806-1024x768.jpg 1024w, https:\/\/heimatverein-nieder-roden.de\/wp-content\/uploads\/2023\/05\/2023-05-07_14-58-06_AKHNR_Museumsoeffnung-MiMh-JO-KF-Eroeffnung-JA2023_FMA_IMG_20230507_145806-300x225.jpg 300w, https:\/\/heimatverein-nieder-roden.de\/wp-content\/uploads\/2023\/05\/2023-05-07_14-58-06_AKHNR_Museumsoeffnung-MiMh-JO-KF-Eroeffnung-JA2023_FMA_IMG_20230507_145806-768x576.jpg 768w, https:\/\/heimatverein-nieder-roden.de\/wp-content\/uploads\/2023\/05\/2023-05-07_14-58-06_AKHNR_Museumsoeffnung-MiMh-JO-KF-Eroeffnung-JA2023_FMA_IMG_20230507_145806-1536x1152.jpg 1536w, https:\/\/heimatverein-nieder-roden.de\/wp-content\/uploads\/2023\/05\/2023-05-07_14-58-06_AKHNR_Museumsoeffnung-MiMh-JO-KF-Eroeffnung-JA2023_FMA_IMG_20230507_145806-2048x1536.jpg 2048w, https:\/\/heimatverein-nieder-roden.de\/wp-content\/uploads\/2023\/05\/2023-05-07_14-58-06_AKHNR_Museumsoeffnung-MiMh-JO-KF-Eroeffnung-JA2023_FMA_IMG_20230507_145806-836x627.jpg 836w, https:\/\/heimatverein-nieder-roden.de\/wp-content\/uploads\/2023\/05\/2023-05-07_14-58-06_AKHNR_Museumsoeffnung-MiMh-JO-KF-Eroeffnung-JA2023_FMA_IMG_20230507_145806-560x420.jpg 560w\" sizes=\"(max-width: 1024px) 100vw, 1024px\" \/><\/a><\/figure>\n<\/figure>\n\n\n\n<hr class=\"wp-block-separator has-alpha-channel-opacity is-style-wide\"\/>\n\n\nBeitrag 0 mal aufgerufen in den letzten 14 Tagen.\n\n\n\n<div style=\"height:0px\" aria-hidden=\"true\" class=\"wp-block-spacer\"><\/div>\n\n\nBeitrag 0 mal aufgerufen in den letzten 365 Tagen.\n\n\n\n<div style=\"height:0px\" aria-hidden=\"true\" class=\"wp-block-spacer\"><\/div>\n\n\nSeite 0 mal aufgerufen in den letzten 14 Tagen.\n\n\n\n<div style=\"height:0px\" aria-hidden=\"true\" class=\"wp-block-spacer\"><\/div>\n\n\nSeite 0 mal aufgerufen in den letzten 365 Tagen.\n","protected":false},"excerpt":{"rendered":"<p>Ausstellungser\u00f6ffnung, Museumscaf\u00e9 und Musik im Museumshof mit dem Konzertorchester des Musikvereins Nieder-Roden!<\/p><p><a class=\"more-link btn\" href=\"https:\/\/heimatverein-nieder-roden.de\/?p=5245\">Weiterlesen<\/a><\/p>\n","protected":false},"author":1,"featured_media":5230,"comment_status":"closed","ping_status":"closed","sticky":false,"template":"","format":"standard","meta":{"_coblocks_attr":"","_coblocks_dimensions":"","_coblocks_responsive_height":"","_coblocks_accordion_ie_support":"","footnotes":"","_share_on_mastodon":"0"},"categories":[6,138,9,10,97],"tags":[34,35,30,32,27,98,25,20,22,87],"class_list":["post-5245","post","type-post","status-publish","format-standard","has-post-thumbnail","hentry","category-aktuell","category-jahresausstellung","category-museumsoeffnungen","category-musik-im-museumshof","category-slider","tag-akhnr","tag-arbeitskreis-fuer-heimatkunde-nieder-roden-e-v","tag-blasmusik","tag-heimatmuseum","tag-jahresausstellung","tag-jugendorchester","tag-museumsoeffnung","tag-musik-im-museumshof","tag-musikverein-nieder-roden","tag-orchester-klangfarben","nodate"],"share_on_mastodon":{"url":"","error":""},"publishpress_future_action":{"enabled":false,"date":"2026-05-07 08:43:20","action":"category-remove","newStatus":"draft","terms":[],"taxonomy":"category","extraData":[]},"publishpress_future_workflow_manual_trigger":{"enabledWorkflows":[]},"_links":{"self":[{"href":"https:\/\/heimatverein-nieder-roden.de\/index.php?rest_route=\/wp\/v2\/posts\/5245","targetHints":{"allow":["GET"]}}],"collection":[{"href":"https:\/\/heimatverein-nieder-roden.de\/index.php?rest_route=\/wp\/v2\/posts"}],"about":[{"href":"https:\/\/heimatverein-nieder-roden.de\/index.php?rest_route=\/wp\/v2\/types\/post"}],"author":[{"embeddable":true,"href":"https:\/\/heimatverein-nieder-roden.de\/index.php?rest_route=\/wp\/v2\/users\/1"}],"replies":[{"embeddable":true,"href":"https:\/\/heimatverein-nieder-roden.de\/index.php?rest_route=%2Fwp%2Fv2%2Fcomments&post=5245"}],"version-history":[{"count":4,"href":"https:\/\/heimatverein-nieder-roden.de\/index.php?rest_route=\/wp\/v2\/posts\/5245\/revisions"}],"predecessor-version":[{"id":5256,"href":"https:\/\/heimatverein-nieder-roden.de\/index.php?rest_route=\/wp\/v2\/posts\/5245\/revisions\/5256"}],"wp:featuredmedia":[{"embeddable":true,"href":"https:\/\/heimatverein-nieder-roden.de\/index.php?rest_route=\/wp\/v2\/media\/5230"}],"wp:attachment":[{"href":"https:\/\/heimatverein-nieder-roden.de\/index.php?rest_route=%2Fwp%2Fv2%2Fmedia&parent=5245"}],"wp:term":[{"taxonomy":"category","embeddable":true,"href":"https:\/\/heimatverein-nieder-roden.de\/index.php?rest_route=%2Fwp%2Fv2%2Fcategories&post=5245"},{"taxonomy":"post_tag","embeddable":true,"href":"https:\/\/heimatverein-nieder-roden.de\/index.php?rest_route=%2Fwp%2Fv2%2Ftags&post=5245"}],"curies":[{"name":"wp","href":"https:\/\/api.w.org\/{rel}","templated":true}]}}