{"id":5142,"date":"2023-05-10T11:17:06","date_gmt":"2023-05-10T09:17:06","guid":{"rendered":"https:\/\/heimatverein-nieder-roden.de\/?p=5142"},"modified":"2023-05-15T11:28:13","modified_gmt":"2023-05-15T09:28:13","slug":"ehrenbrief-fuer-werner-stolzenburg","status":"publish","type":"post","link":"https:\/\/heimatverein-nieder-roden.de\/?p=5142","title":{"rendered":"Ehrenbrief f\u00fcr Werner Stolzenburg"},"content":{"rendered":"\n<p>Im Rahmen des diesj\u00e4hrigen Ehrenabends, am Mittwoch, den 29. M\u00e4rz 2023, wurden neben der Auszeichnung zahlreicher sportlicher H\u00f6chstleistungen auch die Ehrenbriefe der Stadt Rodgau verliehen. Diesmal war auch ein Mitglied des AKHNR unter den zu Ehrenden.<\/p>\n\n\n<div class=\"wp-block-image\">\n<figure class=\"aligncenter size-large is-resized\"><a href=\"https:\/\/heimatverein-nieder-roden.de\/wp-content\/uploads\/2023\/04\/2023-03-29_Stadt-Rodgau_Ehrenabend-2023_IMG_0741_bearb-scaled.jpg\"><img decoding=\"async\" src=\"https:\/\/heimatverein-nieder-roden.de\/wp-content\/uploads\/2023\/04\/2023-03-29_Stadt-Rodgau_Ehrenabend-2023_IMG_0741_bearb-1024x548.jpg\" alt=\"\" class=\"wp-image-5144\" width=\"617\" height=\"329\" srcset=\"https:\/\/heimatverein-nieder-roden.de\/wp-content\/uploads\/2023\/04\/2023-03-29_Stadt-Rodgau_Ehrenabend-2023_IMG_0741_bearb-1024x548.jpg 1024w, https:\/\/heimatverein-nieder-roden.de\/wp-content\/uploads\/2023\/04\/2023-03-29_Stadt-Rodgau_Ehrenabend-2023_IMG_0741_bearb-300x161.jpg 300w, https:\/\/heimatverein-nieder-roden.de\/wp-content\/uploads\/2023\/04\/2023-03-29_Stadt-Rodgau_Ehrenabend-2023_IMG_0741_bearb-768x411.jpg 768w, https:\/\/heimatverein-nieder-roden.de\/wp-content\/uploads\/2023\/04\/2023-03-29_Stadt-Rodgau_Ehrenabend-2023_IMG_0741_bearb-1536x822.jpg 1536w, https:\/\/heimatverein-nieder-roden.de\/wp-content\/uploads\/2023\/04\/2023-03-29_Stadt-Rodgau_Ehrenabend-2023_IMG_0741_bearb-2048x1096.jpg 2048w, https:\/\/heimatverein-nieder-roden.de\/wp-content\/uploads\/2023\/04\/2023-03-29_Stadt-Rodgau_Ehrenabend-2023_IMG_0741_bearb-560x300.jpg 560w\" sizes=\"(max-width: 617px) 100vw, 617px\" \/><\/a><figcaption class=\"wp-element-caption\">Die Empf\u00e4nger der Ehrenbriefe 2023 mit Laudatoren und Ehrenden &#8211; 6. von rechts: Werner Stolzenburg.<br>\u00a9Stadt Rodgau\/David Kraft &#8211; Ver\u00f6ffentlichung mit freundlicher Genehmigung. Vielen Dank!<\/figcaption><\/figure>\n<\/div>\n\n\n<p><strong>Werner Stolzenburg hat f\u00fcr seine Verdienste und sein langj\u00e4hriges, vielf\u00e4ltiges Engagement, unter anderem in verschiedenen Vereinen den Ehrenbrief der Stadt Rodgau erhalten.<\/strong><\/p>\n\n\n\n<p>In der kurzen Laudatio, vorgetragen von B\u00fcrgermeister Max Breitenmach, wurden ein paar Punkte angeschnitten die zeigen wie sehr Werner diese Auszeichnung verdient. Aufgrund des zeitlichen Rahmens konnten lange nicht alle T\u00e4tigkeiten umfassend vorgestellt werden. <\/p>\n\n\n\n<p>Da Werner gerade auch beim AKHNR und in Rollwald und Nieder-Roden gro\u00dfes f\u00fcr das Gemeinwohl geleistet hat und noch immer leistet, m\u00f6chten wir an dieser Stelle die offizielle Laudatio erg\u00e4nzen und einen Beitrag mit lokalem Bezug liefern.<\/p>\n\n\n\n<h3 class=\"wp-block-heading\">Rollwald-Dokumentation<\/h3>\n\n\n<div class=\"wp-block-image\">\n<figure class=\"aligncenter size-large is-resized\"><img decoding=\"async\" src=\"https:\/\/heimatverein-nieder-roden.de\/wp-content\/uploads\/2022\/10\/rollwald-dokumentation_logo-1024x332.png\" alt=\"\" class=\"wp-image-4580\" width=\"460\" height=\"149\" srcset=\"https:\/\/heimatverein-nieder-roden.de\/wp-content\/uploads\/2022\/10\/rollwald-dokumentation_logo-1024x332.png 1024w, https:\/\/heimatverein-nieder-roden.de\/wp-content\/uploads\/2022\/10\/rollwald-dokumentation_logo-300x97.png 300w, https:\/\/heimatverein-nieder-roden.de\/wp-content\/uploads\/2022\/10\/rollwald-dokumentation_logo-768x249.png 768w, https:\/\/heimatverein-nieder-roden.de\/wp-content\/uploads\/2022\/10\/rollwald-dokumentation_logo-1536x499.png 1536w, https:\/\/heimatverein-nieder-roden.de\/wp-content\/uploads\/2022\/10\/rollwald-dokumentation_logo-836x271.png 836w, https:\/\/heimatverein-nieder-roden.de\/wp-content\/uploads\/2022\/10\/rollwald-dokumentation_logo-560x182.png 560w, https:\/\/heimatverein-nieder-roden.de\/wp-content\/uploads\/2022\/10\/rollwald-dokumentation_logo.png 1821w\" sizes=\"(max-width: 460px) 100vw, 460px\" \/><\/figure>\n<\/div>\n\n\n<p>Die von ihm gegr\u00fcndete und verwaltete &#8222;Rollwald-Dokumentation&#8220; darf man sicherlich als das &#8222;Ged\u00e4chtnis Rollwalds&#8220; bezeichnen. Mit einer umfangreichen Zahl an Dokumenten, Literatur, Fotografien und Filmaufnahmen ist er die erste Anlaufstelle f\u00fcr Einwohner, Vereine, Medien und Wissenschaftler die Hintergrund-Informationen zur Geschichte des Nieder-R\u00f6der Ortsteils ben\u00f6tigen. <\/p>\n\n\n\n<p>Er ist damit auch ein wertvolles Mitglied des AKHNR, dem er seinen Fundus bei zahlreichen Gelegenheiten zur Verf\u00fcgung gestellt hat um Ausstellungen zu best\u00fccken, Forschungsarbeiten zu unterst\u00fctzen und Ver\u00f6ffentlichungen zu erm\u00f6glichen. <\/p>\n\n\n\n<p>Au\u00dferdem hat Werner interessante Belege \u00fcber Nieder-Roden, die er entdeckt hat oder die ihm zugetragen wurden, dem AKHNR f\u00fcr dessen Archiv \u00fcbergeben.<\/p>\n\n\n\n<h3 class=\"wp-block-heading\">Schriften und Buchprojekte<\/h3>\n\n\n\n<p>Werner hat nicht nur dabei unterst\u00fctzt sondern auch selbst B\u00fccher geschrieben bzw. herausgegeben &#8211; alleine und gemeinsam mit anderen.<\/p>\n\n\n\n<p>Hier eine (hoffentlich vollst\u00e4ndige) Aufstellung der Schriften und Buchprojekte:<\/p>\n\n\n\n<figure class=\"wp-block-table\"><table><tbody><tr><td><strong>Jahr<\/strong><\/td><td><strong>Titel<\/strong><\/td><\/tr><tr><td>1977<\/td><td>Dudenhofer Kirchenbaumeister und Kirchengeschichte des 18. Jahrhunderts<br>(Schriftenreihe des heimatkundlichen Kreises Dudenhofen, Nr. 1) <\/td><\/tr><tr><td>1978<\/td><td>Dudenhofer Urkunden &#8211; Dokumente aus 700 Jahre Ortsgeschichte<br>(Schriftenreihe des heimatkundlichen Kreises Dudenhofen, Nr. 2)<\/td><\/tr><tr><td>1979<\/td><td>Zum Bau der Bahnlinie Offenbach &#8211; Reinheim 1870 &#8211; 1896<br>(Schriftenreihe des heimatkundlichen Kreises Dudenhofen, Nr. 3)<\/td><\/tr><tr><td>1985<\/td><td>Die Bahn und ihre Geschichte <br>(Schriftenreihe Landkreis Darmstadt-Dieburg, Band 2)<\/td><\/tr><tr><td>1992<\/td><td>Vom Wald zur Siedlung<\/td><\/tr><tr><td>1996<\/td><td>100 Jahre Rodgaubahn<\/td><\/tr><tr><td>2004<\/td><td>Das Lager Rollwald<\/td><\/tr><tr><td>2013<\/td><td>75 Jahre Rollwald<\/td><\/tr><tr><td>2022<\/td><td>125 Jahre Rodgaubahn<\/td><\/tr><\/tbody><\/table><\/figure>\n\n\n\n<h3 class=\"wp-block-heading\">Ausstellungen<\/h3>\n\n\n\n<p>Wie erw\u00e4hnt hat Werner den Ausstellungsbetrieb im Heimatmuseum Nieder-Roden tatkr\u00e4ftig unterst\u00fctzt. Damit ist nicht nur die Zur-Verf\u00fcgung-Stellung von Exponaten und Informationen gemeint, sondern auch das Anpacken beim Vorbereiten des Ausstellungsraumes, dem Rahmen von Bildern, dem Kehren und Staubsaugen, sowie der \u00d6ffentlichkeitsarbeit &#8211; vor allem in Rollwald.<\/p>\n\n\n\n<p>Die folgenden Ausstellungen hat Werner komplett selbstst\u00e4ndig organisiert:<\/p>\n\n\n\n<figure class=\"wp-block-table\"><table><tbody><tr><td><strong>Jahr<\/strong><\/td><td><strong>Thema<\/strong><\/td><\/tr><tr><td>2013<\/td><td>75 Jahre Rollwald<\/td><\/tr><tr><td>2020-2022<\/td><td><a href=\"https:\/\/heimatverein-nieder-roden.de\/?p=2093\" target=\"_blank\" rel=\"noreferrer noopener\">&#8222;Zweimal hingeschaut&#8220; &#8211; Bilder aus Rollwald &#8211; von vorgestern, gestern und heute<\/a><\/td><\/tr><\/tbody><\/table><\/figure>\n\n\n\n<h3 class=\"wp-block-heading\">Weitere Vereinst\u00e4tigkeiten<\/h3>\n\n\n\n<p>Auch bei anderen Vereinen hat sich Werner stark eingebracht und dem Gemeinwohl gro\u00dfe Dienste erwiesen.<\/p>\n\n\n\n<h4 class=\"wp-block-heading\">1. Judo Club Nieder-Roden\/Rodgau e. V.<\/h4>\n\n\n\n<p>Wie auch in auf der Verleihungsurkunde und in der Laudatio erw\u00e4hnt ist, hat sich Werner \u00fcber lange Jahre im 1. Judo Club Nieder-Roden\/Rodgau e. V. engagiert. Dort ist er fast 50 Jahre Mitglied und hat einen gro\u00dfen Teil davon im Vorstand mitgearbeitet. <\/p>\n\n\n\n<p>Dar\u00fcber berichtet der Verein auch auf seiner Website:  <a href=\"https:\/\/rodgaujudo.de\/einen-schwarzen-guertel-muss-man-sich-verdienen\/\" target=\"_blank\" rel=\"noreferrer noopener\">https:\/\/rodgaujudo.de\/einen-schwarzen-guertel-muss-man-sich-verdienen\/<\/a><\/p>\n\n\n\n<h4 class=\"wp-block-heading\">F\u00f6rderverein f\u00fcr die historische Aufarbeitung der Geschichte des Lagers Rollwald e.V.<\/h4>\n\n\n\n<p>Der Verein ging aus der &#8222;Arbeitsgemeinschaft Rollwald&#8220; hervor, welche bereits seit 1993 die j\u00e4hrlichen Gedenkfeiern am ehemaligen Lagerfriedhof organisierte. Im Jahr 2000 wurde schlie\u00dflich der Verein gegr\u00fcndet in dem Werner Stolzenburg im Beirat des  Vorstandes mitarbeitete. Das durch den Verein in Auftrag gegebene Buch &#8222;Das Lager Rollwald&#8220; von Dr. Heidi Fogel tr\u00e4gt viele Abbildungen und Informationen in sich, die Werner mit seiner Arbeit verf\u00fcgbar gemacht hat. Die Aufl\u00f6sung des Vereins erfolgte zum 31.12.2005, nachdem der Vereinszweck erfolgreich erf\u00fcllt war. <\/p>\n\n\n\n<p>Weitere Informationen finden Sie hier: <a href=\"https:\/\/www.lager-rollwald.de\/index1.htm\" target=\"_blank\" rel=\"noreferrer noopener\">https:\/\/www.lager-rollwald.de\/index1.htm<\/a><\/p>\n\n\n\n<p>Auch nach der Aufl\u00f6sung lebt das Engagement f\u00fcr das Lager weiter, und damit auch Werners Anteil, in der Rollwald AG des Vereins munaVeRo.<\/p>\n\n\n\n<h4 class=\"wp-block-heading\">Verein f\u00fcr multinationale Verst\u00e4ndigung Rodgau e. V. (munaVeRo)<\/h4>\n\n\n\n<p>In der Rollwald AG von munaVeRo arbeitet Werner tatkr\u00e4ftig daran mit, die Gedenkst\u00e4tte Lagerfriedhof in Rollwald zu erhalten und weiterzuentwickeln. So wurden beispielsweise auf Initiative der AG ein Ginkgo-Baum auf dem Gel\u00e4nde gepflanzt und erst vor kurzem mehrere Steinmasken eines Kunstprojektes dort installiert.<\/p>\n\n\n<div class=\"wp-block-image\">\n<figure class=\"aligncenter size-large is-resized\"><img decoding=\"async\" src=\"https:\/\/heimatverein-nieder-roden.de\/wp-content\/uploads\/2023\/05\/2023-04-01_12-34-09_Munavero_MuenninghoffRolf_Lager-Rollwald-Maskenprojekt_IMG_3115-1024x683.jpg\" alt=\"\" class=\"wp-image-5211\" width=\"530\" height=\"353\" srcset=\"https:\/\/heimatverein-nieder-roden.de\/wp-content\/uploads\/2023\/05\/2023-04-01_12-34-09_Munavero_MuenninghoffRolf_Lager-Rollwald-Maskenprojekt_IMG_3115-1024x683.jpg 1024w, https:\/\/heimatverein-nieder-roden.de\/wp-content\/uploads\/2023\/05\/2023-04-01_12-34-09_Munavero_MuenninghoffRolf_Lager-Rollwald-Maskenprojekt_IMG_3115-300x200.jpg 300w, https:\/\/heimatverein-nieder-roden.de\/wp-content\/uploads\/2023\/05\/2023-04-01_12-34-09_Munavero_MuenninghoffRolf_Lager-Rollwald-Maskenprojekt_IMG_3115-768x512.jpg 768w, https:\/\/heimatverein-nieder-roden.de\/wp-content\/uploads\/2023\/05\/2023-04-01_12-34-09_Munavero_MuenninghoffRolf_Lager-Rollwald-Maskenprojekt_IMG_3115-1536x1024.jpg 1536w, https:\/\/heimatverein-nieder-roden.de\/wp-content\/uploads\/2023\/05\/2023-04-01_12-34-09_Munavero_MuenninghoffRolf_Lager-Rollwald-Maskenprojekt_IMG_3115-2048x1365.jpg 2048w, https:\/\/heimatverein-nieder-roden.de\/wp-content\/uploads\/2023\/05\/2023-04-01_12-34-09_Munavero_MuenninghoffRolf_Lager-Rollwald-Maskenprojekt_IMG_3115-836x557.jpg 836w, https:\/\/heimatverein-nieder-roden.de\/wp-content\/uploads\/2023\/05\/2023-04-01_12-34-09_Munavero_MuenninghoffRolf_Lager-Rollwald-Maskenprojekt_IMG_3115-560x373.jpg 560w, https:\/\/heimatverein-nieder-roden.de\/wp-content\/uploads\/2023\/05\/2023-04-01_12-34-09_Munavero_MuenninghoffRolf_Lager-Rollwald-Maskenprojekt_IMG_3115-272x182.jpg 272w\" sizes=\"(max-width: 530px) 100vw, 530px\" \/><figcaption class=\"wp-element-caption\">Die installierten Stein-Masken auf der Gedenkst\u00e4tte des ehemaligen Lagerfriedhofs Rollwald &#8211; \u00a9Rolf M\u00fcnninghoff<\/figcaption><\/figure>\n<\/div>\n\n\n<p>Dieses Beispiel eigenet sich hervorragend f\u00fcr die Illustration der positiven Wirkung auf das Ortsbild, die Werners Engagement unter anderem mit sich bringt. Davon haben schlie\u00dflich alle Mitb\u00fcrger etwas, die sich im \u00f6ffentlichen Raum bewegen.<\/p>\n\n\n\n<p>Weitere Informationen finden Sie hier: <a href=\"https:\/\/www.munavero.de\/\" target=\"_blank\" rel=\"noreferrer noopener\">https:\/\/www.munavero.de\/ <\/a><\/p>\n\n\n\n<h4 class=\"wp-block-heading\">Heimat, Geschichte und Kultur in Dudenhofen e. V.<\/h4>\n\n\n\n<p>Neben seiner Mitgliedschaft beim AKHNR ist Werner Mitglied eines weiteren Rodgauer Heimat- und Geschichtsvereins: dem Verein Heimat, Geschichte und Kultur in Dudenhofen e. V.  Hier ist er nicht nur Mitglied sondern auch langj\u00e4hriges Vorstandsmitglied und leistet hier hervorragende Pressearbeit.<\/p>\n\n\n\n<p>Weitere Informationen finden Sie hier: <a rel=\"noreferrer noopener\" href=\"https:\/\/www.in-dudenhofen.de\/\" target=\"_blank\">https:\/\/www.in-dudenhofen.de\/<\/a><\/p>\n\n\n\n<h3 class=\"wp-block-heading\">Eine verdiente Ehrung<\/h3>\n\n\n\n<p>Vor allem wenn man das vielf\u00e4ltige Engagement betrachtet, das aus dieser bestimmt unvollst\u00e4ndigen Aufstellung ersichtlich ist, sind wir besonders dankbar, dass Werner auch bei uns in Nieder-Roden aktiv ist. Er zeichnet sich durch Offenheit, Tatkraft und Feinf\u00fchligkeit aus. Er zeigt Initiative, starke Teamf\u00e4higkeit und Motivationskraft. So ist es kein Wunder, dass es eine Freude ist mit ihm zu Arbeiten und er schon lange eine enorme Bereicherung f\u00fcr unsere Gemeinschaft ist. <\/p>\n\n\n\n<p>Seiner starken Disziplin ist es zu verdanken, dass er auch langwierige Projekte durchh\u00e4lt und zum Abschluss bringt &#8211; das ist besonders bei der Erarbeitung von Ver\u00f6ffentlichungen und Ausstellungen von N\u00f6ten. <\/p>\n\n\n\n<p>Wir danken ihm f\u00fcr die viele Lebenszeit, die er aufgewandt hat um unsere Gesellschaft und unsere Ortsgemeinschaft zu bereichern &#8211; und die er auch wesentlich eigensinniger und sinnloser h\u00e4tte verbringen k\u00f6nnen.<\/p>\n\n\n\n<h3 class=\"wp-block-heading\">Allein geht es nicht<\/h3>\n\n\n\n<p>Zu guter Letzt m\u00f6chten wir seiner Frau Hannelore danken. Sie d\u00fcrfte es sein, die Vieles gar erst m\u00f6glich gemacht hat. Viel Zeit in ehrenamtliches Engagement zu stecken erfordert Akzeptanz, R\u00fccksichtnahme und Toleranz &#8211; besonders von Seiten des Partners. Es ist trotzdem nicht immer leicht, anstrengend und mitunter frustrierend. Unser Dank gilt daher besonders auch Hannelore. Daf\u00fcr, dass sie mit ihrer Geduld auch dazu beigetragen hat Werner zu erm\u00f6glichen unser aller Leben zu bereichern.<\/p>\n\n\n<div class=\"wp-block-image\">\n<figure class=\"aligncenter size-large is-resized\"><a href=\"https:\/\/heimatverein-nieder-roden.de\/wp-content\/uploads\/2023\/05\/2023-03-29_21-25-14_WST_Ehrenabend2023-Ehrenbrief-WST_20230329_212514-scaled.jpg\"><img decoding=\"async\" src=\"https:\/\/heimatverein-nieder-roden.de\/wp-content\/uploads\/2023\/05\/2023-03-29_21-25-14_WST_Ehrenabend2023-Ehrenbrief-WST_20230329_212514-768x1024.jpg\" alt=\"\" class=\"wp-image-5212\" width=\"405\" height=\"540\" srcset=\"https:\/\/heimatverein-nieder-roden.de\/wp-content\/uploads\/2023\/05\/2023-03-29_21-25-14_WST_Ehrenabend2023-Ehrenbrief-WST_20230329_212514-768x1024.jpg 768w, https:\/\/heimatverein-nieder-roden.de\/wp-content\/uploads\/2023\/05\/2023-03-29_21-25-14_WST_Ehrenabend2023-Ehrenbrief-WST_20230329_212514-225x300.jpg 225w, https:\/\/heimatverein-nieder-roden.de\/wp-content\/uploads\/2023\/05\/2023-03-29_21-25-14_WST_Ehrenabend2023-Ehrenbrief-WST_20230329_212514-1152x1536.jpg 1152w, https:\/\/heimatverein-nieder-roden.de\/wp-content\/uploads\/2023\/05\/2023-03-29_21-25-14_WST_Ehrenabend2023-Ehrenbrief-WST_20230329_212514-1536x2048.jpg 1536w, https:\/\/heimatverein-nieder-roden.de\/wp-content\/uploads\/2023\/05\/2023-03-29_21-25-14_WST_Ehrenabend2023-Ehrenbrief-WST_20230329_212514-836x1115.jpg 836w, https:\/\/heimatverein-nieder-roden.de\/wp-content\/uploads\/2023\/05\/2023-03-29_21-25-14_WST_Ehrenabend2023-Ehrenbrief-WST_20230329_212514-560x747.jpg 560w, https:\/\/heimatverein-nieder-roden.de\/wp-content\/uploads\/2023\/05\/2023-03-29_21-25-14_WST_Ehrenabend2023-Ehrenbrief-WST_20230329_212514-scaled.jpg 1920w\" sizes=\"(max-width: 405px) 100vw, 405px\" \/><\/a><figcaption class=\"wp-element-caption\">Werner (links) und Hannelore (rechts) Stolzenburg nach der Verleihung des Ehrenbriefs im B\u00fcrgerhaus Dudenhofen, mit Vorstandsmitgliedern des Vereins f\u00fcr Heimat, Geschichte und Kultur in Dudenhofen e. V. &#8211; \u00a9Werner Stolzenburg<\/figcaption><\/figure>\n<\/div>\n\n\n<p>Und auch ein gemeinsames Projekt der beiden m\u00f6chten wir hier beispielhaft erw\u00e4hnen. Es reicht \u00fcber unserer bescheidenen Ortsgrenzen weit hinaus. Die beiden unterst\u00fctzen eine Schule in Nepal und sammeln immer wieder Spenden f\u00fcr die Region, besonders auch wenn diese wie so h\u00e4ufig von schweren Erdbeben ersch\u00fcttert wird.<\/p>\n\n\n\n<p>Wir hoffen mit diesem Beitrag einen kleinen Eindruck vom starken Engagement der beiden geben zu k\u00f6nnen und die offizielle Laudatio dadurch sinnvoll erg\u00e4nzt zu haben.<\/p>\n\n\n\n<p>Aus unserer Sicht d\u00fcrfen Werner und Hannelore sich gleicherma\u00dfen durch die Verleihung des Ehrenbriefs der Stadt Rodgau zu Recht geehrt f\u00fchlen.<\/p>\n\n\n\n<p>Wir m\u00f6chten uns dem offiziellen Dank anschlie\u00dfen: Ihr habt es wirklich verdient!<\/p>\n\n\n<div class=\"wp-block-image\">\n<figure class=\"aligncenter size-large is-resized\"><a href=\"https:\/\/heimatverein-nieder-roden.de\/wp-content\/uploads\/2023\/05\/2023-03-29_22-44-52_WST_Ehrenabend2023-Ehrenbrief-WST_20230329_224452-scaled.jpg\"><img decoding=\"async\" src=\"https:\/\/heimatverein-nieder-roden.de\/wp-content\/uploads\/2023\/05\/2023-03-29_22-44-52_WST_Ehrenabend2023-Ehrenbrief-WST_20230329_224452-713x1024.jpg\" alt=\"\" class=\"wp-image-5215\" width=\"346\" height=\"497\" srcset=\"https:\/\/heimatverein-nieder-roden.de\/wp-content\/uploads\/2023\/05\/2023-03-29_22-44-52_WST_Ehrenabend2023-Ehrenbrief-WST_20230329_224452-713x1024.jpg 713w, https:\/\/heimatverein-nieder-roden.de\/wp-content\/uploads\/2023\/05\/2023-03-29_22-44-52_WST_Ehrenabend2023-Ehrenbrief-WST_20230329_224452-209x300.jpg 209w, https:\/\/heimatverein-nieder-roden.de\/wp-content\/uploads\/2023\/05\/2023-03-29_22-44-52_WST_Ehrenabend2023-Ehrenbrief-WST_20230329_224452-768x1103.jpg 768w, https:\/\/heimatverein-nieder-roden.de\/wp-content\/uploads\/2023\/05\/2023-03-29_22-44-52_WST_Ehrenabend2023-Ehrenbrief-WST_20230329_224452-1069x1536.jpg 1069w, https:\/\/heimatverein-nieder-roden.de\/wp-content\/uploads\/2023\/05\/2023-03-29_22-44-52_WST_Ehrenabend2023-Ehrenbrief-WST_20230329_224452-1426x2048.jpg 1426w, https:\/\/heimatverein-nieder-roden.de\/wp-content\/uploads\/2023\/05\/2023-03-29_22-44-52_WST_Ehrenabend2023-Ehrenbrief-WST_20230329_224452-836x1201.jpg 836w, https:\/\/heimatverein-nieder-roden.de\/wp-content\/uploads\/2023\/05\/2023-03-29_22-44-52_WST_Ehrenabend2023-Ehrenbrief-WST_20230329_224452-560x804.jpg 560w, https:\/\/heimatverein-nieder-roden.de\/wp-content\/uploads\/2023\/05\/2023-03-29_22-44-52_WST_Ehrenabend2023-Ehrenbrief-WST_20230329_224452-scaled.jpg 1782w\" sizes=\"(max-width: 346px) 100vw, 346px\" \/><\/a><figcaption class=\"wp-element-caption\">Urkunde und Nadel zur Verleihung des Ehrenbriefes an Werner Stolzenburg &#8211; \u00a9Werner Stolzenburg<\/figcaption><\/figure>\n<\/div>\n\n\n<figure class=\"wp-block-pullquote has-tiny-font-size\"><blockquote><p>&#8222;Personen, die in au\u00dferordentlicher Leistung in einem Verein aus dem Bereich dieser Ehrenordnung t\u00e4tig waren, kann der Ehrenbrief der Stadt Rodgau verliehen werden.  Als au\u00dferordentliche Leistung z\u00e4hlt die aktive T\u00e4tigkeit als Vorstandsmitglied, Abteilungsleiter, Spartenleiter o.\u00e4. \u00fcber einen Zeitraum von zusammengefasst mindestens 15 Jahren.&#8220;<\/p><cite>Ehrenordnung der Stadt Rodgau &#8211; Stand Mai 2017 &#8211; Quelle: <a href=\"https:\/\/rodgau.de\/media\/custom\/1889_491_1.PDF?1292589337\" target=\"_blank\" rel=\"noreferrer noopener\">https:\/\/rodgau.de\/media\/custom\/1889_491_1.PDF?1292589337<\/a><\/cite><\/blockquote><\/figure>\n\n\n\n<h3 class=\"wp-block-heading\">Die offizielle Laudatio<\/h3>\n\n\n\n<p>Eine Zusammenfassung der offiziellen Laudatio kann dem Artikel der Offenbach-Post entnommen werden:<\/p>\n\n\n<div class=\"wp-block-image\">\n<figure class=\"aligncenter size-large is-resized\"><a href=\"https:\/\/www.op-online.de\/region\/rodgau\/rodgau-wuerdigt-sportler-des-jahres-92196823.html\" target=\"_blank\" rel=\"noreferrer noopener\"><img decoding=\"async\" src=\"https:\/\/heimatverein-nieder-roden.de\/wp-content\/uploads\/2023\/04\/grafik-1024x464.png\" alt=\"\" class=\"wp-image-5143\" width=\"571\" height=\"257\"\/><\/a><figcaption class=\"wp-element-caption\">Artikel der Offenbach-Post vom 31.03.2023 auf op-online &#8211; Mit einem Klick auf das Bild gelangen Sie zum Artikel! \u00a9OP-Online<\/figcaption><\/figure>\n<\/div>\n\n\n<hr class=\"wp-block-separator has-alpha-channel-opacity is-style-wide\"\/>\n\n\n\n<p class=\"has-background\" style=\"background-color:#fff78b\"><em><strong>Update vom 15.05.2023:<\/strong><br>Es wurden weitere Schriften\/B\u00fccher der Liste hinzugef\u00fcgt, die Werner verfasst bzw. an ihnen mitgearbeitet hat.<\/em><\/p>\n\n\n\n<hr class=\"wp-block-separator has-alpha-channel-opacity is-style-wide\"\/>\n\n\n\n<h2 class=\"wp-block-heading\">Korrigieren Sie uns gerne!<\/h2>\n\n\n\n<p>Wir haben uns gro\u00dfe M\u00fche gegeben diesen Beitrag m\u00f6glichst korrekt und vollst\u00e4ndig zu verfassen. Falls Sie einen Fehler entdecken oder noch etwas beitragen k\u00f6nnen, melden Sie sich gerne per E-Mail bei uns unter:<\/p>\n\n\n\n<p class=\"has-text-align-center\"><a href=\"mailto:info@heimatverein-nieder-roden.de\" target=\"_blank\" rel=\"noreferrer noopener\">info@heimatverein-nieder-roden.de<\/a><\/p>\n\n\n\n<p>Vielen Dank!<\/p>\n\n\n\n<hr class=\"wp-block-separator has-alpha-channel-opacity is-style-wide\"\/>\n\n\nBeitrag 0 mal aufgerufen in den letzten 14 Tagen.\n\n\n\n<div style=\"height:9px\" aria-hidden=\"true\" class=\"wp-block-spacer\"><\/div>\n\n\nBeitrag 0 mal aufgerufen in den letzten 365 Tagen.\n","protected":false},"excerpt":{"rendered":"<p>Damit wurde Werner geehrt f\u00fcr seine langj\u00e4hrigen Verdienste in Freizeit und Ehrenamt &#8211; Wir schlie\u00dfen uns dem Dank an, gratulieren und erg\u00e4nzen die Laudatio!<\/p><p><a class=\"more-link btn\" href=\"https:\/\/heimatverein-nieder-roden.de\/?p=5142\">Weiterlesen<\/a><\/p>\n","protected":false},"author":1,"featured_media":5223,"comment_status":"closed","ping_status":"closed","sticky":false,"template":"","format":"standard","meta":{"_coblocks_attr":"","_coblocks_dimensions":"","_coblocks_responsive_height":"","_coblocks_accordion_ie_support":"","footnotes":"","_share_on_mastodon":"0"},"categories":[6,97],"tags":[34,35,349,348,124,140,17,141],"class_list":["post-5142","post","type-post","status-publish","format-standard","has-post-thumbnail","hentry","category-aktuell","category-slider","tag-akhnr","tag-arbeitskreis-fuer-heimatkunde-nieder-roden-e-v","tag-ehrenabend-2023","tag-ehrenbrief","tag-rollwald","tag-rollwald-dokumentation","tag-stadt-rodgau","tag-werner-stolzenburg","nodate"],"share_on_mastodon":{"url":"","error":""},"publishpress_future_action":{"enabled":false,"date":"2026-05-09 10:59:53","action":"category-remove","newStatus":"draft","terms":[],"taxonomy":"category","extraData":[]},"publishpress_future_workflow_manual_trigger":{"enabledWorkflows":[]},"_links":{"self":[{"href":"https:\/\/heimatverein-nieder-roden.de\/index.php?rest_route=\/wp\/v2\/posts\/5142","targetHints":{"allow":["GET"]}}],"collection":[{"href":"https:\/\/heimatverein-nieder-roden.de\/index.php?rest_route=\/wp\/v2\/posts"}],"about":[{"href":"https:\/\/heimatverein-nieder-roden.de\/index.php?rest_route=\/wp\/v2\/types\/post"}],"author":[{"embeddable":true,"href":"https:\/\/heimatverein-nieder-roden.de\/index.php?rest_route=\/wp\/v2\/users\/1"}],"replies":[{"embeddable":true,"href":"https:\/\/heimatverein-nieder-roden.de\/index.php?rest_route=%2Fwp%2Fv2%2Fcomments&post=5142"}],"version-history":[{"count":18,"href":"https:\/\/heimatverein-nieder-roden.de\/index.php?rest_route=\/wp\/v2\/posts\/5142\/revisions"}],"predecessor-version":[{"id":5260,"href":"https:\/\/heimatverein-nieder-roden.de\/index.php?rest_route=\/wp\/v2\/posts\/5142\/revisions\/5260"}],"wp:featuredmedia":[{"embeddable":true,"href":"https:\/\/heimatverein-nieder-roden.de\/index.php?rest_route=\/wp\/v2\/media\/5223"}],"wp:attachment":[{"href":"https:\/\/heimatverein-nieder-roden.de\/index.php?rest_route=%2Fwp%2Fv2%2Fmedia&parent=5142"}],"wp:term":[{"taxonomy":"category","embeddable":true,"href":"https:\/\/heimatverein-nieder-roden.de\/index.php?rest_route=%2Fwp%2Fv2%2Fcategories&post=5142"},{"taxonomy":"post_tag","embeddable":true,"href":"https:\/\/heimatverein-nieder-roden.de\/index.php?rest_route=%2Fwp%2Fv2%2Ftags&post=5142"}],"curies":[{"name":"wp","href":"https:\/\/api.w.org\/{rel}","templated":true}]}}