{"id":5120,"date":"2023-04-06T19:04:07","date_gmt":"2023-04-06T17:04:07","guid":{"rendered":"https:\/\/heimatverein-nieder-roden.de\/?p=5120"},"modified":"2024-04-12T22:43:53","modified_gmt":"2024-04-12T20:43:53","slug":"alte-grabsteine-und-welche-geschichten-sie-uns-erzaehlen","status":"publish","type":"post","link":"https:\/\/heimatverein-nieder-roden.de\/?p=5120","title":{"rendered":"Alte Grabsteine und welche Geschichten sie uns erz\u00e4hlen"},"content":{"rendered":"\n<h4 class=\"wp-block-heading\">Thema der Jahresausstellung 2023<\/h4>\n\n\n\n<p>Im ehemaligen Alten Friedhof, dem zuk\u00fcnftigen B\u00fcrgerpark, will der AKHNR an den gesicherten alten Grabsteinen Informationstafeln aufstellen. Sie werden Bemerkenswertes \u00fcber die Verstorbenen berichten.<br>Das gab den Anlass zu der Ausstellung <\/p>\n\n\n\n<blockquote class=\"wp-block-quote has-text-align-center is-layout-flow wp-block-quote-is-layout-flow\">\n<p><em>Alte Grabsteine<\/em> und welche Geschichten sie uns erz\u00e4hlen. <\/p>\n<\/blockquote>\n\n\n\n<p>Dabei wird es vor allem um besondere Pers\u00f6nlichkeiten aus dem Ort gehen und darum, wie sie mit der Geschichte des Ortes Nieder-Roden verbunden sind. <\/p>\n\n\n\n<h4 class=\"wp-block-heading\">Als der alte Friedhof noch in Nutzung war<\/h4>\n\n\n\n<figure class=\"wp-block-image size-large is-resized\"><img decoding=\"async\" src=\"https:\/\/heimatverein-nieder-roden.de\/wp-content\/uploads\/2023\/04\/2011-09-26_Alter-Friedhof-in-Betrieb_AKHNR_Willibald-Heger_DSCN0406-1024x768.jpg\" alt=\"Blick auf den alten Nieder-R\u00f6der Friedhof mit einigen gepflegten Gr\u00e4bern mit Seite des Eingangsgeb\u00e4udes.\" class=\"wp-image-5151\" style=\"width:837px;height:627px\"\/><figcaption class=\"wp-element-caption\">Alter Friedhof Nieder-Roden im Jahr 2011, kurz bevor die Gr\u00e4ber abger\u00e4umt wurden. 26.09.2011, AKHNR, (c) Willibald Heger<\/figcaption><\/figure>\n\n\n\n<p>Das Bestreben des Vereins ist es, dass der eine oder andere Besucher die Gelegenheit nutzt, zu den abgebildeten Grabsteinen in der Ausstellung noch Wissenswertes beizutragen. <\/p>\n\n\n\n<p>Die Ausstellung wird am 7. Mai um 14 Uhr er\u00f6ffnet.<\/p>\n\n\n\n<p><a href=\"https:\/\/heimatverein-nieder-roden.de\/?page_id=23\">Die \u00d6ffnungstermine finden Sie auf der rechts bzw. unten und auf unserer Seite &#8222;Termine&#8220;<\/a>.<\/p>\n\n\n\n<p>Wir freuen uns auf Ihren Besuch!<\/p>\n\n\n\n<hr class=\"wp-block-separator has-alpha-channel-opacity is-style-wide\"\/>\n\n\nBeitrag 0 mal aufgerufen in den letzten 14 Tagen.\n","protected":false},"excerpt":{"rendered":"<p>Thema der Jahresausstellung 2023<\/p><p><a class=\"more-link btn\" href=\"https:\/\/heimatverein-nieder-roden.de\/?p=5120\">Weiterlesen<\/a><\/p>\n","protected":false},"author":3,"featured_media":5151,"comment_status":"closed","ping_status":"closed","sticky":false,"template":"","format":"standard","meta":{"_coblocks_attr":"","_coblocks_dimensions":"","_coblocks_responsive_height":"","_coblocks_accordion_ie_support":"","footnotes":"","_share_on_mastodon":"0"},"categories":[138,139],"tags":[34,12,35,347,274,27],"class_list":["post-5120","post","type-post","status-publish","format-standard","has-post-thumbnail","hentry","category-jahresausstellung","category-jahresausstellung-hauptartikel","tag-akhnr","tag-alter-friedhof","tag-arbeitskreis-fuer-heimatkunde-nieder-roden-e-v","tag-buergerpark","tag-grabsteine","tag-jahresausstellung","nodate"],"share_on_mastodon":{"url":"","error":""},"publishpress_future_action":{"enabled":false,"date":"2026-05-06 22:51:27","action":"category-remove","newStatus":"draft","terms":[],"taxonomy":"category","extraData":[]},"publishpress_future_workflow_manual_trigger":{"enabledWorkflows":[]},"_links":{"self":[{"href":"https:\/\/heimatverein-nieder-roden.de\/index.php?rest_route=\/wp\/v2\/posts\/5120","targetHints":{"allow":["GET"]}}],"collection":[{"href":"https:\/\/heimatverein-nieder-roden.de\/index.php?rest_route=\/wp\/v2\/posts"}],"about":[{"href":"https:\/\/heimatverein-nieder-roden.de\/index.php?rest_route=\/wp\/v2\/types\/post"}],"author":[{"embeddable":true,"href":"https:\/\/heimatverein-nieder-roden.de\/index.php?rest_route=\/wp\/v2\/users\/3"}],"replies":[{"embeddable":true,"href":"https:\/\/heimatverein-nieder-roden.de\/index.php?rest_route=%2Fwp%2Fv2%2Fcomments&post=5120"}],"version-history":[{"count":24,"href":"https:\/\/heimatverein-nieder-roden.de\/index.php?rest_route=\/wp\/v2\/posts\/5120\/revisions"}],"predecessor-version":[{"id":6718,"href":"https:\/\/heimatverein-nieder-roden.de\/index.php?rest_route=\/wp\/v2\/posts\/5120\/revisions\/6718"}],"wp:featuredmedia":[{"embeddable":true,"href":"https:\/\/heimatverein-nieder-roden.de\/index.php?rest_route=\/wp\/v2\/media\/5151"}],"wp:attachment":[{"href":"https:\/\/heimatverein-nieder-roden.de\/index.php?rest_route=%2Fwp%2Fv2%2Fmedia&parent=5120"}],"wp:term":[{"taxonomy":"category","embeddable":true,"href":"https:\/\/heimatverein-nieder-roden.de\/index.php?rest_route=%2Fwp%2Fv2%2Fcategories&post=5120"},{"taxonomy":"post_tag","embeddable":true,"href":"https:\/\/heimatverein-nieder-roden.de\/index.php?rest_route=%2Fwp%2Fv2%2Ftags&post=5120"}],"curies":[{"name":"wp","href":"https:\/\/api.w.org\/{rel}","templated":true}]}}