{"id":5085,"date":"2023-03-08T09:45:51","date_gmt":"2023-03-08T08:45:51","guid":{"rendered":"https:\/\/heimatverein-nieder-roden.de\/?p=5085"},"modified":"2023-03-08T09:45:54","modified_gmt":"2023-03-08T08:45:54","slug":"musikalisch-um-die-ganze-welt-jahreskonzert-des-orchesters-klangfarben-am-2-november-2019-2","status":"publish","type":"post","link":"https:\/\/heimatverein-nieder-roden.de\/?p=5085","title":{"rendered":"Musikalisch um die ganze Welt &#8211; Jahreskonzert des Orchesters Klangfarben am 2. November 2019"},"content":{"rendered":"\n<p>\u201e<strong class=\"\">Klangfarben\u201c holen Jahreskonzert am 11. M\u00e4rz nach \u2013 mit \u00dcberraschungsg\u00e4sten!<\/strong><\/p>\n\n\n\n<p>Endlich holt das Orchester \u201eKlangfarben\u201c sein urspr\u00fcnglich f\u00fcr November 2022 geplantes Konzert nach und l\u00e4dt am 11. M\u00e4rz auf die \u201eStra\u00dfen der Musik\u201c ein. Im Nieder-R\u00f6der B\u00fcrgerhaus wird das beliebte Blasensemble des \u00f6rtlichen Musikvereins dem Publikum teils unterhaltende, teils ernster gehaltene St\u00fccke pr\u00e4sentieren. Die Dirigentinnen Angela Groh und Yvonne B\u00fcttner werden mit dem Publikum durch Paris, London und Liverpool wandern, durch Tschechien schippern und die Grenze von Ungarn nach \u00d6sterreich \u00fcberbr\u00fccken. Und sollten die Zuh\u00f6rer auf solch einer Reise den Blues bekommen, k\u00f6nnen sie sich auf einer Kirchenstra\u00dfe wieder erden.<\/p>\n\n\n<div class=\"wp-block-image\">\n<figure class=\"alignleft size-large is-resized\"><a href=\"https:\/\/heimatverein-nieder-roden.de\/wp-content\/uploads\/2023\/03\/KULTinklusive-Werk.jpeg\" target=\"_blank\" rel=\"noreferrer noopener\"><img decoding=\"async\" src=\"https:\/\/heimatverein-nieder-roden.de\/wp-content\/uploads\/2023\/03\/KULTinklusive-Werk-407x1024.jpeg\" alt=\"\" class=\"wp-image-5086\" width=\"225\" height=\"566\" srcset=\"https:\/\/heimatverein-nieder-roden.de\/wp-content\/uploads\/2023\/03\/KULTinklusive-Werk-407x1024.jpeg 407w, https:\/\/heimatverein-nieder-roden.de\/wp-content\/uploads\/2023\/03\/KULTinklusive-Werk-119x300.jpeg 119w, https:\/\/heimatverein-nieder-roden.de\/wp-content\/uploads\/2023\/03\/KULTinklusive-Werk-445x1120.jpeg 445w, https:\/\/heimatverein-nieder-roden.de\/wp-content\/uploads\/2023\/03\/KULTinklusive-Werk.jpeg 509w\" sizes=\"(max-width: 225px) 100vw, 225px\" \/><\/a><figcaption class=\"wp-element-caption\">Ein B\u00fchnenbild aus dem Workshop von KULTinklusive mit Simon Jung<br>(\u00a9 Bild: KULTinklusive) <\/figcaption><\/figure>\n<\/div>\n\n\n<p>Mit Spannung erwarten die Konzertbesucher dabei den Auftritt eines im B\u00fcrgerhaus noch nicht h\u00e4ufig geh\u00f6rten Blasinstruments. Musikg\u00e4ste des z\u00fcnftigen Ensembles \u201eKirkside Pipes&amp;Drums\u201c werden echte Dudels\u00e4cke erklingen lassen und das Blasorchester bei mehreren St\u00fccken unterst\u00fctzen. Auch solistisch werden die ungew\u00f6hnlichen Holzblasinstrumente zu h\u00f6ren sein. \u201eF\u00fcr die Tonerzeugung in Sackpfeifen muss der Luftsack \u00fcber die Blowpipe aufgeblasen werden. Die Mehrstimmigkeit entsteht durch das Zusammenspiel von Bordunpfeifen mit ihren tiefen, ausgehaltenen T\u00f6nen und den Melodiepfeifen mit h\u00f6heren, durchdringenden Kl\u00e4ngen\u201c, erkl\u00e4rt Gastspieler Siggi Kramlehner: \u201eWir freuen uns auf das gemeinsame Musizieren mit einem echten Blasorchester!\u201c \u2013 die bei diesem Konzert auch etwas lautst\u00e4rker sein darf. Mit diesem \u00dcberraschungcoup macht das Orchester Klangfarben seinem Namen also alle Ehren.<\/p>\n\n\n\n<p>Auch das B\u00fchnenbild aus Graffiti-Werken zum Thema \u201eStra\u00dfen\u201c ist etwas Besonderes. Jugendliche von KULTinklusive gestalteten die Bilder in einem st\u00e4dtisch gef\u00f6rderten Workshop des Frankfurter K\u00fcnstlers Simon Jung. KULTinklusive ist die 2015 gegr\u00fcndete Kulturakademie des Rodgauer Vereins \u201eGemeinsam mit Behinderten&#8220; e. V. und erm\u00f6glicht Inklusion in kultureller Bildung.<\/p>\n\n\n\n<p>Wer die Klangfarben des Musikvereins, die Dudels\u00e4cke von Kirkside Pipes&amp;Drums und die Graffitiwerke von KULTinklusive erleben m\u00f6chte, geht am 11. M\u00e4rz die Stra\u00dfe zum B\u00fcrgerhaus (Konzert 19 Uhr, Einlass 18.30 Uhr).<\/p>\n\n\n\n<p><em>Text: Musikverein Nieder-Roden e. V.<\/em><\/p>\n\n\n\n<p><em>Im Rahmen der Kooperation mit dem MVN  unterst\u00fctzt der Arbeitskreis  f\u00fcr Heimatkunde Nieder-Roden e. V. diese Veranstaltung und w\u00fcnscht gutes  Gelingen!<\/em><\/p>\n\n\n\n<p><em>Unseren Mitgliedern und Freunden empfehlen wir den Besuch des Konzertes!<\/em><\/p>\n\n\n\n<p class=\"has-text-align-center\"><a href=\"https:\/\/www.mv-nieder-roden.de\/aktuelles\/\">Weitere Informationen gibt es beim Musikverein.<\/a><\/p>\n\n\n<div class=\"wp-block-image\">\n<figure class=\"aligncenter is-resized\"><a href=\"https:\/\/www.mv-nieder-roden.de\/aktuelles\/\"><img decoding=\"async\" src=\"http:\/\/heimatverein-nieder-roden.de\/wp-content\/uploads\/2019\/02\/2019-02-17_AKHNR_MVN-Logo_selbstgeb_v1.0-1024x469.png\" alt=\"\" class=\"wp-image-557\" width=\"267\" height=\"123\" srcset=\"https:\/\/heimatverein-nieder-roden.de\/wp-content\/uploads\/2019\/02\/2019-02-17_AKHNR_MVN-Logo_selbstgeb_v1.0-1024x469.png 1024w, https:\/\/heimatverein-nieder-roden.de\/wp-content\/uploads\/2019\/02\/2019-02-17_AKHNR_MVN-Logo_selbstgeb_v1.0-300x137.png 300w, https:\/\/heimatverein-nieder-roden.de\/wp-content\/uploads\/2019\/02\/2019-02-17_AKHNR_MVN-Logo_selbstgeb_v1.0-768x352.png 768w\" sizes=\"(max-width: 267px) 100vw, 267px\" \/><\/a><figcaption class=\"wp-element-caption\">Das Logo des Musikvereins Nieder-Roden e. V.<\/figcaption><\/figure>\n<\/div>","protected":false},"excerpt":{"rendered":"<p>\u201eKlangfarben\u201c holen Jahreskonzert am 11. M\u00e4rz nach \u2013 mit \u00dcberraschungsg\u00e4sten! Endlich holt das Orchester \u201eKlangfarben\u201c sein urspr\u00fcnglich f\u00fcr November 2022 geplantes Konzert nach und l\u00e4dt am 11. M\u00e4rz auf die \u201eStra\u00dfen der Musik\u201c ein. Im Nieder-R\u00f6der B\u00fcrgerhaus wird das beliebte Blasensemble des \u00f6rtlichen Musikvereins dem Publikum teils unterhaltende, teils ernster gehaltene St\u00fccke pr\u00e4sentieren. Die Dirigentinnen &hellip; <\/p>\n<p><a class=\"more-link btn\" href=\"https:\/\/heimatverein-nieder-roden.de\/?p=5085\">Weiterlesen<\/a><\/p>\n","protected":false},"author":1,"featured_media":5086,"comment_status":"closed","ping_status":"closed","sticky":false,"template":"","format":"standard","meta":{"_coblocks_attr":"","_coblocks_dimensions":"","_coblocks_responsive_height":"","_coblocks_accordion_ie_support":"","footnotes":"","_share_on_mastodon":"0"},"categories":[6,97],"tags":[30,22,87],"class_list":["post-5085","post","type-post","status-publish","format-standard","has-post-thumbnail","hentry","category-aktuell","category-slider","tag-blasmusik","tag-musikverein-nieder-roden","tag-orchester-klangfarben","nodate"],"share_on_mastodon":{"url":"","error":""},"publishpress_future_action":{"enabled":false,"date":"2026-05-07 08:41:08","action":"category-remove","newStatus":"draft","terms":[],"taxonomy":"category","extraData":[]},"publishpress_future_workflow_manual_trigger":{"enabledWorkflows":[]},"_links":{"self":[{"href":"https:\/\/heimatverein-nieder-roden.de\/index.php?rest_route=\/wp\/v2\/posts\/5085","targetHints":{"allow":["GET"]}}],"collection":[{"href":"https:\/\/heimatverein-nieder-roden.de\/index.php?rest_route=\/wp\/v2\/posts"}],"about":[{"href":"https:\/\/heimatverein-nieder-roden.de\/index.php?rest_route=\/wp\/v2\/types\/post"}],"author":[{"embeddable":true,"href":"https:\/\/heimatverein-nieder-roden.de\/index.php?rest_route=\/wp\/v2\/users\/1"}],"replies":[{"embeddable":true,"href":"https:\/\/heimatverein-nieder-roden.de\/index.php?rest_route=%2Fwp%2Fv2%2Fcomments&post=5085"}],"version-history":[{"count":1,"href":"https:\/\/heimatverein-nieder-roden.de\/index.php?rest_route=\/wp\/v2\/posts\/5085\/revisions"}],"predecessor-version":[{"id":5087,"href":"https:\/\/heimatverein-nieder-roden.de\/index.php?rest_route=\/wp\/v2\/posts\/5085\/revisions\/5087"}],"wp:featuredmedia":[{"embeddable":true,"href":"https:\/\/heimatverein-nieder-roden.de\/index.php?rest_route=\/wp\/v2\/media\/5086"}],"wp:attachment":[{"href":"https:\/\/heimatverein-nieder-roden.de\/index.php?rest_route=%2Fwp%2Fv2%2Fmedia&parent=5085"}],"wp:term":[{"taxonomy":"category","embeddable":true,"href":"https:\/\/heimatverein-nieder-roden.de\/index.php?rest_route=%2Fwp%2Fv2%2Fcategories&post=5085"},{"taxonomy":"post_tag","embeddable":true,"href":"https:\/\/heimatverein-nieder-roden.de\/index.php?rest_route=%2Fwp%2Fv2%2Ftags&post=5085"}],"curies":[{"name":"wp","href":"https:\/\/api.w.org\/{rel}","templated":true}]}}