{"id":5014,"date":"2023-02-19T23:00:13","date_gmt":"2023-02-19T22:00:13","guid":{"rendered":"https:\/\/heimatverein-nieder-roden.de\/?p=5014"},"modified":"2023-02-19T23:00:14","modified_gmt":"2023-02-19T22:00:14","slug":"jahresauftakt-des-akhnr-mit-ausflug-nach-obertshausen","status":"publish","type":"post","link":"https:\/\/heimatverein-nieder-roden.de\/?p=5014","title":{"rendered":"Jahresauftakt des AKHNR mit Ausflug nach Obertshausen"},"content":{"rendered":"\n<p>Die Mitglieder des Arbeitskreises f\u00fcr Heimatkunde Nieder-Roden e. V. (AKHNR) begehen in diesem Jahr wieder den Auftakt des Vereinsjahres mit einem Kurzausflug. Am Samstag, den 4. M\u00e4rz, geht es nach Obertshausen.<\/p>\n\n\n\n<blockquote class=\"wp-block-quote is-layout-flow wp-block-quote-is-layout-flow\">\n<p class=\"has-text-align-center\">Jahresauftakt am 4. M\u00e4rz 2023<\/p>\n<\/blockquote>\n\n\n\n<p>Ein Schwerpunkt des Vereins ist, die n\u00e4here Umgebung Nieder-Rodens besser kennenzulernen. &#8222;Wir freuen uns, dabei auf die fachkundigen Experten der Heimat- und Geschichtsvereine in der Nachbarschaft zur\u00fcckgreifen zu k\u00f6nnen&#8220;, hebt Frank Martiny (1. Vorsitzender des AKHNR) hervor. <\/p>\n\n\n\n<p>Der Heimat- und Geschichtsverein Obertshausen e. V. erm\u00f6glicht einen Besuch im &#8222;Karl-Mayer-Haus&#8220;, in dem die Geschichte der Stadt und seiner Industriebetriebe aufbereitet ist. Dabei gibt es eine exklusive F\u00fchrung f\u00fcr die Nieder-R\u00f6der Besucher.<\/p>\n\n\n<div class=\"wp-block-image\">\n<figure class=\"aligncenter size-full is-resized\"><a href=\"https:\/\/heimatverein-nieder-roden.de\/wp-content\/uploads\/2023\/02\/Obertshausen_Karl-Mayer-Haus_Werkstattmuseum.jpg\"><img decoding=\"async\" src=\"https:\/\/heimatverein-nieder-roden.de\/wp-content\/uploads\/2023\/02\/Obertshausen_Karl-Mayer-Haus_Werkstattmuseum.jpg\" alt=\"\" class=\"wp-image-5017\" width=\"616\" height=\"346\" srcset=\"https:\/\/heimatverein-nieder-roden.de\/wp-content\/uploads\/2023\/02\/Obertshausen_Karl-Mayer-Haus_Werkstattmuseum.jpg 960w, https:\/\/heimatverein-nieder-roden.de\/wp-content\/uploads\/2023\/02\/Obertshausen_Karl-Mayer-Haus_Werkstattmuseum-300x169.jpg 300w, https:\/\/heimatverein-nieder-roden.de\/wp-content\/uploads\/2023\/02\/Obertshausen_Karl-Mayer-Haus_Werkstattmuseum-768x432.jpg 768w, https:\/\/heimatverein-nieder-roden.de\/wp-content\/uploads\/2023\/02\/Obertshausen_Karl-Mayer-Haus_Werkstattmuseum-836x470.jpg 836w, https:\/\/heimatverein-nieder-roden.de\/wp-content\/uploads\/2023\/02\/Obertshausen_Karl-Mayer-Haus_Werkstattmuseum-560x315.jpg 560w\" sizes=\"(max-width: 616px) 100vw, 616px\" \/><\/a><figcaption class=\"wp-element-caption\">Werkstattmuseum\/Heimatmuseum Obertshausen im Karl-Mayer-Haus Obertshausen. \u00a9HGV Obertshausen<\/figcaption><\/figure>\n<\/div>\n\n\n<p>Das Museum zeigt unter anderem Ausstellungen zur Familienforschung, zur \u00f6rtlichen Kirchengeschichte, zum Schwerpunkt Lederwarenindustrie und auch mit \u00fcberregionalem Bezug zur &#8222;Deutschen Spitzengilde&#8220;. Besonders spannend ist die erste Werkst\u00e4tte des Stifters Karl-Mayer, die ebenfalls gezeigt wird.<\/p>\n\n\n<div class=\"wp-block-image\">\n<figure class=\"aligncenter size-full is-resized\"><a href=\"https:\/\/www.hgv-obertshausen.de\/das-museum\/\" target=\"_blank\" rel=\"noreferrer noopener\"><img decoding=\"async\" src=\"https:\/\/heimatverein-nieder-roden.de\/wp-content\/uploads\/2022\/10\/heimat-und-geschichtsverei-obertshausen_logo.jpg\" alt=\"\" class=\"wp-image-4584\" width=\"375\" height=\"217\" srcset=\"https:\/\/heimatverein-nieder-roden.de\/wp-content\/uploads\/2022\/10\/heimat-und-geschichtsverei-obertshausen_logo.jpg 938w, https:\/\/heimatverein-nieder-roden.de\/wp-content\/uploads\/2022\/10\/heimat-und-geschichtsverei-obertshausen_logo-300x175.jpg 300w, https:\/\/heimatverein-nieder-roden.de\/wp-content\/uploads\/2022\/10\/heimat-und-geschichtsverei-obertshausen_logo-768x447.jpg 768w, https:\/\/heimatverein-nieder-roden.de\/wp-content\/uploads\/2022\/10\/heimat-und-geschichtsverei-obertshausen_logo-836x487.jpg 836w, https:\/\/heimatverein-nieder-roden.de\/wp-content\/uploads\/2022\/10\/heimat-und-geschichtsverei-obertshausen_logo-560x326.jpg 560w\" sizes=\"(max-width: 375px) 100vw, 375px\" \/><\/a><figcaption class=\"wp-element-caption\">F\u00fcr weitere Infos zum HGV Obertshausen klicken Sie auf das Logo.<\/figcaption><\/figure>\n<\/div>\n\n\n<p>Im Anschluss kehrt die Gruppe in der urigen Wirtsstube &#8222;Zum Nachtw\u00e4chter&#8220; ein um den Tag bei einem gemeinsamen Abendessen entspannt ausklingen zu lassen. Das bekannte Restaurant ist eine Obertsh\u00e4user Institution und begeistert mit wundersch\u00f6nem Ambiente und sehr guter K\u00fcche.<\/p>\n\n\n<div class=\"wp-block-image\">\n<figure class=\"aligncenter size-large is-resized\"><a href=\"https:\/\/heimatverein-nieder-roden.de\/wp-content\/uploads\/2023\/02\/Obertshausen_Zum-Nachtwaechter.jpg\"><img decoding=\"async\" src=\"https:\/\/heimatverein-nieder-roden.de\/wp-content\/uploads\/2023\/02\/Obertshausen_Zum-Nachtwaechter-1024x768.jpg\" alt=\"\" class=\"wp-image-5018\" width=\"629\" height=\"472\" srcset=\"https:\/\/heimatverein-nieder-roden.de\/wp-content\/uploads\/2023\/02\/Obertshausen_Zum-Nachtwaechter-1024x768.jpg 1024w, https:\/\/heimatverein-nieder-roden.de\/wp-content\/uploads\/2023\/02\/Obertshausen_Zum-Nachtwaechter-300x225.jpg 300w, https:\/\/heimatverein-nieder-roden.de\/wp-content\/uploads\/2023\/02\/Obertshausen_Zum-Nachtwaechter-768x576.jpg 768w, https:\/\/heimatverein-nieder-roden.de\/wp-content\/uploads\/2023\/02\/Obertshausen_Zum-Nachtwaechter-1536x1152.jpg 1536w, https:\/\/heimatverein-nieder-roden.de\/wp-content\/uploads\/2023\/02\/Obertshausen_Zum-Nachtwaechter-836x627.jpg 836w, https:\/\/heimatverein-nieder-roden.de\/wp-content\/uploads\/2023\/02\/Obertshausen_Zum-Nachtwaechter-560x420.jpg 560w, https:\/\/heimatverein-nieder-roden.de\/wp-content\/uploads\/2023\/02\/Obertshausen_Zum-Nachtwaechter.jpg 1800w\" sizes=\"(max-width: 629px) 100vw, 629px\" \/><\/a><figcaption class=\"wp-element-caption\">&#8222;Zum Nachtw\u00e4chter&#8220; in Obertshausen. \u00a9P\u00e4chter<\/figcaption><\/figure>\n<\/div>\n\n\n<blockquote class=\"wp-block-quote is-layout-flow wp-block-quote-is-layout-flow\">\n<p class=\"has-text-align-center\">Treffpunkt zur Hinfahrt <br>15:15 Uhr <br>Bahnhof Nieder-Roden<\/p>\n<\/blockquote>\n\n\n\n<p>Hin- und R\u00fcckfahrt werden mit der S-Bahn bew\u00e4ltigt. Treffpunkt zur Hinfahrt ist um 15:15 Uhr am Bahnhof Nieder-Roden, Bahnsteig Richtung Offenbach.<\/p>\n\n\n\n<p>Wer mitfahren m\u00f6chte muss sich rasch anmelden:<\/p>\n\n\n\n<ul class=\"wp-block-list\">\n<li>per E-Mail an: <a href=\"mailto:info@heimatverein-nieder-roden.de\" target=\"_blank\" rel=\"noreferrer noopener\">info@heimatverein-nieder-roden.de<\/a><\/li>\n\n\n\n<li>per Telefon unter 06106 733306<\/li>\n<\/ul>\n\n\n\n<p>Anmeldeschluss ist Montag, der 27. Februar. Die Teilnehmerzahl ist auf 20 Personen begrenzt!<\/p>\n","protected":false},"excerpt":{"rendered":"<p>Die Mitglieder des AKHNR starten mit zum Jahresauftakt mit einem Kurzausflug, am Samstag, den 4. M\u00e4rz.<\/p><p><a class=\"more-link btn\" href=\"https:\/\/heimatverein-nieder-roden.de\/?p=5014\">Weiterlesen<\/a><\/p>\n","protected":false},"author":1,"featured_media":5017,"comment_status":"closed","ping_status":"closed","sticky":false,"template":"","format":"standard","meta":{"_coblocks_attr":"","_coblocks_dimensions":"","_coblocks_responsive_height":"","_coblocks_accordion_ie_support":"","footnotes":"","_share_on_mastodon":"0"},"categories":[6,56,97],"tags":[34,35,331,334,330,50,332,189,333,335],"class_list":["post-5014","post","type-post","status-publish","format-standard","has-post-thumbnail","hentry","category-aktuell","category-jahresauftakt","category-slider","tag-akhnr","tag-arbeitskreis-fuer-heimatkunde-nieder-roden-e-v","tag-heimat-und-geschichtsverein-obertshausen","tag-heimatmuseum-obertshausen","tag-hgv-obertshausen","tag-jahresauftakt","tag-karl-mayer-haus","tag-obertshausen","tag-werkstattmuseum-obertshausen","tag-zum-nachtwaechter","nodate"],"share_on_mastodon":{"url":"","error":""},"publishpress_future_action":{"enabled":false,"date":"2026-05-07 09:20:33","action":"category-remove","newStatus":"draft","terms":[],"taxonomy":"category","extraData":[]},"publishpress_future_workflow_manual_trigger":{"enabledWorkflows":[]},"_links":{"self":[{"href":"https:\/\/heimatverein-nieder-roden.de\/index.php?rest_route=\/wp\/v2\/posts\/5014","targetHints":{"allow":["GET"]}}],"collection":[{"href":"https:\/\/heimatverein-nieder-roden.de\/index.php?rest_route=\/wp\/v2\/posts"}],"about":[{"href":"https:\/\/heimatverein-nieder-roden.de\/index.php?rest_route=\/wp\/v2\/types\/post"}],"author":[{"embeddable":true,"href":"https:\/\/heimatverein-nieder-roden.de\/index.php?rest_route=\/wp\/v2\/users\/1"}],"replies":[{"embeddable":true,"href":"https:\/\/heimatverein-nieder-roden.de\/index.php?rest_route=%2Fwp%2Fv2%2Fcomments&post=5014"}],"version-history":[{"count":1,"href":"https:\/\/heimatverein-nieder-roden.de\/index.php?rest_route=\/wp\/v2\/posts\/5014\/revisions"}],"predecessor-version":[{"id":5019,"href":"https:\/\/heimatverein-nieder-roden.de\/index.php?rest_route=\/wp\/v2\/posts\/5014\/revisions\/5019"}],"wp:featuredmedia":[{"embeddable":true,"href":"https:\/\/heimatverein-nieder-roden.de\/index.php?rest_route=\/wp\/v2\/media\/5017"}],"wp:attachment":[{"href":"https:\/\/heimatverein-nieder-roden.de\/index.php?rest_route=%2Fwp%2Fv2%2Fmedia&parent=5014"}],"wp:term":[{"taxonomy":"category","embeddable":true,"href":"https:\/\/heimatverein-nieder-roden.de\/index.php?rest_route=%2Fwp%2Fv2%2Fcategories&post=5014"},{"taxonomy":"post_tag","embeddable":true,"href":"https:\/\/heimatverein-nieder-roden.de\/index.php?rest_route=%2Fwp%2Fv2%2Ftags&post=5014"}],"curies":[{"name":"wp","href":"https:\/\/api.w.org\/{rel}","templated":true}]}}