{"id":4843,"date":"2022-11-27T20:22:08","date_gmt":"2022-11-27T19:22:08","guid":{"rendered":"https:\/\/heimatverein-nieder-roden.de\/?p=4843"},"modified":"2024-12-01T16:09:43","modified_gmt":"2024-12-01T15:09:43","slug":"nieder-roeder-adventsmarkt-2022","status":"publish","type":"post","link":"https:\/\/heimatverein-nieder-roden.de\/?p=4843","title":{"rendered":"Nieder-R\u00f6der Adventsmarkt 2022"},"content":{"rendered":"<div id=\"ez-toc-container\" class=\"ez-toc-v2_0_82_2 counter-hierarchy ez-toc-counter ez-toc-custom ez-toc-container-direction\">\n<p class=\"ez-toc-title\" style=\"cursor:inherit\">Inhaltsverzeichnis<\/p>\n<label for=\"ez-toc-cssicon-toggle-item-69f27c736c0d5\" class=\"ez-toc-cssicon-toggle-label\"><span class=\"\"><span class=\"eztoc-hide\" style=\"display:none;\">Toggle<\/span><span class=\"ez-toc-icon-toggle-span\"><svg style=\"fill: #000000;color:#000000\" xmlns=\"http:\/\/www.w3.org\/2000\/svg\" class=\"list-377408\" width=\"20px\" height=\"20px\" viewBox=\"0 0 24 24\" fill=\"none\"><path d=\"M6 6H4v2h2V6zm14 0H8v2h12V6zM4 11h2v2H4v-2zm16 0H8v2h12v-2zM4 16h2v2H4v-2zm16 0H8v2h12v-2z\" fill=\"currentColor\"><\/path><\/svg><svg style=\"fill: #000000;color:#000000\" class=\"arrow-unsorted-368013\" xmlns=\"http:\/\/www.w3.org\/2000\/svg\" width=\"10px\" height=\"10px\" viewBox=\"0 0 24 24\" version=\"1.2\" baseProfile=\"tiny\"><path d=\"M18.2 9.3l-6.2-6.3-6.2 6.3c-.2.2-.3.4-.3.7s.1.5.3.7c.2.2.4.3.7.3h11c.3 0 .5-.1.7-.3.2-.2.3-.5.3-.7s-.1-.5-.3-.7zM5.8 14.7l6.2 6.3 6.2-6.3c.2-.2.3-.5.3-.7s-.1-.5-.3-.7c-.2-.2-.4-.3-.7-.3h-11c-.3 0-.5.1-.7.3-.2.2-.3.5-.3.7s.1.5.3.7z\"\/><\/svg><\/span><\/span><\/label><input type=\"checkbox\"  id=\"ez-toc-cssicon-toggle-item-69f27c736c0d5\"  aria-label=\"Toggle\" \/><nav><ul class='ez-toc-list ez-toc-list-level-1 ' ><li class='ez-toc-page-1 ez-toc-heading-level-3'><a class=\"ez-toc-link ez-toc-heading-1\" href=\"https:\/\/heimatverein-nieder-roden.de\/?p=4843\/#Oeffnungszeiten_und_Lageplan\" >\u00d6ffnungszeiten und Lageplan<\/a><\/li><li class='ez-toc-page-1 ez-toc-heading-level-3'><a class=\"ez-toc-link ez-toc-heading-2\" href=\"https:\/\/heimatverein-nieder-roden.de\/?p=4843\/#Auftritt_Musikverein\" >Auftritt Musikverein<\/a><\/li><li class='ez-toc-page-1 ez-toc-heading-level-3'><a class=\"ez-toc-link ez-toc-heading-3\" href=\"https:\/\/heimatverein-nieder-roden.de\/?p=4843\/#Angebot_des_AKHNR\" >Angebot des AKHNR<\/a><\/li><li class='ez-toc-page-1 ez-toc-heading-level-3'><a class=\"ez-toc-link ez-toc-heading-4\" href=\"https:\/\/heimatverein-nieder-roden.de\/?p=4843\/#Magnetschmuck_mit_Nieder-Roeder_Motiven\" >Magnetschmuck mit Nieder-R\u00f6der Motiven<\/a><\/li><li class='ez-toc-page-1 ez-toc-heading-level-3'><a class=\"ez-toc-link ez-toc-heading-5\" href=\"https:\/\/heimatverein-nieder-roden.de\/?p=4843\/#Karten_fuer_das_Festkonzert\" >Karten f\u00fcr das Festkonzert<\/a><\/li><li class='ez-toc-page-1 ez-toc-heading-level-3'><a class=\"ez-toc-link ez-toc-heading-6\" href=\"https:\/\/heimatverein-nieder-roden.de\/?p=4843\/#Buchpakete_der_Heimatbibliothek\" >Buchpakete der Heimatbibliothek<\/a><\/li><li class='ez-toc-page-1 ez-toc-heading-level-3'><a class=\"ez-toc-link ez-toc-heading-7\" href=\"https:\/\/heimatverein-nieder-roden.de\/?p=4843\/#Buch_%E2%80%9E125_Jahre_Rodgaubahn%E2%80%9C\" >Buch &#8222;125 Jahre Rodgaubahn&#8220;<\/a><\/li><li class='ez-toc-page-1 ez-toc-heading-level-3'><a class=\"ez-toc-link ez-toc-heading-8\" href=\"https:\/\/heimatverein-nieder-roden.de\/?p=4843\/#Der_Nieder-Roeder_Fotokalender_2023\" >Der Nieder-R\u00f6der Fotokalender 2023<\/a><\/li><li class='ez-toc-page-1 ez-toc-heading-level-3'><a class=\"ez-toc-link ez-toc-heading-9\" href=\"https:\/\/heimatverein-nieder-roden.de\/?p=4843\/#Ein_Markt_von_Nieder-Roedern_fuer_Nieder-Roeder\" >Ein Markt von Nieder-R\u00f6dern f\u00fcr Nieder-R\u00f6der<\/a><\/li><\/ul><\/nav><\/div>\n\n<p>Nach zwei Jahre Abstinenz ist es wieder soweit: am 2. Adventswochende lockt der Nieder-R\u00f6der Adventsmarkt wieder seine Freunde &#8211; f\u00fcr viele Rodgauer der Weihnachtsmarkt mit der dichtesten Atmosph\u00e4re!<\/p>\n\n\n<div class=\"wp-block-image\">\n<figure class=\"aligncenter size-large is-resized\"><img decoding=\"async\" src=\"https:\/\/heimatverein-nieder-roden.de\/wp-content\/uploads\/2020\/01\/2019-12-07_16-33-22_AKHNR_Adventsmarkt-2019_IMG_4079_Web-1024x1024.jpg\" alt=\"\" class=\"wp-image-2142\" width=\"-141\" height=\"-141\" srcset=\"https:\/\/heimatverein-nieder-roden.de\/wp-content\/uploads\/2020\/01\/2019-12-07_16-33-22_AKHNR_Adventsmarkt-2019_IMG_4079_Web-1024x1024.jpg 1024w, https:\/\/heimatverein-nieder-roden.de\/wp-content\/uploads\/2020\/01\/2019-12-07_16-33-22_AKHNR_Adventsmarkt-2019_IMG_4079_Web-300x300.jpg 300w, https:\/\/heimatverein-nieder-roden.de\/wp-content\/uploads\/2020\/01\/2019-12-07_16-33-22_AKHNR_Adventsmarkt-2019_IMG_4079_Web-150x150.jpg 150w, https:\/\/heimatverein-nieder-roden.de\/wp-content\/uploads\/2020\/01\/2019-12-07_16-33-22_AKHNR_Adventsmarkt-2019_IMG_4079_Web-768x768.jpg 768w, https:\/\/heimatverein-nieder-roden.de\/wp-content\/uploads\/2020\/01\/2019-12-07_16-33-22_AKHNR_Adventsmarkt-2019_IMG_4079_Web-1536x1536.jpg 1536w, https:\/\/heimatverein-nieder-roden.de\/wp-content\/uploads\/2020\/01\/2019-12-07_16-33-22_AKHNR_Adventsmarkt-2019_IMG_4079_Web-2048x2048.jpg 2048w, https:\/\/heimatverein-nieder-roden.de\/wp-content\/uploads\/2020\/01\/2019-12-07_16-33-22_AKHNR_Adventsmarkt-2019_IMG_4079_Web-560x560.jpg 560w\" sizes=\"(max-width: 1024px) 100vw, 1024px\" \/><figcaption class=\"wp-element-caption\">Der Stand des AKHNR auf dem Nieder-R\u00f6der Adventsmarkt &#8211; \u00a9AKHNR (Archivaufnahme aus 2019)<\/figcaption><\/figure>\n<\/div>\n\n\n<h3 class=\"wp-block-heading\"><span class=\"ez-toc-section\" id=\"Oeffnungszeiten_und_Lageplan\"><\/span> <strong>\u00d6ffnungszeite<\/strong>n und Lageplan<span class=\"ez-toc-section-end\"><\/span><\/h3>\n\n\n\n<blockquote class=\"wp-block-quote has-text-align-center is-layout-flow wp-block-quote-is-layout-flow\">\n<p>Samstag, 3. Dezember, <br>16:00 &#8211; 22:30 Uhr<br><br>Sonntag, 4. Dezember, <br>14:00 &#8211; 20:00 Uhr<\/p>\n<\/blockquote>\n\n\n\n<p>W\u00e4hrend wir &#8211; der AKHNR &#8211; bis vor einigen Jahren sogar selbst Ausrichter des Marktes waren, wird er heute organisiert von der Katholischen Pfarrgemeinde St. Matthias. <\/p>\n\n\n\n<figure class=\"wp-block-image size-large\"><a href=\"https:\/\/heimatverein-nieder-roden.de\/wp-content\/uploads\/2022\/11\/Adventsmarkt2022_Lageplan.jpg\"><img decoding=\"async\" width=\"1024\" height=\"568\" src=\"https:\/\/heimatverein-nieder-roden.de\/wp-content\/uploads\/2022\/11\/Adventsmarkt2022_Lageplan-1024x568.jpg\" alt=\"\" class=\"wp-image-4844\" srcset=\"https:\/\/heimatverein-nieder-roden.de\/wp-content\/uploads\/2022\/11\/Adventsmarkt2022_Lageplan-1024x568.jpg 1024w, https:\/\/heimatverein-nieder-roden.de\/wp-content\/uploads\/2022\/11\/Adventsmarkt2022_Lageplan-300x166.jpg 300w, https:\/\/heimatverein-nieder-roden.de\/wp-content\/uploads\/2022\/11\/Adventsmarkt2022_Lageplan-768x426.jpg 768w, https:\/\/heimatverein-nieder-roden.de\/wp-content\/uploads\/2022\/11\/Adventsmarkt2022_Lageplan-1536x852.jpg 1536w, https:\/\/heimatverein-nieder-roden.de\/wp-content\/uploads\/2022\/11\/Adventsmarkt2022_Lageplan-836x464.jpg 836w, https:\/\/heimatverein-nieder-roden.de\/wp-content\/uploads\/2022\/11\/Adventsmarkt2022_Lageplan-560x311.jpg 560w, https:\/\/heimatverein-nieder-roden.de\/wp-content\/uploads\/2022\/11\/Adventsmarkt2022_Lageplan.jpg 1560w\" sizes=\"(max-width: 1024px) 100vw, 1024px\" \/><\/a><figcaption class=\"wp-element-caption\">Lageplan des Adventsmarktes 2022  &#8211; \u00a9 Pfarrgemeinde St. Matthias Nieder-Roden <\/figcaption><\/figure>\n\n\n\n<p>23 St\u00e4nde dr\u00e4ngen sich in diesem Jahr auf dem Kirchplatz, in Turm- und Schulstra\u00dfe, um die Sankt Matthias Kirche, das Pfarrheim und das Heimatmuseum im alten Ortskern von Nieder-Roden. Dabei sorgen sie f\u00fcr eine einzigartige Atmosph\u00e4re wie es sie in Rodgau kein zweites Mal gibt.  <\/p>\n\n\n\n<h3 class=\"wp-block-heading\"><span class=\"ez-toc-section\" id=\"Auftritt_Musikverein\"><\/span>Auftritt Musikverein<span class=\"ez-toc-section-end\"><\/span><\/h3>\n\n\n\n<blockquote class=\"wp-block-quote has-text-align-center is-layout-flow wp-block-quote-is-layout-flow\">\n<p>Orchester &#8222;Klangfarben&#8220; und Freunde<\/p>\n\n\n\n<p>Samstag oder Sonntag<\/p>\n<\/blockquote>\n\n\n<div class=\"wp-block-image\">\n<figure class=\"aligncenter size-large is-resized\"><a href=\"https:\/\/www.mv-nieder-roden.de\/aktuelles\/\" target=\"_blank\" rel=\"noreferrer noopener\"><img decoding=\"async\" src=\"https:\/\/heimatverein-nieder-roden.de\/wp-content\/uploads\/2019\/02\/2019-02-17_AKHNR_MVN-Logo_selbstgeb_v1.0-1024x469.png\" alt=\"\" class=\"wp-image-557\" width=\"451\" height=\"206\" srcset=\"https:\/\/heimatverein-nieder-roden.de\/wp-content\/uploads\/2019\/02\/2019-02-17_AKHNR_MVN-Logo_selbstgeb_v1.0-1024x469.png 1024w, https:\/\/heimatverein-nieder-roden.de\/wp-content\/uploads\/2019\/02\/2019-02-17_AKHNR_MVN-Logo_selbstgeb_v1.0-300x137.png 300w, https:\/\/heimatverein-nieder-roden.de\/wp-content\/uploads\/2019\/02\/2019-02-17_AKHNR_MVN-Logo_selbstgeb_v1.0-768x352.png 768w\" sizes=\"(max-width: 451px) 100vw, 451px\" \/><\/a><figcaption class=\"wp-element-caption\">Klicken Sie f\u00fcr weitere Infos zum Musikverein<\/figcaption><\/figure>\n<\/div>\n\n\n<p>Ein einem der beiden Veranstaltungstage wird auch wieder der Musikverein Nieder-Roden das Treiben begleiten. Das  Orchester &#8222;Klangfarben&#8220; (und Freunde) spielt dann bekannte Weihnachtslieder. Wann genau kl\u00e4rt sich noch.<\/p>\n\n\n\n<h3 class=\"wp-block-heading\"><span class=\"ez-toc-section\" id=\"Angebot_des_AKHNR\"><\/span>Angebot des AKHNR<span class=\"ez-toc-section-end\"><\/span><\/h3>\n\n\n\n<p>Der Stand des AKHNR hat seinen festen Platz am Hof des Heimatmuseums zu Kirchplatz hin ausgerichtet.<\/p>\n\n\n\n<figure class=\"wp-block-image size-full\"><a href=\"https:\/\/heimatverein-nieder-roden.de\/wp-content\/uploads\/2022\/11\/2022-11-27_AKHNR_Adventsmarkt-2022_Anzeige_Rodgau-Zeitung_v1.0_138x60mm.jpg\"><img decoding=\"async\" width=\"815\" height=\"355\" src=\"https:\/\/heimatverein-nieder-roden.de\/wp-content\/uploads\/2022\/11\/2022-11-27_AKHNR_Adventsmarkt-2022_Anzeige_Rodgau-Zeitung_v1.0_138x60mm.jpg\" alt=\"\" class=\"wp-image-4849\" srcset=\"https:\/\/heimatverein-nieder-roden.de\/wp-content\/uploads\/2022\/11\/2022-11-27_AKHNR_Adventsmarkt-2022_Anzeige_Rodgau-Zeitung_v1.0_138x60mm.jpg 815w, https:\/\/heimatverein-nieder-roden.de\/wp-content\/uploads\/2022\/11\/2022-11-27_AKHNR_Adventsmarkt-2022_Anzeige_Rodgau-Zeitung_v1.0_138x60mm-300x131.jpg 300w, https:\/\/heimatverein-nieder-roden.de\/wp-content\/uploads\/2022\/11\/2022-11-27_AKHNR_Adventsmarkt-2022_Anzeige_Rodgau-Zeitung_v1.0_138x60mm-768x335.jpg 768w, https:\/\/heimatverein-nieder-roden.de\/wp-content\/uploads\/2022\/11\/2022-11-27_AKHNR_Adventsmarkt-2022_Anzeige_Rodgau-Zeitung_v1.0_138x60mm-560x244.jpg 560w\" sizes=\"(max-width: 815px) 100vw, 815px\" \/><\/a><figcaption class=\"wp-element-caption\">Die Anzeige zu unserem Angebot auf dem Adventsmarkt 2022 &#8211; \u00a9 AKHNR<\/figcaption><\/figure>\n\n\n\n<p>In diesem Jahr gibt es Erbsensuppe aus dem Kessel, beheizt nach traditioneller Art mit Holzfeuer. Dazu gibt es Schmalzbrote, hei\u00dfe Fleischw\u00fcrste und eine gro\u00dfe Auswahl an Geschenkideen.<\/p>\n\n\n\n<h3 class=\"wp-block-heading\"><span class=\"ez-toc-section\" id=\"Magnetschmuck_mit_Nieder-Roeder_Motiven\"><\/span>Magnetschmuck mit Nieder-R\u00f6der Motiven<span class=\"ez-toc-section-end\"><\/span><\/h3>\n\n\n\n<div class=\"wp-block-columns is-layout-flex wp-container-core-columns-is-layout-9d6595d7 wp-block-columns-is-layout-flex\">\n<div class=\"wp-block-column is-layout-flow wp-block-column-is-layout-flow\"><div class=\"wp-block-image\">\n<figure class=\"aligncenter size-large is-resized\"><a href=\"https:\/\/heimatverein-nieder-roden.de\/wp-content\/uploads\/2019\/12\/567-740-thickbox.jpg\"><img decoding=\"async\" src=\"https:\/\/heimatverein-nieder-roden.de\/wp-content\/uploads\/2019\/12\/567-740-thickbox.jpg\" alt=\"\" class=\"wp-image-2010\" width=\"290\" height=\"290\" srcset=\"https:\/\/heimatverein-nieder-roden.de\/wp-content\/uploads\/2019\/12\/567-740-thickbox.jpg 600w, https:\/\/heimatverein-nieder-roden.de\/wp-content\/uploads\/2019\/12\/567-740-thickbox-300x300.jpg 300w, https:\/\/heimatverein-nieder-roden.de\/wp-content\/uploads\/2019\/12\/567-740-thickbox-150x150.jpg 150w, https:\/\/heimatverein-nieder-roden.de\/wp-content\/uploads\/2019\/12\/567-740-thickbox-560x560.jpg 560w\" sizes=\"(max-width: 290px) 100vw, 290px\" \/><\/a><figcaption class=\"wp-element-caption\">Magnetschmuck &#8211; Motiv &#8222;Es alde Ord&#8220; &#8211;  \u00a9majoba.de  <\/figcaption><\/figure>\n<\/div><\/div>\n\n\n\n<div class=\"wp-block-column is-layout-flow wp-block-column-is-layout-flow\"><div class=\"wp-block-image\">\n<figure class=\"aligncenter size-large is-resized\"><a href=\"https:\/\/heimatverein-nieder-roden.de\/wp-content\/uploads\/2019\/12\/1572-2728-thickbox.jpg\"><img decoding=\"async\" src=\"https:\/\/heimatverein-nieder-roden.de\/wp-content\/uploads\/2019\/12\/1572-2728-thickbox.jpg\" alt=\"\" class=\"wp-image-2011\" width=\"290\" height=\"308\"\/><\/a><figcaption class=\"wp-element-caption\">Magnetschmuck  &#8211; Motiv &#8222;Am Nieder-R\u00f6der Badesee&#8220; &#8211;  \u00a9 majoba.de   <\/figcaption><\/figure>\n<\/div><\/div>\n<\/div>\n\n\n\n<p>Eine weitere sch\u00f6ne wie praktische Geschenkidee ist der Magnetschmuck mit Motiven, unter anderem aus Nieder-Roden und Umgebung. <br>Auch diese finden Sie bei uns am Stand zu Preisen von 2 \u20ac bis 4 \u20ac je St\u00fcck.<br>Diese Magnete d\u00fcrfen eigentlich an keinem Nieder-R\u00f6der K\u00fchlschrank fehlen.<\/p>\n\n\n\n<h3 class=\"wp-block-heading\"><span class=\"ez-toc-section\" id=\"Karten_fuer_das_Festkonzert\"><\/span>Karten f\u00fcr das Festkonzert<span class=\"ez-toc-section-end\"><\/span><\/h3>\n\n\n<div class=\"wp-block-image\">\n<figure class=\"aligncenter size-large is-resized\"><img decoding=\"async\" src=\"https:\/\/heimatverein-nieder-roden.de\/wp-content\/uploads\/2022\/12\/MVN_Festkonzert2022_Plakat_korrigiert-fma-723x1024.png\" alt=\"\" class=\"wp-image-4876\" width=\"246\" height=\"348\" srcset=\"https:\/\/heimatverein-nieder-roden.de\/wp-content\/uploads\/2022\/12\/MVN_Festkonzert2022_Plakat_korrigiert-fma-723x1024.png 723w, https:\/\/heimatverein-nieder-roden.de\/wp-content\/uploads\/2022\/12\/MVN_Festkonzert2022_Plakat_korrigiert-fma-212x300.png 212w, https:\/\/heimatverein-nieder-roden.de\/wp-content\/uploads\/2022\/12\/MVN_Festkonzert2022_Plakat_korrigiert-fma-768x1088.png 768w, https:\/\/heimatverein-nieder-roden.de\/wp-content\/uploads\/2022\/12\/MVN_Festkonzert2022_Plakat_korrigiert-fma-836x1184.png 836w, https:\/\/heimatverein-nieder-roden.de\/wp-content\/uploads\/2022\/12\/MVN_Festkonzert2022_Plakat_korrigiert-fma-560x793.png 560w, https:\/\/heimatverein-nieder-roden.de\/wp-content\/uploads\/2022\/12\/MVN_Festkonzert2022_Plakat_korrigiert-fma.png 995w\" sizes=\"(max-width: 246px) 100vw, 246px\" \/><figcaption class=\"wp-element-caption\">Platzhalter f\u00fcr das Plakat des Festkonzertes 2022 des Musikvereins Nieder-Roden e. V. \u00a9MVN<\/figcaption><\/figure>\n<\/div>\n\n\n<p>Noch unsicher ist, ob sich eine Gelegenheit wieder bietet, an die sich die Stammg\u00e4ste gew\u00f6hnt haben: <\/p>\n\n\n\n<p>Normalerweis gibt es <strong>exklusiv bei uns am Stand die Karten f\u00fcr das Festkonzert <\/strong>des Musikvereins Nieder-Roden, am 1. Weihnachtsfeiertag (25. Dezember), im B\u00fcrgerhaus Nieder-Roden (Beginn: 19:00 Uhr).<\/p>\n\n\n\n<p>Noch sind die Karten nicht fertig &#8211; wir hoffen, dass es bis zum Adventsmarkt noch klappt! Kommen Sie einfach zum Stand. Vielleicht haben wir Gl\u00fcck! <\/p>\n\n\n\n<p class=\"has-light-green-cyan-background-color has-background\"><em>Update 02.12.2022:<\/em><br><em>Mittlerweile sind wir fast sicher, dass die Karten fertig werden! Kommt bei uns vorbei und sichert euch eure Tickets!<\/em><\/p>\n\n\n\n<h3 class=\"wp-block-heading\"><span class=\"ez-toc-section\" id=\"Buchpakete_der_Heimatbibliothek\"><\/span>Buchpakete der Heimatbibliothek<span class=\"ez-toc-section-end\"><\/span><\/h3>\n\n\n\n<p>Gro\u00dfen Anklang finden auch unsere Geschenkpakete bestehend aus B\u00fcchern der Nieder-R\u00f6der Heimatbibliothek. Nur beim Adventsmarkt gibt es sie zu Sonderpreisen in sch\u00f6ner (Geschenk-)Verpackung.<\/p>\n\n\n<div class=\"wp-block-image\">\n<figure class=\"aligncenter size-large is-resized\"><img decoding=\"async\" src=\"https:\/\/heimatverein-nieder-roden.de\/wp-content\/uploads\/2019\/11\/20171209_140614_reduz-2MP-1024x768.jpg\" alt=\"\" class=\"wp-image-1879\" width=\"413\" height=\"309\" srcset=\"https:\/\/heimatverein-nieder-roden.de\/wp-content\/uploads\/2019\/11\/20171209_140614_reduz-2MP-1024x768.jpg 1024w, https:\/\/heimatverein-nieder-roden.de\/wp-content\/uploads\/2019\/11\/20171209_140614_reduz-2MP-300x225.jpg 300w, https:\/\/heimatverein-nieder-roden.de\/wp-content\/uploads\/2019\/11\/20171209_140614_reduz-2MP-768x576.jpg 768w, https:\/\/heimatverein-nieder-roden.de\/wp-content\/uploads\/2019\/11\/20171209_140614_reduz-2MP-1536x1152.jpg 1536w, https:\/\/heimatverein-nieder-roden.de\/wp-content\/uploads\/2019\/11\/20171209_140614_reduz-2MP-560x420.jpg 560w, https:\/\/heimatverein-nieder-roden.de\/wp-content\/uploads\/2019\/11\/20171209_140614_reduz-2MP.jpg 1632w\" sizes=\"(max-width: 413px) 100vw, 413px\" \/><figcaption class=\"wp-element-caption\">Geschenkpakete mit Heimatb\u00fcchern &#8211; \u00a9 AKHNR<\/figcaption><\/figure>\n<\/div>\n\n\n<h3 class=\"wp-block-heading\"><span class=\"ez-toc-section\" id=\"Buch_%E2%80%9E125_Jahre_Rodgaubahn%E2%80%9C\"><\/span>Buch &#8222;125 Jahre Rodgaubahn&#8220;<span class=\"ez-toc-section-end\"><\/span><\/h3>\n\n\n\n<p>Ebenfalls auf den Adventsmarkt erh\u00e4ltlich: das stark nachgefragte Buch zum 125-j\u00e4hrigen Jubil\u00e4um der Rodgaubahn.<\/p>\n\n\n<div class=\"wp-block-image\">\n<figure class=\"aligncenter size-large is-resized\"><img decoding=\"async\" src=\"https:\/\/heimatverein-nieder-roden.de\/wp-content\/uploads\/2022\/10\/Rodgaubahn-Festbuch-final_Titel_Seite_001-1024x1024.jpg\" alt=\"\" class=\"wp-image-4602\" width=\"303\" height=\"303\" srcset=\"https:\/\/heimatverein-nieder-roden.de\/wp-content\/uploads\/2022\/10\/Rodgaubahn-Festbuch-final_Titel_Seite_001-1024x1024.jpg 1024w, https:\/\/heimatverein-nieder-roden.de\/wp-content\/uploads\/2022\/10\/Rodgaubahn-Festbuch-final_Titel_Seite_001-300x300.jpg 300w, https:\/\/heimatverein-nieder-roden.de\/wp-content\/uploads\/2022\/10\/Rodgaubahn-Festbuch-final_Titel_Seite_001-150x150.jpg 150w, https:\/\/heimatverein-nieder-roden.de\/wp-content\/uploads\/2022\/10\/Rodgaubahn-Festbuch-final_Titel_Seite_001-768x768.jpg 768w, https:\/\/heimatverein-nieder-roden.de\/wp-content\/uploads\/2022\/10\/Rodgaubahn-Festbuch-final_Titel_Seite_001-836x836.jpg 836w, https:\/\/heimatverein-nieder-roden.de\/wp-content\/uploads\/2022\/10\/Rodgaubahn-Festbuch-final_Titel_Seite_001-560x560.jpg 560w, https:\/\/heimatverein-nieder-roden.de\/wp-content\/uploads\/2022\/10\/Rodgaubahn-Festbuch-final_Titel_Seite_001.jpg 1241w\" sizes=\"(max-width: 303px) 100vw, 303px\" \/><figcaption class=\"wp-element-caption\">Titelbild des Buches &#8222;125 Jahre Rodgaubahn&#8220;<\/figcaption><\/figure>\n<\/div>\n\n\n<div class=\"wp-block-buttons is-layout-flex wp-block-buttons-is-layout-flex\">\n<div class=\"wp-block-button aligncenter\"><a class=\"wp-block-button__link wp-element-button\" href=\"https:\/\/heimatverein-nieder-roden.de\/projekte\/125-jahre-rodgaubahn\/\" target=\"_blank\" rel=\"noreferrer noopener\">Mehr zum Projekt hier<\/a><\/div>\n<\/div>\n\n\n\n<p>Dieses Buch ist das Resultat eines bislang einzigartigen Projektes: Daf\u00fcr haben 19 Vereine und mehr als 20 weitere Privatpersonen, Gruppierungen und Institutionen Inhalte zu den Texten \u00fcber Orte, Themen und Begebenheiten entlang der Bahnstrecke beigetragen. <\/p>\n\n\n\n<p>Die von 16 Autoren verfassten Texte, umfassen Beitr\u00e4ge zu allen Stationen, die je von der Strecke ber\u00fchrt wurden, und behandeln zus\u00e4tzliche Sonderthemen mit Bezug zum Thema. Das Ganze ist reich illustriert: auf 204 Seiten kommen \u00fcber 300 Abbildungen.<\/p>\n\n\n\n<p>Initiiert wurde das Buch durch die Heimat- und Geschichtsvereine der Stadt Rodgau, unter Federf\u00fchrung des Arbeitskreises f\u00fcr Heimatkunde Nieder-Roden e. V. (AKHNR). <\/p>\n\n\n\n<p>Finanziell erm\u00f6glicht haben es die Anliegerkommunen, 9 St\u00e4dte und Gemeinden und 2 Landkreise, mit Unterst\u00fctzung einiger Sponsoren.<\/p>\n\n\n\n<p><strong>Sichern Sie sich ihr Exemplar an unserem Stand auf dem Adventsmarkt. Nur solange der Vorrat reicht!<\/strong><br><strong>Wir bitten um eine Spende um 25 Euro zur Anerkennung und Unterst\u00fctzung der ehrenamtlichen Arbeit.<\/strong><\/p>\n\n\n\n<h3 class=\"wp-block-heading\"><span class=\"ez-toc-section\" id=\"Der_Nieder-Roeder_Fotokalender_2023\"><\/span>Der Nieder-R\u00f6der Fotokalender 2023<span class=\"ez-toc-section-end\"><\/span><\/h3>\n\n\n<div class=\"wp-block-image\">\n<figure class=\"aligncenter size-large is-resized\"><a href=\"https:\/\/heimatverein-nieder-roden.de\/wp-content\/uploads\/2022\/11\/AKHNR_Fotokalender-2023_Titel.jpg\"><img decoding=\"async\" src=\"https:\/\/heimatverein-nieder-roden.de\/wp-content\/uploads\/2022\/11\/AKHNR_Fotokalender-2023_Titel-1024x730.jpg\" alt=\"\" class=\"wp-image-4848\" width=\"572\" height=\"407\" srcset=\"https:\/\/heimatverein-nieder-roden.de\/wp-content\/uploads\/2022\/11\/AKHNR_Fotokalender-2023_Titel-1024x730.jpg 1024w, https:\/\/heimatverein-nieder-roden.de\/wp-content\/uploads\/2022\/11\/AKHNR_Fotokalender-2023_Titel-300x214.jpg 300w, https:\/\/heimatverein-nieder-roden.de\/wp-content\/uploads\/2022\/11\/AKHNR_Fotokalender-2023_Titel-768x547.jpg 768w, https:\/\/heimatverein-nieder-roden.de\/wp-content\/uploads\/2022\/11\/AKHNR_Fotokalender-2023_Titel-1536x1095.jpg 1536w, https:\/\/heimatverein-nieder-roden.de\/wp-content\/uploads\/2022\/11\/AKHNR_Fotokalender-2023_Titel-836x596.jpg 836w, https:\/\/heimatverein-nieder-roden.de\/wp-content\/uploads\/2022\/11\/AKHNR_Fotokalender-2023_Titel-560x399.jpg 560w, https:\/\/heimatverein-nieder-roden.de\/wp-content\/uploads\/2022\/11\/AKHNR_Fotokalender-2023_Titel.jpg 1790w\" sizes=\"(max-width: 572px) 100vw, 572px\" \/><\/a><figcaption class=\"wp-element-caption\"> Der Nieder-R\u00f6der Fotokalender 2023 &#8211; DIE Geschenkidee &#8211; \u00a9 AKHNR<\/figcaption><\/figure>\n<\/div>\n\n\n<p>Mit 13 wundersch\u00f6nen Impressionen aus Nieder-Roden und Umgebung macht sich dieser Kalender, im Format DIN A4 quer, wunderbar in jedem Haushalt.<\/p>\n\n\n\n<p>Vielen Dank an Eva Gerschner und Uli Biebel f\u00fcr die Mitarbeit bei der Umsetzung dieser Idee!<\/p>\n\n\n\n<p>Der Kalender ist nicht nur sch\u00f6n anzuschauen, sondern auch n\u00fctzlich.<br>So finden Sie auf ihm auch Hinweise zu Terminen des AKHNR, des Musikvereins Nieder-Roden e. V. und anderer Nieder-R\u00f6der Termine!<\/p>\n\n\n\n<p><strong>Sie erhalten den Kalender am Stand des AKHNR. Wir freuen uns \u00fcber eine Spende von 5 bis 10 \u20ac.<br>Aber Schnell sein: Die Auflage ist auf 200 St\u00fcck begrenzt!<\/strong><\/p>\n\n\n\n<h3 class=\"wp-block-heading\"><span class=\"ez-toc-section\" id=\"Ein_Markt_von_Nieder-Roedern_fuer_Nieder-Roeder\"><\/span>Ein Markt von Nieder-R\u00f6dern f\u00fcr Nieder-R\u00f6der<span class=\"ez-toc-section-end\"><\/span><\/h3>\n\n\n<div class=\"wp-block-image\">\n<figure class=\"aligncenter size-large is-resized\"><a href=\"https:\/\/heimatverein-nieder-roden.de\/wp-content\/uploads\/2022\/11\/Adventsmarkt2022_Plakat-scaled.jpg\"><img decoding=\"async\" src=\"https:\/\/heimatverein-nieder-roden.de\/wp-content\/uploads\/2022\/11\/Adventsmarkt2022_Plakat-724x1024.jpg\" alt=\"\" class=\"wp-image-4845\" width=\"407\" height=\"576\" srcset=\"https:\/\/heimatverein-nieder-roden.de\/wp-content\/uploads\/2022\/11\/Adventsmarkt2022_Plakat-724x1024.jpg 724w, https:\/\/heimatverein-nieder-roden.de\/wp-content\/uploads\/2022\/11\/Adventsmarkt2022_Plakat-212x300.jpg 212w, https:\/\/heimatverein-nieder-roden.de\/wp-content\/uploads\/2022\/11\/Adventsmarkt2022_Plakat-768x1086.jpg 768w, https:\/\/heimatverein-nieder-roden.de\/wp-content\/uploads\/2022\/11\/Adventsmarkt2022_Plakat-1086x1536.jpg 1086w, https:\/\/heimatverein-nieder-roden.de\/wp-content\/uploads\/2022\/11\/Adventsmarkt2022_Plakat-1448x2048.jpg 1448w, https:\/\/heimatverein-nieder-roden.de\/wp-content\/uploads\/2022\/11\/Adventsmarkt2022_Plakat-836x1183.jpg 836w, https:\/\/heimatverein-nieder-roden.de\/wp-content\/uploads\/2022\/11\/Adventsmarkt2022_Plakat-560x792.jpg 560w, https:\/\/heimatverein-nieder-roden.de\/wp-content\/uploads\/2022\/11\/Adventsmarkt2022_Plakat-scaled.jpg 1810w\" sizes=\"(max-width: 407px) 100vw, 407px\" \/><\/a><figcaption class=\"wp-element-caption\">Das Plakat der Organisatoren des Nieder-R\u00f6der Adventsmarktes 2022 &#8211; \u00a9 Pfarrgemeinde St. Matthias Nieder-Roden<\/figcaption><\/figure>\n<\/div>\n\n\n<p>Die Organisatoren des Marktes haben erfolgreich die Besinnlichkeit der Adventszeit in den Vordergrund ger\u00fcckt und bieten damit einen angenehmen Gegenpol zu den gro\u00dfen kommerziell ausgerichteten M\u00e4rkten. Fast alle St\u00e4nde werden von Ehrenamtlichen, Vereinen, Parteien und Gruppierungen gestellt und die Marktorganisatoren verzichten auf jeglichen Profit \u2013 die Gemeinschaft steht im Vordergrund.<\/p>\n\n\n\n<p>Besuchen Sie uns. Wir freuen uns auf Sie!<\/p>\n\n\n\n<p class=\"has-text-align-left\">Falls Sie Fragen zur Organisation des Marktes haben wenden Sie sich bitte direkt an: <a href=\"mailto:adventsmarkt@sanktmatthias.de\" target=\"_blank\" rel=\"noreferrer noopener\">adventsmarkt@sanktmatthias.de<\/a> <\/p>\n","protected":false},"excerpt":{"rendered":"<p>Nach zwei Jahren Abstinenz ist es wieder soweit: am 2. Adventswochende lockt der Nieder-R\u00f6der Adventsmarkt wieder seine Freunde &#8211; f\u00fcr viele Rodgauer der Weihnachtsmarkt mit der dichtesten Atmosph\u00e4re!<\/p><p><a class=\"more-link btn\" href=\"https:\/\/heimatverein-nieder-roden.de\/?p=4843\">Weiterlesen<\/a><\/p>\n","protected":false},"author":1,"featured_media":1880,"comment_status":"closed","ping_status":"closed","sticky":false,"template":"","format":"standard","meta":{"_coblocks_attr":"","_coblocks_dimensions":"","_coblocks_responsive_height":"","_coblocks_accordion_ie_support":"","footnotes":"","_share_on_mastodon":"0"},"categories":[92,597,6,97],"tags":[184,137,34,35,171,22,313,196,87,133,80],"class_list":["post-4843","post","type-post","status-publish","format-standard","has-post-thumbnail","hentry","category-adventsmarkt","category-adventsmarkt-2022-und-frueher","category-aktuell","category-slider","tag-125-jahre-rodgaubahn","tag-adventsmarkt","tag-akhnr","tag-arbeitskreis-fuer-heimatkunde-nieder-roden-e-v","tag-fotokalender","tag-musikverein-nieder-roden","tag-nieder-roeder-adventsmarkt","tag-nieder-roeder-fotokalender","tag-orchester-klangfarben","tag-pfarrgemeinde-sankt-matthias","tag-sankt-matthias-kirche","nodate"],"share_on_mastodon":{"url":"","error":""},"publishpress_future_action":{"enabled":false,"date":"2026-05-06 23:47:31","action":"category-remove","newStatus":"draft","terms":[],"taxonomy":"category","extraData":[]},"publishpress_future_workflow_manual_trigger":{"enabledWorkflows":[]},"_links":{"self":[{"href":"https:\/\/heimatverein-nieder-roden.de\/index.php?rest_route=\/wp\/v2\/posts\/4843","targetHints":{"allow":["GET"]}}],"collection":[{"href":"https:\/\/heimatverein-nieder-roden.de\/index.php?rest_route=\/wp\/v2\/posts"}],"about":[{"href":"https:\/\/heimatverein-nieder-roden.de\/index.php?rest_route=\/wp\/v2\/types\/post"}],"author":[{"embeddable":true,"href":"https:\/\/heimatverein-nieder-roden.de\/index.php?rest_route=\/wp\/v2\/users\/1"}],"replies":[{"embeddable":true,"href":"https:\/\/heimatverein-nieder-roden.de\/index.php?rest_route=%2Fwp%2Fv2%2Fcomments&post=4843"}],"version-history":[{"count":9,"href":"https:\/\/heimatverein-nieder-roden.de\/index.php?rest_route=\/wp\/v2\/posts\/4843\/revisions"}],"predecessor-version":[{"id":4880,"href":"https:\/\/heimatverein-nieder-roden.de\/index.php?rest_route=\/wp\/v2\/posts\/4843\/revisions\/4880"}],"wp:featuredmedia":[{"embeddable":true,"href":"https:\/\/heimatverein-nieder-roden.de\/index.php?rest_route=\/wp\/v2\/media\/1880"}],"wp:attachment":[{"href":"https:\/\/heimatverein-nieder-roden.de\/index.php?rest_route=%2Fwp%2Fv2%2Fmedia&parent=4843"}],"wp:term":[{"taxonomy":"category","embeddable":true,"href":"https:\/\/heimatverein-nieder-roden.de\/index.php?rest_route=%2Fwp%2Fv2%2Fcategories&post=4843"},{"taxonomy":"post_tag","embeddable":true,"href":"https:\/\/heimatverein-nieder-roden.de\/index.php?rest_route=%2Fwp%2Fv2%2Ftags&post=4843"}],"curies":[{"name":"wp","href":"https:\/\/api.w.org\/{rel}","templated":true}]}}