{"id":4703,"date":"2022-10-20T14:53:26","date_gmt":"2022-10-20T12:53:26","guid":{"rendered":"https:\/\/heimatverein-nieder-roden.de\/?p=4703"},"modified":"2022-10-20T15:02:17","modified_gmt":"2022-10-20T13:02:17","slug":"thank-you-for-the-music-jubilaeumskonzert-150-jahre-saengervereinigung-saengerkranz-polyhmnia-2","status":"publish","type":"post","link":"https:\/\/heimatverein-nieder-roden.de\/?p=4703","title":{"rendered":"Neuer Termin steht! &#8211; &#8222;Thank you for the Music&#8220; &#8211; Jubil\u00e4umskonzert 150 Jahre S\u00e4ngervereinigung S\u00e4ngerkranz Polyhmnia"},"content":{"rendered":"\n<figure class=\"wp-block-video aligncenter\"><video height=\"788\" style=\"aspect-ratio: 940 \/ 788;\" width=\"940\" autoplay controls src=\"https:\/\/heimatverein-nieder-roden.de\/wp-content\/uploads\/2022\/10\/Polyhymnia_Konzert-Thank-you-for-the-Music-2022_Nachholtermin_Promo-Clip.mp4\"><\/video><\/figure>\n\n\n\n<p>Coronabedingt musste das Jubil\u00e4umskonzert im Oktober abgesagt werden. Mit Hilfe der Stadt Rodgau, allen Beteiligten im Chor, den Musikern, Moderator J\u00fcrgen K. Groh und dem Kinderchor der Gartenstadt-Schule konnte aber schnell ein neuer Termin gefunden werden. \u00a0<\/p>\n\n\n\n<p>Die Polyhymnia-Ch\u00f6re pr\u00e4sentieren die sch\u00f6nsten Melodien aus der Welt der Musicals unter Leitung von Gottfried K\u00e4rner am Freitag, 18. November, um 19.30 Uhr im B\u00fcrgerhaus Nieder-Roden. Der Vorverkauf hat bereits begonnen.<\/p>\n\n\n\n<p>\u201eThank You for the Music\u201c ist das Motto des Abends. Der Titel der schwedischen Popgruppe &#8222;Abba&#8220; aus dem Jahr 1977 ist nicht zuf\u00e4llig gew\u00e4hlt. Die S\u00e4ngerinnen und S\u00e4nger sagen \u201eDanke\u201c f\u00fcr das, was ihren Verein seit 150 Jahren zusammenh\u00e4lt: Musik tut gut, Musizieren bildet und gemeinsames Musizieren verbindet. <\/p>\n\n\n<div class=\"wp-block-image\">\n<figure class=\"aligncenter size-large is-resized\"><a href=\"https:\/\/heimatverein-nieder-roden.de\/wp-content\/uploads\/2022\/10\/Polyhymnia_Konzert-Thank-you-for-the-Music-2022_Nachholtermin_Plakat.jpg\"><img decoding=\"async\" src=\"https:\/\/heimatverein-nieder-roden.de\/wp-content\/uploads\/2022\/10\/Polyhymnia_Konzert-Thank-you-for-the-Music-2022_Nachholtermin_Plakat-725x1024.jpg\" alt=\"\" class=\"wp-image-4705\" width=\"485\" height=\"681\"\/><\/a><figcaption>Plakat zum Jubil\u00e4umskonzert der Polyhymnia Nieder-Roden 2022<br>&#8222;Thank you for the Music&#8220;<br>\u00a9Polyhymnia<br>Klicken Sie auf das Bild um es zu Vergr\u00f6\u00dfern<\/figcaption><\/figure>\n<\/div>\n\n\n<p>Die Polyhymnia bedankt sich bei allen, die schon Karten reserviert haben. Alle anderen k\u00f6nnen noch zugreifen: Vorverkauf 20 Euro. <\/p>\n\n\n\n<p>Bezahlt wird erst an der Abendkasse \u2013 zum Vorverkaufspreis. Spontane Besucher sind ebenso willkommen. Wer keine Karte reserviert hat, bezahlt 22 Euro.<\/p>\n\n\n\n<h2 class=\"wp-block-heading\">Vorverkaufstellen<\/h2>\n\n\n\n<p>Maria Oppolzer,<br>Tel.: +49 6106 72867<\/p>\n\n\n\n<p>Rainer Jaxt,<br>Tel.: +49 6074 1585<\/p>\n\n\n<div class=\"wp-block-image\">\n<figure class=\"aligncenter size-large\"><a href=\"https:\/\/heimatverein-nieder-roden.de\/wp-content\/uploads\/2022\/10\/Polyhymnia_Gesamtchor_Copyright-Lucas-Kuehn.jpg\"><img decoding=\"async\" width=\"1024\" height=\"683\" src=\"https:\/\/heimatverein-nieder-roden.de\/wp-content\/uploads\/2022\/10\/Polyhymnia_Gesamtchor_Copyright-Lucas-Kuehn-1024x683.jpg\" alt=\"\" class=\"wp-image-4706\" srcset=\"https:\/\/heimatverein-nieder-roden.de\/wp-content\/uploads\/2022\/10\/Polyhymnia_Gesamtchor_Copyright-Lucas-Kuehn-1024x683.jpg 1024w, https:\/\/heimatverein-nieder-roden.de\/wp-content\/uploads\/2022\/10\/Polyhymnia_Gesamtchor_Copyright-Lucas-Kuehn-300x200.jpg 300w, https:\/\/heimatverein-nieder-roden.de\/wp-content\/uploads\/2022\/10\/Polyhymnia_Gesamtchor_Copyright-Lucas-Kuehn-768x512.jpg 768w, https:\/\/heimatverein-nieder-roden.de\/wp-content\/uploads\/2022\/10\/Polyhymnia_Gesamtchor_Copyright-Lucas-Kuehn-1536x1024.jpg 1536w, https:\/\/heimatverein-nieder-roden.de\/wp-content\/uploads\/2022\/10\/Polyhymnia_Gesamtchor_Copyright-Lucas-Kuehn-836x557.jpg 836w, https:\/\/heimatverein-nieder-roden.de\/wp-content\/uploads\/2022\/10\/Polyhymnia_Gesamtchor_Copyright-Lucas-Kuehn-560x373.jpg 560w, https:\/\/heimatverein-nieder-roden.de\/wp-content\/uploads\/2022\/10\/Polyhymnia_Gesamtchor_Copyright-Lucas-Kuehn-272x182.jpg 272w, https:\/\/heimatverein-nieder-roden.de\/wp-content\/uploads\/2022\/10\/Polyhymnia_Gesamtchor_Copyright-Lucas-Kuehn.jpg 1890w\" sizes=\"(max-width: 1024px) 100vw, 1024px\" \/><\/a><figcaption>Der Gesamtchor der Polyhmnia Nieder-Roden &#8211; \u00a9Polyhymnia\/Lucas K\u00fchn<\/figcaption><\/figure>\n<\/div>\n\n\n<p>Die S\u00e4ngervereinigung S\u00e4ngerkranz Polyhymnia entstand 1923 aus den beiden Gesangvereinen &#8222;S\u00e4ngerkranz&#8220; und &#8222;Polyhymnia&#8220;. Der S\u00e4ngerkranz ist der \u00e4ltere von beiden Vereinen und wurde 1872 gegr\u00fcndet. Er war der erste weltliche Gesangverein in Nieder-Roden und wurde von 26 M\u00e4nnern im Gasthaus &#8222;Zur Krone&#8220; gegr\u00fcndet. Und so feiert die S\u00e4ngervereinigung in diesem Jahr 150 Jahre Chorgesang. <\/p>\n\n\n\n<p>Die Schirmherrschaft im Jubil\u00e4umsjahr hat B\u00fcrgermeister Max Breitenbach \u00fcbernommen. Das Besondere heute an diesem Chor ist die Vielfalt. Die S\u00e4ngervereinigung S\u00e4ngerkranz Polyhymnia Nieder-Roden ist Kulturpreistr\u00e4ger der Stadt Rodgau. Eine besondere Auszeichnung f\u00fcr einen Chor. Aus einem lokal verwurzeltem Traditionsverein hat sich eine ambitionierte Chorvereinigung entwickelt. Seit 1993 stehen die Ch\u00f6re unter der Chorleitung von Gottfried K\u00e4rner. <\/p>\n\n\n\n<blockquote class=\"wp-block-quote has-text-align-center is-layout-flow wp-block-quote-is-layout-flow\"><p>Kooperation mit der Gartenstadtschule<\/p><\/blockquote>\n\n\n\n<p>In den drei unterschiedlichen Ch\u00f6ren finden sich Menschen zusammen, nicht weil sie nur aus Nieder-Roden stammen, sondern weil Singen ihr Hobby, manchmal sogar Leidenschaft ist. Die Polyhymnia Nieder-Roden geht immer in die Offensive und l\u00e4sst sich auch durch Corona nicht in die Knie zwingen. <\/p>\n\n\n\n<p>Seit 2011 gibt es eine Kooperation mit der Gartenstadtschule Nieder-Roden. Sicherlich ist das keine Nachwuchsarbeit f\u00fcr den eigenen Chor, aber den Kindern wird jetzt schon vermittelt, wie sch\u00f6n es ist im Chor zu singen. Und so sind bei vielen Chorprojekten auch der Schulchor unter Leitung von Musiklehrer Bodensohn mit auf der B\u00fchne. Auch beim Jubil\u00e4umskonzert am Freitag, 18.11. steht der Schulchor wieder mit auf der B\u00fchne und pr\u00e4sentiert unter anderem ein Lied aus dem Dschungelbuch. \u00a0<\/p>\n\n\n\n<hr class=\"wp-block-separator has-alpha-channel-opacity\"\/>\n\n\n\n<p class=\"has-text-align-center\">Mehr \u00fcber die Polyhymnia <\/p>\n\n\n\n<p class=\"has-text-align-center\"><a href=\"http:\/\/www.po-ly-hym-ni-a.de\">www.po-ly-hym-ni-a.de&nbsp;<\/a><\/p>\n\n\n<div class=\"wp-block-image\">\n<figure class=\"aligncenter size-full is-resized\"><a href=\"https:\/\/www.po-ly-hym-ni-a.de\/\"><img decoding=\"async\" src=\"https:\/\/heimatverein-nieder-roden.de\/wp-content\/uploads\/2022\/04\/Polyhymnia-NR_Logo.jpg\" alt=\"\" class=\"wp-image-4069\" width=\"374\" height=\"372\" srcset=\"https:\/\/heimatverein-nieder-roden.de\/wp-content\/uploads\/2022\/04\/Polyhymnia-NR_Logo.jpg 452w, https:\/\/heimatverein-nieder-roden.de\/wp-content\/uploads\/2022\/04\/Polyhymnia-NR_Logo-300x298.jpg 300w, https:\/\/heimatverein-nieder-roden.de\/wp-content\/uploads\/2022\/04\/Polyhymnia-NR_Logo-150x150.jpg 150w\" sizes=\"(max-width: 374px) 100vw, 374px\" \/><\/a><figcaption>Logo der S\u00e4ngervereinigung S\u00e4ngerkranz Polyhymnia Nieder-Roden e. V. <br>Mit einem Klick auf das Logo gelangen Sie zur Internetseite des Vereins. &#8211; \u00a9Polyhymnia<\/figcaption><\/figure>\n<\/div>\n\n\n<hr class=\"wp-block-separator has-css-opacity is-style-wide\"\/>\n\n\n\n<p><em>Beitrag erstellt mit freundlicher Unterst\u00fctzung der Polyhymnia. Vielen Dank!<\/em><\/p>\n\n\n\n<hr class=\"wp-block-separator has-css-opacity is-style-wide\"\/>\n\n\nBeitrag 0 mal aufgerufen in den letzten 14 Tagen.\n\n\n\n<hr class=\"wp-block-separator has-css-opacity is-style-default\"\/>\n\n\nBeitrag 0 mal aufgerufen in den letzten 365 Tagen.\n","protected":false},"excerpt":{"rendered":"<p>Der neue Termin lautet: Freitag, 18. November 2022, 19:0 Uhr im B\u00fcrgerhaus Nieder Roden.<\/p><p><a class=\"more-link btn\" href=\"https:\/\/heimatverein-nieder-roden.de\/?p=4703\">Weiterlesen<\/a><\/p>\n","protected":false},"author":1,"featured_media":4540,"comment_status":"closed","ping_status":"closed","sticky":false,"template":"","format":"standard","meta":{"_coblocks_attr":"","_coblocks_dimensions":"","_coblocks_responsive_height":"","_coblocks_accordion_ie_support":"","footnotes":"","_share_on_mastodon":"0"},"categories":[6,97],"tags":[256,289,288,285,255,254,287,251,259,261,260,291,292,284,290,248,250,252,249,293,286],"class_list":["post-4703","post","type-post","status-publish","format-standard","has-post-thumbnail","hentry","category-aktuell","category-slider","tag-carmina-burana","tag-chim-chim-cheree","tag-chor-der-geier","tag-der-koenig-der-loewen","tag-elias","tag-evita","tag-flintstones","tag-frauenchor","tag-gottfried-kaerner","tag-jubilaeum","tag-juergen-k-groh","tag-life-is-a-cabaret","tag-max-breitenbach","tag-my-fair-lady","tag-over-the-rainbow","tag-polyhymnia","tag-polyvocals","tag-saengerkranz","tag-saengervereinigung-saengerkranz-polyhymnia-nieder-roden","tag-thank-you-for-the-music","tag-zauberer-von-oz","nodate"],"share_on_mastodon":{"url":"","error":""},"publishpress_future_action":{"enabled":false,"date":"2026-05-07 06:01:37","action":"category-remove","newStatus":"draft","terms":[],"taxonomy":"category","extraData":[]},"publishpress_future_workflow_manual_trigger":{"enabledWorkflows":[]},"_links":{"self":[{"href":"https:\/\/heimatverein-nieder-roden.de\/index.php?rest_route=\/wp\/v2\/posts\/4703","targetHints":{"allow":["GET"]}}],"collection":[{"href":"https:\/\/heimatverein-nieder-roden.de\/index.php?rest_route=\/wp\/v2\/posts"}],"about":[{"href":"https:\/\/heimatverein-nieder-roden.de\/index.php?rest_route=\/wp\/v2\/types\/post"}],"author":[{"embeddable":true,"href":"https:\/\/heimatverein-nieder-roden.de\/index.php?rest_route=\/wp\/v2\/users\/1"}],"replies":[{"embeddable":true,"href":"https:\/\/heimatverein-nieder-roden.de\/index.php?rest_route=%2Fwp%2Fv2%2Fcomments&post=4703"}],"version-history":[{"count":10,"href":"https:\/\/heimatverein-nieder-roden.de\/index.php?rest_route=\/wp\/v2\/posts\/4703\/revisions"}],"predecessor-version":[{"id":4719,"href":"https:\/\/heimatverein-nieder-roden.de\/index.php?rest_route=\/wp\/v2\/posts\/4703\/revisions\/4719"}],"wp:featuredmedia":[{"embeddable":true,"href":"https:\/\/heimatverein-nieder-roden.de\/index.php?rest_route=\/wp\/v2\/media\/4540"}],"wp:attachment":[{"href":"https:\/\/heimatverein-nieder-roden.de\/index.php?rest_route=%2Fwp%2Fv2%2Fmedia&parent=4703"}],"wp:term":[{"taxonomy":"category","embeddable":true,"href":"https:\/\/heimatverein-nieder-roden.de\/index.php?rest_route=%2Fwp%2Fv2%2Fcategories&post=4703"},{"taxonomy":"post_tag","embeddable":true,"href":"https:\/\/heimatverein-nieder-roden.de\/index.php?rest_route=%2Fwp%2Fv2%2Ftags&post=4703"}],"curies":[{"name":"wp","href":"https:\/\/api.w.org\/{rel}","templated":true}]}}