{"id":4556,"date":"2022-10-10T17:46:01","date_gmt":"2022-10-10T15:46:01","guid":{"rendered":"https:\/\/heimatverein-nieder-roden.de\/?p=4556"},"modified":"2022-10-20T15:03:32","modified_gmt":"2022-10-20T13:03:32","slug":"abgesagt-thank-you-for-the-music-jubilaeumskonzert-150-jahre-saengervereinigung-saengerkranz-polyhmnia","status":"publish","type":"post","link":"https:\/\/heimatverein-nieder-roden.de\/?p=4556","title":{"rendered":"ABGESAGT! &#8211; &#8222;Thank you for the Music&#8220; &#8211; Jubil\u00e4umskonzert 150 Jahre S\u00e4ngervereinigung S\u00e4ngerkranz Polyhmnia"},"content":{"rendered":"\n<p class=\"has-white-color has-vivid-red-background-color has-text-color has-background\">Leider musste das Konzert am Samstag, den 15. Oktober 2022 im B\u00fcrgerhaus Nieder-Roden abgesagt werden.<br><br>Die Polyhymnia schreibt dazu (<a rel=\"noreferrer noopener\" href=\"https:\/\/www.po-ly-hym-ni-a.de\/\" target=\"_blank\">https:\/\/www.po-ly-hym-ni-a.de\/<\/a>):<br><br>&#8222;<strong>Corona-F\u00e4lle legen Chor lahm<\/strong><br><br><strong>Jubil\u00e4umskonzert am 15. Oktober im B\u00fcrgerhaus Nieder Roden muss abgesagt werden.<\/strong><br><br>Obwohl alle Vorsichtsma\u00dfnahmen getroffen und so strikt wie m\u00f6glich durchgezogen wurden, hat die pandemische Realit\u00e4t die S\u00e4ngervereinigung Polyhymnia nun doch eingeholt. <br><br>Eine Vielzahl von S\u00e4nger*innen und Chorleiter Gottfried K\u00e4rner haben sich mit dem Coronavirus infiziert. Um das Publikum und die fast 50 Mitwirkenden, darunter auch die Kinder der Gartenstadtschule vor einer m\u00f6glichen Ansteckung zu sch\u00fctzen, muss das Jubil\u00e4umskonzert am Samstag, 15. Oktober im B\u00fcrgerhaus Nieder Roden abgesagt werden.<br>Bereits gekaufte Eintrittskarten werden r\u00fcckerstattet. Nach einem Ausweichtermin noch in diesem Jahr wird gesucht. Er wird rechtzeitig \u00fcber die Presse und die Homepage <a href=\"http:\/\/www.po-ly-hym-ni-a.de\">www.po-ly-hym-ni-a.de<\/a> bekanntgegeben.&#8220;<br><br>Im Folgenden lesen Sie den urspr\u00fcnglichen Text zum Konzert.<\/p>\n\n\n\n<figure class=\"wp-block-video aligncenter\"><video height=\"924\" style=\"aspect-ratio: 1640 \/ 924;\" width=\"1640\" autoplay controls src=\"https:\/\/heimatverein-nieder-roden.de\/wp-content\/uploads\/2022\/10\/Polyhymnia_Konzert-Thank-you-for-the-Music-2022_Promo-Clip.mp4\"><\/video><\/figure>\n\n\n\n<p>Alle drei Ch\u00f6re brennen darauf, endlich wieder auf der B\u00fchne zu stehen. S\u00e4ngerinnen und S\u00e4nger verwandeln sich in den einzelnen Chorproben gerade in die Interpreten Liza Minelli, Barbara Streisand, Whoopi Goldberg, ABBA aber auch John Travolta oder Kenneth Spencer.<\/p>\n\n\n\n<p>Mit &#8217;nem kleinen St\u00fcckchen Gl\u00fcck (&#8222;My fair lady&#8220;) und ganz viel K\u00f6nnen wird am&nbsp;<strong>Samstag, 15. Oktober 2022<\/strong>&nbsp;im B\u00fcrgerhaus Nieder Roden um 19.00 Uhr der L\u00f6we (&#8222;K\u00f6nig der L\u00f6wen&#8220;) geweckt.<\/p>\n\n\n\n<p>Mit dem Zauberer von Oz, den Flintstones und dem Chor der Geier wollen die drei Ch\u00f6re der Polyhymnia ihr Publikum in die Melodien aus der Welt der Musicals verzaubern. &#8222;Chim Chim Cheree&#8220;, &#8222;Over the rainbow&#8220; und auch &#8222;Life is a cabaret&#8220;, lassen ahnen, dass es eine bunte Musical-Revue wird.<\/p>\n\n\n<div class=\"wp-block-image\">\n<figure class=\"aligncenter size-large is-resized\"><img decoding=\"async\" src=\"https:\/\/heimatverein-nieder-roden.de\/wp-content\/uploads\/2022\/10\/Polyhymnia_Konzert-Thank-you-for-the-Music-2022_Plakat_Abgesagt_8-bit-33Prz-724x1024.png\" alt=\"\" class=\"wp-image-4558\" width=\"467\" height=\"661\" srcset=\"https:\/\/heimatverein-nieder-roden.de\/wp-content\/uploads\/2022\/10\/Polyhymnia_Konzert-Thank-you-for-the-Music-2022_Plakat_Abgesagt_8-bit-33Prz-724x1024.png 724w, https:\/\/heimatverein-nieder-roden.de\/wp-content\/uploads\/2022\/10\/Polyhymnia_Konzert-Thank-you-for-the-Music-2022_Plakat_Abgesagt_8-bit-33Prz-212x300.png 212w, https:\/\/heimatverein-nieder-roden.de\/wp-content\/uploads\/2022\/10\/Polyhymnia_Konzert-Thank-you-for-the-Music-2022_Plakat_Abgesagt_8-bit-33Prz-768x1086.png 768w, https:\/\/heimatverein-nieder-roden.de\/wp-content\/uploads\/2022\/10\/Polyhymnia_Konzert-Thank-you-for-the-Music-2022_Plakat_Abgesagt_8-bit-33Prz-560x792.png 560w, https:\/\/heimatverein-nieder-roden.de\/wp-content\/uploads\/2022\/10\/Polyhymnia_Konzert-Thank-you-for-the-Music-2022_Plakat_Abgesagt_8-bit-33Prz.png 819w\" sizes=\"(max-width: 467px) 100vw, 467px\" \/><figcaption>Plakat zum Jubil\u00e4umskonzert der Polyhymnia Nieder-Roden 2022 &#8222;Thank you for the Music&#8220; <br>\u00a9Polyhymnia <br>Klicken Sie auf das Bild um es zu Vergr\u00f6\u00dfern<\/figcaption><\/figure>\n<\/div>\n\n\n<p>Die Polyhymnia Ch\u00f6re sind gut vorbereitet auf das Jubil\u00e4umskonzert am Samstag, 15. Oktober 2022 im B\u00fcrgerhaus Nieder Roden. Die Schirmherrschaft hat B\u00fcrgermeister Max Breitenbach \u00fcbernommen. F\u00fcr die gutgelaunte Moderation ist J\u00fcrgen K. Groh verantwortlich. Kulturelle Angebote kann man vor allem damit erhalten, dass man hingeht und die Kulturvereine in der Stadt Rodgau unterst\u00fctzt. Auch die Polyhymnia plagen immens steigende Kosten.<\/p>\n\n\n<div class=\"wp-block-image\">\n<figure class=\"aligncenter size-large\"><a href=\"https:\/\/heimatverein-nieder-roden.de\/wp-content\/uploads\/2022\/04\/Polyhymnia-Gesamtchor-scaled.jpg\"><img decoding=\"async\" width=\"1024\" height=\"433\" src=\"https:\/\/heimatverein-nieder-roden.de\/wp-content\/uploads\/2022\/04\/Polyhymnia-Gesamtchor-1024x433.jpg\" alt=\"\" class=\"wp-image-4070\" srcset=\"https:\/\/heimatverein-nieder-roden.de\/wp-content\/uploads\/2022\/04\/Polyhymnia-Gesamtchor-1024x433.jpg 1024w, https:\/\/heimatverein-nieder-roden.de\/wp-content\/uploads\/2022\/04\/Polyhymnia-Gesamtchor-300x127.jpg 300w, https:\/\/heimatverein-nieder-roden.de\/wp-content\/uploads\/2022\/04\/Polyhymnia-Gesamtchor-768x325.jpg 768w, https:\/\/heimatverein-nieder-roden.de\/wp-content\/uploads\/2022\/04\/Polyhymnia-Gesamtchor-1536x649.jpg 1536w, https:\/\/heimatverein-nieder-roden.de\/wp-content\/uploads\/2022\/04\/Polyhymnia-Gesamtchor-2048x866.jpg 2048w, https:\/\/heimatverein-nieder-roden.de\/wp-content\/uploads\/2022\/04\/Polyhymnia-Gesamtchor-836x353.jpg 836w, https:\/\/heimatverein-nieder-roden.de\/wp-content\/uploads\/2022\/04\/Polyhymnia-Gesamtchor-560x237.jpg 560w\" sizes=\"(max-width: 1024px) 100vw, 1024px\" \/><\/a><figcaption>Der Gesamtchor der Polyhmnia Nieder-Roden &#8211; \u00a9Polyhymnia<\/figcaption><\/figure>\n<\/div>\n\n\n<p>Die Polyhymnia bedankt sich bei allen, die schon Karten reserviert haben. Alle anderen k\u00f6nnen noch zugreifen:<\/p>\n\n\n\n<h2 class=\"wp-block-heading\">Vorverkaufstellen<\/h2>\n\n\n\n<p>Maria Oppolzer,<br>Tel.: +49 6106 72867<\/p>\n\n\n\n<p>Rainer Jaxt,<br>Tel.: +49 6074 1585<\/p>\n\n\n\n<hr class=\"wp-block-separator has-alpha-channel-opacity\"\/>\n\n\n\n<p class=\"has-text-align-center\">Mehr \u00fcber die Polyhymnia <\/p>\n\n\n\n<p class=\"has-text-align-center\"><a href=\"http:\/\/www.po-ly-hym-ni-a.de\">www.po-ly-hym-ni-a.de&nbsp;<\/a><\/p>\n\n\n<div class=\"wp-block-image\">\n<figure class=\"aligncenter size-full is-resized\"><a href=\"https:\/\/www.po-ly-hym-ni-a.de\/\"><img decoding=\"async\" src=\"https:\/\/heimatverein-nieder-roden.de\/wp-content\/uploads\/2022\/04\/Polyhymnia-NR_Logo.jpg\" alt=\"\" class=\"wp-image-4069\" width=\"374\" height=\"372\" srcset=\"https:\/\/heimatverein-nieder-roden.de\/wp-content\/uploads\/2022\/04\/Polyhymnia-NR_Logo.jpg 452w, https:\/\/heimatverein-nieder-roden.de\/wp-content\/uploads\/2022\/04\/Polyhymnia-NR_Logo-300x298.jpg 300w, https:\/\/heimatverein-nieder-roden.de\/wp-content\/uploads\/2022\/04\/Polyhymnia-NR_Logo-150x150.jpg 150w\" sizes=\"(max-width: 374px) 100vw, 374px\" \/><\/a><figcaption>Logo der S\u00e4ngervereinigung S\u00e4ngerkranz Polyhymnia Nieder-Roden e. V. <br>Mit einem Klick auf das Logo gelangen Sie zur Internetseite des Vereins. &#8211; \u00a9Polyhymnia<\/figcaption><\/figure>\n<\/div>\n\n\n<hr class=\"wp-block-separator has-css-opacity is-style-wide\"\/>\n\n\n\n<p><em>Beitrag erstellt mit freundlicher Unterst\u00fctzung der Polyhymnia. Vielen Dank!<\/em><\/p>\n\n\n\n<hr class=\"wp-block-separator has-css-opacity is-style-wide\"\/>\n\n\nBeitrag 0 mal aufgerufen in den letzten 14 Tagen.\n\n\n\n<hr class=\"wp-block-separator has-css-opacity is-style-default\"\/>\n\n\nBeitrag 0 mal aufgerufen in den letzten 365 Tagen.\n","protected":false},"excerpt":{"rendered":"<p>ABSAGE: Das Jubil\u00e4umskonzert der Polyhymnia geplant f\u00fcr am Samstag, 15. Oktober 2022, 19:00 Uhr im B\u00fcrgerhaus Nieder Roden muss abgesagt werden.<\/p><p><a class=\"more-link btn\" href=\"https:\/\/heimatverein-nieder-roden.de\/?p=4556\">Weiterlesen<\/a><\/p>\n","protected":false},"author":1,"featured_media":4557,"comment_status":"closed","ping_status":"closed","sticky":false,"template":"","format":"standard","meta":{"_coblocks_attr":"","_coblocks_dimensions":"","_coblocks_responsive_height":"","_coblocks_accordion_ie_support":"","footnotes":"","_share_on_mastodon":"0"},"categories":[6],"tags":[256,289,288,285,255,254,287,251,259,261,260,291,292,284,290,248,250,252,249,293,286],"class_list":["post-4556","post","type-post","status-publish","format-standard","has-post-thumbnail","hentry","category-aktuell","tag-carmina-burana","tag-chim-chim-cheree","tag-chor-der-geier","tag-der-koenig-der-loewen","tag-elias","tag-evita","tag-flintstones","tag-frauenchor","tag-gottfried-kaerner","tag-jubilaeum","tag-juergen-k-groh","tag-life-is-a-cabaret","tag-max-breitenbach","tag-my-fair-lady","tag-over-the-rainbow","tag-polyhymnia","tag-polyvocals","tag-saengerkranz","tag-saengervereinigung-saengerkranz-polyhymnia-nieder-roden","tag-thank-you-for-the-music","tag-zauberer-von-oz","nodate"],"share_on_mastodon":{"url":"","error":""},"publishpress_future_action":{"enabled":false,"date":"2026-05-08 14:14:36","action":"category-remove","newStatus":"draft","terms":[],"taxonomy":"category","extraData":[]},"publishpress_future_workflow_manual_trigger":{"enabledWorkflows":[]},"_links":{"self":[{"href":"https:\/\/heimatverein-nieder-roden.de\/index.php?rest_route=\/wp\/v2\/posts\/4556","targetHints":{"allow":["GET"]}}],"collection":[{"href":"https:\/\/heimatverein-nieder-roden.de\/index.php?rest_route=\/wp\/v2\/posts"}],"about":[{"href":"https:\/\/heimatverein-nieder-roden.de\/index.php?rest_route=\/wp\/v2\/types\/post"}],"author":[{"embeddable":true,"href":"https:\/\/heimatverein-nieder-roden.de\/index.php?rest_route=\/wp\/v2\/users\/1"}],"replies":[{"embeddable":true,"href":"https:\/\/heimatverein-nieder-roden.de\/index.php?rest_route=%2Fwp%2Fv2%2Fcomments&post=4556"}],"version-history":[{"count":1,"href":"https:\/\/heimatverein-nieder-roden.de\/index.php?rest_route=\/wp\/v2\/posts\/4556\/revisions"}],"predecessor-version":[{"id":4559,"href":"https:\/\/heimatverein-nieder-roden.de\/index.php?rest_route=\/wp\/v2\/posts\/4556\/revisions\/4559"}],"wp:featuredmedia":[{"embeddable":true,"href":"https:\/\/heimatverein-nieder-roden.de\/index.php?rest_route=\/wp\/v2\/media\/4557"}],"wp:attachment":[{"href":"https:\/\/heimatverein-nieder-roden.de\/index.php?rest_route=%2Fwp%2Fv2%2Fmedia&parent=4556"}],"wp:term":[{"taxonomy":"category","embeddable":true,"href":"https:\/\/heimatverein-nieder-roden.de\/index.php?rest_route=%2Fwp%2Fv2%2Fcategories&post=4556"},{"taxonomy":"post_tag","embeddable":true,"href":"https:\/\/heimatverein-nieder-roden.de\/index.php?rest_route=%2Fwp%2Fv2%2Ftags&post=4556"}],"curies":[{"name":"wp","href":"https:\/\/api.w.org\/{rel}","templated":true}]}}