{"id":4397,"date":"2022-06-27T17:17:35","date_gmt":"2022-06-27T15:17:35","guid":{"rendered":"https:\/\/heimatverein-nieder-roden.de\/?p=4397"},"modified":"2022-06-27T17:19:18","modified_gmt":"2022-06-27T15:19:18","slug":"naechste-museumsoeffnung-am-3-juli-2022-mit-musik-im-museumshof","status":"publish","type":"post","link":"https:\/\/heimatverein-nieder-roden.de\/?p=4397","title":{"rendered":"N\u00e4chste Museums\u00f6ffnung am Sonntag, 3. Juli 2022, mit &#8222;Musik im Museumshof&#8220;"},"content":{"rendered":"\n<p>Am <b>Sonntag, den 3. Juli 2022<\/b> gibt es wieder &#8222;<b>Musik im Museumshof<\/b>&#8220; beim Heimatmuseum Nieder-Roden.<\/p>\n\n\n\n<p>Ab 14 Uhr \u00f6ffnet das Museum seine Pforten. Es lohnt ein Besuch der Jahresausstellung <a href=\"https:\/\/heimatverein-nieder-roden.de\/jahresausstellung-2020\/\">\u201eZweimal hingeschaut\u2026\u201c \u2013 Bilder aus Rollwald \u2013 von vorgestern, gestern und heute<\/a>. Au\u00dferdem ist die Dauerausstellung ge\u00f6ffnet und es gibt selbstgebackende Kuchen und Torten f\u00fcr die G\u00e4ste des Museumscaf\u00e9s. Bei gutem Wetter decken wir im Hof.<\/p>\n\n\n\n<p>Im Hof gibt es au\u00dferdem ein Highlight zu bestaunen:<\/p>\n\n\n\n<p><strong>Wir freuen uns, die &#8222;Rodgauer Blasmusik&#8220; begr\u00fc\u00dfen zu d\u00fcrfen.<\/strong><\/p>\n\n\n\n<p>Damit setzen wir die Kooperation mit dem Musikverein Nieder-Roden e. V. (MVN) fort.<\/p>\n\n\n<div class=\"wp-block-image\">\n<figure class=\"aligncenter size-large is-resized\"><a href=\"mv-nieder-roden.de\" target=\"_blank\" rel=\"noreferrer noopener\"><img decoding=\"async\" src=\"https:\/\/heimatverein-nieder-roden.de\/wp-content\/uploads\/2019\/02\/2019-02-17_AKHNR_MVN-Logo_selbstgeb_v1.0-1024x469.png\" alt=\"\" class=\"wp-image-557\" width=\"445\" height=\"204\" srcset=\"https:\/\/heimatverein-nieder-roden.de\/wp-content\/uploads\/2019\/02\/2019-02-17_AKHNR_MVN-Logo_selbstgeb_v1.0-1024x469.png 1024w, https:\/\/heimatverein-nieder-roden.de\/wp-content\/uploads\/2019\/02\/2019-02-17_AKHNR_MVN-Logo_selbstgeb_v1.0-300x137.png 300w, https:\/\/heimatverein-nieder-roden.de\/wp-content\/uploads\/2019\/02\/2019-02-17_AKHNR_MVN-Logo_selbstgeb_v1.0-768x352.png 768w\" sizes=\"(max-width: 445px) 100vw, 445px\" \/><\/a><figcaption>Link zur Internetseite des Musikvereins &#8211; \u00a9MVN<\/figcaption><\/figure>\n<\/div>\n\n<div class=\"wp-block-image wp-image-1293 size-full\">\n<figure class=\"aligncenter is-resized\"><a href=\"https:\/\/heimatverein-nieder-roden.de\/wp-content\/uploads\/2019\/05\/2019-rbm-kpl8216604077182428698..jpg\"><img decoding=\"async\" src=\"https:\/\/heimatverein-nieder-roden.de\/wp-content\/uploads\/2019\/05\/2019-rbm-kpl8216604077182428698..jpg\" alt=\"\" width=\"594\" height=\"386\"\/><\/a><figcaption>Die Rodgauer Blasmusik in voller Besetzung &#8211; \u00a9 MVN<\/figcaption><\/figure>\n<\/div>\n\n\n<h3 class=\"wp-block-heading\">Zur Entstehung der Gruppe:<\/h3>\n\n\n\n<p>Vor 20 Jahren trafen sich 15 \u00e4ltere Musiker aus dem Rodgau um deutsches Liedgut, d.h. traditionelle Blasmusik, zu pflegen.<\/p>\n\n\n\n<p>Zu dieser Zeit wurde die moderne und experimentelle Blasmusik immer popul\u00e4rer, und so machte sich die Gruppe daran, die Volksmusik zu bewahren, nicht nur f\u00fcr sich, sondern f\u00fcr alle, denen diese Musik am Herzen liegt. Der Name \u201eRodgauer Blasmusik\u201c (RMB) war geboren.<\/p>\n\n\n\n<p>Die Melodien, die sie spielt, m\u00f6gen in den Ohren mancher unmodern klingen, aber sie geh\u00f6ren zu unserem Leben und zur Geschichte unseres Landes.<\/p>\n\n\n\n<p>Bei der Musikauswahl wird stets folgendes Zitat von Ludwig van Beethoven beachtet:<\/p>\n\n\n\n<p>\u201eMusik besteht aus 3 Elementen \u2013 Melodie, Harmonie und Rhythmus\u201c<\/p>\n\n\n\n<p>Heute besteht die RBM aus 31 Musikerinnen + Musiker im Durchschnittsalter von 66 Jahren, also Senioren und Jungsenioren.<\/p>\n\n\n\n<h3 class=\"wp-block-heading\">Traditionen pflegen<\/h3>\n\n\n\n<p>Sie pflegen Traditionen, was (angelehnt an Gustav Mahler) nichts anderes hei\u00dft, als: \u201eDas Gute bewahren\u201c!<\/p>\n\n\n\n<p>Es wird traditionelle Blasmusik gespielt, nationale und internationale Evergreens, popul\u00e4re Schlager, etwas Filmmusik und leichte Klassik etc.<\/p>\n\n\n\n<p>Die RBM tritt zu unterschiedlichen, meist traditionellen, Anl\u00e4ssen auf, z.B. bei:<\/p>\n\n\n\n<ul class=\"wp-block-list\"><li>Familienfeiern,<\/li><li>Vereinsfesten,<\/li><li>Seniorenfeiern,<\/li><li>St\u00e4ndchen,<\/li><li>Jubil\u00e4umsfeiern,<\/li><li>Veranstaltungen von kirchlichen, st\u00e4dtischen oder sozialen Einrichtungen<\/li><li>usw.<\/li><\/ul>\n\n\n\n<p>Dabei erfolgt die organisatorische wie musikalische Leitung ebenso wie die Teilnahme der Musikerinnen und Musiker an den Proben und Auftritten ehrenamtlich.<\/p>\n\n\n\n<h3 class=\"wp-block-heading\">Eine Rodgauer Gruppierung<\/h3>\n\n\n\n<p>Die RBM versteht sich als eine vereins- und stadtteil\u00fcbergreifende Gruppe, die Musik und Geselligkeit pflegt.<\/p>\n\n\n\n<p>Bei Auftritten stehen die W\u00fcnsche der G\u00e4ste im Vordergrund, denn jeder verkn\u00fcpft Musikst\u00fccke mit einer Erinnerung. Die RBM spielt deshalb (ganz im Sinne des Radiosenders HR4) \u201eMusik die gl\u00fccklich macht\u201c!<\/p>\n\n\n<div class=\"wp-block-image\">\n<figure class=\"aligncenter size-large is-resized\"><a href=\"https:\/\/www.mv-nieder-roden.de\/unsere-orchester\/rodgauer-blasmusik\/\"><img decoding=\"async\" src=\"https:\/\/heimatverein-nieder-roden.de\/wp-content\/uploads\/2022\/06\/2019-02-21_AKHNR_Logo_Rodgauer-Blasmusik_Var2_v1.0-1024x569.png\" alt=\"\" class=\"wp-image-4398\" width=\"559\" height=\"311\" srcset=\"https:\/\/heimatverein-nieder-roden.de\/wp-content\/uploads\/2022\/06\/2019-02-21_AKHNR_Logo_Rodgauer-Blasmusik_Var2_v1.0-1024x569.png 1024w, https:\/\/heimatverein-nieder-roden.de\/wp-content\/uploads\/2022\/06\/2019-02-21_AKHNR_Logo_Rodgauer-Blasmusik_Var2_v1.0-300x167.png 300w, https:\/\/heimatverein-nieder-roden.de\/wp-content\/uploads\/2022\/06\/2019-02-21_AKHNR_Logo_Rodgauer-Blasmusik_Var2_v1.0-768x427.png 768w, https:\/\/heimatverein-nieder-roden.de\/wp-content\/uploads\/2022\/06\/2019-02-21_AKHNR_Logo_Rodgauer-Blasmusik_Var2_v1.0-1536x853.png 1536w, https:\/\/heimatverein-nieder-roden.de\/wp-content\/uploads\/2022\/06\/2019-02-21_AKHNR_Logo_Rodgauer-Blasmusik_Var2_v1.0-2048x1138.png 2048w, https:\/\/heimatverein-nieder-roden.de\/wp-content\/uploads\/2022\/06\/2019-02-21_AKHNR_Logo_Rodgauer-Blasmusik_Var2_v1.0-836x464.png 836w, https:\/\/heimatverein-nieder-roden.de\/wp-content\/uploads\/2022\/06\/2019-02-21_AKHNR_Logo_Rodgauer-Blasmusik_Var2_v1.0-560x311.png 560w\" sizes=\"(max-width: 559px) 100vw, 559px\" \/><\/a><figcaption>Klicken Sie auf das Logo f\u00fcr weitere Information <br>auf der Internetseite des Musikvereins Nieder-Roden e. V.<\/figcaption><\/figure>\n<\/div>","protected":false},"excerpt":{"rendered":"<p>Ge\u00f6ffnet ab 14 Uhr. Wir freuen uns, die &#8222;Rodgauer Blasmusik&#8220; begr\u00fc\u00dfen zu d\u00fcrfen.<\/p><p><a class=\"more-link btn\" href=\"https:\/\/heimatverein-nieder-roden.de\/?p=4397\">Weiterlesen<\/a><\/p>\n","protected":false},"author":1,"featured_media":1293,"comment_status":"closed","ping_status":"closed","sticky":false,"template":"","format":"standard","meta":{"_coblocks_attr":"","_coblocks_dimensions":"","_coblocks_responsive_height":"","_coblocks_accordion_ie_support":"","footnotes":"","_share_on_mastodon":"0"},"categories":[6,138,9,10,97],"tags":[30,25,19,20,21,22,23,16,29],"class_list":["post-4397","post","type-post","status-publish","format-standard","has-post-thumbnail","hentry","category-aktuell","category-jahresausstellung","category-museumsoeffnungen","category-musik-im-museumshof","category-slider","tag-blasmusik","tag-museumsoeffnung","tag-musik","tag-musik-im-museumshof","tag-musikverein","tag-musikverein-nieder-roden","tag-mvn","tag-nieder-roden","tag-rodgauer-blasmusik","nodate"],"share_on_mastodon":{"url":"","error":""},"publishpress_future_action":{"enabled":false,"date":"2026-05-06 23:53:15","action":"category-remove","newStatus":"draft","terms":[],"taxonomy":"category","extraData":[]},"publishpress_future_workflow_manual_trigger":{"enabledWorkflows":[]},"_links":{"self":[{"href":"https:\/\/heimatverein-nieder-roden.de\/index.php?rest_route=\/wp\/v2\/posts\/4397","targetHints":{"allow":["GET"]}}],"collection":[{"href":"https:\/\/heimatverein-nieder-roden.de\/index.php?rest_route=\/wp\/v2\/posts"}],"about":[{"href":"https:\/\/heimatverein-nieder-roden.de\/index.php?rest_route=\/wp\/v2\/types\/post"}],"author":[{"embeddable":true,"href":"https:\/\/heimatverein-nieder-roden.de\/index.php?rest_route=\/wp\/v2\/users\/1"}],"replies":[{"embeddable":true,"href":"https:\/\/heimatverein-nieder-roden.de\/index.php?rest_route=%2Fwp%2Fv2%2Fcomments&post=4397"}],"version-history":[{"count":2,"href":"https:\/\/heimatverein-nieder-roden.de\/index.php?rest_route=\/wp\/v2\/posts\/4397\/revisions"}],"predecessor-version":[{"id":4400,"href":"https:\/\/heimatverein-nieder-roden.de\/index.php?rest_route=\/wp\/v2\/posts\/4397\/revisions\/4400"}],"wp:featuredmedia":[{"embeddable":true,"href":"https:\/\/heimatverein-nieder-roden.de\/index.php?rest_route=\/wp\/v2\/media\/1293"}],"wp:attachment":[{"href":"https:\/\/heimatverein-nieder-roden.de\/index.php?rest_route=%2Fwp%2Fv2%2Fmedia&parent=4397"}],"wp:term":[{"taxonomy":"category","embeddable":true,"href":"https:\/\/heimatverein-nieder-roden.de\/index.php?rest_route=%2Fwp%2Fv2%2Fcategories&post=4397"},{"taxonomy":"post_tag","embeddable":true,"href":"https:\/\/heimatverein-nieder-roden.de\/index.php?rest_route=%2Fwp%2Fv2%2Ftags&post=4397"}],"curies":[{"name":"wp","href":"https:\/\/api.w.org\/{rel}","templated":true}]}}