{"id":4356,"date":"2022-06-12T15:00:00","date_gmt":"2022-06-12T13:00:00","guid":{"rendered":"https:\/\/heimatverein-nieder-roden.de\/?p=4356"},"modified":"2022-06-12T13:06:51","modified_gmt":"2022-06-12T11:06:51","slug":"einladung-zur-mitgliederversammlung-2022","status":"publish","type":"post","link":"https:\/\/heimatverein-nieder-roden.de\/?p=4356","title":{"rendered":"Einladung zur Mitgliederversammlung 2022"},"content":{"rendered":"<div class=\"wp-block-image\">\n<figure class=\"aligncenter size-large is-resized\"><img decoding=\"async\" src=\"https:\/\/heimatverein-nieder-roden.de\/wp-content\/uploads\/2022\/06\/AKHNR_Mitgliederversammlung-202x_Symbolbild_1080px-Q3-1024x724.jpg\" alt=\"Bild zeigt ein Symbolbild des Dokumentes: Einladung zur Mitgliederversammlung\" class=\"wp-image-4357\" width=\"469\" height=\"329\"\/><figcaption>Einladung zur AKHNR-Mitgliederversammlung (Symbolbild) \u00a9AKHNR<\/figcaption><\/figure>\n<\/div>\n\n\n<p>Liebe Mitglieder, wir laden euch ganz herzlich ein zur<\/p>\n\n\n\n<p class=\"has-text-align-center\"><strong>Mitgliederversammlung 2022<br> <\/strong>am Mittwoch, den 22. Juni 2022, um 19:00 Uhr<br>(Einlass ab 18:30 Uhr)<br> im Heimatmuseum Nieder-Roden<br> Schulstra\u00dfe 32<br> 63110 Rodgau, Nieder-Roden<\/p>\n\n\n\n<p>Unsere Tagesordnung lautet wie folgt:<\/p>\n\n\n\n<ol class=\"wp-block-list\" type=\"1\"><li>Er\u00f6ffnung und Begr\u00fc\u00dfung durch den Vorsitzenden<\/li><li>Totengedenken<\/li><li>Bericht des Vorsitzenden<br>3.1 Aussprache<\/li><li>Bericht des Schatzmeisters<br>4.1 Aussprache<\/li><li>Bericht der Kassenpr\u00fcfer<br>5.1 Aussprache<\/li><li>Antrag der Kassenpr\u00fcfer auf Entlastung des Vorstandes<\/li><li>Neuwahl einer Kassenpr\u00fcferin\/eines Kassenpr\u00fcfers<\/li><li>Antr\u00e4ge<\/li><li>Verschiedenes<br><\/li><\/ol>\n\n\n\n<p>Bitte ber\u00fccksichtigt, dass laut Satzung gilt: \u201eAntr\u00e4ge zur Mitgliederversammlung m\u00fcssen mindestens eine Woche vorher schriftlich dem Vorstand eingereicht werden und begr\u00fcndet sein.\u201c<\/p>\n\n\n\n<p>Mit heimatlichen Gr\u00fc\u00dfen<br>f\u00fcr den Vorstand<\/p>\n\n\n\n<p>Frank Martiny \u00a0\u00a0\u00a0\u00a0\u00a0\u00a0\u00a0\u00a0\u00a0\u00a0\u00a0\u00a0\u00a0\u00a0\u00a0\u00a0\u00a0\u00a0\u00a0\u00a0\u00a0\u00a0\u00a0\u00a0\u00a0\u00a0\u00a0\u00a0\u00a0\u00a0\u00a0\u00a0\u00a0\u00a0\u00a0\u00a0  G\u00fcnther Keller<br>1. Vorsitzender\u00a0\u00a0\u00a0\u00a0\u00a0\u00a0\u00a0\u00a0\u00a0\u00a0\u00a0\u00a0\u00a0\u00a0\u00a0\u00a0\u00a0\u00a0\u00a0\u00a0\u00a0\u00a0\u00a0\u00a0\u00a0\u00a0\u00a0\u00a0\u00a0\u00a0\u00a0\u00a0\u00a0\u00a0\u00a0\u00a0 2. Vorsitzender<\/p>\n","protected":false},"excerpt":{"rendered":"<p>am Mittwoch, den 22. Juni 2020, um 19:00 Uhr<br \/>\nim Heimatmuseum Nieder-Roden<br \/>\nSchulstra\u00dfe 32<br \/>\n63110 Rodgau, Nieder-Roden<\/p>\n<p>N\u00e4heres gibt es hier&#8230;<\/p><p><a class=\"more-link btn\" href=\"https:\/\/heimatverein-nieder-roden.de\/?p=4356\">Weiterlesen<\/a><\/p>\n","protected":false},"author":1,"featured_media":4357,"comment_status":"closed","ping_status":"closed","sticky":false,"template":"","format":"standard","meta":{"_coblocks_attr":"","_coblocks_dimensions":"","_coblocks_responsive_height":"","_coblocks_accordion_ie_support":"","footnotes":"","_share_on_mastodon":"0"},"categories":[6,175,97],"tags":[34,35,32,150,149],"class_list":["post-4356","post","type-post","status-publish","format-standard","has-post-thumbnail","hentry","category-aktuell","category-mitgliederversammlung","category-slider","tag-akhnr","tag-arbeitskreis-fuer-heimatkunde-nieder-roden-e-v","tag-heimatmuseum","tag-jahreshauptversammlung","tag-mitgliederversammlung","nodate"],"share_on_mastodon":{"url":"","error":""},"publishpress_future_action":{"enabled":false,"date":"2026-05-09 11:49:15","action":"category-remove","newStatus":"draft","terms":[],"taxonomy":"category","extraData":[]},"publishpress_future_workflow_manual_trigger":{"enabledWorkflows":[]},"_links":{"self":[{"href":"https:\/\/heimatverein-nieder-roden.de\/index.php?rest_route=\/wp\/v2\/posts\/4356","targetHints":{"allow":["GET"]}}],"collection":[{"href":"https:\/\/heimatverein-nieder-roden.de\/index.php?rest_route=\/wp\/v2\/posts"}],"about":[{"href":"https:\/\/heimatverein-nieder-roden.de\/index.php?rest_route=\/wp\/v2\/types\/post"}],"author":[{"embeddable":true,"href":"https:\/\/heimatverein-nieder-roden.de\/index.php?rest_route=\/wp\/v2\/users\/1"}],"replies":[{"embeddable":true,"href":"https:\/\/heimatverein-nieder-roden.de\/index.php?rest_route=%2Fwp%2Fv2%2Fcomments&post=4356"}],"version-history":[{"count":1,"href":"https:\/\/heimatverein-nieder-roden.de\/index.php?rest_route=\/wp\/v2\/posts\/4356\/revisions"}],"predecessor-version":[{"id":4358,"href":"https:\/\/heimatverein-nieder-roden.de\/index.php?rest_route=\/wp\/v2\/posts\/4356\/revisions\/4358"}],"wp:featuredmedia":[{"embeddable":true,"href":"https:\/\/heimatverein-nieder-roden.de\/index.php?rest_route=\/wp\/v2\/media\/4357"}],"wp:attachment":[{"href":"https:\/\/heimatverein-nieder-roden.de\/index.php?rest_route=%2Fwp%2Fv2%2Fmedia&parent=4356"}],"wp:term":[{"taxonomy":"category","embeddable":true,"href":"https:\/\/heimatverein-nieder-roden.de\/index.php?rest_route=%2Fwp%2Fv2%2Fcategories&post=4356"},{"taxonomy":"post_tag","embeddable":true,"href":"https:\/\/heimatverein-nieder-roden.de\/index.php?rest_route=%2Fwp%2Fv2%2Ftags&post=4356"}],"curies":[{"name":"wp","href":"https:\/\/api.w.org\/{rel}","templated":true}]}}