{"id":4312,"date":"2022-05-23T20:56:20","date_gmt":"2022-05-23T18:56:20","guid":{"rendered":"https:\/\/heimatverein-nieder-roden.de\/?p=4312"},"modified":"2022-05-24T08:21:25","modified_gmt":"2022-05-24T06:21:25","slug":"klangfarben-und-sonnenstrahlen-bei-musik-im-museumshof","status":"publish","type":"post","link":"https:\/\/heimatverein-nieder-roden.de\/?p=4312","title":{"rendered":"\u201eKlangfarben\u201c und Sonnenstrahlen bei \u201eMusik im Museumshof\u201c"},"content":{"rendered":"\n<p>Beim Auftaktkonzert der \u201eMusik im Museumshof\u201c am 15. Mai gestalteten der heimatliche und der musikalische Verein von Nieder-Roden vor voll besetzten Tischen einen gelungenen Nachmittag. Zahlreiche Besucher konnte Frank Martiny, der Vorsitzende des Arbeitskreises f\u00fcr Heimatkunde (AKHNR) zu Besichtigung, Kaffee und Kuchen plus Platzkonzert begr\u00fc\u00dfen. <\/p>\n\n\n\n<p>Die Sonne lachte mit Veranstaltern und Dirigenten um die Wette, w\u00e4hrend Angela Groh und Yvonne B\u00fcttner ihr Orchester Klangfarben zu sch\u00f6nsten Pop-, Rock- und Swingmelodien f\u00fchrten. Beste Blasmusik wird auch beim Jahreskonzert am 12. November erklingen, aus dessen Programm bereits zwei brandneue St\u00fccke zu h\u00f6ren waren. <\/p>\n\n\n\n<figure class=\"wp-block-pullquote\"><blockquote><p>Das Jahreskonzert des Orchesters Klangfarben findet statt <br>am 12. November 2022!<\/p><\/blockquote><\/figure>\n\n\n\n<p><\/p>\n\n\n\n<p>Angela Grohs ansteckende Spielfreude lie\u00df das Publikum Lust auf mehr von Klangfarben bekommen und \u201ejeder interessierte Musiker ist (wieder) herzlich im Orchester willkommen\u201c, lud die Dirigentin ein. Unter den Zuh\u00f6rern aus dem Verein genoss auch der diesj\u00e4hrige Kulturpreistr\u00e4ger der Stadt Rodgau, Tom Sch\u00fcler, die \u201eKonzert-Auszeit\u201c, ist der Trompeter doch sonst nonstop selbst im Dienste der Musik unterwegs. <\/p>\n\n\n\n<p>Bekannte Pop-Melodien von ABBA oder \u201eDisco lives\u201c lie\u00dfen auch bei sitzenden G\u00e4sten das Tanzbein zucken, bevor Kl\u00e4nge unter stahlblauem Himmel (\u201eSt\u00e5l Himmel\u201c) von Sommer und Urlaub tr\u00e4umen lie\u00dfen. Mit Abenteuerreisen verbunden war eher die Filmmusik von James Bonds&#8216; \u201eSkyfall\u201c, bevor nach dem bis zum Fortissimo gerockten Westernhagen-Medley Musiker und Zuh\u00f6rer gemeinsam den gelungenen Nachmittag feierten. <\/p>\n\n\n\n<div class=\"wp-block-columns is-layout-flex wp-container-core-columns-is-layout-9d6595d7 wp-block-columns-is-layout-flex\">\n<div class=\"wp-block-column is-layout-flow wp-block-column-is-layout-flow\">\n<figure class=\"wp-block-image size-large\"><a href=\"https:\/\/heimatverein-nieder-roden.de\/wp-content\/uploads\/2022\/05\/2022-05-15_14-55-42_AKHNR_Museumsoeffnung_MiMh_Klangfarben_FMA_IMG_20220515_145542_1920_72dpi_Wasserz.jpg\"><img decoding=\"async\" width=\"1024\" height=\"768\" src=\"https:\/\/heimatverein-nieder-roden.de\/wp-content\/uploads\/2022\/05\/2022-05-15_14-55-42_AKHNR_Museumsoeffnung_MiMh_Klangfarben_FMA_IMG_20220515_145542_1920_72dpi_Wasserz-1024x768.jpg\" alt=\"\" class=\"wp-image-4315\" srcset=\"https:\/\/heimatverein-nieder-roden.de\/wp-content\/uploads\/2022\/05\/2022-05-15_14-55-42_AKHNR_Museumsoeffnung_MiMh_Klangfarben_FMA_IMG_20220515_145542_1920_72dpi_Wasserz-1024x768.jpg 1024w, https:\/\/heimatverein-nieder-roden.de\/wp-content\/uploads\/2022\/05\/2022-05-15_14-55-42_AKHNR_Museumsoeffnung_MiMh_Klangfarben_FMA_IMG_20220515_145542_1920_72dpi_Wasserz-300x225.jpg 300w, https:\/\/heimatverein-nieder-roden.de\/wp-content\/uploads\/2022\/05\/2022-05-15_14-55-42_AKHNR_Museumsoeffnung_MiMh_Klangfarben_FMA_IMG_20220515_145542_1920_72dpi_Wasserz-768x576.jpg 768w, https:\/\/heimatverein-nieder-roden.de\/wp-content\/uploads\/2022\/05\/2022-05-15_14-55-42_AKHNR_Museumsoeffnung_MiMh_Klangfarben_FMA_IMG_20220515_145542_1920_72dpi_Wasserz-1536x1152.jpg 1536w, https:\/\/heimatverein-nieder-roden.de\/wp-content\/uploads\/2022\/05\/2022-05-15_14-55-42_AKHNR_Museumsoeffnung_MiMh_Klangfarben_FMA_IMG_20220515_145542_1920_72dpi_Wasserz-836x627.jpg 836w, https:\/\/heimatverein-nieder-roden.de\/wp-content\/uploads\/2022\/05\/2022-05-15_14-55-42_AKHNR_Museumsoeffnung_MiMh_Klangfarben_FMA_IMG_20220515_145542_1920_72dpi_Wasserz-560x420.jpg 560w, https:\/\/heimatverein-nieder-roden.de\/wp-content\/uploads\/2022\/05\/2022-05-15_14-55-42_AKHNR_Museumsoeffnung_MiMh_Klangfarben_FMA_IMG_20220515_145542_1920_72dpi_Wasserz.jpg 1920w\" sizes=\"(max-width: 1024px) 100vw, 1024px\" \/><\/a><figcaption>Co-Dirigentin Yvonne B\u00fcttner an den Bongos &#8211; \u00a9AKHNR\/FMA<\/figcaption><\/figure>\n<\/div>\n\n\n\n<div class=\"wp-block-column is-layout-flow wp-block-column-is-layout-flow\">\n<figure class=\"wp-block-image size-large\"><a href=\"https:\/\/heimatverein-nieder-roden.de\/wp-content\/uploads\/2022\/05\/2022-05-15_14-54-57_AKHNR_Museumsoeffnung_MiMh_Klangfarben_FMA_IMG_20220515_145457_1920_72dpi_Wasserz.jpg\"><img decoding=\"async\" width=\"1024\" height=\"768\" src=\"https:\/\/heimatverein-nieder-roden.de\/wp-content\/uploads\/2022\/05\/2022-05-15_14-54-57_AKHNR_Museumsoeffnung_MiMh_Klangfarben_FMA_IMG_20220515_145457_1920_72dpi_Wasserz-1024x768.jpg\" alt=\"\" class=\"wp-image-4314\" srcset=\"https:\/\/heimatverein-nieder-roden.de\/wp-content\/uploads\/2022\/05\/2022-05-15_14-54-57_AKHNR_Museumsoeffnung_MiMh_Klangfarben_FMA_IMG_20220515_145457_1920_72dpi_Wasserz-1024x768.jpg 1024w, https:\/\/heimatverein-nieder-roden.de\/wp-content\/uploads\/2022\/05\/2022-05-15_14-54-57_AKHNR_Museumsoeffnung_MiMh_Klangfarben_FMA_IMG_20220515_145457_1920_72dpi_Wasserz-300x225.jpg 300w, https:\/\/heimatverein-nieder-roden.de\/wp-content\/uploads\/2022\/05\/2022-05-15_14-54-57_AKHNR_Museumsoeffnung_MiMh_Klangfarben_FMA_IMG_20220515_145457_1920_72dpi_Wasserz-768x576.jpg 768w, https:\/\/heimatverein-nieder-roden.de\/wp-content\/uploads\/2022\/05\/2022-05-15_14-54-57_AKHNR_Museumsoeffnung_MiMh_Klangfarben_FMA_IMG_20220515_145457_1920_72dpi_Wasserz-1536x1152.jpg 1536w, https:\/\/heimatverein-nieder-roden.de\/wp-content\/uploads\/2022\/05\/2022-05-15_14-54-57_AKHNR_Museumsoeffnung_MiMh_Klangfarben_FMA_IMG_20220515_145457_1920_72dpi_Wasserz-836x627.jpg 836w, https:\/\/heimatverein-nieder-roden.de\/wp-content\/uploads\/2022\/05\/2022-05-15_14-54-57_AKHNR_Museumsoeffnung_MiMh_Klangfarben_FMA_IMG_20220515_145457_1920_72dpi_Wasserz-560x420.jpg 560w, https:\/\/heimatverein-nieder-roden.de\/wp-content\/uploads\/2022\/05\/2022-05-15_14-54-57_AKHNR_Museumsoeffnung_MiMh_Klangfarben_FMA_IMG_20220515_145457_1920_72dpi_Wasserz.jpg 1920w\" sizes=\"(max-width: 1024px) 100vw, 1024px\" \/><\/a><figcaption>Co-Dirigentin Angela Groh vor dem Orchester &#8222;Klangfarben&#8220; &#8211; \u00a9AKHNR\/FMA<\/figcaption><\/figure>\n<\/div>\n<\/div>\n\n\n\n<div class=\"wp-block-columns is-layout-flex wp-container-core-columns-is-layout-9d6595d7 wp-block-columns-is-layout-flex\">\n<div class=\"wp-block-column is-layout-flow wp-block-column-is-layout-flow\" style=\"flex-basis:100%\">\n<div class=\"wp-block-columns is-layout-flex wp-container-core-columns-is-layout-9d6595d7 wp-block-columns-is-layout-flex\">\n<div class=\"wp-block-column is-layout-flow wp-block-column-is-layout-flow\">\n<figure class=\"wp-block-image size-large\"><a href=\"https:\/\/heimatverein-nieder-roden.de\/wp-content\/uploads\/2022\/05\/2022-05-15_15-47-54_AKHNR_Museumsoeffnung_MiMh_Klangfarben_FMA_IMG_20220515_154754_1920_72dpi_Wasserz.jpg\"><img decoding=\"async\" width=\"1024\" height=\"768\" src=\"https:\/\/heimatverein-nieder-roden.de\/wp-content\/uploads\/2022\/05\/2022-05-15_15-47-54_AKHNR_Museumsoeffnung_MiMh_Klangfarben_FMA_IMG_20220515_154754_1920_72dpi_Wasserz-1024x768.jpg\" alt=\"\" class=\"wp-image-4302\" srcset=\"https:\/\/heimatverein-nieder-roden.de\/wp-content\/uploads\/2022\/05\/2022-05-15_15-47-54_AKHNR_Museumsoeffnung_MiMh_Klangfarben_FMA_IMG_20220515_154754_1920_72dpi_Wasserz-1024x768.jpg 1024w, https:\/\/heimatverein-nieder-roden.de\/wp-content\/uploads\/2022\/05\/2022-05-15_15-47-54_AKHNR_Museumsoeffnung_MiMh_Klangfarben_FMA_IMG_20220515_154754_1920_72dpi_Wasserz-300x225.jpg 300w, https:\/\/heimatverein-nieder-roden.de\/wp-content\/uploads\/2022\/05\/2022-05-15_15-47-54_AKHNR_Museumsoeffnung_MiMh_Klangfarben_FMA_IMG_20220515_154754_1920_72dpi_Wasserz-768x576.jpg 768w, https:\/\/heimatverein-nieder-roden.de\/wp-content\/uploads\/2022\/05\/2022-05-15_15-47-54_AKHNR_Museumsoeffnung_MiMh_Klangfarben_FMA_IMG_20220515_154754_1920_72dpi_Wasserz-1536x1152.jpg 1536w, https:\/\/heimatverein-nieder-roden.de\/wp-content\/uploads\/2022\/05\/2022-05-15_15-47-54_AKHNR_Museumsoeffnung_MiMh_Klangfarben_FMA_IMG_20220515_154754_1920_72dpi_Wasserz-836x627.jpg 836w, https:\/\/heimatverein-nieder-roden.de\/wp-content\/uploads\/2022\/05\/2022-05-15_15-47-54_AKHNR_Museumsoeffnung_MiMh_Klangfarben_FMA_IMG_20220515_154754_1920_72dpi_Wasserz-560x420.jpg 560w, https:\/\/heimatverein-nieder-roden.de\/wp-content\/uploads\/2022\/05\/2022-05-15_15-47-54_AKHNR_Museumsoeffnung_MiMh_Klangfarben_FMA_IMG_20220515_154754_1920_72dpi_Wasserz.jpg 1920w\" sizes=\"(max-width: 1024px) 100vw, 1024px\" \/><\/a><figcaption>Das Heimatmuseum mit Musik im Museumshof am 15.05.2022. &#8211; \u00a9AKHNR\/FMA<\/figcaption><\/figure>\n<\/div>\n\n\n\n<div class=\"wp-block-column is-layout-flow wp-block-column-is-layout-flow\">\n<figure class=\"wp-block-image size-large\"><a href=\"https:\/\/heimatverein-nieder-roden.de\/wp-content\/uploads\/2022\/05\/2022-05-15_15-24-57_AKHNR_Museumsoeffnung_MiMh_Klangfarben_FMA_IMG_20220515_152457_HDR_1920_72dpi_Wasserz.jpg\"><img decoding=\"async\" width=\"1024\" height=\"768\" src=\"https:\/\/heimatverein-nieder-roden.de\/wp-content\/uploads\/2022\/05\/2022-05-15_15-24-57_AKHNR_Museumsoeffnung_MiMh_Klangfarben_FMA_IMG_20220515_152457_HDR_1920_72dpi_Wasserz-1024x768.jpg\" alt=\"\" class=\"wp-image-4316\" srcset=\"https:\/\/heimatverein-nieder-roden.de\/wp-content\/uploads\/2022\/05\/2022-05-15_15-24-57_AKHNR_Museumsoeffnung_MiMh_Klangfarben_FMA_IMG_20220515_152457_HDR_1920_72dpi_Wasserz-1024x768.jpg 1024w, https:\/\/heimatverein-nieder-roden.de\/wp-content\/uploads\/2022\/05\/2022-05-15_15-24-57_AKHNR_Museumsoeffnung_MiMh_Klangfarben_FMA_IMG_20220515_152457_HDR_1920_72dpi_Wasserz-300x225.jpg 300w, https:\/\/heimatverein-nieder-roden.de\/wp-content\/uploads\/2022\/05\/2022-05-15_15-24-57_AKHNR_Museumsoeffnung_MiMh_Klangfarben_FMA_IMG_20220515_152457_HDR_1920_72dpi_Wasserz-768x576.jpg 768w, https:\/\/heimatverein-nieder-roden.de\/wp-content\/uploads\/2022\/05\/2022-05-15_15-24-57_AKHNR_Museumsoeffnung_MiMh_Klangfarben_FMA_IMG_20220515_152457_HDR_1920_72dpi_Wasserz-1536x1152.jpg 1536w, https:\/\/heimatverein-nieder-roden.de\/wp-content\/uploads\/2022\/05\/2022-05-15_15-24-57_AKHNR_Museumsoeffnung_MiMh_Klangfarben_FMA_IMG_20220515_152457_HDR_1920_72dpi_Wasserz-836x627.jpg 836w, https:\/\/heimatverein-nieder-roden.de\/wp-content\/uploads\/2022\/05\/2022-05-15_15-24-57_AKHNR_Museumsoeffnung_MiMh_Klangfarben_FMA_IMG_20220515_152457_HDR_1920_72dpi_Wasserz-560x420.jpg 560w, https:\/\/heimatverein-nieder-roden.de\/wp-content\/uploads\/2022\/05\/2022-05-15_15-24-57_AKHNR_Museumsoeffnung_MiMh_Klangfarben_FMA_IMG_20220515_152457_HDR_1920_72dpi_Wasserz.jpg 1920w\" sizes=\"(max-width: 1024px) 100vw, 1024px\" \/><\/a><figcaption>&#8222;Voller Hof&#8220; &#8211; Die Zuschauer genie\u00dfen die Musik bei Kaffee, Kuchen und\/oder einem k\u00fchlen Getr\u00e4nk. &#8211; \u00a9AKHNR\/FMA<\/figcaption><\/figure>\n<\/div>\n<\/div>\n<\/div>\n<\/div>\n\n\n\n<div class=\"wp-block-image\"><figure class=\"aligncenter size-large is-resized\"><a href=\"https:\/\/heimatverein-nieder-roden.de\/wp-content\/uploads\/2022\/05\/2022-05-15_AKHNR_Museumsoeffnung_MiMh_Klangfarben_MVN-PROe_1920_72dpi_Wasserz.jpg\"><img decoding=\"async\" src=\"https:\/\/heimatverein-nieder-roden.de\/wp-content\/uploads\/2022\/05\/2022-05-15_AKHNR_Museumsoeffnung_MiMh_Klangfarben_MVN-PROe_1920_72dpi_Wasserz-1024x768.jpg\" alt=\"\" class=\"wp-image-4319\" width=\"499\" height=\"374\" srcset=\"https:\/\/heimatverein-nieder-roden.de\/wp-content\/uploads\/2022\/05\/2022-05-15_AKHNR_Museumsoeffnung_MiMh_Klangfarben_MVN-PROe_1920_72dpi_Wasserz-1024x768.jpg 1024w, https:\/\/heimatverein-nieder-roden.de\/wp-content\/uploads\/2022\/05\/2022-05-15_AKHNR_Museumsoeffnung_MiMh_Klangfarben_MVN-PROe_1920_72dpi_Wasserz-300x225.jpg 300w, https:\/\/heimatverein-nieder-roden.de\/wp-content\/uploads\/2022\/05\/2022-05-15_AKHNR_Museumsoeffnung_MiMh_Klangfarben_MVN-PROe_1920_72dpi_Wasserz-768x576.jpg 768w, https:\/\/heimatverein-nieder-roden.de\/wp-content\/uploads\/2022\/05\/2022-05-15_AKHNR_Museumsoeffnung_MiMh_Klangfarben_MVN-PROe_1920_72dpi_Wasserz-1536x1152.jpg 1536w, https:\/\/heimatverein-nieder-roden.de\/wp-content\/uploads\/2022\/05\/2022-05-15_AKHNR_Museumsoeffnung_MiMh_Klangfarben_MVN-PROe_1920_72dpi_Wasserz-836x627.jpg 836w, https:\/\/heimatverein-nieder-roden.de\/wp-content\/uploads\/2022\/05\/2022-05-15_AKHNR_Museumsoeffnung_MiMh_Klangfarben_MVN-PROe_1920_72dpi_Wasserz-560x420.jpg 560w, https:\/\/heimatverein-nieder-roden.de\/wp-content\/uploads\/2022\/05\/2022-05-15_AKHNR_Museumsoeffnung_MiMh_Klangfarben_MVN-PROe_1920_72dpi_Wasserz.jpg 1920w\" sizes=\"(max-width: 499px) 100vw, 499px\" \/><\/a><figcaption>Herrliche Blasmusik bei herrlichem Wetter! Vielen Dank an die Musiker und Dirigentinnen f\u00fcr einen tollen Tag mit Musik im Museumshof! \u00a9MVN\/PR\u00d6<\/figcaption><\/figure><\/div>\n\n\n\n<p>Kaum hatte Frank Martiny die Dream-Team-Arbeit zwischen Heimat- und Musikverein betont und dem Orchester gedankt, ert\u00f6nten schon Rufe nach einer Zugabe. Mit \u201eHappy\u201c gaben Klangfarben den innerlichen Schlussakkord vor, um beschwingt nach Hause zu eilen und die n\u00e4chsten Termine der Musik im Museumshof im Kalender zu notieren: 12. Juni mit dem Konzertorchester des Musikvereins und 3. Juli mit der vereins\u00fcbergreifenden \u201eRodgauer Blasmusik\u201c.<\/p>\n\n\n\n<p><em>Text Dr. Petra R\u00f6cken  &#8211; ver\u00f6ffentlicht mit freundlicher Genehmigung des Musikvereins Nieder-Roden e. V. Vielen Dank!<\/em> <\/p>\n\n\n\n<hr class=\"wp-block-separator\"\/>\n\n\nBeitrag 0 mal aufgerufen in den letzten 14 Tagen.\n\n\n\n<hr class=\"wp-block-separator\"\/>\n\n\nBeitrag 0 mal aufgerufen in den letzten 365 Tagen.\n\n\n\n<hr class=\"wp-block-separator\"\/>\n\n\n\n<p>Weitere Bilder von der Museums\u00f6ffnung am 15.05.2022 gibt es hier:<\/p>\n\n\n\n<figure class=\"wp-block-embed is-type-wp-embed is-provider-arbeitskreis-fur-heimatkunde-nieder-roden-e-v wp-block-embed-arbeitskreis-fur-heimatkunde-nieder-roden-e-v\"><div class=\"wp-block-embed__wrapper\">\n<blockquote class=\"wp-embedded-content\" data-secret=\"tyBVDzluFZ\"><a href=\"https:\/\/heimatverein-nieder-roden.de\/impressionen-der-museumsoeffnung-am-15-05-2022\/\">Impressionen der Museums\u00f6ffnung am 15.05.2022<\/a><\/blockquote><iframe class=\"wp-embedded-content\" sandbox=\"allow-scripts\" security=\"restricted\" style=\"position: absolute; clip: rect(1px, 1px, 1px, 1px);\" title=\"&#8222;Impressionen der Museums\u00f6ffnung am 15.05.2022&#8220; &#8212; Arbeitskreis f\u00fcr Heimatkunde Nieder-Roden e. V.\" src=\"https:\/\/heimatverein-nieder-roden.de\/impressionen-der-museumsoeffnung-am-15-05-2022\/embed\/#?secret=lGmc3jS8EH#?secret=tyBVDzluFZ\" data-secret=\"tyBVDzluFZ\" width=\"600\" height=\"338\" frameborder=\"0\" marginwidth=\"0\" marginheight=\"0\" scrolling=\"no\"><\/iframe>\n<\/div><\/figure>\n","protected":false},"excerpt":{"rendered":"<p>Der heimatliche und der musikalische Verein von Nieder-Roden gestalteten vor voll besetzten Tischen einen gelungenen Nachmittag.<\/p><p><a class=\"more-link btn\" href=\"https:\/\/heimatverein-nieder-roden.de\/?p=4312\">Weiterlesen<\/a><\/p>\n","protected":false},"author":1,"featured_media":4319,"comment_status":"closed","ping_status":"closed","sticky":false,"template":"","format":"standard","meta":{"_coblocks_attr":"","_coblocks_dimensions":"","_coblocks_responsive_height":"","_coblocks_accordion_ie_support":"","footnotes":"","_share_on_mastodon":"0"},"categories":[6,9,10,97],"tags":[34,35,30,25,20,22,87],"class_list":["post-4312","post","type-post","status-publish","format-standard","has-post-thumbnail","hentry","category-aktuell","category-museumsoeffnungen","category-musik-im-museumshof","category-slider","tag-akhnr","tag-arbeitskreis-fuer-heimatkunde-nieder-roden-e-v","tag-blasmusik","tag-museumsoeffnung","tag-musik-im-museumshof","tag-musikverein-nieder-roden","tag-orchester-klangfarben","nodate"],"share_on_mastodon":{"url":"","error":""},"publishpress_future_action":{"enabled":false,"date":"2026-05-07 06:02:51","action":"category-remove","newStatus":"draft","terms":[],"taxonomy":"category","extraData":[]},"publishpress_future_workflow_manual_trigger":{"enabledWorkflows":[]},"_links":{"self":[{"href":"https:\/\/heimatverein-nieder-roden.de\/index.php?rest_route=\/wp\/v2\/posts\/4312","targetHints":{"allow":["GET"]}}],"collection":[{"href":"https:\/\/heimatverein-nieder-roden.de\/index.php?rest_route=\/wp\/v2\/posts"}],"about":[{"href":"https:\/\/heimatverein-nieder-roden.de\/index.php?rest_route=\/wp\/v2\/types\/post"}],"author":[{"embeddable":true,"href":"https:\/\/heimatverein-nieder-roden.de\/index.php?rest_route=\/wp\/v2\/users\/1"}],"replies":[{"embeddable":true,"href":"https:\/\/heimatverein-nieder-roden.de\/index.php?rest_route=%2Fwp%2Fv2%2Fcomments&post=4312"}],"version-history":[{"count":4,"href":"https:\/\/heimatverein-nieder-roden.de\/index.php?rest_route=\/wp\/v2\/posts\/4312\/revisions"}],"predecessor-version":[{"id":4325,"href":"https:\/\/heimatverein-nieder-roden.de\/index.php?rest_route=\/wp\/v2\/posts\/4312\/revisions\/4325"}],"wp:featuredmedia":[{"embeddable":true,"href":"https:\/\/heimatverein-nieder-roden.de\/index.php?rest_route=\/wp\/v2\/media\/4319"}],"wp:attachment":[{"href":"https:\/\/heimatverein-nieder-roden.de\/index.php?rest_route=%2Fwp%2Fv2%2Fmedia&parent=4312"}],"wp:term":[{"taxonomy":"category","embeddable":true,"href":"https:\/\/heimatverein-nieder-roden.de\/index.php?rest_route=%2Fwp%2Fv2%2Fcategories&post=4312"},{"taxonomy":"post_tag","embeddable":true,"href":"https:\/\/heimatverein-nieder-roden.de\/index.php?rest_route=%2Fwp%2Fv2%2Ftags&post=4312"}],"curies":[{"name":"wp","href":"https:\/\/api.w.org\/{rel}","templated":true}]}}