{"id":4089,"date":"2022-04-30T18:50:00","date_gmt":"2022-04-30T16:50:00","guid":{"rendered":"https:\/\/heimatverein-nieder-roden.de\/?p=4089"},"modified":"2022-05-14T23:51:30","modified_gmt":"2022-05-14T21:51:30","slug":"abgesagt-150-jahre-polyhymnia-konzert-mit-den-happy-disharmonists","status":"publish","type":"post","link":"https:\/\/heimatverein-nieder-roden.de\/?p=4089","title":{"rendered":"ABGESAGT! 150 Jahre Polyhymnia &#8211; Konzert mit den Happy Disharmonists"},"content":{"rendered":"\n<h2 class=\"wp-block-heading\"><strong>Ein Hauch von Hauptstadt in Rodgau<\/strong><strong><\/strong><\/h2>\n\n\n\n<p class=\"has-white-color has-vivid-red-background-color has-text-color has-background\">Leider musste das Konzert am 6. Mai 2022 in der Aula der Georg-B\u00fcchner-Schule abgesagt werden.<br><br>Die Polyhymnia schreibt dazu (<a href=\"https:\/\/www.po-ly-hym-ni-a.de\/\" target=\"_blank\" rel=\"noreferrer noopener\">https:\/\/www.po-ly-hym-ni-a.de\/<\/a>): <br><br>&#8222;<em>Die Konzerte der Happy Disharmonists am 6. Mai in Rodgau und am 7. Mai in Reichelsheim k\u00f6nnen nicht stattfinden.<\/em><br><em>Es sind &#8211; wahrscheinlich nach einem erfolgreichen Konzert am vergangenen Samstag in Berlin &#8211; nun bereits fast die H\u00e4lfte der S\u00e4nger corona-positiv. Es wird daher zu unsicher, ob der Chor bereits in 8 (!!) Tagen wieder singf\u00e4hig sein kann.<\/em>&#8222;<br><br>Im Folgenden lesen Sie den urspr\u00fcnglichen Text zum Konzert.<\/p>\n\n\n\n<p>Die S\u00e4ngervereinigung \u201eS\u00e4ngerkranz-Polyhymnia\u201c feiert im Jahre 2022 ihr 150j\u00e4hriges Vereinsjubil\u00e4um. Die Schirmherrschaft in diesem Jubil\u00e4umsjahr hat der neue B\u00fcrgermeister Max Breitenbach \u00fcbernommen. <\/p>\n\n\n\n<p>Eine der Jubil\u00e4umsveranstaltungen ist das Konzert mit der Berliner A-Capella-Gruppe Happy Disharmonists am 6. Mai 2022 in der Aula der Georg-B\u00fcchner-Schule in Rodgau-J\u00fcgesheim. <\/p>\n\n\n\n<div class=\"wp-block-image\"><figure class=\"aligncenter size-large is-resized\"><a href=\"https:\/\/heimatverein-nieder-roden.de\/wp-content\/uploads\/2022\/04\/Polyhymnia_Konzert-Disharmonists-2022_Plakat_Abgesagt_8bit_50prz.png\"><img decoding=\"async\" src=\"https:\/\/heimatverein-nieder-roden.de\/wp-content\/uploads\/2022\/04\/Polyhymnia_Konzert-Disharmonists-2022_Plakat_Abgesagt_8bit_50prz-726x1024.png\" alt=\"\" class=\"wp-image-4092\" width=\"424\" height=\"596\"\/><\/a><figcaption>Plakat zum Konzert der &#8222;Happy Disharmonists&#8220; am 6. Mai 2022, 20 Uhr, in der Aula der Georg-B\u00fcchner-Schule Rodgau-J\u00fcgesheim. &#8211; \u00a9Polyhymnia<\/figcaption><\/figure><\/div>\n\n\n\n<p>Der Berliner A capella-Chor unter der Leitung von Carsten Gerlitz begeistert bei seinen Auftritten mit selbst arrangierten Titeln Publikum jeden Alters! Bekannte Melodien, h\u00e4ufig aus der Bl\u00fctezeit von Pop und Schlager, werden musikalisch kreativ und mit starken Texten versehen aufbereitet und mit Leidenschaft professionell pr\u00e4sentiert. Die gemischte Besetzung erlaubt stimmliche Ausfl\u00fcge in h\u00f6chste H\u00f6hen und tiefste B\u00e4sse, ein Ohrenschmaus, den sich keiner entgehen lassen darf! <\/p>\n\n\n\n<figure class=\"wp-block-pullquote\"><blockquote><p>in der Aula der Georg-B\u00fcchner-Schule J\u00fcgesheim<br>Beginn: 20 Uhr<br>Vorverkauf: 18 \u20ac<br>Abendkasse: 20 \u20ac<\/p><\/blockquote><\/figure>\n\n\n\n<p>Die Polyhymnia l\u00e4dt herzlich dazu ein, wenn Carsten Gerlitz mit seinen Frauen und M\u00e4nnern die Aula der Georg-B\u00fcchner-Schule in Rodgau-J\u00fcgesheim rockt! Das Konzert beginnt um 20 Uhr. Der Eintritt kostet 18 Euro im Vorverkauf und 20 Euro an der Abendkasse. <\/p>\n\n\n\n<p>Eintrittskarten gibt es bei allen S\u00e4ngern und S\u00e4ngerinnen und bei&nbsp;<a href=\"mailto:maria.oppolzer@gmx.de\">maria.oppolzer@gmx.de<\/a>. <\/p>\n\n\n\n<p>Mehr \u00fcber die Polyhymnia unter <a href=\"http:\/\/www.po-ly-hym-ni-a.de\">www.po-ly-hym-ni-a.de<\/a>.<\/p>\n\n\n\n<hr class=\"wp-block-separator is-style-wide\"\/>\n\n\n\n<p>Mehr zum Jubil\u00e4umsjahr gibt es hier:<\/p>\n\n\n\n<figure class=\"wp-block-embed is-type-wp-embed is-provider-arbeitskreis-fur-heimatkunde-nieder-roden-e-v wp-block-embed-arbeitskreis-fur-heimatkunde-nieder-roden-e-v\"><div class=\"wp-block-embed__wrapper\">\n<blockquote class=\"wp-embedded-content\" data-secret=\"E5Ksr6dWs8\"><a href=\"https:\/\/heimatverein-nieder-roden.de\/saengervereinigung-saengerkranz-polyhmnia-feiert-150-jaehriges-jubilaeum\/\">S\u00e4ngervereinigung S\u00e4ngerkranz Polyhmnia feiert 150-j\u00e4hriges Jubil\u00e4um<\/a><\/blockquote><iframe class=\"wp-embedded-content\" sandbox=\"allow-scripts\" security=\"restricted\" style=\"position: absolute; clip: rect(1px, 1px, 1px, 1px);\" title=\"&#8222;S\u00e4ngervereinigung S\u00e4ngerkranz Polyhmnia feiert 150-j\u00e4hriges Jubil\u00e4um&#8220; &#8212; Arbeitskreis f\u00fcr Heimatkunde Nieder-Roden e. V.\" src=\"https:\/\/heimatverein-nieder-roden.de\/saengervereinigung-saengerkranz-polyhmnia-feiert-150-jaehriges-jubilaeum\/embed\/#?secret=w45ZMvO3ln#?secret=E5Ksr6dWs8\" data-secret=\"E5Ksr6dWs8\" width=\"600\" height=\"338\" frameborder=\"0\" marginwidth=\"0\" marginheight=\"0\" scrolling=\"no\"><\/iframe>\n<\/div><\/figure>\n\n\n\n<p><em>Text erstellt mit freundlicher Unterst\u00fctzung der Polyhymnia. Vielen Dank!<\/em><\/p>\n\n\n\n<hr class=\"wp-block-separator is-style-wide\"\/>\n\n\nBeitrag 0 mal aufgerufen in den letzten 14 Tagen.\n\n\n\n<hr class=\"wp-block-separator is-style-default\"\/>\n\n\nBeitrag 0 mal aufgerufen in den letzten 365 Tagen.\n","protected":false},"excerpt":{"rendered":"<p>Das Konzert mit der Berliner A-Capella-Gruppe Happy Disharmonists kann leider nicht stattfinden!<\/p><p><a class=\"more-link btn\" href=\"https:\/\/heimatverein-nieder-roden.de\/?p=4089\">Weiterlesen<\/a><\/p>\n","protected":false},"author":1,"featured_media":4093,"comment_status":"closed","ping_status":"closed","sticky":false,"template":"","format":"standard","meta":{"_coblocks_attr":"","_coblocks_dimensions":"","_coblocks_responsive_height":"","_coblocks_accordion_ie_support":"","footnotes":"","_share_on_mastodon":"0"},"categories":[6],"tags":[262,253,261,263,248,249],"class_list":["post-4089","post","type-post","status-publish","format-standard","has-post-thumbnail","hentry","category-aktuell","tag-georg-buechner-schule","tag-happy-disharmonists","tag-jubilaeum","tag-juegesheim","tag-polyhymnia","tag-saengervereinigung-saengerkranz-polyhymnia-nieder-roden","nodate"],"share_on_mastodon":{"url":"","error":""},"publishpress_future_action":{"enabled":false,"date":"2026-05-09 13:09:14","action":"category-remove","newStatus":"draft","terms":[],"taxonomy":"category","extraData":[]},"publishpress_future_workflow_manual_trigger":{"enabledWorkflows":[]},"_links":{"self":[{"href":"https:\/\/heimatverein-nieder-roden.de\/index.php?rest_route=\/wp\/v2\/posts\/4089","targetHints":{"allow":["GET"]}}],"collection":[{"href":"https:\/\/heimatverein-nieder-roden.de\/index.php?rest_route=\/wp\/v2\/posts"}],"about":[{"href":"https:\/\/heimatverein-nieder-roden.de\/index.php?rest_route=\/wp\/v2\/types\/post"}],"author":[{"embeddable":true,"href":"https:\/\/heimatverein-nieder-roden.de\/index.php?rest_route=\/wp\/v2\/users\/1"}],"replies":[{"embeddable":true,"href":"https:\/\/heimatverein-nieder-roden.de\/index.php?rest_route=%2Fwp%2Fv2%2Fcomments&post=4089"}],"version-history":[{"count":2,"href":"https:\/\/heimatverein-nieder-roden.de\/index.php?rest_route=\/wp\/v2\/posts\/4089\/revisions"}],"predecessor-version":[{"id":4555,"href":"https:\/\/heimatverein-nieder-roden.de\/index.php?rest_route=\/wp\/v2\/posts\/4089\/revisions\/4555"}],"wp:featuredmedia":[{"embeddable":true,"href":"https:\/\/heimatverein-nieder-roden.de\/index.php?rest_route=\/wp\/v2\/media\/4093"}],"wp:attachment":[{"href":"https:\/\/heimatverein-nieder-roden.de\/index.php?rest_route=%2Fwp%2Fv2%2Fmedia&parent=4089"}],"wp:term":[{"taxonomy":"category","embeddable":true,"href":"https:\/\/heimatverein-nieder-roden.de\/index.php?rest_route=%2Fwp%2Fv2%2Fcategories&post=4089"},{"taxonomy":"post_tag","embeddable":true,"href":"https:\/\/heimatverein-nieder-roden.de\/index.php?rest_route=%2Fwp%2Fv2%2Ftags&post=4089"}],"curies":[{"name":"wp","href":"https:\/\/api.w.org\/{rel}","templated":true}]}}