{"id":4068,"date":"2022-04-26T16:58:24","date_gmt":"2022-04-26T14:58:24","guid":{"rendered":"https:\/\/heimatverein-nieder-roden.de\/?p=4068"},"modified":"2022-04-26T18:26:25","modified_gmt":"2022-04-26T16:26:25","slug":"saengervereinigung-saengerkranz-polyhmnia-feiert-150-jaehriges-jubilaeum","status":"publish","type":"post","link":"https:\/\/heimatverein-nieder-roden.de\/?p=4068","title":{"rendered":"S\u00e4ngervereinigung S\u00e4ngerkranz Polyhmnia feiert 150-j\u00e4hriges Jubil\u00e4um"},"content":{"rendered":"\n<p><strong>Herzlichen Gl\u00fcckwunsch! Der Nieder-R\u00f6der Gesangsverein besteht in diesem Jahr 150 Jahre. Gefeiert wird das Festjahr mit einer Reihe von Veranstaltungen. Der AKHNR m\u00f6chte alle Mitglieder und Freunde ermuntern mitzufeiern!<\/strong><\/p>\n\n\n\n<p>Eigentlich hatte man sich das gro\u00dfe Jubil\u00e4um \u201e150 Jahre S\u00e4ngervereinigung S\u00e4ngerkranz Polyhymnia Nieder-Roden\u201c und \u201e40 Jahre Frauenchor PolyCanto\u201c etwas anders vorgestellt, aber durch die aktuellen Coronabedingungen muss alles in einem erheblich kleineren Rahmen gefeiert werden.<\/p>\n\n\n\n<div class=\"wp-block-image\"><figure class=\"aligncenter size-full is-resized\"><a href=\"https:\/\/www.po-ly-hym-ni-a.de\/\"><img decoding=\"async\" src=\"https:\/\/heimatverein-nieder-roden.de\/wp-content\/uploads\/2022\/04\/Polyhymnia-NR_Logo.jpg\" alt=\"\" class=\"wp-image-4069\" width=\"374\" height=\"372\" srcset=\"https:\/\/heimatverein-nieder-roden.de\/wp-content\/uploads\/2022\/04\/Polyhymnia-NR_Logo.jpg 452w, https:\/\/heimatverein-nieder-roden.de\/wp-content\/uploads\/2022\/04\/Polyhymnia-NR_Logo-300x298.jpg 300w, https:\/\/heimatverein-nieder-roden.de\/wp-content\/uploads\/2022\/04\/Polyhymnia-NR_Logo-150x150.jpg 150w\" sizes=\"(max-width: 374px) 100vw, 374px\" \/><\/a><figcaption>Logo der S\u00e4ngervereinigung S\u00e4ngerkranz Polyhymnia Nieder-Roden e. V. <br>Mit einem Klick auf das Logo gelangen Sie zur Internetseite des Vereins. &#8211; \u00a9Polyhymnia<\/figcaption><\/figure><\/div>\n\n\n\n<h3 class=\"wp-block-heading\">Das besondere Jubil\u00e4um<\/h3>\n\n\n\n<p>Das besondere Jubil\u00e4um verdankt der Verein dem \u201eS\u00e4ngerkranz\u201c, der 1872 von 26 M\u00e4nnern in Nieder-Roden gegr\u00fcndet wurde. 1923 kam es dann zum Zusammenschluss mit der \u201ePolyhymnia\u201c. Die verschiedenen Dirigenten, die der Verein gewinnen konnte, waren immer Garanten f\u00fcr qualitativ hochwertigen Chorgesang &#8211; darunter besonders nach dem Zusammenschluss Heinrich K\u00fcchler, Christian Siegler und Reinhold Daus. <\/p>\n\n\n\n<div class=\"wp-block-image\"><figure class=\"aligncenter size-large\"><a href=\"https:\/\/heimatverein-nieder-roden.de\/wp-content\/uploads\/2022\/04\/Polyhymnia-Gesamtchor-scaled.jpg\"><img decoding=\"async\" width=\"1024\" height=\"433\" src=\"https:\/\/heimatverein-nieder-roden.de\/wp-content\/uploads\/2022\/04\/Polyhymnia-Gesamtchor-1024x433.jpg\" alt=\"\" class=\"wp-image-4070\" srcset=\"https:\/\/heimatverein-nieder-roden.de\/wp-content\/uploads\/2022\/04\/Polyhymnia-Gesamtchor-1024x433.jpg 1024w, https:\/\/heimatverein-nieder-roden.de\/wp-content\/uploads\/2022\/04\/Polyhymnia-Gesamtchor-300x127.jpg 300w, https:\/\/heimatverein-nieder-roden.de\/wp-content\/uploads\/2022\/04\/Polyhymnia-Gesamtchor-768x325.jpg 768w, https:\/\/heimatverein-nieder-roden.de\/wp-content\/uploads\/2022\/04\/Polyhymnia-Gesamtchor-1536x649.jpg 1536w, https:\/\/heimatverein-nieder-roden.de\/wp-content\/uploads\/2022\/04\/Polyhymnia-Gesamtchor-2048x866.jpg 2048w, https:\/\/heimatverein-nieder-roden.de\/wp-content\/uploads\/2022\/04\/Polyhymnia-Gesamtchor-836x353.jpg 836w, https:\/\/heimatverein-nieder-roden.de\/wp-content\/uploads\/2022\/04\/Polyhymnia-Gesamtchor-560x237.jpg 560w\" sizes=\"(max-width: 1024px) 100vw, 1024px\" \/><\/a><figcaption>Der Gesamtchor der Polyhmnia Nieder-Roden &#8211; \u00a9Polyhymnia<\/figcaption><\/figure><\/div>\n\n\n\n<p>Ein besonderer Gl\u00fccksgriff war die Wahl von Gottfried K\u00e4rner, der 1993 die musikalische Leitung \u00fcbernahm. Er war von Anfang an bestrebt, alte eingefahrene Gleise zu verlassen und unter seiner Leitung pr\u00e4sentierte die Polyhymnia die gro\u00dfen Auff\u00fchrungen \u201eElias\u201c, \u201eCarmina Burana\u201c, die gek\u00fcrzte Fassung von \u201cTanz der Vampire\u201c und \u201cPetite messe solenelle\u201c. <\/p>\n\n\n\n<p>Ein weiterer H\u00f6hepunkt, das Musical \u201eEvita\u201c musste durch die Coronaeinschr\u00e4nkungen zweimal verschoben und dann ganz abgesagt werden. Urspr\u00fcnglich war die Auff\u00fchrung zum 20-j\u00e4hrigen Jubil\u00e4um des Chores \u201ePolyVocal\u201c im Jahr 2020 vorgesehen.<\/p>\n\n\n\n<h3 class=\"wp-block-heading\"><strong>Gr\u00fcndung des Frauenchors 1982 als Meilenstein<\/strong><strong><\/strong><\/h3>\n\n\n\n<p>Ein besonderer Meilenstein war die Gr\u00fcndung des Frauenchors 1982 mit 36 S\u00e4ngerinnen. Es war aber nicht der letzte Schritt, um sich den Ver\u00e4nderungen der Zeit anzupassen. Im Jahr 2000 wurde das j\u00fcngste Kind der Polyhymnia geboren: Der gemischte Popchor \u201ePolyVocals\u201c. Belohnt wurden die Leistungen der Polyhymnia schon 2010 mit dem Kulturpreis der Stadt Rodgau.<\/p>\n\n\n\n<h3 class=\"wp-block-heading\">Das Jubil\u00e4umsprogramm<\/h3>\n\n\n\n<p>Trotz des geschrumpften Jubil\u00e4umsprogrammes, warten doch noch zwei H\u00f6hepunkte. <a href=\"https:\/\/heimatverein-nieder-roden.de\/?p=4075\" data-type=\"post\" data-id=\"4075\">So gastiert am <strong>Freitag, 6. Mai<\/strong>, die <strong>Berliner A-cappella-Gruppe \u201eHappy Disharmonists\u201c<\/strong> in der Aula der Georg-B\u00fcchner-Schule J\u00fcgesheim.<\/a> Das Konzert beginnt um 20 Uhr. Der Vorverkauf hat schon begonnen. Eintrittskarten kosten im Vorverkauf 18 Euro und an der Abendkasse 20 Euro.<\/p>\n\n\n\n<p>Am <strong>Samstag, 15. Oktober<\/strong> soll das <strong>Jubil\u00e4umskonzert <\/strong>der Polyhymnia-Ch\u00f6re im B\u00fcrgerhaus Nieder-Roden stattfinden. Es steht unter dem Motto \u201eMusical\u201c und moderiert wird der Abend von J\u00fcrgen K. Groh.<\/p>\n\n\n\n<hr class=\"wp-block-separator is-style-wide\"\/>\n\n\n\n<p>Mehr Infos zum Konzert mit den Happy Disharmonists gibt es hier:<\/p>\n\n\n\n<figure class=\"wp-block-embed aligncenter is-type-wp-embed is-provider-arbeitskreis-fur-heimatkunde-nieder-roden-e-v wp-block-embed-arbeitskreis-fur-heimatkunde-nieder-roden-e-v\"><div class=\"wp-block-embed__wrapper\">\n<blockquote class=\"wp-embedded-content\" data-secret=\"WNAGwagEH0\"><a href=\"https:\/\/heimatverein-nieder-roden.de\/?p=4075\">150 Jahre Polyhymnia &#8211; Konzert mit den Happy Disharmonists<\/a><\/blockquote><iframe class=\"wp-embedded-content\" sandbox=\"allow-scripts\" security=\"restricted\" style=\"position: absolute; clip: rect(1px, 1px, 1px, 1px);\" title=\"&#8222;150 Jahre Polyhymnia &#8211; Konzert mit den Happy Disharmonists&#8220; &#8212; Arbeitskreis f\u00fcr Heimatkunde Nieder-Roden e. V.\" src=\"https:\/\/heimatverein-nieder-roden.de\/?p=4075&#038;embed=true#?secret=AY1Gv6Kpwi#?secret=WNAGwagEH0\" data-secret=\"WNAGwagEH0\" width=\"600\" height=\"338\" frameborder=\"0\" marginwidth=\"0\" marginheight=\"0\" scrolling=\"no\"><\/iframe>\n<\/div><\/figure>\n\n\n\n<hr class=\"wp-block-separator is-style-wide\"\/>\n\n\n\n<p><em>Text erstellt mit freundlicher Unterst\u00fctzung der Polyhymnia. Vielen Dank!<\/em><\/p>\n\n\n\n<hr class=\"wp-block-separator is-style-wide\"\/>\n\n\nBeitrag 0 mal aufgerufen in den letzten 14 Tagen.\n\n\n\n<hr class=\"wp-block-separator is-style-default\"\/>\n\n\nBeitrag 0 mal aufgerufen in den letzten 365 Tagen.\n","protected":false},"excerpt":{"rendered":"<p>Herzlichen Gl\u00fcckwunsch! Der Nieder-R\u00f6der Gesangsverein besteht in diesem Jahr 150 Jahre. Der AKHNR m\u00f6chte alle Mitglieder und Freunde ermuntern mitzufeiern!<\/p><p><a class=\"more-link btn\" href=\"https:\/\/heimatverein-nieder-roden.de\/?p=4068\">Weiterlesen<\/a><\/p>\n","protected":false},"author":1,"featured_media":4070,"comment_status":"closed","ping_status":"closed","sticky":false,"template":"","format":"standard","meta":{"_coblocks_attr":"","_coblocks_dimensions":"","_coblocks_responsive_height":"","_coblocks_accordion_ie_support":"","footnotes":"","_share_on_mastodon":"0"},"categories":[6,97],"tags":[256,255,254,251,259,253,261,260,258,248,250,252,249,257],"class_list":["post-4068","post","type-post","status-publish","format-standard","has-post-thumbnail","hentry","category-aktuell","category-slider","tag-carmina-burana","tag-elias","tag-evita","tag-frauenchor","tag-gottfried-kaerner","tag-happy-disharmonists","tag-jubilaeum","tag-juergen-k-groh","tag-petite-messe-solenelle","tag-polyhymnia","tag-polyvocals","tag-saengerkranz","tag-saengervereinigung-saengerkranz-polyhymnia-nieder-roden","tag-tanz-der-vampire","nodate"],"share_on_mastodon":{"url":"","error":""},"publishpress_future_action":{"enabled":false,"date":"2026-05-08 13:51:05","action":"category-remove","newStatus":"draft","terms":[],"taxonomy":"category","extraData":[]},"publishpress_future_workflow_manual_trigger":{"enabledWorkflows":[]},"_links":{"self":[{"href":"https:\/\/heimatverein-nieder-roden.de\/index.php?rest_route=\/wp\/v2\/posts\/4068","targetHints":{"allow":["GET"]}}],"collection":[{"href":"https:\/\/heimatverein-nieder-roden.de\/index.php?rest_route=\/wp\/v2\/posts"}],"about":[{"href":"https:\/\/heimatverein-nieder-roden.de\/index.php?rest_route=\/wp\/v2\/types\/post"}],"author":[{"embeddable":true,"href":"https:\/\/heimatverein-nieder-roden.de\/index.php?rest_route=\/wp\/v2\/users\/1"}],"replies":[{"embeddable":true,"href":"https:\/\/heimatverein-nieder-roden.de\/index.php?rest_route=%2Fwp%2Fv2%2Fcomments&post=4068"}],"version-history":[{"count":4,"href":"https:\/\/heimatverein-nieder-roden.de\/index.php?rest_route=\/wp\/v2\/posts\/4068\/revisions"}],"predecessor-version":[{"id":4082,"href":"https:\/\/heimatverein-nieder-roden.de\/index.php?rest_route=\/wp\/v2\/posts\/4068\/revisions\/4082"}],"wp:featuredmedia":[{"embeddable":true,"href":"https:\/\/heimatverein-nieder-roden.de\/index.php?rest_route=\/wp\/v2\/media\/4070"}],"wp:attachment":[{"href":"https:\/\/heimatverein-nieder-roden.de\/index.php?rest_route=%2Fwp%2Fv2%2Fmedia&parent=4068"}],"wp:term":[{"taxonomy":"category","embeddable":true,"href":"https:\/\/heimatverein-nieder-roden.de\/index.php?rest_route=%2Fwp%2Fv2%2Fcategories&post=4068"},{"taxonomy":"post_tag","embeddable":true,"href":"https:\/\/heimatverein-nieder-roden.de\/index.php?rest_route=%2Fwp%2Fv2%2Ftags&post=4068"}],"curies":[{"name":"wp","href":"https:\/\/api.w.org\/{rel}","templated":true}]}}