{"id":4032,"date":"2022-04-11T09:54:47","date_gmt":"2022-04-11T07:54:47","guid":{"rendered":"https:\/\/heimatverein-nieder-roden.de\/?p=4032"},"modified":"2022-04-11T09:54:49","modified_gmt":"2022-04-11T07:54:49","slug":"pressemitteilung-museumsoeffnung-am-24-april-2022","status":"publish","type":"post","link":"https:\/\/heimatverein-nieder-roden.de\/?p=4032","title":{"rendered":"Pressemitteilung &#8211; Museums\u00f6ffnung am 24. April 2022"},"content":{"rendered":"\n<p>Versendet an die Vertreter der Presse am 11.04.2022.<\/p>\n\n\n\n<div class=\"wp-block-image\"><figure class=\"aligncenter size-large is-resized\"><img decoding=\"async\" src=\"https:\/\/heimatverein-nieder-roden.de\/wp-content\/uploads\/2020\/07\/2019-03-15_AKHNR_Ausstellungser\u00f6ffnung_20200315_132617_bearb-1024x576.jpg\" alt=\"Die Ausstellung steht, alles ist vorbereitet! - \u00a9AKHNR\/WST\" class=\"wp-image-2342\" width=\"467\" height=\"262\" srcset=\"https:\/\/heimatverein-nieder-roden.de\/wp-content\/uploads\/2020\/07\/2019-03-15_AKHNR_Ausstellungser\u00f6ffnung_20200315_132617_bearb-1024x576.jpg 1024w, https:\/\/heimatverein-nieder-roden.de\/wp-content\/uploads\/2020\/07\/2019-03-15_AKHNR_Ausstellungser\u00f6ffnung_20200315_132617_bearb-300x169.jpg 300w, https:\/\/heimatverein-nieder-roden.de\/wp-content\/uploads\/2020\/07\/2019-03-15_AKHNR_Ausstellungser\u00f6ffnung_20200315_132617_bearb-768x432.jpg 768w, https:\/\/heimatverein-nieder-roden.de\/wp-content\/uploads\/2020\/07\/2019-03-15_AKHNR_Ausstellungser\u00f6ffnung_20200315_132617_bearb-1536x864.jpg 1536w, https:\/\/heimatverein-nieder-roden.de\/wp-content\/uploads\/2020\/07\/2019-03-15_AKHNR_Ausstellungser\u00f6ffnung_20200315_132617_bearb-560x315.jpg 560w, https:\/\/heimatverein-nieder-roden.de\/wp-content\/uploads\/2020\/07\/2019-03-15_AKHNR_Ausstellungser\u00f6ffnung_20200315_132617_bearb.jpg 1620w\" sizes=\"(max-width: 467px) 100vw, 467px\" \/><figcaption>Die Ausstellung steht, alles ist vorbereitet! &#8211; \u00a9AKHNR\/WST<\/figcaption><\/figure><\/div>\n\n\n\n<p>So wie bereits im M\u00e4rz wird der Arbeitskreis f\u00fcr Heimatkunde Nieder-Roden e. V. (AKHNR) auch im April wieder das Museum an der Ecke Turmstra\u00dfe\/Schulstra\u00dfe \u00f6ffnen. Allerdings wird auch am wei\u00dfen Sonntag, dem 24. April 2022, wieder nur die Ausstellung ge\u00f6ffnet sein. <\/p>\n\n\n\n<p>Angesichts der momentan hohen Covid-19-Inzidenzen und der Tatsache, dass viele der traditionellen Museumscaf\u00e9-Besucher zu den Risikopatienten geh\u00f6ren m\u00fcssen sich die Besucher*innen f\u00fcr einen gem\u00fctlichen Plausch bei Kaffee und Kuchen leider noch bis zum Mai gedulden. Dann wird voraussichtlich auch wieder der Musikverein dabei sein und im Hof aufspielen.<\/p>\n\n\n\n<p>Interessierte G\u00e4ste wird jetzt im April Werner Stolzenburg noch einmal durch die aktuelle Ausstellung zur Geschichte des Rollwalds f\u00fchren. Viele hundert Belege und Dokumente aus Rollwald hat er im Laufe der Jahre im Archiv seiner \u201eRollwald-Dokumentation\u201c zusammengetragen. Einen hohen Anteil haben Fotos. Das \u00e4lteste davon zeigt das &#8222;Stockum-B\u00f6rnchen&#8220; in den 30er oder 40er Jahren. Etwa 100 Bilder aus dieser Sammlung sind in der diesj\u00e4hrigen Sonderausstellung zu sehen. Genau genommen sind es 200, denn jedes Bild wurde ein zweites Mal aufgenommen: Jahrzehnte, Jahre oder manchmal auch nur wenige Monate nach dem das erste Bild entstanden war, um so die Ver\u00e4nderungen zu dokumentieren. Die Bilderausstellung wird dadurch eine Zeitreise. Insbesondere \u201eNeub\u00fcrger\u201c werden \u00fcberrascht sein, wie es in ihrer Stra\u00dfe fr\u00fcher einmal ausgesehen hat. Oder blieb vielleicht alles nahezu unver\u00e4ndert? Auch zwei historische Filmdokumente zum Leben im Rollwald werden im kleinen Kinosaal gezeigt.<\/p>\n\n\n\n<p>Das Museum in der Turmstra\u00dfe ist von 14-18 Uhr ge\u00f6ffnet. <\/p>\n\n\n\n<p>Auch die R\u00e4ume der Dauerausstellung sind zug\u00e4nglich. Die Besucher werden gebeten bei ihrem Besuch einen Mund-Nasen-Schutz zu tragen und ihren Impfnachweis bereitzuhalten, denn f\u00fcr die Ausstellung ist der Nachweis von 2G+ n\u00f6tig, da die R\u00e4ume z.T. recht beengt sind. <\/p>\n\n\n\n<p>Der Verein hofft auf einen ebenso regen Besuch wie bei der Er\u00f6ffnung der Ausstellung im M\u00e4rz!<\/p>\n","protected":false},"excerpt":{"rendered":"<p>Pressemitteilung zur Museums\u00f6ffnung am Sonntag, den 24. April 2022. <\/p><p><a class=\"more-link btn\" href=\"https:\/\/heimatverein-nieder-roden.de\/?p=4032\">Weiterlesen<\/a><\/p>\n","protected":false},"author":1,"featured_media":2342,"comment_status":"closed","ping_status":"closed","sticky":false,"template":"","format":"standard","meta":{"_coblocks_attr":"","_coblocks_dimensions":"","_coblocks_responsive_height":"","_coblocks_accordion_ie_support":"","footnotes":"","_share_on_mastodon":"0"},"categories":[6,9,58],"tags":[34,35,32,27,25,59,124],"class_list":["post-4032","post","type-post","status-publish","format-standard","has-post-thumbnail","hentry","category-aktuell","category-museumsoeffnungen","category-presse","tag-akhnr","tag-arbeitskreis-fuer-heimatkunde-nieder-roden-e-v","tag-heimatmuseum","tag-jahresausstellung","tag-museumsoeffnung","tag-presse","tag-rollwald","nodate"],"share_on_mastodon":{"url":"","error":""},"publishpress_future_action":{"enabled":false,"date":"2026-05-07 07:07:00","action":"category-remove","newStatus":"draft","terms":[],"taxonomy":"category","extraData":[]},"publishpress_future_workflow_manual_trigger":{"enabledWorkflows":[]},"_links":{"self":[{"href":"https:\/\/heimatverein-nieder-roden.de\/index.php?rest_route=\/wp\/v2\/posts\/4032","targetHints":{"allow":["GET"]}}],"collection":[{"href":"https:\/\/heimatverein-nieder-roden.de\/index.php?rest_route=\/wp\/v2\/posts"}],"about":[{"href":"https:\/\/heimatverein-nieder-roden.de\/index.php?rest_route=\/wp\/v2\/types\/post"}],"author":[{"embeddable":true,"href":"https:\/\/heimatverein-nieder-roden.de\/index.php?rest_route=\/wp\/v2\/users\/1"}],"replies":[{"embeddable":true,"href":"https:\/\/heimatverein-nieder-roden.de\/index.php?rest_route=%2Fwp%2Fv2%2Fcomments&post=4032"}],"version-history":[{"count":1,"href":"https:\/\/heimatverein-nieder-roden.de\/index.php?rest_route=\/wp\/v2\/posts\/4032\/revisions"}],"predecessor-version":[{"id":4033,"href":"https:\/\/heimatverein-nieder-roden.de\/index.php?rest_route=\/wp\/v2\/posts\/4032\/revisions\/4033"}],"wp:featuredmedia":[{"embeddable":true,"href":"https:\/\/heimatverein-nieder-roden.de\/index.php?rest_route=\/wp\/v2\/media\/2342"}],"wp:attachment":[{"href":"https:\/\/heimatverein-nieder-roden.de\/index.php?rest_route=%2Fwp%2Fv2%2Fmedia&parent=4032"}],"wp:term":[{"taxonomy":"category","embeddable":true,"href":"https:\/\/heimatverein-nieder-roden.de\/index.php?rest_route=%2Fwp%2Fv2%2Fcategories&post=4032"},{"taxonomy":"post_tag","embeddable":true,"href":"https:\/\/heimatverein-nieder-roden.de\/index.php?rest_route=%2Fwp%2Fv2%2Ftags&post=4032"}],"curies":[{"name":"wp","href":"https:\/\/api.w.org\/{rel}","templated":true}]}}