{"id":4029,"date":"2022-04-11T09:42:14","date_gmt":"2022-04-11T07:42:14","guid":{"rendered":"https:\/\/heimatverein-nieder-roden.de\/?p=4029"},"modified":"2022-04-11T09:46:50","modified_gmt":"2022-04-11T07:46:50","slug":"alter-friedhof-pressemitteilung-des-akhnr","status":"publish","type":"post","link":"https:\/\/heimatverein-nieder-roden.de\/?p=4029","title":{"rendered":"Alter Friedhof &#8211; Pressemitteilung des AKHNR"},"content":{"rendered":"\n<p>Versendet an die Vertreter der Presse  am 05.04.2022.<\/p>\n\n\n\n<h2 class=\"wp-block-heading\">Was wird aus dem alten Friedhof Nieder-Roden?<\/h2>\n\n\n\n<div class=\"wp-block-image\"><figure class=\"aligncenter size-large is-resized\"><img decoding=\"async\" src=\"https:\/\/heimatverein-nieder-roden.de\/wp-content\/uploads\/2022\/01\/2012-11-18_14-01-12_AKHNR_Alter-Friedhof_EGE_12_202-1024x768.jpg\" alt=\"\" class=\"wp-image-3427\" width=\"455\" height=\"341\" srcset=\"https:\/\/heimatverein-nieder-roden.de\/wp-content\/uploads\/2022\/01\/2012-11-18_14-01-12_AKHNR_Alter-Friedhof_EGE_12_202-1024x768.jpg 1024w, https:\/\/heimatverein-nieder-roden.de\/wp-content\/uploads\/2022\/01\/2012-11-18_14-01-12_AKHNR_Alter-Friedhof_EGE_12_202-300x225.jpg 300w, https:\/\/heimatverein-nieder-roden.de\/wp-content\/uploads\/2022\/01\/2012-11-18_14-01-12_AKHNR_Alter-Friedhof_EGE_12_202-768x576.jpg 768w, https:\/\/heimatverein-nieder-roden.de\/wp-content\/uploads\/2022\/01\/2012-11-18_14-01-12_AKHNR_Alter-Friedhof_EGE_12_202-1536x1152.jpg 1536w, https:\/\/heimatverein-nieder-roden.de\/wp-content\/uploads\/2022\/01\/2012-11-18_14-01-12_AKHNR_Alter-Friedhof_EGE_12_202-2048x1536.jpg 2048w, https:\/\/heimatverein-nieder-roden.de\/wp-content\/uploads\/2022\/01\/2012-11-18_14-01-12_AKHNR_Alter-Friedhof_EGE_12_202-836x627.jpg 836w, https:\/\/heimatverein-nieder-roden.de\/wp-content\/uploads\/2022\/01\/2012-11-18_14-01-12_AKHNR_Alter-Friedhof_EGE_12_202-560x420.jpg 560w\" sizes=\"(max-width: 455px) 100vw, 455px\" \/><figcaption>Eingangstor des Alten Friedhofs Nieder-Roden &#8211; \u00a9AKHNR\/EGE <\/figcaption><\/figure><\/div>\n\n\n\n<h3 class=\"wp-block-heading\">AKHNR tritt f\u00fcr die Einbindung der Betroffenen ein<\/h3>\n\n\n\n<p>Der Arbeitskreis f\u00fcr Heimatkunde Nieder-Roden e. V. (AKHNR) hat sich in den letzten Wochen intensiv mit dieser Frage auseinander gesetzt. Nachdem das bereits 2019 begonnenen Verfahren, diese Fl\u00e4che neu zu gestalten, zwischenzeitlich arg ins Stocken geraten war, wurde mittlerweile ein Konzept eines Landschaftsarchitekten bekannt gegeben, das von der Stadt bevorzugt wird. Es wurde am 22. Februar 2022 in einer Online-Veranstaltung zur Diskussion gestellt. Dabei beteiligte sich der AKHNR intensiv und brachte mehr als 60 Fragen und Anregungen zu dem vorher auf der Internetseite der Stadt \u00f6ffentlich gemachten Entwurf ein. Leider war das nur schriftlich in einem Textfeld m\u00f6glich, so dass der Verein sich im Nachgang dazu entschloss, alle Punkte, zusammen mit den bei der Sitzung erhaltenen Antworten, noch einmal gesammelt an die Stadtverwaltung, die politischen Gremien und Fraktionen zu schicken, mit der Hoffnung, dass diese Anregungen aus der B\u00fcrgerschaft auch wirklich Geh\u00f6r finden.<\/p>\n\n\n\n<h3 class=\"wp-block-heading\">Vereine mit Fachkompetenz einbinden <\/h3>\n\n\n\n<p>Ein sehr wichtiges Anliegen ist dem Verein, so wie auch sonst bei seiner T\u00e4tigkeit in der Gemeinde, dass die unterschiedlichen Vereine und Gruppierungen, die in Nieder-Roden (und dar\u00fcber hinaus) ehrenamtliche Arbeit f\u00fcr die lokale Kultur leisten in die Planung der Nutzung des Parks von Anfang an einbezogen werden. Es gibt nach Ansicht des Heimatvereins wenig Sinn, einen Park zu planen, der dann nachher kaum oder ganz anders als erhofft genutzt wird.<\/p>\n\n\n\n<p>Aus dem Charette-Verfahren 2019 ergab sich z. B. ein f\u00fcr die Stadtplaner eher \u00fcberraschend deutliches Votum daf\u00fcr, ein recht naturnahes Biotop zu erschaffen, in dem sich auch lokale Pflanzen und Tiere wohlf\u00fchlen, wie Wildbienen, V\u00f6gel und<br>Flederm\u00e4use. Hier m\u00f6chte der AKHNR besonders darauf aufmerksam machen, dass es mit dem NABU Rodgau eine aktive Gruppierung gibt, die gro\u00dfe Expertise gerade drin hat und beratend bei der konkreten Umsetzung, wie auch zur dauerhaften Erhaltung der Biotope ansprechbar ist. Zum Beispiel sollte der NABU gefragt werden, welche Art Nisthilfen f\u00fcr die oben genannten Tiere wo angebracht werden sollten und auch wie sie zu warten sind. \u00c4hnliches gilt auch f\u00fcr die geplanten Anpflanzungen lokaler Insekten- aber auch menschenfreundlicher Pflanzen.<\/p>\n\n\n\n<p>Gern wurde von dem Landschaftsarchitekten Herrn Melzer der Vorschlag aus der Gemeinde aufgegriffen, dort auch Pflanzen einzuplanen, die von den B\u00fcrgern geerntet werden d\u00fcrfen, seien es \u00c4pfel oder anderes Obst von der geplanten<br>Streuobstb\u00e4umen, seien es Johannis-, oder Stachelbeeren von den geplanten bl\u00fchenden Str\u00e4uchern. Auch Gew\u00fcrzpflanzen in hohen Beeten sind geplant, die man leicht ernten kann. Besonders interessiert ist der AKHNR daran, dass die traditionellen \u201eWerzborre\u201c-Pflanzen im Bereich des neu angelegten Parks wachsen d\u00fcrfen. Auch sie sind z. T. essbar und dienten unseren Vorfahren als Heilpflanzen f\u00fcr Mensch und Vieh. Sie wurden fr\u00fcher jahrhundertelang jeden Sommer von den Kindern in Nieder-Roden gesammelt und in der katholischen Kirche an Maria Himmelfahrt geweiht. Diese Art des Umgangs mit Natur kann als Vorbild einer nutzenden aber nicht ausbeuterischen Beziehung angesehen werden und ist daher nach Ansicht des AKHNR in Erinnerung zu halten. Er setzt sich daher auch daf\u00fcr ein, entsprechende Informationen zu den Pflanzen bereitzustellen und die jeweils passenden Standorte daf\u00fcr auf dem Gel\u00e4nde zu ermitteln. Das k\u00f6nnte z.B. in Form von Infotafeln geschehen, die die Geschichte der Nutzung und der \u00f6kologischen Anspr\u00fcche dieser Pflanzen enthalten.<\/p>\n\n\n\n<h3 class=\"wp-block-heading\">Wertvolle B\u00e4ume bewahren<\/h3>\n\n\n\n<p>Ein anderes wichtiges Anliegen, das auch mit der \u00f6kologischen Bedeutung des Gel\u00e4ndes zu tun hat, ist die Forderung, die vorhandenen gro\u00dfen Linden soweit wie m\u00f6glich zu erhalten, die eine Allee zum Eingang des Friedhofes bilden. Zwar ist eine Neuaufforstung als gleichm\u00e4\u00dfige Allee durchaus zu begr\u00fc\u00dfen und auch im Sinne des Denkmalschutzes, denn diese Allee geh\u00f6rt untrennbar zum Baukomplex des Eingangsgeb\u00e4udes, aber viele der B\u00e4ume sind inzwischen gef\u00e4llt worden. Beides zusammen wurde vor ca. 110 Jahren im Jugendstil angelegt. Es w\u00e4re allerdings eher im Sinne der Bev\u00f6lkerung hier der Umweltschutzforderung zu folgen, als das Jugendstil-Konzept kompromisslos umzusetzen, das sich der Landschaftsplaner ausgedacht hat. Darin ist n\u00e4mlich vorgesehen, alle vorhandenen Allee-B\u00e4ume zu <br>ersetzen durch neu anzupflanzende junge Linden, kastenf\u00f6rmig zu Rauten geschnitten. Gerade die Flederm\u00e4use und V\u00f6gel brauchen aber eher alte B\u00e4ume. Sofern sie also nicht gesch\u00e4digt sind, spricht gar nichts dagegen, zumindest die<br>beiden sch\u00f6nsten B\u00e4ume ganz vorne an der Friedensstra\u00dfe und ganz hinten direkt am Torgeb\u00e4ude zun\u00e4chst stehen zu lassen. Dazwischen kann immer noch eine neue Allee angepflanzt werden. Es gibt im gesamten Stadtgebiet von Nieder-Roden noch kaum alte B\u00e4ume. Abgeschnitten sind sie schnell. So wird auch die vor einigen Jahren vom AKHNR neu am \u201eBahng\u00e4ssje\u201c gesetzte Dorflinde (als Ersatz f\u00fcr die in den 60er Jahren entfernte gro\u00dfe Dorflinde am Bahnhof) noch an die 100 Jahre brauchen, bis sie einigerma\u00dfen mithalten kann mit der Linde, die heute noch am Eingang zur Allee steht. Man sollte diese nach Auffassung des AKHNR besser als Treffpunkt und sch\u00f6nen Ort ausbauen als sie umzus\u00e4gen.<\/p>\n\n\n\n<h3 class=\"wp-block-heading\">Der Park als Veranstaltungsort<\/h3>\n\n\n\n<p>Als dritten von vielen Punkten m\u00f6chte der AKHNR hier auf die vorgesehene M\u00f6glichkeit eingehen, dass im Park auch Auff\u00fchrungen unterschiedlicher Art statt finden k\u00f6nnen. Das sollen gem\u00e4\u00df des weiterhin vorhandenen Friedhofs-Charakters keine wilden Partys sein. Aber man kann sich durchaus vorstellen, dass die Tr\u00e4ger der lokalen Musikkultur dort kleine Serenadenkonzerte unter der geplanten zentralen hohen Pergola veranstalten k\u00f6nnen. Repr\u00e4sentanten sind hier z. B. die S\u00e4ngervereinigung \u201eS\u00e4ngerkranz Polyhymnia\u201c Nieder-Roden, der \u201eMusikverein Nieder-Roden\u201c oder auch verschiedene Ensembles der Musikschule Rodgau. Auch in anderen Stadtteilen Rodgaus ist eine aktive Musikvereinkultur vorhanden und es gibt zudem viele private Initiativen. Das k\u00f6nnte den Ort wie auch die gesamte Kultur in Nieder-Roden sehr beleben. Auch Auff\u00fchrungen der lokalen Schauspielvereine wie der Theatergruppe \u201eGro\u00dfes Welttheater Rodgau\u201can diesem Ort sind eine \u00dcberlegung wert. Hierzu m\u00fcsste aber auch die technischen Voraussetzungen f\u00fcr B\u00fchnen-, Lichtund Tontechnik eingeplant werden \u2013 sinnvollerweise in Absprache mit den<br>betroffenen Vereinen. In jedem Fall scheint dem AKHNR diese Aussicht wesentlich naheliegender und ansprechender, als dass dort Boule oder Schach gespielt w\u00fcrde, wozu es leider keine lebendige Tradition im Ort gibt.<\/p>\n\n\n\n<h3 class=\"wp-block-heading\">B\u00fcrger k\u00f6nnen sich einbringen<\/h3>\n\n\n\n<p>Schlie\u00dflich seien noch bereits bei Aufl\u00f6sung des Friedhofs vom AKHNR geretteten Grabsteine hervorgehoben. Sie wurden in den neuen Plan einbezogen und w\u00fcrde nach ersten \u00dcberlegungen von Herrn Melzer st\u00e4rker auf der gesamten Fl\u00e4che entlang der Mauern verteilt werden. Der AKHNR w\u00fcrde sich dazu bereit erkl\u00e4ren, eine sinnvolle Anordnung und erg\u00e4nzende Erl\u00e4uterungen zu entwerfen. Denn hinter jedem der erhaltenen Grabsteine steckt mindestens eine  interessante Geschichte. Wer sich dran beteiligen m\u00f6chte und solche Geschichten noch wei\u00df, z. B. weil er oder sie<br>verwandt ist mit einer der auf den noch vorhandenen Grabsteinen genannten Personen, soll sich bitte gern beim Heimatverein per E-Mail melden. Gern d\u00fcrfen auch die Mitglieder des Vereins darauf angesprochen werden, z. B. an einem der regelm\u00e4\u00dfigen \u00d6ffnungstage des Museums.<\/p>\n\n\n\n<p>Zu guter Letzt legt auch die Frage, welchen Namen der Park bekommen soll, eine Beteiligung aller B\u00fcrger nahe. Hierzu k\u00f6nnte der Verein in Zusammenarbeit mit der Stadt einige Vorschl\u00e4ge ausarbeiten oder auch einen Wettbewerb veranstalten. Auch der zentrale Platz des Parks, an dem die gro\u00dfe bewachsene Pergola entstehen soll, k\u00f6nnte einen eigenen Namen bekommen. Hier ist noch nichts entschieden \u2013 ebenso wenig, wem die Ehrenb\u00e4ume gewidmet sein k\u00f6nnten, die in einem Teil des Parks angepflanzt werden sollen. Es gibt also eine Menge M\u00f6glichkeiten, sich als B\u00fcrgerIn<br>Nieder-Rodens aktiv einzubringen.<\/p>\n\n\n\n<p>Der AKHNR freut sich darauf einen konstruktiven Dialog zur weiteren Entwicklung produktiv begleiten zu k\u00f6nnen!<\/p>\n\n\n\n<p>Die komplette Nachbereitung mit allen 60 Punkten ist auf der Internetseite des AKHNR abrufbar: www.heimatverein-nieder-roden.de. <\/p>\n\n\n\n<p>Die Email- Adresse um Kontakt aufzunehmen lautet: info@heimatverein-nieder-roden.de.<\/p>\n","protected":false},"excerpt":{"rendered":"<p>Pressemitteilung zur weiteren Behandlung des Themas durch den AKHNR, Stadtverwaltung und politische Gremien. Versendet am 05.04.2022.<\/p><p><a class=\"more-link btn\" href=\"https:\/\/heimatverein-nieder-roden.de\/?p=4029\">Weiterlesen<\/a><\/p>\n","protected":false},"author":1,"featured_media":3427,"comment_status":"closed","ping_status":"closed","sticky":false,"template":"","format":"standard","meta":{"_coblocks_attr":"","_coblocks_dimensions":"","_coblocks_responsive_height":"","_coblocks_accordion_ie_support":"","footnotes":"","_share_on_mastodon":"0"},"categories":[6,160,58],"tags":[34,12,35,59,173],"class_list":["post-4029","post","type-post","status-publish","format-standard","has-post-thumbnail","hentry","category-aktuell","category-alter-friedhof","category-presse","tag-akhnr","tag-alter-friedhof","tag-arbeitskreis-fuer-heimatkunde-nieder-roden-e-v","tag-presse","tag-pressemitteilung","nodate"],"share_on_mastodon":{"url":"","error":""},"publishpress_future_action":{"enabled":false,"date":"2026-05-06 22:25:24","action":"category-remove","newStatus":"draft","terms":[],"taxonomy":"category","extraData":[]},"publishpress_future_workflow_manual_trigger":{"enabledWorkflows":[]},"_links":{"self":[{"href":"https:\/\/heimatverein-nieder-roden.de\/index.php?rest_route=\/wp\/v2\/posts\/4029","targetHints":{"allow":["GET"]}}],"collection":[{"href":"https:\/\/heimatverein-nieder-roden.de\/index.php?rest_route=\/wp\/v2\/posts"}],"about":[{"href":"https:\/\/heimatverein-nieder-roden.de\/index.php?rest_route=\/wp\/v2\/types\/post"}],"author":[{"embeddable":true,"href":"https:\/\/heimatverein-nieder-roden.de\/index.php?rest_route=\/wp\/v2\/users\/1"}],"replies":[{"embeddable":true,"href":"https:\/\/heimatverein-nieder-roden.de\/index.php?rest_route=%2Fwp%2Fv2%2Fcomments&post=4029"}],"version-history":[{"count":2,"href":"https:\/\/heimatverein-nieder-roden.de\/index.php?rest_route=\/wp\/v2\/posts\/4029\/revisions"}],"predecessor-version":[{"id":4031,"href":"https:\/\/heimatverein-nieder-roden.de\/index.php?rest_route=\/wp\/v2\/posts\/4029\/revisions\/4031"}],"wp:featuredmedia":[{"embeddable":true,"href":"https:\/\/heimatverein-nieder-roden.de\/index.php?rest_route=\/wp\/v2\/media\/3427"}],"wp:attachment":[{"href":"https:\/\/heimatverein-nieder-roden.de\/index.php?rest_route=%2Fwp%2Fv2%2Fmedia&parent=4029"}],"wp:term":[{"taxonomy":"category","embeddable":true,"href":"https:\/\/heimatverein-nieder-roden.de\/index.php?rest_route=%2Fwp%2Fv2%2Fcategories&post=4029"},{"taxonomy":"post_tag","embeddable":true,"href":"https:\/\/heimatverein-nieder-roden.de\/index.php?rest_route=%2Fwp%2Fv2%2Ftags&post=4029"}],"curies":[{"name":"wp","href":"https:\/\/api.w.org\/{rel}","templated":true}]}}