{"id":3951,"date":"2022-04-05T14:44:33","date_gmt":"2022-04-05T12:44:33","guid":{"rendered":"https:\/\/heimatverein-nieder-roden.de\/?p=3951"},"modified":"2022-04-06T10:21:00","modified_gmt":"2022-04-06T08:21:00","slug":"alter-friedhof-beitrag-des-akhnr","status":"publish","type":"post","link":"https:\/\/heimatverein-nieder-roden.de\/?p=3951","title":{"rendered":"Alter Friedhof &#8211; Beitrag des AKHNR"},"content":{"rendered":"\n<div class=\"wp-block-image\"><figure class=\"alignleft size-full is-resized\"><img decoding=\"async\" src=\"https:\/\/heimatverein-nieder-roden.de\/wp-content\/uploads\/2022\/04\/2022-03-20_AKHNR_Projekt_Alter-Friedhof_Online-Vorstellung_Nachbereitung_Symbolbild_quadr_720px.png\" alt=\"\" class=\"wp-image-4005\" width=\"194\" height=\"194\" srcset=\"https:\/\/heimatverein-nieder-roden.de\/wp-content\/uploads\/2022\/04\/2022-03-20_AKHNR_Projekt_Alter-Friedhof_Online-Vorstellung_Nachbereitung_Symbolbild_quadr_720px.png 720w, https:\/\/heimatverein-nieder-roden.de\/wp-content\/uploads\/2022\/04\/2022-03-20_AKHNR_Projekt_Alter-Friedhof_Online-Vorstellung_Nachbereitung_Symbolbild_quadr_720px-300x300.png 300w, https:\/\/heimatverein-nieder-roden.de\/wp-content\/uploads\/2022\/04\/2022-03-20_AKHNR_Projekt_Alter-Friedhof_Online-Vorstellung_Nachbereitung_Symbolbild_quadr_720px-150x150.png 150w, https:\/\/heimatverein-nieder-roden.de\/wp-content\/uploads\/2022\/04\/2022-03-20_AKHNR_Projekt_Alter-Friedhof_Online-Vorstellung_Nachbereitung_Symbolbild_quadr_720px-560x560.png 560w\" sizes=\"(max-width: 194px) 100vw, 194px\" \/><figcaption>Beitrag des AKHNR &#8211; Symbolbild \u00a9AKHNR<\/figcaption><\/figure><\/div>\n\n\n\n<p>Vorstand, Mitglieder und interessierte B\u00fcrger haben sich intensiv mit dem <a href=\"https:\/\/heimatverein-nieder-roden.de\/?p=3972\" data-type=\"post\" data-id=\"3972\">Planungsentwurf <\/a>auseinandergesetzt. Herausgekommen ist eine ganze Reihe von Fragen und Anregungen, die der Verein an die zust\u00e4ndigen Stellen der Stadtverwaltung und die politischen Akteure \u00fcbergeben hat. 60 Punkte sind es an der Zahl!<\/p>\n\n\n\n<p>Wichtig ist dem Verein auch, dass die bereits engagierten B\u00fcrger, Gruppierungen und Vereine im weiteren Prozess eingebunden werden. Das muss aus unserer Sicht geschehen, bevor finale Entscheidungen feststehen.<\/p>\n\n\n\n<p>Unten finden Sie alle Punkte, die der Verein gesammelt hat und einbringen m\u00f6chte. Zum Teil ist dies im Rahmen der <a href=\"https:\/\/heimatverein-nieder-roden.de\/?p=3978\" data-type=\"post\" data-id=\"3978\">Online-Vorstellung<\/a> bereits geschehen.<\/p>\n\n\n\n<hr class=\"wp-block-separator is-style-wide\"\/>\n\n\n\n<p><strong>Hinweise zur unten folgenden Aufstellung:<\/strong><\/p>\n\n\n\n<ul class=\"wp-block-list\"><li>Die Aufstellung enth\u00e4lt neben den bei der Online-Vorstellung eingebrachten, weitere Punkte.<\/li><li>Die Punkte wurden ggf. ordentlicher und genauer ausformuliert als es zur Online-Vorstellung m\u00f6glich war.<\/li><li>Es werden Ordnungsbegriffe zur besseren Einordnung aufgef\u00fchrt.<\/li><li>Nach M\u00f6glichkeit wird eine Zuordnung zu den Abschnitten des Erl\u00e4uterungsberichtes \u201eUmwandlung des Alten Friedhofs in Nieder-Roden in einen B\u00fcrgerpark\u201c von Dirk Melzer (Datum: 06.12.2021) hergestellt.<\/li><li>Es wird aus Sicht des AKHNR dargestellt, ob die Punkte im Rahmen der Online-Vorstellung erw\u00e4hnt\/besprochen wurden.<\/li><li>Bei Bez\u00fcgen zu Aussagen im Rahmen der Online-Vorstellung werden nach M\u00f6glichkeit Zeitmarken als Bezugspunkte in der Aufzeichnung angegeben.<br>Format: (Stunden:Minuten:Sekunden)<\/li><li>Es wird aus Sicht des AKHNR bewertet, ob die Punkte ausreichend adressiert wurden.<\/li><li>Nat\u00fcrlich k\u00f6nnen auch uns Antworten entgangen sein.<br>Sollte dadurch eine Bewertung offensichtlich unpassend sein, bitten wir um korrigierende Hinweise.<\/li><\/ul>\n\n\n\n<hr class=\"wp-block-separator is-style-wide\"\/>\n\n\n\n<h2 class=\"wp-block-heading\">Beitrag interaktiv<\/h2>\n\n\n\n<p>Neben der interaktiven Form weiter unten, ist der Beitrag des AKHNR auch in seiner kompletten Form als PDF-Dokument verf\u00fcgbar &#8211; so wurde er auch an die betreffenden Stellen verschickt:<\/p>\n\n\n\n<h3 class=\"wp-block-heading\">Beitrag als PDF-Dokument<\/h3>\n\n\n\n<div class=\"wp-block-file\"><a id=\"wp-block-file--media-86d0e14f-a76f-4d7f-8e87-01b01d3f4baf\" href=\"https:\/\/heimatverein-nieder-roden.de\/wp-content\/uploads\/2022\/03\/2022-03-20_AKHNR_Projekt_Alter-Friedhof_Online-Vorstellung_Nachbereitung_v1.6_Aufstellung_inkl-Anlagen.pdf\">2022-03-20_AKHNR_Projekt_Alter-Friedhof_Online-Vorstellung_Nachbereitung_v1.6_Aufstellung_inkl-Anlagen<\/a><a href=\"https:\/\/heimatverein-nieder-roden.de\/wp-content\/uploads\/2022\/03\/2022-03-20_AKHNR_Projekt_Alter-Friedhof_Online-Vorstellung_Nachbereitung_v1.6_Aufstellung_inkl-Anlagen.pdf\" class=\"wp-block-file__button\" download aria-describedby=\"wp-block-file--media-86d0e14f-a76f-4d7f-8e87-01b01d3f4baf\">Herunterladen<\/a><\/div>\n\n\n\n<hr class=\"wp-block-separator\"\/>\n\n\n\n<h3 class=\"wp-block-heading\">Legende<\/h3>\n\n\n\n<p>Zur einfachen Orientierung finden Sie in der Zeile &#8222;Bewertung&#8220; folgende farbliche Label:<\/p>\n\n\n<span class=\"label label-success\">befriedigend adressiert<\/span>\n<hr>\n<span class=\"label label-warning\">bedingt befriedigend adressiert; Informationen stehen noch aus<\/span>\n<hr>\n<span class=\"label label-danger\">nicht befriedigend adressiert<\/span>\n\n\n<hr class=\"wp-block-separator\"\/>\n\n\n\n<h3 class=\"wp-block-heading\">Aufstellung<\/h3>\n\n\n\n<p>Klicken Sie auf die einzelnen Punkte um mehr zu erfahren!<\/p>\n\n\n<div class=\"panel-group\" id=\"collapse_1590-5875\" role=\"tablist\" aria-multiselectable=\"true\"><br class=\"nc\" \/><div class=\"panel panel-default\">    <div class=\"panel-heading\" role=\"tab\" id=\"heading_citem_ecdf-a34d\">        <h4 class=\"panel-title\"><a class=\"accordion-toggle \" data-toggle=\"collapse\" aria-controls=\"heading_citem_ecdf-a34d\" data-parent=\"#collapse_1590-5875\" href=\"#citem_ecdf-a34d\">1. <strong>Wiederverwendung vorhandener Steine<\/strong> <i class=\"fa fa-caret-up\"><\/i><\/a>        <\/h4>    <\/div>    <div id=\"citem_ecdf-a34d\" class=\"panel-collapse collapse in\" role=\"tabpanel\" aria-labelledby=\"heading_citem_ecdf-a34d\">        <div class=\"panel-body\">\n<table>\n<tbody>\n<tr>\n<td colspan=\"2\" width=\"123\">\n<p>Titel<\/p>\n<\/td>\n<td colspan=\"2\" width=\"485\">\n<p><strong>Wiederverwendung vorhandener Steine<\/strong><\/p>\n<\/td>\n<\/tr>\n<tr>\n<td width=\"38\">\n<p>Nr.<\/p>\n<\/td>\n<td width=\"85\">\n<p>1<\/p>\n<\/td>\n<td width=\"123\">\n<p>Erl\u00e4uterungsbericht<\/p>\n<\/td>\n<td width=\"362\">\n<p>4.3.1 Auftakte &amp; Pl\u00e4tze<\/p>\n<\/td>\n<\/tr>\n<tr>\n<td colspan=\"2\" width=\"123\">\n<p>Ordnungsbegriffe<\/p>\n<\/td>\n<td colspan=\"2\" width=\"485\">\n<p>Wege \u2013 gepflastert \u2013 Hochbeete \u2013 Material<\/p>\n<\/td>\n<\/tr>\n<tr>\n<td colspan=\"2\" width=\"123\">\n<p>Inhalt<\/p>\n<\/td>\n<td colspan=\"2\" width=\"485\">\n<p>Im Bereich der Parkettpflaster oder an anderer geeigneter Stelle sollten auch die vorhandenen alten Granit-Steine des Blumenrondells wieder verwertet werden.<\/p>\n<p>\u00a0<\/p>\n<p>Falls die Ziegelsteine aus dem Abbruch des Hartig-Hauses (Ober-Rodener-Stra\u00dfe 50) nicht f\u00fcr den Wiederaufbau verwendet werden, sollten sie gesichert und auf dem Alten Friedhof verwendet werden. Denkbar w\u00e4re die Verwendung f\u00fcr den Bau der Hochbeete oder von Einfassungen.<\/p>\n<p>\u00a0<\/p>\n<\/td>\n<\/tr>\n<tr>\n<td colspan=\"2\" width=\"123\">\n<p>Online-Vorstellung<\/p>\n<\/td>\n<td colspan=\"2\" width=\"485\">\n<p>Teilweise eingebracht durch AKHNR (siehe Protokoll, S. 1)<a href=\"#_ftn1\" name=\"_ftnref1\">[1]<\/a><\/p>\n<p>Zeitmarke Aufzeichnung: 01:14:57 \u2013 01:15:53<\/p>\n<p>Herr Melzer:\u201eIch bin immer daf\u00fcr, auch ein Second-Hand-Baumaterial zu verwenden. Man muss nur wissen, dass es in der Regel daf\u00fcr keine Gew\u00e4hrleistung gibt. Das ist eine Einschr\u00e4nkung.<\/p>\n<p>Und wenn man es beispielsweise verwendet, ein Ziegelmaterial [..] als Randstein, f\u00fcr eine Abgrenzung, zum Beispiel zwischen diesen Nutzungen Wiese und Rasen; man braucht dann halt auch schon ein bisschen was daf\u00fcr. Es m\u00fcsste gen\u00fcgend vorhanden sein. Aber grunds\u00e4tzlich rennt man bei mir da offene Tore ein.\u201c<\/p>\n<\/td>\n<\/tr>\n<tr>\n<td colspan=\"2\" width=\"123\">\n<p>Bewertung<\/p>\n<\/td>\n<td colspan=\"2\" width=\"485\">\n<p><span class=\"label label-warning\">bedingt befriedigend adressiert; Informationen stehen noch aus<\/span><\/p>\n<p>Der Aspekt wurde positiv aufgenommen.<\/p>\n<p>Es liegt auch an den Verantwortlichen der Stadtverwaltung die Thematik im Blick zu behalten.<\/p>\n<\/td>\n<\/tr>\n<\/tbody>\n<\/table>\n<p><a href=\"#_ftnref1\" name=\"_ftn1\">[1]<\/a> Siehe \u201eEingebrachte Fragen &amp; Hinweise bei der Informationsveranstaltung zum \u201eAlten Friedhof\u201c in Rodgau\u201c S. 5 (Dokument: \u201eFragen_der_Teilnehmer_der_Online_Veranstaltung__Alter_Friedhof_Nieder_.PDF\u201c abgerufen am 12.03.2022 von: <a href=\"https:\/\/www.rodgau.de\/Schnellnavigation\/Startseite\/index.php?NavID=2642.501.1\">https:\/\/www.rodgau.de\/Schnellnavigation\/Startseite\/index.php?NavID=2642.501.1<\/a>)<\/p>\n<p>\n        <\/p><\/div>    <\/div><\/div><br class=\"nc\" \/><div class=\"panel panel-default\">    <div class=\"panel-heading\" role=\"tab\" id=\"heading_citem_7110-6acc\">        <h4 class=\"panel-title\"><a class=\"accordion-toggle collapsed\" data-toggle=\"collapse\" aria-controls=\"heading_citem_7110-6acc\" data-parent=\"#collapse_1590-5875\" href=\"#citem_7110-6acc\"><strong>2. Blauregen \u2013 starkes Wachstum<\/strong> <i class=\"fa fa-caret-up\"><\/i><\/a>        <\/h4>    <\/div>    <div id=\"citem_7110-6acc\" class=\"panel-collapse collapse \" role=\"tabpanel\" aria-labelledby=\"heading_citem_7110-6acc\">        <div class=\"panel-body\">\n<table>\n<tbody>\n<tr>\n<td colspan=\"2\" width=\"123\">\n<p>Titel<\/p>\n<\/td>\n<td colspan=\"2\" width=\"485\">\n<p><strong>Blauregen \u2013 starkes Wachstum<\/strong><\/p>\n<\/td>\n<\/tr>\n<tr>\n<td width=\"38\">\n<p>Nr.<\/p>\n<\/td>\n<td width=\"85\">\n<p>2<\/p>\n<\/td>\n<td width=\"123\">\n<p>Erl\u00e4uterungsbericht<\/p>\n<\/td>\n<td width=\"362\">\n<p>4.3.1 Auftakte &amp; Pl\u00e4tze<\/p>\n<\/td>\n<\/tr>\n<tr>\n<td colspan=\"2\" width=\"123\">\n<p>Ordnungsbegriffe<\/p>\n<\/td>\n<td colspan=\"2\" width=\"485\">\n<p>Zentraler Platz \u2013 Pergola \u2013 Bepflanzung<\/p>\n<\/td>\n<\/tr>\n<tr>\n<td colspan=\"2\" width=\"123\">\n<p>Inhalt<\/p>\n<\/td>\n<td colspan=\"2\" width=\"485\">\n<p>Blauregen (Wisteria, auch Glycinie genannt) ist aus Erfahrung im Wuchs aggressiv (stark), worunter die Pergola leiden k\u00f6nnte.<\/p>\n<\/td>\n<\/tr>\n<tr>\n<td colspan=\"2\" width=\"123\">\n<p>Online-Vorstellung<\/p>\n<\/td>\n<td colspan=\"2\" width=\"485\">\n<p>Eingebracht durch AKHNR als Nr. 2<\/p>\n<\/td>\n<\/tr>\n<tr>\n<td colspan=\"2\" width=\"123\">\n<p>Bewertung<\/p>\n<\/td>\n<td colspan=\"2\" width=\"485\">\n<p><span class=\"label label-danger\">nicht befriedigend adressiert<\/span><\/p>\n<p>Wurde nach unserer Kenntnis nicht besprochen.<\/p>\n<\/td>\n<\/tr>\n<\/tbody>\n<\/table>\n<p>\n        <\/p><\/div>    <\/div><\/div><br class=\"nc\" \/><div class=\"panel panel-default\">    <div class=\"panel-heading\" role=\"tab\" id=\"heading_citem_7110-6acc\">        <h4 class=\"panel-title\"><a class=\"accordion-toggle collapsed\" data-toggle=\"collapse\" aria-controls=\"heading_citem_7110-6acc\" data-parent=\"#collapse_1590-5875\" href=\"#citem_7110-6acc\">3. <strong>Blauregen \u2013 giftig<\/strong> <i class=\"fa fa-caret-up\"><\/i><\/a>        <\/h4>    <\/div>    <div id=\"citem_7110-6acc\" class=\"panel-collapse collapse \" role=\"tabpanel\" aria-labelledby=\"heading_citem_7110-6acc\">        <div class=\"panel-body\">\n<table>\n<tbody>\n<tr>\n<td colspan=\"2\" width=\"123\">\n<p>Titel<\/p>\n<\/td>\n<td colspan=\"2\" width=\"485\">\n<p><strong>Blauregen \u2013 giftig<\/strong><\/p>\n<\/td>\n<\/tr>\n<tr>\n<td width=\"38\">\n<p>Nr.<\/p>\n<\/td>\n<td width=\"85\">\n<p>3<\/p>\n<\/td>\n<td width=\"123\">\n<p>Erl\u00e4uterungsbericht<\/p>\n<\/td>\n<td width=\"362\">\n<p>4.3.1 Auftakte &amp; Pl\u00e4tze<\/p>\n<\/td>\n<\/tr>\n<tr>\n<td colspan=\"2\" width=\"123\">\n<p>Ordnungsbegriffe<\/p>\n<\/td>\n<td colspan=\"2\" width=\"485\">\n<p>Zentraler Platz \u2013 Pergola \u2013 Bepflanzung<\/p>\n<\/td>\n<\/tr>\n<tr>\n<td colspan=\"2\" width=\"123\">\n<p>Inhalt<\/p>\n<\/td>\n<td colspan=\"2\" width=\"485\">\n<p>Blauregen soll au\u00dferdem m\u00f6glicherweise zum Teil giftig sein (Rinde, Samen). Unsere bisherigen Recherchen sind hier unschl\u00fcssig.Wichtig ist, dass eine Gef\u00e4hrdung von Besuchern (vor allem von Kindern) minimiert wird.<\/p>\n<\/td>\n<\/tr>\n<tr>\n<td colspan=\"2\" width=\"123\">\n<p>Online-Vorstellung<\/p>\n<\/td>\n<td colspan=\"2\" width=\"485\">\n<p>Eingebracht durch AKHNR als Nr. 3<\/p>\n<p>Zeitmarke Aufzeichnung: 01:37:43 \u2013 01:39:13<\/p>\n<p>Herr Melzer:\u201eJa, es gibt Teile der Glyzinie, die auf jeden Fall ungenie\u00dfbar sind. Ich m\u00fcsste jetzt nochmal genau nachlesen, was es war, ob es die Bl\u00fcte ist, das Holz\u2026 Es ist aber kein Spielplatz hier, so dass wir jetzt auch nicht unbedingt bei jeder Pflanze darauf achten m\u00fcssen, ob das Blattwerk ungenie\u00dfbar ist.<\/p>\n<p>Also soweit ich wei\u00df, Tod durch Blauregen kommt relativ selten vor, daf\u00fcr ist es aber eine ganz wunderbare auch relativ pflegeleichte Kletterpflanze, die eine gro\u00dfe Pergola auch schafft zu beklettern, tollen Schatten herstellt und einfach eine wunderbare Bl\u00fcte hat. Also Sie werden, wenn Sie mal genau darauf achten, sehr viele blaue Regen in vielen privaten G\u00e4rten und vielen \u00f6ffentlichen Parks haben, ohne dass man da jetzt prim\u00e4r die Gefahr sieht, dass bei Verzehr Blatt, Bl\u00fcte oder Holz ungenie\u00dfbar w\u00e4ren.<\/p>\n<p>Aber der Hinweis ist, also ich habe das schon \u00f6fter geh\u00f6rt, \u201eGlyzinie ist giftig\u201c. Ich habe auch eine am Haus, aber es ist auf keinen Fall ein Kontaktgift.\u201c<\/p>\n<p>Zeitmarke Aufzeichnung: 01:49:08 &#8211; 01:49:34<\/p>\n<p>B\u00fcrgermeister Hoffmann:\u201edie Fragestellung des Blauregens habe ich ganz bewusst verfolgt und das m\u00fcssen wir auch intern nochmal diskutieren.\u201c<\/p>\n<\/td>\n<\/tr>\n<tr>\n<td colspan=\"2\" width=\"123\">\n<p>Bewertung<\/p>\n<\/td>\n<td colspan=\"2\" width=\"485\">\n<p><span class=\"label label-warning\">bedingt befriedigend adressiert; Informationen stehen noch aus<\/span><\/p>\n<p>Positiv sehen wir sowohl die Aussage von Herrn Melzer, nach der der Blauregen kein Kontaktgift mitbringt, als auch die Aussage von B\u00fcrgermeister Hoffmann, die Thematik nochmal genau zu betrachten.<\/p>\n<p>Wir bitten hierzu um entsprechende Information.<\/p>\n<\/td>\n<\/tr>\n<\/tbody>\n<\/table>\n<p>\n        <\/p><\/div>    <\/div><\/div><br class=\"nc\" \/><div class=\"panel panel-default\">    <div class=\"panel-heading\" role=\"tab\" id=\"heading_citem_fa2c-5276\">        <h4 class=\"panel-title\"><a class=\"accordion-toggle collapsed\" data-toggle=\"collapse\" aria-controls=\"heading_citem_fa2c-5276\" data-parent=\"#collapse_1590-5875\" href=\"#citem_fa2c-5276\">4. <strong>Blauregen \u2013 Alternativen pr\u00fcfen<\/strong> <i class=\"fa fa-caret-up\"><\/i><\/a>        <\/h4>    <\/div>    <div id=\"citem_fa2c-5276\" class=\"panel-collapse collapse \" role=\"tabpanel\" aria-labelledby=\"heading_citem_fa2c-5276\">        <div class=\"panel-body\">\n<table>\n<tbody>\n<tr>\n<td colspan=\"2\" width=\"123\">\n<p>Titel<\/p>\n<\/td>\n<td colspan=\"2\" width=\"485\">\n<p><strong>Blauregen \u2013 Alternativen pr\u00fcfen<\/strong><\/p>\n<\/td>\n<\/tr>\n<tr>\n<td width=\"38\">\n<p>Nr.<\/p>\n<\/td>\n<td width=\"85\">\n<p>4<\/p>\n<\/td>\n<td width=\"123\">\n<p>Erl\u00e4uterungsbericht<\/p>\n<\/td>\n<td width=\"362\">\n<p>4.3.1 Auftakte &amp; Pl\u00e4tze<\/p>\n<\/td>\n<\/tr>\n<tr>\n<td colspan=\"2\" width=\"123\">\n<p>Ordnungsbegriffe<\/p>\n<\/td>\n<td colspan=\"2\" width=\"485\">\n<p>Zentraler Platz \u2013 Pergola \u2013 Bepflanzung<\/p>\n<\/td>\n<\/tr>\n<tr>\n<td colspan=\"2\" width=\"123\">\n<p>Inhalt<\/p>\n<\/td>\n<td colspan=\"2\" width=\"485\">\n<p>Zur Frage nach der besten \u00f6kologisch geeigneten Bepflanzung, auch der Pergola, sollte die Expertise des NABU Rodgau einbezogen werden.<\/p>\n<p>Nach R\u00fccksprache zwischen AKHNR und NABU steht letzterer f\u00fcr Beratungen zur Verf\u00fcgung.<\/p>\n<\/td>\n<\/tr>\n<tr>\n<td colspan=\"2\" width=\"123\">\n<p>Online-Vorstellung<\/p>\n<\/td>\n<td colspan=\"2\" width=\"485\">\n<p>Teilweise eingebracht durch AKHNR als Nr. 4<\/p>\n<\/td>\n<\/tr>\n<tr>\n<td colspan=\"2\" width=\"123\">\n<p>Bewertung<\/p>\n<\/td>\n<td colspan=\"2\" width=\"485\">\n<p><span class=\"label label-danger\">nicht befriedigend adressiert<\/span><\/p>\n<p>Wurde nach unserer Kenntnis nicht besprochen.<\/p>\n<\/td>\n<\/tr>\n<\/tbody>\n<\/table>\n<p>\n        <\/p><\/div>    <\/div><\/div><br class=\"nc\" \/><div class=\"panel panel-default\">    <div class=\"panel-heading\" role=\"tab\" id=\"heading_citem_9d4b-8c17\">        <h4 class=\"panel-title\"><a class=\"accordion-toggle collapsed\" data-toggle=\"collapse\" aria-controls=\"heading_citem_9d4b-8c17\" data-parent=\"#collapse_1590-5875\" href=\"#citem_9d4b-8c17\">5. <strong>Cortenstahl \u2013 Aussehen<\/strong> <i class=\"fa fa-caret-up\"><\/i><\/a>        <\/h4>    <\/div>    <div id=\"citem_9d4b-8c17\" class=\"panel-collapse collapse \" role=\"tabpanel\" aria-labelledby=\"heading_citem_9d4b-8c17\">        <div class=\"panel-body\">\n<table>\n<tbody>\n<tr>\n<td colspan=\"2\" width=\"123\">\n<p>Titel<\/p>\n<\/td>\n<td colspan=\"2\" width=\"485\">\n<p><strong>Cortenstahl \u2013 Aussehen<\/strong><\/p>\n<\/td>\n<\/tr>\n<tr>\n<td width=\"38\">\n<p>Nr.<\/p>\n<\/td>\n<td width=\"85\">\n<p>5<\/p>\n<\/td>\n<td width=\"123\">\n<p>Erl\u00e4uterungsbericht<\/p>\n<\/td>\n<td width=\"362\">\n<p>4.3.1 Auftakte &amp; Pl\u00e4tze<\/p>\n<\/td>\n<\/tr>\n<tr>\n<td colspan=\"2\" width=\"123\">\n<p>Ordnungsbegriffe<\/p>\n<\/td>\n<td colspan=\"2\" width=\"485\">\n<p>Zentraler Platz \u2013 Pergola \u2013 Material<\/p>\n<\/td>\n<\/tr>\n<tr>\n<td colspan=\"2\" width=\"123\">\n<p>Inhalt<\/p>\n<\/td>\n<td colspan=\"2\" width=\"485\">\n<p>Der Begriff Cortenstahl sagt m\u00f6glicherweise der breiteren Bev\u00f6lkerung nicht viel. K\u00f6nnen hierzu Beispiele gezeigt bzw. der \u00d6ffentlichkeit zug\u00e4nglich gemacht werden?Die rostige Optik kann auch alt wirken, was dem Konzept (innen neu, au\u00dfen alt) entgegenst\u00fcnde. Kann n\u00e4her erl\u00e4utert werden, inwiefern Cortenstahl \u201eneu\u201c ist?<\/p>\n<\/td>\n<\/tr>\n<tr>\n<td colspan=\"2\" width=\"123\">\n<p>Online-Vorstellung<\/p>\n<\/td>\n<td colspan=\"2\" width=\"485\">\n<p>Eingebracht durch AKHNR als Nr. 5<\/p>\n<p>Zeitmarke Aufzeichnung: 01:10:44 \u2013 01:11:35<\/p>\n<p>Herr Melzer:\u201eSehr wahrscheinlich k\u00f6nnte es Cortenstahl sein, der die Rost-Schutzschicht bekommt, der bis zu einem bestimmten Punkt oxidiert und dem ich keine Oberfl\u00e4che geben muss, weil er dann einfach sich durch diese Rost-Schutzschicht selber sch\u00fctzt. Und es sieht sehr organisch aus. Ein sch\u00f6ner brauner Ton. Das kann man sich vorstellen.\u201c<\/p>\n<\/td>\n<\/tr>\n<tr>\n<td colspan=\"2\" width=\"123\">\n<p>Bewertung<\/p>\n<\/td>\n<td colspan=\"2\" width=\"485\">\n<p><span class=\"label label-success\">befriedigend adressiert<\/span><\/p>\n<p>Die Frage wurde nur teilweise beantwortet.<\/p>\n<p>Trotzdem sehen wir hier keinen weiteren Bedarf.Eine beispielhafte Abbildung mit Cortenstahl zeigt folgendes Bild der Heilig-Kreuz-Kirche in Rollwald:<\/p>\n<p>Quelle: AKHNR <a href=\"https:\/\/heimatverein-nieder-roden.de\/?p=3253\">https:\/\/heimatverein-nieder-roden.de\/?p=3253<\/a><\/p>\n<p>Trotzdem w\u00e4re es generell sch\u00f6n gewesen Abbildungen zur Unterst\u00fctzung im Vorfeld und im Rahmen der Online-Vorstellung angezeigt zu bekommen. Vor allem bei letzterer h\u00e4tte dies angesichts des digitalen Formats keinen zu gro\u00dfen Aufwand bedeutet.<\/p>\n<\/td>\n<\/tr>\n<\/tbody>\n<\/table>\n<p>\n        <\/p><\/div>    <\/div><\/div><br class=\"nc\" \/><div class=\"panel panel-default\">    <div class=\"panel-heading\" role=\"tab\" id=\"heading_citem_84d8-c099\">        <h4 class=\"panel-title\"><a class=\"accordion-toggle collapsed\" data-toggle=\"collapse\" aria-controls=\"heading_citem_84d8-c099\" data-parent=\"#collapse_1590-5875\" href=\"#citem_84d8-c099\">6. <strong>Cortenstahl \u2013 Eignung f\u00fcr Hochbeete<\/strong> <i class=\"fa fa-caret-up\"><\/i><\/a>        <\/h4>    <\/div>    <div id=\"citem_84d8-c099\" class=\"panel-collapse collapse \" role=\"tabpanel\" aria-labelledby=\"heading_citem_84d8-c099\">        <div class=\"panel-body\">\n<table>\n<tbody>\n<tr>\n<td colspan=\"2\" width=\"123\">\n<p>Titel<\/p>\n<\/td>\n<td colspan=\"2\" width=\"485\">\n<p><strong>Cortenstahl \u2013 Eignung f\u00fcr Hochbeete<\/strong><\/p>\n<\/td>\n<\/tr>\n<tr>\n<td width=\"38\">\n<p>Nr.<\/p>\n<\/td>\n<td width=\"85\">\n<p>6<\/p>\n<\/td>\n<td width=\"123\">\n<p>Erl\u00e4uterungsbericht<\/p>\n<\/td>\n<td width=\"362\">\n<p>4.3.1 Auftakte &amp; Pl\u00e4tze<\/p>\n<\/td>\n<\/tr>\n<tr>\n<td colspan=\"2\" width=\"123\">\n<p>Ordnungsbegriffe<\/p>\n<\/td>\n<td colspan=\"2\" width=\"485\">\n<p>Hochbeete \u2013 Material<\/p>\n<\/td>\n<\/tr>\n<tr>\n<td colspan=\"2\" width=\"123\">\n<p>Inhalt<\/p>\n<\/td>\n<td colspan=\"2\" width=\"485\">\n<p>Bez\u00fcglicher der Ausf\u00fchrung der Hochbeete aus Cortenstahl besteht die Sorge gro\u00dfer Hitzeentwicklung bei Sonneneinstrahlung zum Nachteil der Bepflanzung. Ist diese Sorge berechtigt bzw. ber\u00fccksichtigt?<\/p>\n<\/td>\n<\/tr>\n<tr>\n<td colspan=\"2\" width=\"123\">\n<p>Online-Vorstellung<\/p>\n<\/td>\n<td colspan=\"2\" width=\"485\">\n<p>Eingebracht durch AKHNR als Nr. 6<\/p>\n<p>Zeitmarke Aufzeichnung: 01:30:37 &#8211; 01:31:23<\/p>\n<p>Herr Melzer:\u201eIch kenne gl\u00fccklicherweise einige Hochbeete, die aus Cortenstahl hergestellt worden sind. Ein Problem ist tats\u00e4chlich, wenn die zu klein sind und wenn die Pflanzen dann zu eng am Stahl sind, der kann schon mal w\u00e4rmer werden. Also vielleicht sogar, wenn er extrem der Sonne ausgesetzt ist, auch hei\u00df, aber nicht so hei\u00df, dass man sich die Finger dran verbrennt. Und ich gehe jetzt davon aus, dass wir eine Gr\u00f6\u00dfe hier haben, die nach meiner Erfahrung, so wie es jetzt auch bei Pflanzgef\u00e4\u00dfen, die tats\u00e4chlich im Handel sind, auch schon mehrfach gesehen habe, auch im Einsatz schon gesehen habe, dass wir da nicht zu einem Problem der Hitzeentwicklung kommen sollten.\u201c<\/p>\n<\/td>\n<\/tr>\n<tr>\n<td colspan=\"2\" width=\"123\">\n<p>Bewertung<\/p>\n<\/td>\n<td colspan=\"2\" width=\"485\">\n<p><span class=\"label label-success\">befriedigend adressiert<\/span><\/p>\n<p>Vertrauend auf die Fachkenntnis von Herrn Melzer erwarten wir keine Probleme durch ein Aufheizen des Stahls, auch wenn die Formulierung nicht besonders entschlossen wirkt.<\/p>\n<\/td>\n<\/tr>\n<\/tbody>\n<\/table>\n<p>\n        <\/p><\/div>    <\/div><\/div><br class=\"nc\" \/><div class=\"panel panel-default\">    <div class=\"panel-heading\" role=\"tab\" id=\"heading_citem_72e5-8811\">        <h4 class=\"panel-title\"><a class=\"accordion-toggle collapsed\" data-toggle=\"collapse\" aria-controls=\"heading_citem_72e5-8811\" data-parent=\"#collapse_1590-5875\" href=\"#citem_72e5-8811\">7. <strong>H\u00e4ngeleuchte \u2013 Windfestigkeit<\/strong> <i class=\"fa fa-caret-up\"><\/i><\/a>        <\/h4>    <\/div>    <div id=\"citem_72e5-8811\" class=\"panel-collapse collapse \" role=\"tabpanel\" aria-labelledby=\"heading_citem_72e5-8811\">        <div class=\"panel-body\">\n<table>\n<tbody>\n<tr>\n<td colspan=\"2\" width=\"123\">\n<p>Titel<\/p>\n<\/td>\n<td colspan=\"2\" width=\"485\">\n<p><strong>H\u00e4ngeleuchte \u2013 Windfestigkeit<\/strong><\/p>\n<\/td>\n<\/tr>\n<tr>\n<td width=\"38\">\n<p>Nr.<\/p>\n<\/td>\n<td width=\"85\">\n<p>7<\/p>\n<\/td>\n<td width=\"123\">\n<p>Erl\u00e4uterungsbericht<\/p>\n<\/td>\n<td width=\"362\">\n<p>4.3.1 Auftakte &amp; Pl\u00e4tze<\/p>\n<\/td>\n<\/tr>\n<tr>\n<td colspan=\"2\" width=\"123\">\n<p>Ordnungsbegriffe<\/p>\n<\/td>\n<td colspan=\"2\" width=\"485\">\n<p>Beleuchtung \u2013 H\u00e4ngeleuchte<\/p>\n<\/td>\n<\/tr>\n<tr>\n<td colspan=\"2\" width=\"123\">\n<p>Inhalt<\/p>\n<\/td>\n<td colspan=\"2\" width=\"485\">\n<p>Kann n\u00e4her erl\u00e4utert werden, wie windfest die H\u00e4ngeleuchte ausgef\u00fchrt ist?<\/p>\n<\/td>\n<\/tr>\n<tr>\n<td colspan=\"2\" width=\"123\">\n<p>Online-Vorstellung<\/p>\n<\/td>\n<td colspan=\"2\" width=\"485\">\n<p>Eingebracht durch AKHNR als Nr. 7<\/p>\n<\/td>\n<\/tr>\n<tr>\n<td colspan=\"2\" width=\"123\">\n<p>Bewertung<\/p>\n<\/td>\n<td colspan=\"2\" width=\"485\">\n<p><span class=\"label label-danger\">nicht befriedigend adressiert<\/span><\/p>\n<p>Wurde nach unserer Kenntnis nicht besprochen.<\/p>\n<\/td>\n<\/tr>\n<\/tbody>\n<\/table>\n<p>\n        <\/p><\/div>    <\/div><\/div><br class=\"nc\" \/><div class=\"panel panel-default\">    <div class=\"panel-heading\" role=\"tab\" id=\"heading_citem_451c-8aeb\">        <h4 class=\"panel-title\"><a class=\"accordion-toggle collapsed\" data-toggle=\"collapse\" aria-controls=\"heading_citem_451c-8aeb\" data-parent=\"#collapse_1590-5875\" href=\"#citem_451c-8aeb\">8. <strong>H\u00e4ngeleuchte \u2013 Aussehen<\/strong> <i class=\"fa fa-caret-up\"><\/i><\/a>        <\/h4>    <\/div>    <div id=\"citem_451c-8aeb\" class=\"panel-collapse collapse \" role=\"tabpanel\" aria-labelledby=\"heading_citem_451c-8aeb\">        <div class=\"panel-body\">\n<table>\n<tbody>\n<tr>\n<td colspan=\"2\" width=\"123\">\n<p>Titel<\/p>\n<\/td>\n<td colspan=\"2\" width=\"485\">\n<p><strong>H\u00e4ngeleuchte \u2013 Aussehen<\/strong><\/p>\n<\/td>\n<\/tr>\n<tr>\n<td width=\"38\">\n<p>Nr.<\/p>\n<\/td>\n<td width=\"85\">\n<p>8<\/p>\n<\/td>\n<td width=\"123\">\n<p>Erl\u00e4uterungsbericht<\/p>\n<\/td>\n<td width=\"362\">\n<p>4.3.1 Auftakte &amp; Pl\u00e4tze<\/p>\n<\/td>\n<\/tr>\n<tr>\n<td colspan=\"2\" width=\"123\">\n<p>Ordnungsbegriffe<\/p>\n<\/td>\n<td colspan=\"2\" width=\"485\">\n<p>Beleuchtung \u2013 H\u00e4ngeleuchte<\/p>\n<\/td>\n<\/tr>\n<tr>\n<td colspan=\"2\" width=\"123\">\n<p>Inhalt<\/p>\n<\/td>\n<td colspan=\"2\" width=\"485\">\n<p>Kann ein Beispielfoto f\u00fcr die H\u00e4ngeleuchte zur Verf\u00fcgung gestellt werden?<\/p>\n<\/td>\n<\/tr>\n<tr>\n<td colspan=\"2\" width=\"123\">\n<p>Online-Vorstellung<\/p>\n<\/td>\n<td colspan=\"2\" width=\"485\">\n<p>Eingebracht durch AKHNR als Nr. 8<\/p>\n<p>Zeitmarke Aufzeichnung: 00:51:58 \u2013 00:53:20<\/p>\n<p>Herr Melzer:\u201eDa werden Sie keine Bilder zu finden, weil mein B\u00fcro steht wirklich daf\u00fcr, dass [es] die individuell entwickelt, diese Sachen. [\u2026] Aber wir sind halt eben erst in der Vorplanungsphase. [\u2026] Aber da m\u00fcssen wir erst noch in die Entwurfsplanung und dann im n\u00e4chsten Schritt in die Ausf\u00fchrungsplanung gehen. Und dann k\u00f6nnen wir auch mal ein 3D Modell beispielsweise machen und dann kann man das noch mal sehen und das werden wir auch tun. Denn das ist schon ein gro\u00dfes Objekt und die H\u00e4ngeleuchte ist dann auch ein besonderes Objekt. Und da muss man ja auch wissen, wie das aussieht am Ende, absolut.\u201c<\/p>\n<\/td>\n<\/tr>\n<tr>\n<td colspan=\"2\" width=\"123\">\n<p>Bewertung<\/p>\n<\/td>\n<td colspan=\"2\" width=\"485\">\n<p><span class=\"label label-warning\">bedingt befriedigend adressiert; Informationen stehen noch aus<\/span><\/p>\n<p>Bis zur Erstellung des 3D-Modells muss hier noch gewartet werden.<\/p>\n<\/td>\n<\/tr>\n<\/tbody>\n<\/table>\n<p>\n        <\/p><\/div>    <\/div><\/div><br class=\"nc\" \/><div class=\"panel panel-default\">    <div class=\"panel-heading\" role=\"tab\" id=\"heading_citem_d104-7459\">        <h4 class=\"panel-title\"><a class=\"accordion-toggle collapsed\" data-toggle=\"collapse\" aria-controls=\"heading_citem_d104-7459\" data-parent=\"#collapse_1590-5875\" href=\"#citem_d104-7459\">9. <strong>H\u00e4ngeleuchte \u2013 Insektenfreundlichkeit<\/strong> <i class=\"fa fa-caret-up\"><\/i><\/a>        <\/h4>    <\/div>    <div id=\"citem_d104-7459\" class=\"panel-collapse collapse \" role=\"tabpanel\" aria-labelledby=\"heading_citem_d104-7459\">        <div class=\"panel-body\">\n<table>\n<tbody>\n<tr>\n<td colspan=\"2\" width=\"123\">\n<p>Titel<\/p>\n<\/td>\n<td colspan=\"2\" width=\"485\">\n<p><strong>H\u00e4ngeleuchte \u2013 Insektenfreundlichkeit<\/strong><\/p>\n<\/td>\n<\/tr>\n<tr>\n<td width=\"38\">\n<p>Nr.<\/p>\n<\/td>\n<td width=\"85\">\n<p>9<\/p>\n<\/td>\n<td width=\"123\">\n<p>Erl\u00e4uterungsbericht<\/p>\n<\/td>\n<td width=\"362\">\n<p>4.3.1 Auftakte &amp; Pl\u00e4tze<\/p>\n<\/td>\n<\/tr>\n<tr>\n<td colspan=\"2\" width=\"123\">\n<p>Ordnungsbegriffe<\/p>\n<\/td>\n<td colspan=\"2\" width=\"485\">\n<p>Beleuchtung \u2013 H\u00e4ngeleuchte \u2013 Insektenschutz<\/p>\n<\/td>\n<\/tr>\n<tr>\n<td colspan=\"2\" width=\"123\">\n<p>Inhalt<\/p>\n<\/td>\n<td colspan=\"2\" width=\"485\">\n<p>Ist die H\u00e4ngeleuchte insektenfreundlich ausgef\u00fchrt?<\/p>\n<\/td>\n<\/tr>\n<tr>\n<td colspan=\"2\" width=\"123\">\n<p>Online-Vorstellung<\/p>\n<\/td>\n<td colspan=\"2\" width=\"485\">\n<p>Eingebracht durch AKHNR als Nr. 9<\/p>\n<p>Zeitmarke Aufzeichnung: 00:58:39 \u2013 00:58:42<\/p>\n<p>Herr Melzer: \u201eDas ist heute Standard, wir benutzen gar nix anderes mehr.\u201c<\/p>\n<\/td>\n<\/tr>\n<tr>\n<td colspan=\"2\" width=\"123\">\n<p>Bewertung<\/p>\n<\/td>\n<td colspan=\"2\" width=\"485\">\n<p><span class=\"label label-success\">befriedigend adressiert<\/span><\/p>\n<p>H\u00e4ngeleuchte wird insektenfreundlich ausgef\u00fchrt.<\/p>\n<\/td>\n<\/tr>\n<\/tbody>\n<\/table>\n<p>\n        <\/p><\/div>    <\/div><\/div><br class=\"nc\" \/><div class=\"panel panel-default\">    <div class=\"panel-heading\" role=\"tab\" id=\"heading_citem_3b16-e982\">        <h4 class=\"panel-title\"><a class=\"accordion-toggle collapsed\" data-toggle=\"collapse\" aria-controls=\"heading_citem_3b16-e982\" data-parent=\"#collapse_1590-5875\" href=\"#citem_3b16-e982\">10. <strong>Steuerung der Beleuchtung<\/strong> <i class=\"fa fa-caret-up\"><\/i><\/a>        <\/h4>    <\/div>    <div id=\"citem_3b16-e982\" class=\"panel-collapse collapse \" role=\"tabpanel\" aria-labelledby=\"heading_citem_3b16-e982\">        <div class=\"panel-body\">\n<table>\n<tbody>\n<tr>\n<td colspan=\"2\" width=\"123\">\n<p>Titel<\/p>\n<\/td>\n<td colspan=\"2\" width=\"485\">\n<p><strong>Steuerung der Beleuchtung<\/strong><\/p>\n<\/td>\n<\/tr>\n<tr>\n<td width=\"38\">\n<p>Nr.<\/p>\n<\/td>\n<td width=\"85\">\n<p>10<\/p>\n<\/td>\n<td width=\"123\">\n<p>Erl\u00e4uterungsbericht<\/p>\n<\/td>\n<td width=\"362\">\n<p>4.3.1 Auftakte &amp; Pl\u00e4tze<\/p>\n<\/td>\n<\/tr>\n<tr>\n<td colspan=\"2\" width=\"123\">\n<p>Ordnungsbegriffe<\/p>\n<\/td>\n<td colspan=\"2\" width=\"485\">\n<p>Beleuchtung \u2013 Steuerung<\/p>\n<\/td>\n<\/tr>\n<tr>\n<td colspan=\"2\" width=\"123\">\n<p>Inhalt<\/p>\n<\/td>\n<td colspan=\"2\" width=\"485\">\n<p>Wie bzw. zu welchen Zeiten wird Beleuchtung (die H\u00e4ngeleuchte und auch die weiteren Leuchtquellen) geschaltet?<\/p>\n<\/td>\n<\/tr>\n<tr>\n<td colspan=\"2\" width=\"123\">\n<p>Online-Vorstellung<\/p>\n<\/td>\n<td colspan=\"2\" width=\"485\">\n<p>Eingebracht durch AKHNR als Nr. 10<\/p>\n<p>Zeitmarke Aufzeichnung: 00:57:19 \u2013 00:57:29<\/p>\n<p>Herr K\u00e4mmerling:\u201eZu der Frage der Beleuchtung haben wir tats\u00e4chlich nicht zu Ende gedacht, ob es eine Zeit gibt, wo die Beleuchtung ausgeschaltet ist.\u201c<\/p>\n<\/td>\n<\/tr>\n<tr>\n<td colspan=\"2\" width=\"123\">\n<p>Bewertung<\/p>\n<\/td>\n<td colspan=\"2\" width=\"485\">\n<p><span class=\"label label-warning\">bedingt befriedigend adressiert; Informationen stehen noch aus<\/span><\/p>\n<p>Punkt wurde besprochen, ist allerdings noch offen.<\/p>\n<\/td>\n<\/tr>\n<\/tbody>\n<\/table>\n<p>\n        <\/p><\/div>    <\/div><\/div><br class=\"nc\" \/><div class=\"panel panel-default\">    <div class=\"panel-heading\" role=\"tab\" id=\"heading_citem_072b-3c12\">        <h4 class=\"panel-title\"><a class=\"accordion-toggle collapsed\" data-toggle=\"collapse\" aria-controls=\"heading_citem_072b-3c12\" data-parent=\"#collapse_1590-5875\" href=\"#citem_072b-3c12\">11. <strong>Dimensionierung und Platzierung der Stromanschl\u00fcsse<\/strong> <i class=\"fa fa-caret-up\"><\/i><\/a>        <\/h4>    <\/div>    <div id=\"citem_072b-3c12\" class=\"panel-collapse collapse \" role=\"tabpanel\" aria-labelledby=\"heading_citem_072b-3c12\">        <div class=\"panel-body\">\n<table>\n<tbody>\n<tr>\n<td colspan=\"2\" width=\"123\">\n<p>Titel<\/p>\n<\/td>\n<td colspan=\"2\" width=\"485\">\n<p><strong>Dimensionierung und Platzierung der Stromanschl\u00fcsse<\/strong><\/p>\n<\/td>\n<\/tr>\n<tr>\n<td width=\"38\">\n<p>Nr.<\/p>\n<\/td>\n<td width=\"85\">\n<p>11<\/p>\n<\/td>\n<td width=\"123\">\n<p>Erl\u00e4uterungsbericht<\/p>\n<\/td>\n<td width=\"362\">\n<p>4.3.1 Auftakte &amp; Pl\u00e4tze<\/p>\n<\/td>\n<\/tr>\n<tr>\n<td colspan=\"2\" width=\"123\">\n<p>Ordnungsbegriffe<\/p>\n<\/td>\n<td colspan=\"2\" width=\"485\">\n<p>Zentraler Platz \u2013 Stromanschl\u00fcsse<\/p>\n<\/td>\n<\/tr>\n<tr>\n<td colspan=\"2\" width=\"123\">\n<p>Inhalt<\/p>\n<\/td>\n<td colspan=\"2\" width=\"485\">\n<p>Die M\u00f6glichkeit den Park f\u00fcr verschiedene Veranstaltungen zu nutzen ist durch die Interessierten sehr positiv aufgenommen worden. Angedacht werden bspw.:<\/p>\n<p>\u00b7\u00a0\u00a0\u00a0\u00a0\u00a0\u00a0\u00a0\u00a0 Filmabende des AKHNR,<\/p>\n<p>\u00b7\u00a0\u00a0\u00a0\u00a0\u00a0\u00a0\u00a0\u00a0 Musik des Musikvereins Nieder-Roden und weiterer lokaler Gruppen wie Komet, Terra Musicale, Birds View, Hard To Remember, MixTape, etc.<\/p>\n<p>\u00b7\u00a0\u00a0\u00a0\u00a0\u00a0\u00a0\u00a0\u00a0 Gesang von Polyhymnia und Kirchenchor<\/p>\n<p>\u00b7\u00a0\u00a0\u00a0\u00a0\u00a0\u00a0\u00a0\u00a0 Auff\u00fchrungen des Gro\u00dfen Welttheaters<\/p>\n<p>Dazu sollten die Stromanschl\u00fcsse ausreichend dimensioniert sein und die Platzierung mit den Betreffenden abgestimmt werden.<\/p>\n<\/td>\n<\/tr>\n<tr>\n<td colspan=\"2\" width=\"123\">\n<p>Online-Vorstellung<\/p>\n<\/td>\n<td colspan=\"2\" width=\"485\">\n<p>Eingebracht durch AKHNR als Nr. 11<\/p>\n<p>Zeitmarke Aufzeichnung: 00:58:45 \u2013 00:59:59<\/p>\n<p>Herr Melzer:\u201eDas wird sich jetzt hier im Bereich des Stahls der Pergola befinden. [\u2026] Das kann man alles in diesem Bereich Hochbeete, Pergola unterbringen.<\/p>\n<p>Moderator:\u201eAlso da ist ja auch die R\u00fcckmeldung [\u2026] gekommen, [\u2026] dass da gerne auch also auf ausreichende Dimensionierung geachtet wird und man vielleicht auch die genaue Lage [\u2026] mit den einzelnen Akteuren vielleicht auch abstimmen kann. Also so verstehe ich das hier auch als Hinweis, [\u2026] die offene Hand das auch noch mal gemeinsam zu \u00fcberlegen, wo das dann genau vielleicht hinkommen kann \u2013 an Sie und vor allen Dingen auch an Herrn K\u00e4mmerling.\u201c<\/p>\n<\/td>\n<\/tr>\n<tr>\n<td colspan=\"2\" width=\"123\">\n<p>Bewertung<\/p>\n<\/td>\n<td colspan=\"2\" width=\"485\">\n<p><span class=\"label label-danger\">nicht befriedigend adressiert<\/span><\/p>\n<p>Die Thematik Dimensionierung und Abstimmung wurden lediglich durch Moderator erw\u00e4hnt.<\/p>\n<p>Es gab keine \u00c4u\u00dferung von anderen Teilnehmern.<\/p>\n<\/td>\n<\/tr>\n<\/tbody>\n<\/table>\n<p>\n        <\/p><\/div>    <\/div><\/div><br class=\"nc\" \/><div class=\"panel panel-default\">    <div class=\"panel-heading\" role=\"tab\" id=\"heading_citem_1fd3-aa83\">        <h4 class=\"panel-title\"><a class=\"accordion-toggle collapsed\" data-toggle=\"collapse\" aria-controls=\"heading_citem_1fd3-aa83\" data-parent=\"#collapse_1590-5875\" href=\"#citem_1fd3-aa83\">12. <strong>Steuerung des WLAN-Hotspots<\/strong> <i class=\"fa fa-caret-up\"><\/i><\/a>        <\/h4>    <\/div>    <div id=\"citem_1fd3-aa83\" class=\"panel-collapse collapse \" role=\"tabpanel\" aria-labelledby=\"heading_citem_1fd3-aa83\">        <div class=\"panel-body\">\n<table>\n<tbody>\n<tr>\n<td colspan=\"2\" width=\"123\">\n<p>Titel<\/p>\n<\/td>\n<td colspan=\"2\" width=\"485\">\n<p><strong>Steuerung des WLAN-Hotspots<\/strong><\/p>\n<\/td>\n<\/tr>\n<tr>\n<td width=\"38\">\n<p>Nr.<\/p>\n<\/td>\n<td width=\"85\">\n<p>12<\/p>\n<\/td>\n<td width=\"123\">\n<p>Erl\u00e4uterungsbericht<\/p>\n<\/td>\n<td width=\"362\">\n<p>4.3.1 Auftakte &amp; Pl\u00e4tze<\/p>\n<\/td>\n<\/tr>\n<tr>\n<td colspan=\"2\" width=\"123\">\n<p>Ordnungsbegriffe<\/p>\n<\/td>\n<td colspan=\"2\" width=\"485\">\n<p>WLAN \u2013 Steuerung<\/p>\n<\/td>\n<\/tr>\n<tr>\n<td colspan=\"2\" width=\"123\">\n<p>Inhalt<\/p>\n<\/td>\n<td colspan=\"2\" width=\"485\">\n<p>Der WLAN-Hotspot sollte nicht dauerhaft aktiv (24\/7), sondern in der Regel auf die Schlie\u00dfzeiten abgestimmt sein.<\/p>\n<p>Er sollte au\u00dferdem f\u00fcr Veranstaltungen oder andere Anl\u00e4sse bei Bedarf (auf Anfrage bei der zust\u00e4ndigen Stelle) aktiviert werden k\u00f6nnen.<\/p>\n<p>Bei einer dauerhaften Aktivierung besteht die Sorge der Befeuerung von n\u00e4chtlichen Menschenansammlungen.<\/p>\n<p>Wie ist die Regelung geplant?<\/p>\n<\/td>\n<\/tr>\n<tr>\n<td colspan=\"2\" width=\"123\">\n<p>Online-Vorstellung<\/p>\n<\/td>\n<td colspan=\"2\" width=\"485\">\n<p>Teilweise eingebracht durch AKHNR als Nr. 12<\/p>\n<p>Zeitmarke Aufzeichnung: 00:56:33 \u2013 00:57:18<\/p>\n<p>Herr K\u00e4mmerling:\u201eAlso zu dem WLAN-Hotspot kann ich jetzt nicht sagen, ob der an- und ausgeschaltet wird. Ich gehe davon aus der WLAN-Hotspot, der wird eingerichtet und dann ist er an. Der strahlt ja auch ein bisschen dar\u00fcber \u00fcber den alten Friedhof hinaus. Das hei\u00dft auch Nutzer, die sich im Bereich des Alten Friedhofs aufhalten, man kennt das auch von den S-Bahnh\u00f6fen, k\u00f6nnen dann den Bereich des WLANs nutzen.\u201c<\/p>\n<\/td>\n<\/tr>\n<tr>\n<td colspan=\"2\" width=\"123\">\n<p>Bewertung<\/p>\n<\/td>\n<td colspan=\"2\" width=\"485\">\n<p><span class=\"label label-danger\">nicht befriedigend adressiert<\/span><\/p>\n<p>Das Anliegen wurde nicht konkret beantwortet.<\/p>\n<\/td>\n<\/tr>\n<\/tbody>\n<\/table>\n<p>\n        <\/p><\/div>    <\/div><\/div><br class=\"nc\" \/><div class=\"panel panel-default\">    <div class=\"panel-heading\" role=\"tab\" id=\"heading_citem_cb4a-61f8\">        <h4 class=\"panel-title\"><a class=\"accordion-toggle collapsed\" data-toggle=\"collapse\" aria-controls=\"heading_citem_cb4a-61f8\" data-parent=\"#collapse_1590-5875\" href=\"#citem_cb4a-61f8\">13. <strong>Erhalt von noch stehenden Linden<\/strong> <i class=\"fa fa-caret-up\"><\/i><\/a>        <\/h4>    <\/div>    <div id=\"citem_cb4a-61f8\" class=\"panel-collapse collapse \" role=\"tabpanel\" aria-labelledby=\"heading_citem_cb4a-61f8\">        <div class=\"panel-body\">\n<table>\n<tbody>\n<tr>\n<td colspan=\"2\" width=\"123\">\n<p>Titel<\/p>\n<\/td>\n<td colspan=\"2\" width=\"485\">\n<p><strong>Erhalt von noch stehenden Linden<\/strong><\/p>\n<\/td>\n<\/tr>\n<tr>\n<td width=\"38\">\n<p>Nr.<\/p>\n<\/td>\n<td width=\"85\">\n<p>13<\/p>\n<\/td>\n<td width=\"123\">\n<p>Erl\u00e4uterungsbericht<\/p>\n<\/td>\n<td width=\"362\">\n<p>4.3.2 Lindenallee zum Alten Friedhof &amp; Erschlie\u00dfungswege<\/p>\n<\/td>\n<\/tr>\n<tr>\n<td colspan=\"2\" width=\"123\">\n<p>Ordnungsbegriffe<\/p>\n<\/td>\n<td colspan=\"2\" width=\"485\">\n<p>B\u00e4ume \u2013 Bestanderhaltung<\/p>\n<\/td>\n<\/tr>\n<tr>\n<td colspan=\"2\" width=\"123\">\n<p>Inhalt<\/p>\n<\/td>\n<td colspan=\"2\" width=\"485\">\n<p>Wir treten daf\u00fcr ein, dass nicht alle 7 noch stehenden Linden gef\u00e4llt werden.Vor allem die sch\u00f6nen, gro\u00dfen Exemplare an der Friedensstra\u00dfe links und direkt vor dem Torgeb\u00e4ude sollten stehen bleiben, auch wenn sie einer sauberen Optik im Wege sind. Bei Sanierung und Bauarbeiten sollte entsprechend R\u00fccksicht genommen werden.<\/p>\n<p>Abb.: Standort der Linde am Torgeb\u00e4ude.<\/p>\n<p>Abb.: Standort der Linde an der Friedensstra\u00dfe.<\/p>\n<\/td>\n<\/tr>\n<tr>\n<td colspan=\"2\" width=\"123\">\n<p>Online-Vorstellung<\/p>\n<\/td>\n<td colspan=\"2\" width=\"485\">\n<p>Eingebracht durch AKHNR als Nr. 13<\/p>\n<\/td>\n<\/tr>\n<tr>\n<td colspan=\"2\" width=\"123\">\n<p>Bewertung<\/p>\n<\/td>\n<td colspan=\"2\" width=\"485\">\n<p><span class=\"label label-danger\">nicht befriedigend adressiert<\/span><\/p>\n<p>Wurde nach unserer Kenntnis nicht ber\u00fccksichtigt.<\/p>\n<p>Im Verlauf der Veranstaltung wurde allerdings von Herrn K\u00e4mmerling aus dem Baumgutachten zitiert, dass die Linden der Allee alle mit Noten zwischen den Werten 3 und 4 bewertet wurden (siehe Punkt 19). Welche Noten die beiden hier von uns aufgef\u00fchrten B\u00e4umen im einzelnen erhalten haben, wurde nicht mitgeteilt.<\/p>\n<p>Hier m\u00f6chten wir unsere Bewertung bei Punkt 19 bekr\u00e4ftigen: Wenn sie noch gesund sind, sollten sie keinesfalls gef\u00e4llt werden!<\/p>\n<\/td>\n<\/tr>\n<\/tbody>\n<\/table>\n<p>\n        <\/p><\/div>    <\/div><\/div><br class=\"nc\" \/><div class=\"panel panel-default\">    <div class=\"panel-heading\" role=\"tab\" id=\"heading_citem_56a6-f772\">        <h4 class=\"panel-title\"><a class=\"accordion-toggle collapsed\" data-toggle=\"collapse\" aria-controls=\"heading_citem_56a6-f772\" data-parent=\"#collapse_1590-5875\" href=\"#citem_56a6-f772\">14. <strong>Einbeziehung des NABU \u2013 Entscheidung zur F\u00e4llung<\/strong> <i class=\"fa fa-caret-up\"><\/i><\/a>        <\/h4>    <\/div>    <div id=\"citem_56a6-f772\" class=\"panel-collapse collapse \" role=\"tabpanel\" aria-labelledby=\"heading_citem_56a6-f772\">        <div class=\"panel-body\">\n<table>\n<tbody>\n<tr>\n<td colspan=\"2\" width=\"123\">\n<p>Titel<\/p>\n<\/td>\n<td colspan=\"2\" width=\"485\">\n<p><strong>Einbeziehung des NABU \u2013 Entscheidung zur F\u00e4llung<\/strong><\/p>\n<\/td>\n<\/tr>\n<tr>\n<td width=\"38\">\n<p>Nr.<\/p>\n<\/td>\n<td width=\"85\">\n<p>14<\/p>\n<\/td>\n<td width=\"123\">\n<p>Erl\u00e4uterungsbericht<\/p>\n<\/td>\n<td width=\"362\">\n<p>4.3.2 Lindenallee zum Alten Friedhof &amp; Erschlie\u00dfungswege<\/p>\n<\/td>\n<\/tr>\n<tr>\n<td colspan=\"2\" width=\"123\">\n<p>Ordnungsbegriffe<\/p>\n<\/td>\n<td colspan=\"2\" width=\"485\">\n<p>B\u00e4ume \u2013 NABU<\/p>\n<\/td>\n<\/tr>\n<tr>\n<td colspan=\"2\" width=\"123\">\n<p>Inhalt<\/p>\n<\/td>\n<td colspan=\"2\" width=\"485\">\n<p>Zur Entscheidung f\u00fcr oder gegen eine F\u00e4llung sollte auch der NABU Rodgau einbezogen werden. Dies gilt f\u00fcr alle betroffenen B\u00e4ume: auf dem Gel\u00e4nde, wie auch im Umfeld und an der Lindenallee. F\u00fcr das Mikroklima und die Tierwelt k\u00f6nnen sie durchaus relevant sein.<\/p>\n<p>Nach R\u00fccksprache zwischen AKHNR und NABU steht letzterer f\u00fcr Beratungen zur Verf\u00fcgung.<\/p>\n<\/td>\n<\/tr>\n<tr>\n<td colspan=\"2\" width=\"123\">\n<p>Online-Vorstellung<\/p>\n<\/td>\n<td colspan=\"2\" width=\"485\">\n<p>Teilweise eingebracht durch AKHNR als Nr. 14<\/p>\n<\/td>\n<\/tr>\n<tr>\n<td colspan=\"2\" width=\"123\">\n<p>Bewertung<\/p>\n<\/td>\n<td colspan=\"2\" width=\"485\">\n<p><span class=\"label label-danger\">nicht befriedigend adressiert<\/span><\/p>\n<p>Wurde nach unserer Kenntnis nicht ber\u00fccksichtigt.<\/p>\n<\/td>\n<\/tr>\n<\/tbody>\n<\/table>\n<p>\n        <\/p><\/div>    <\/div><\/div><br class=\"nc\" \/><div class=\"panel panel-default\">    <div class=\"panel-heading\" role=\"tab\" id=\"heading_citem_9019-4e8f\">        <h4 class=\"panel-title\"><a class=\"accordion-toggle collapsed\" data-toggle=\"collapse\" aria-controls=\"heading_citem_9019-4e8f\" data-parent=\"#collapse_1590-5875\" href=\"#citem_9019-4e8f\">15. <strong>Ber\u00fccksichtigung existierender \u00f6kologischer Gutachten<\/strong> <i class=\"fa fa-caret-up\"><\/i><\/a>        <\/h4>    <\/div>    <div id=\"citem_9019-4e8f\" class=\"panel-collapse collapse \" role=\"tabpanel\" aria-labelledby=\"heading_citem_9019-4e8f\">        <div class=\"panel-body\">\n<table>\n<tbody>\n<tr>\n<td colspan=\"2\" width=\"123\">\n<p>Titel<\/p>\n<\/td>\n<td colspan=\"2\" width=\"485\">\n<p><strong>Ber\u00fccksichtigung existierender \u00f6kologischer Gutachten<\/strong><\/p>\n<\/td>\n<\/tr>\n<tr>\n<td width=\"38\">\n<p>Nr.<\/p>\n<\/td>\n<td width=\"85\">\n<p>15<\/p>\n<\/td>\n<td width=\"123\">\n<p>Erl\u00e4uterungsbericht<\/p>\n<\/td>\n<td width=\"362\">\n<p>4.3.2 Lindenallee zum Alten Friedhof &amp; Erschlie\u00dfungswege<\/p>\n<\/td>\n<\/tr>\n<tr>\n<td colspan=\"2\" width=\"123\">\n<p>Ordnungsbegriffe<\/p>\n<\/td>\n<td colspan=\"2\" width=\"485\">\n<p>\u00d6kologische Gutachten<\/p>\n<\/td>\n<\/tr>\n<tr>\n<td colspan=\"2\" width=\"123\">\n<p>Inhalt<\/p>\n<\/td>\n<td colspan=\"2\" width=\"485\">\n<p>Bei Entscheidungen zum Baumbestand sollten auch die \u00d6kologischen Gutachten Ber\u00fccksichtigung finden, welche im Vorfeld des Baus des Johanniter-Quartiers erstellt wurden.<\/p>\n<p>\u00b7\u00a0\u00a0\u00a0\u00a0\u00a0\u00a0\u00a0\u00a0 Landschaftspflegerischer Fachbeitrag Vorhabenbezogener Bebauungsplan N 40 \u201cFriedensstrasse\/Ahornweg\u201c gem. \u00a7 12 BauGB i.V.m. \u00a7 13a BauGB (siehe Anlage 1)<\/p>\n<p>\u00b7\u00a0\u00a0\u00a0\u00a0\u00a0\u00a0\u00a0\u00a0 Artenschutzrechtlicher Fachbeitrag Vorhabensbezogener Bebauungsplan N 40 \u201eFriedensstra\u00dfe\/Ahornweg\u201c(siehe Anlage 2)<\/p>\n<p>Ist dies geschehen?<\/p>\n<\/td>\n<\/tr>\n<tr>\n<td colspan=\"2\" width=\"123\">\n<p>Online-Vorstellung<\/p>\n<\/td>\n<td colspan=\"2\" width=\"485\">\n<p>Eingebracht durch AKHNR als Nr. 15<\/p>\n<\/td>\n<\/tr>\n<tr>\n<td colspan=\"2\" width=\"123\">\n<p>Bewertung<\/p>\n<\/td>\n<td colspan=\"2\" width=\"485\">\n<p><span class=\"label label-danger\">nicht befriedigend adressiert<\/span><\/p>\n<p>Wurde nach unserer Kenntnis nicht ber\u00fccksichtigt.<\/p>\n<\/td>\n<\/tr>\n<\/tbody>\n<\/table>\n<p>\n        <\/p><\/div>    <\/div><\/div><br class=\"nc\" \/><div class=\"panel panel-default\">    <div class=\"panel-heading\" role=\"tab\" id=\"heading_citem_6a07-f652\">        <h4 class=\"panel-title\"><a class=\"accordion-toggle collapsed\" data-toggle=\"collapse\" aria-controls=\"heading_citem_6a07-f652\" data-parent=\"#collapse_1590-5875\" href=\"#citem_6a07-f652\">16. <strong>Gr\u00f6\u00dfe der Kastenlinden bei Pflanzung<\/strong> <i class=\"fa fa-caret-up\"><\/i><\/a>        <\/h4>    <\/div>    <div id=\"citem_6a07-f652\" class=\"panel-collapse collapse \" role=\"tabpanel\" aria-labelledby=\"heading_citem_6a07-f652\">        <div class=\"panel-body\">\n<table>\n<tbody>\n<tr>\n<td colspan=\"2\" width=\"123\">\n<p>Titel<\/p>\n<\/td>\n<td colspan=\"2\" width=\"485\">\n<p><strong>Gr\u00f6\u00dfe der Kastenlinden bei Pflanzung<\/strong><\/p>\n<\/td>\n<\/tr>\n<tr>\n<td width=\"38\">\n<p>Nr.<\/p>\n<\/td>\n<td width=\"85\">\n<p>16<\/p>\n<\/td>\n<td width=\"123\">\n<p>Erl\u00e4uterungsbericht<\/p>\n<\/td>\n<td width=\"362\">\n<p>4.3.2 Lindenallee zum Alten Friedhof &amp; Erschlie\u00dfungswege<\/p>\n<\/td>\n<\/tr>\n<tr>\n<td colspan=\"2\" width=\"123\">\n<p>Ordnungsbegriffe<\/p>\n<\/td>\n<td colspan=\"2\" width=\"485\">\n<p>Lindenallee \u2013 Kastenlinden<\/p>\n<\/td>\n<\/tr>\n<tr>\n<td colspan=\"2\" width=\"123\">\n<p>Inhalt<\/p>\n<\/td>\n<td colspan=\"2\" width=\"485\">\n<p>Wie gro\u00df sollen die Kastenlinden bei Pflanzung sein?<\/p>\n<p>Werden sehr junge Exemplare gesetzt, ist von einer Wartezeit von 20 Jahre auszugehen, bis die B\u00e4ume eine ansehnliche Gr\u00f6\u00dfe erreichen.<\/p>\n<p>Bis dahin w\u00e4re die Optik entsprechend der Allee entsprechend eingeschr\u00e4nkt. Da hier die Abw\u00e4gung zwischen Optik und Kosten ma\u00dfgeblich sein d\u00fcrfte, sollte die B\u00fcrgerInnen und die Entscheidungstr\u00e4gerInnen \u00fcber diesen Umstand deutlich informiert werden.<\/p>\n<\/td>\n<\/tr>\n<tr>\n<td colspan=\"2\" width=\"123\">\n<p>Online-Vorstellung<\/p>\n<\/td>\n<td colspan=\"2\" width=\"485\">\n<p>Eingebracht durch AKHNR als Nr. 16<\/p>\n<p>Zeitmarke Aufzeichnung: 00:53:37 \u2013 00:54:35<\/p>\n<p>Herr Melzer:\u201cAlso Kastenlinden haben vielleicht so einen Stammumfang von 20 cm ungef\u00e4hr und eine Krone von ungef\u00e4hr 3 x 3 m und der Stamm wird ungef\u00e4hr 2 m hoch sein, zwei vielleicht auch ein bisschen h\u00f6her. Ja, weil man will ja auch in dem Fall vielleicht mal mit dem kleineren Fahrzeug da entlangfahren k\u00f6nnen. Das sind die Gr\u00f6\u00dfen, die vorgegeben sind von den Baumschulen.Man muss nat\u00fcrlich sagen, je gr\u00f6\u00dfer die B\u00e4ume werden, umso teurer werden sie. Und ich sage immer in der Regel, der Baum kann beim Kunden wachsen.Und sich auch da beim Kunden akklimatisieren und entwickeln. Und es ist nicht so notwendig, immer gleich die ganz gro\u00dfen Kaliber [&#8230;] zu pflanzen. Es ist eine Kostenfrage. Also man kann nat\u00fcrlich auch deutlich gr\u00f6\u00dfere B\u00e4ume schon pflanzen.\u201c<\/p>\n<\/td>\n<\/tr>\n<tr>\n<td colspan=\"2\" width=\"123\">\n<p>Bewertung<\/p>\n<\/td>\n<td colspan=\"2\" width=\"485\">\n<p><span class=\"label label-success\">befriedigend adressiert<\/span><\/p>\n<p>Mit den detaillierten Angaben kann man sich eine gute Vorstellung machen.<\/p>\n<\/td>\n<\/tr>\n<\/tbody>\n<\/table>\n<p>\n        <\/p><\/div>    <\/div><\/div><br class=\"nc\" \/><div class=\"panel panel-default\">    <div class=\"panel-heading\" role=\"tab\" id=\"heading_citem_7f76-fd32\">        <h4 class=\"panel-title\"><a class=\"accordion-toggle collapsed\" data-toggle=\"collapse\" aria-controls=\"heading_citem_7f76-fd32\" data-parent=\"#collapse_1590-5875\" href=\"#citem_7f76-fd32\">17. <strong>Ausdehnung der Kastenlinden \u00fcber der Allee<\/strong> <i class=\"fa fa-caret-up\"><\/i><\/a>        <\/h4>    <\/div>    <div id=\"citem_7f76-fd32\" class=\"panel-collapse collapse \" role=\"tabpanel\" aria-labelledby=\"heading_citem_7f76-fd32\">        <div class=\"panel-body\">\n<table>\n<tbody>\n<tr>\n<td colspan=\"2\" width=\"123\">\n<p>Titel<\/p>\n<\/td>\n<td colspan=\"2\" width=\"485\">\n<p><strong>Ausdehnung der Kastenlinden \u00fcber der Allee<\/strong><\/p>\n<\/td>\n<\/tr>\n<tr>\n<td width=\"38\">\n<p>Nr.<\/p>\n<\/td>\n<td width=\"85\">\n<p>17<\/p>\n<\/td>\n<td width=\"123\">\n<p>Erl\u00e4uterungsbericht<\/p>\n<\/td>\n<td width=\"362\">\n<p>4.3.2 Lindenallee zum Alten Friedhof &amp; Erschlie\u00dfungswege<\/p>\n<\/td>\n<\/tr>\n<tr>\n<td colspan=\"2\" width=\"123\">\n<p>Ordnungsbegriffe<\/p>\n<\/td>\n<td colspan=\"2\" width=\"485\">\n<p>Lindenallee &#8211; Aussehen<\/p>\n<\/td>\n<\/tr>\n<tr>\n<td colspan=\"2\" width=\"123\">\n<p>Inhalt<\/p>\n<\/td>\n<td colspan=\"2\" width=\"485\">\n<p>Ist es das Ziel, dass die Linden ineinander wachsen sollen oder dazwischen \u201eLuft bleibt\u201c? Sollen sie einen Bogen \u00fcber den Weg bilden?<\/p>\n<\/td>\n<\/tr>\n<tr>\n<td colspan=\"2\" width=\"123\">\n<p>Online-Vorstellung<\/p>\n<\/td>\n<td colspan=\"2\" width=\"485\">\n<p>Eingebracht durch AKHNR als Nr. 17<\/p>\n<\/td>\n<\/tr>\n<tr>\n<td colspan=\"2\" width=\"123\">\n<p>Bewertung<\/p>\n<\/td>\n<td colspan=\"2\" width=\"485\">\n<p><span class=\"label label-danger\">nicht befriedigend adressiert<\/span><\/p>\n<p>Wurde nach unserer Kenntnis nicht ber\u00fccksichtigt.<\/p>\n<\/td>\n<\/tr>\n<\/tbody>\n<\/table>\n<p>\n        <\/p><\/div>    <\/div><\/div><br class=\"nc\" \/><div class=\"panel panel-default\">    <div class=\"panel-heading\" role=\"tab\" id=\"heading_citem_5686-039a\">        <h4 class=\"panel-title\"><a class=\"accordion-toggle collapsed\" data-toggle=\"collapse\" aria-controls=\"heading_citem_5686-039a\" data-parent=\"#collapse_1590-5875\" href=\"#citem_5686-039a\">18. <strong>Begriffskl\u00e4rung: abg\u00e4ngig<\/strong> <i class=\"fa fa-caret-up\"><\/i><\/a>        <\/h4>    <\/div>    <div id=\"citem_5686-039a\" class=\"panel-collapse collapse \" role=\"tabpanel\" aria-labelledby=\"heading_citem_5686-039a\">        <div class=\"panel-body\">\n<table>\n<tbody>\n<tr>\n<td colspan=\"2\" width=\"123\">\n<p>Titel<\/p>\n<\/td>\n<td colspan=\"2\" width=\"485\">\n<p><strong>Begriffskl\u00e4rung: abg\u00e4ngig<\/strong><\/p>\n<\/td>\n<\/tr>\n<tr>\n<td width=\"38\">\n<p>Nr.<\/p>\n<\/td>\n<td width=\"85\">\n<p>18<\/p>\n<\/td>\n<td width=\"123\">\n<p>Erl\u00e4uterungsbericht<\/p>\n<\/td>\n<td width=\"362\">\n<p>4.3.2 Lindenallee zum Alten Friedhof &amp; Erschlie\u00dfungswege<\/p>\n<\/td>\n<\/tr>\n<tr>\n<td colspan=\"2\" width=\"123\">\n<p>Ordnungsbegriffe<\/p>\n<\/td>\n<td colspan=\"2\" width=\"485\">\n<p>B\u00e4ume \u2013 Begriffskl\u00e4rung<\/p>\n<\/td>\n<\/tr>\n<tr>\n<td colspan=\"2\" width=\"123\">\n<p>Inhalt<\/p>\n<\/td>\n<td colspan=\"2\" width=\"485\">\n<p>Zum Baumbestand auf dem Friedhof: was ist unter dem Begriff \u201eabg\u00e4ngig\u201c zu verstehen?<\/p>\n<p>Siehe Erl\u00e4uterungsbericht, S. 12: \u201eVitale, \u00fcberwiegend gesunde B\u00e4ume bleiben erhalten, gesch\u00e4digte und abg\u00e4ngige B\u00e4ume werden entfernt.\u201c<\/p>\n<\/td>\n<\/tr>\n<tr>\n<td colspan=\"2\" width=\"123\">\n<p>Online-Vorstellung<\/p>\n<\/td>\n<td colspan=\"2\" width=\"485\">\n<p>Eingebracht durch AKHNR als Nr. 18<\/p>\n<\/td>\n<\/tr>\n<tr>\n<td colspan=\"2\" width=\"123\">\n<p>Bewertung<\/p>\n<\/td>\n<td colspan=\"2\" width=\"485\">\n<p><span class=\"label label-danger\">nicht befriedigend adressiert<\/span><\/p>\n<p>Wurde nach unserer Kenntnis nicht ber\u00fccksichtigt.<\/p>\n<\/td>\n<\/tr>\n<\/tbody>\n<\/table>\n<p>\n        <\/p><\/div>    <\/div><\/div><br class=\"nc\" \/><div class=\"panel panel-default\">    <div class=\"panel-heading\" role=\"tab\" id=\"heading_citem_1909-b6f4\">        <h4 class=\"panel-title\"><a class=\"accordion-toggle collapsed\" data-toggle=\"collapse\" aria-controls=\"heading_citem_1909-b6f4\" data-parent=\"#collapse_1590-5875\" href=\"#citem_1909-b6f4\">19. <strong>Ver\u00f6ffentlichung der Baumgutachten<\/strong> <i class=\"fa fa-caret-up\"><\/i><\/a>        <\/h4>    <\/div>    <div id=\"citem_1909-b6f4\" class=\"panel-collapse collapse \" role=\"tabpanel\" aria-labelledby=\"heading_citem_1909-b6f4\">        <div class=\"panel-body\">\n<table>\n<tbody>\n<tr>\n<td colspan=\"2\" width=\"123\">\n<p>Titel<\/p>\n<\/td>\n<td colspan=\"2\" width=\"485\">\n<p><strong>Ver\u00f6ffentlichung der Baumgutachten<\/strong><\/p>\n<\/td>\n<\/tr>\n<tr>\n<td width=\"38\">\n<p>Nr.<\/p>\n<\/td>\n<td width=\"85\">\n<p>19<\/p>\n<\/td>\n<td width=\"123\">\n<p>Erl\u00e4uterungsbericht<\/p>\n<\/td>\n<td width=\"362\">\n<p>4.3.2 Lindenallee zum Alten Friedhof &amp; Erschlie\u00dfungswege<\/p>\n<\/td>\n<\/tr>\n<tr>\n<td colspan=\"2\" width=\"123\">\n<p>Ordnungsbegriffe<\/p>\n<\/td>\n<td colspan=\"2\" width=\"485\">\n<p>B\u00e4ume \u2013 Baumgutachten<\/p>\n<\/td>\n<\/tr>\n<tr>\n<td colspan=\"2\" width=\"123\">\n<p>Inhalt<\/p>\n<\/td>\n<td colspan=\"2\" width=\"485\">\n<p>Sind die Baumgutachten \u00f6ffentlich zug\u00e4nglich?Falls nicht, kann die Ver\u00f6ffentlichung erfolgen?<\/p>\n<p>Siehe Erl\u00e4uterungsbericht, S. 12: \u201eF\u00fcr die B\u00e4ume auf dem Alten Friedhof liegen Baumgutachten vor.\u201c<\/p>\n<\/td>\n<\/tr>\n<tr>\n<td colspan=\"2\" width=\"123\">\n<p>Online-Vorstellung<\/p>\n<\/td>\n<td colspan=\"2\" width=\"485\">\n<p>Eingebracht durch AKHNR als Nr. 19<\/p>\n<p>Zeitmarke Aufzeichnung: 00:49:41 \u2013 00:51:14<\/p>\n<p>Herr K\u00e4mmerling:\u201e[\u2026] es gibt kein explizites Baum-Gutachten zu den B\u00e4umen, die B\u00e4ume der der Stadt werden ja jedes Jahr einmal kontrolliert in unserem Baum Kataster bekommen eine Note und darauf greifen wir zur\u00fcck. Das kann man nat\u00fcrlich dann auch noch mal zur Kenntnis geben. Wir k\u00f6nnen einen Auszug machen aus dem Baum-Kataster. Da kann man dann die Note und die entsprechenden Vorsch\u00e4digungen der einzelnen B\u00e4ume auch noch mal nachlesen.<\/p>\n<p>[\u2026] die Noten Skala von 1 bis 6, eins ist also sehr gut. Ab vier wird es dann f\u00fcr uns seitens der Stadt ein bisschen kritischer, weil wir dann eben davon ausgehen, dass die Stand- und die Bruchsicherheit nicht mehr so ohne Weiteres gegeben ist und wir dann die B\u00e4ume einfach st\u00e4rker im Auge haben und auch schon erste Baumpflege Ma\u00dfnahmen haben. Da der aktuelle Stand, ich habe gerade eben mal ins Baum-Kontrollbuch geguckt, wenn wir uns die B\u00e4ume an der, also an [dem] ehemaligen Eingangsbereich angucken, die liegen von der Note her zwischen drei, also einer hat die drei, das ist also noch ausreichend und die anderen haben dann die Note 3,5 bis 4. Ist auch ganz klar begr\u00fcndet, wenn man sich die B\u00e4ume dort mal anschaut, dass die nat\u00fcrlich nicht mehr in einem optimalen Zustand sind.\u201c<\/p>\n<\/td>\n<\/tr>\n<tr>\n<td colspan=\"2\" width=\"123\">\n<p>Bewertung<\/p>\n<\/td>\n<td colspan=\"2\" width=\"485\">\n<p><span class=\"label label-warning\">bedingt befriedigend adressiert; Informationen stehen noch aus<\/span><\/p>\n<p>\u00b7\u00a0\u00a0\u00a0\u00a0\u00a0\u00a0\u00a0\u00a0 Der Auszug aus dem Baum-Kataster ist nach unserem Kenntnisstand noch nicht verf\u00fcgbar.<\/p>\n<p>\u00b7\u00a0\u00a0\u00a0\u00a0\u00a0\u00a0\u00a0\u00a0 Auch wenn der Zustand nicht optimal ist, so sollten B\u00e4ume mit Note 4 nicht ohne Not gef\u00e4llt werden.<\/p>\n<p>\u00b7\u00a0\u00a0\u00a0\u00a0\u00a0\u00a0\u00a0\u00a0 Dass die B\u00e4ume die St\u00fcrme 2018 \u00fcberstanden haben, deutet auf ihre gute Verfassung hin. Optisch ist gerade beim vordersten (an der Friedensstra\u00dfe) keinerlei Schw\u00e4chung im Wuchs oder in der Belaubung zu erkennen.<\/p>\n<\/td>\n<\/tr>\n<\/tbody>\n<\/table>\n<p>\n        <\/p><\/div>    <\/div><\/div><br class=\"nc\" \/><div class=\"panel panel-default\">    <div class=\"panel-heading\" role=\"tab\" id=\"heading_citem_10a0-7c6d\">        <h4 class=\"panel-title\"><a class=\"accordion-toggle collapsed\" data-toggle=\"collapse\" aria-controls=\"heading_citem_10a0-7c6d\" data-parent=\"#collapse_1590-5875\" href=\"#citem_10a0-7c6d\">20. <strong>Vitalit\u00e4tspr\u00fcfung der B\u00e4ume<\/strong> <i class=\"fa fa-caret-up\"><\/i><\/a>        <\/h4>    <\/div>    <div id=\"citem_10a0-7c6d\" class=\"panel-collapse collapse \" role=\"tabpanel\" aria-labelledby=\"heading_citem_10a0-7c6d\">        <div class=\"panel-body\">\n<table>\n<tbody>\n<tr>\n<td colspan=\"2\" width=\"123\">\n<p>Titel<\/p>\n<\/td>\n<td colspan=\"2\" width=\"485\">\n<p><strong>Vitalit\u00e4tspr\u00fcfung der B\u00e4ume<\/strong><\/p>\n<\/td>\n<\/tr>\n<tr>\n<td width=\"38\">\n<p>Nr.<\/p>\n<\/td>\n<td width=\"85\">\n<p>20<\/p>\n<\/td>\n<td width=\"123\">\n<p>Erl\u00e4uterungsbericht<\/p>\n<\/td>\n<td width=\"362\">\n<p>4.3.2 Lindenallee zum Alten Friedhof &amp; Erschlie\u00dfungswege<\/p>\n<\/td>\n<\/tr>\n<tr>\n<td colspan=\"2\" width=\"123\">\n<p>Ordnungsbegriffe<\/p>\n<\/td>\n<td colspan=\"2\" width=\"485\">\n<p>B\u00e4ume \u2013 Vitalit\u00e4tspr\u00fcfungen<\/p>\n<\/td>\n<\/tr>\n<tr>\n<td colspan=\"2\" width=\"123\">\n<p>Inhalt<\/p>\n<\/td>\n<td colspan=\"2\" width=\"485\">\n<p>Sind mit dem Baumgutachten Vitalit\u00e4tspr\u00fcfungen erfolgt?Wie lautet das Ergebnis?<\/p>\n<\/td>\n<\/tr>\n<tr>\n<td colspan=\"2\" width=\"123\">\n<p>Online-Vorstellung<\/p>\n<\/td>\n<td colspan=\"2\" width=\"485\">\n<p>Eingebracht durch AKHNR als Nr. 20<\/p>\n<\/td>\n<\/tr>\n<tr>\n<td colspan=\"2\" width=\"123\">\n<p>Bewertung<\/p>\n<\/td>\n<td colspan=\"2\" width=\"485\">\n<p><span class=\"label label-danger\">nicht befriedigend adressiert<\/span><\/p>\n<p>Wurde nach unserer Kenntnis nicht ber\u00fccksichtigt.<\/p>\n<\/td>\n<\/tr>\n<\/tbody>\n<\/table>\n<p>\n        <\/p><\/div>    <\/div><\/div><br class=\"nc\" \/><div class=\"panel panel-default\">    <div class=\"panel-heading\" role=\"tab\" id=\"heading_citem_f691-9fa5\">        <h4 class=\"panel-title\"><a class=\"accordion-toggle collapsed\" data-toggle=\"collapse\" aria-controls=\"heading_citem_f691-9fa5\" data-parent=\"#collapse_1590-5875\" href=\"#citem_f691-9fa5\">21. <strong>\u00d6kologischer Ausgleich f\u00fcr F\u00e4llungen<\/strong> <i class=\"fa fa-caret-up\"><\/i><\/a>        <\/h4>    <\/div>    <div id=\"citem_f691-9fa5\" class=\"panel-collapse collapse \" role=\"tabpanel\" aria-labelledby=\"heading_citem_f691-9fa5\">        <div class=\"panel-body\">\n<table>\n<tbody>\n<tr>\n<td colspan=\"2\" width=\"123\">\n<p>Titel<\/p>\n<\/td>\n<td colspan=\"2\" width=\"485\">\n<p><strong>\u00d6kologischer Ausgleich f\u00fcr F\u00e4llungen<\/strong><\/p>\n<\/td>\n<\/tr>\n<tr>\n<td width=\"38\">\n<p>Nr.<\/p>\n<\/td>\n<td width=\"85\">\n<p>21<\/p>\n<\/td>\n<td width=\"123\">\n<p>Erl\u00e4uterungsbericht<\/p>\n<\/td>\n<td width=\"362\">\n<p>4.3.2 Lindenallee zum Alten Friedhof &amp; Erschlie\u00dfungswege<\/p>\n<\/td>\n<\/tr>\n<tr>\n<td colspan=\"2\" width=\"123\">\n<p>Ordnungsbegriffe<\/p>\n<\/td>\n<td colspan=\"2\" width=\"485\">\n<p>B\u00e4ume \u2013 \u00d6kologischer Ausgleich<\/p>\n<\/td>\n<\/tr>\n<tr>\n<td colspan=\"2\" width=\"123\">\n<p>Inhalt<\/p>\n<\/td>\n<td colspan=\"2\" width=\"485\">\n<p>Sollten die gro\u00dfe Fichte und die gro\u00dfe Kiefer auf dem Friedhofsgel\u00e4nde gef\u00e4llt werden ist ein \u00f6kologischer Ausgleich erforderlich. Ist dieser eingeplant?<\/p>\n<\/td>\n<\/tr>\n<tr>\n<td colspan=\"2\" width=\"123\">\n<p>Online-Vorstellung<\/p>\n<\/td>\n<td colspan=\"2\" width=\"485\">\n<p>Eingebracht durch AKHNR als Nr. 21<\/p>\n<p>Zeitmarke Aufzeichnung: 00:55:00 \u2013 00:55:24<\/p>\n<p>Herr K\u00e4mmerling:\u201eAlso es gibt ja den Stadtverordnetenbeschluss, dass wir f\u00fcr jeden gef\u00e4llten Baum im Stadtgebiet einen nachpflanzen. Das tun wir auch an der Stelle. Wenn Sie aber sehen, wir werden ja mehr B\u00e4ume in der Planung drin haben als im Bestand jetzt sind. Von daher ist die [\u2026] Fichte und der Ahorn, der so stark vorgesch\u00e4digt ist, aus meiner Sicht schon vor Ort dann ausgeglichen.\u201c<\/p>\n<\/td>\n<\/tr>\n<tr>\n<td colspan=\"2\" width=\"123\">\n<p>Bewertung<\/p>\n<\/td>\n<td colspan=\"2\" width=\"485\">\n<p><span class=\"label label-success\">befriedigend adressiert<\/span><\/p>\n<p>Der Ausgleich ist eingeplant.<\/p>\n<\/td>\n<\/tr>\n<\/tbody>\n<\/table>\n<p>\n        <\/p><\/div>    <\/div><\/div><br class=\"nc\" \/><div class=\"panel panel-default\">    <div class=\"panel-heading\" role=\"tab\" id=\"heading_citem_2dda-d741\">        <h4 class=\"panel-title\"><a class=\"accordion-toggle collapsed\" data-toggle=\"collapse\" aria-controls=\"heading_citem_2dda-d741\" data-parent=\"#collapse_1590-5875\" href=\"#citem_2dda-d741\">22. <strong>Verdunklung wassergebundener Decken<\/strong> <i class=\"fa fa-caret-up\"><\/i><\/a>        <\/h4>    <\/div>    <div id=\"citem_2dda-d741\" class=\"panel-collapse collapse \" role=\"tabpanel\" aria-labelledby=\"heading_citem_2dda-d741\">        <div class=\"panel-body\">\n<table>\n<tbody>\n<tr>\n<td colspan=\"2\" width=\"123\">\n<p>Titel<\/p>\n<\/td>\n<td colspan=\"2\" width=\"485\">\n<p><strong>Verdunklung wassergebundener Decken<\/strong><\/p>\n<\/td>\n<\/tr>\n<tr>\n<td width=\"38\">\n<p>Nr.<\/p>\n<\/td>\n<td width=\"85\">\n<p>22<\/p>\n<\/td>\n<td width=\"123\">\n<p>Erl\u00e4uterungsbericht<\/p>\n<\/td>\n<td width=\"362\">\n<p>4.3.2 Lindenallee zum Alten Friedhof &amp; Erschlie\u00dfungswege<\/p>\n<\/td>\n<\/tr>\n<tr>\n<td colspan=\"2\" width=\"123\">\n<p>Ordnungsbegriffe<\/p>\n<\/td>\n<td colspan=\"2\" width=\"485\">\n<p>Wege \u2013 wassergebunden \u2013 Material<\/p>\n<\/td>\n<\/tr>\n<tr>\n<td colspan=\"2\" width=\"123\">\n<p>Inhalt<\/p>\n<\/td>\n<td colspan=\"2\" width=\"485\">\n<p>Mit welchem Material werden die wassergebundenen Decken ausgef\u00fchrt?<\/p>\n<p>Auf der ebenfalls von Herrn Melzer gestalteten Gedenkst\u00e4tte f\u00fcr das Lager Rollwald ist das urspr\u00fcnglich helle Material deutlich abgedunkelt.<\/p>\n<\/td>\n<\/tr>\n<tr>\n<td colspan=\"2\" width=\"123\">\n<p>Online-Vorstellung<\/p>\n<\/td>\n<td colspan=\"2\" width=\"485\">\n<p>Eingebracht durch AKHNR als Nr. 22<\/p>\n<p>Zeitmarke Aufzeichnung: 00:55:00 \u2013 00:55:24<\/p>\n<p>Moderator:\u201eWenn man bei dem Punkten [\u2026] der wassergebundenen Fl\u00e4chen [bleibt]. [\u2026]. Aus welchem Material sind die oder wie sehen die aus? Ist da die Frage, kann man dazu was sagen?\u201c<\/p>\n<p>Herr Melzer:\u201eWassergebundene Fl\u00e4che: das ist im Prinzip ein Splitt mit einer Steingr\u00f6\u00dfe von ungef\u00e4hr f\u00fcnf Millimetern und da kommt dazu noch mal ein Feinanteil, der so eine Bindung bringt. Also im Prinzip sieht es aus wie auf dem Tennisplatz, nur es gibt es in allen Farben und auch mit \u00f6rtlichem Material durchaus machbar also.Das ist der klassische Parkweg.<\/p>\n<p>Moderator:\u201eUnd die allerletzte Materialauswahl Herr Melzer ist eben auch noch nicht getroffen?\u201c<\/p>\n<p>Herr Melzer: [best\u00e4tigt]<\/p>\n<\/td>\n<\/tr>\n<tr>\n<td colspan=\"2\" width=\"123\">\n<p>Bewertung<\/p>\n<\/td>\n<td colspan=\"2\" width=\"485\">\n<p><span class=\"label label-danger\">nicht befriedigend adressiert<\/span><\/p>\n<p>Die Frage wurde durch den Moderator ohne den angegebenen Kontext zum Lager Rollwald wiedergegeben.<\/p>\n<p>Dadurch wurde die Problematik des Abdunkelns nicht adressiert.<\/p>\n<p>Welches Material soll denn nun verwendet werden \u2013 \u00f6rtliches Material?Welche Farben stehen zu Wahl?Wie l\u00e4uft hierzu die Konkretisierung ab?<\/p>\n<\/td>\n<\/tr>\n<\/tbody>\n<\/table>\n<p>\n        <\/p><\/div>    <\/div><\/div><br class=\"nc\" \/><div class=\"panel panel-default\">    <div class=\"panel-heading\" role=\"tab\" id=\"heading_citem_7528-7113\">        <h4 class=\"panel-title\"><a class=\"accordion-toggle collapsed\" data-toggle=\"collapse\" aria-controls=\"heading_citem_7528-7113\" data-parent=\"#collapse_1590-5875\" href=\"#citem_7528-7113\">23. <strong>Boccia-Feld \u2013 Markierung<\/strong> <i class=\"fa fa-caret-up\"><\/i><\/a>        <\/h4>    <\/div>    <div id=\"citem_7528-7113\" class=\"panel-collapse collapse \" role=\"tabpanel\" aria-labelledby=\"heading_citem_7528-7113\">        <div class=\"panel-body\">\n<table>\n<tbody>\n<tr>\n<td colspan=\"2\" width=\"123\">\n<p>Titel<\/p>\n<\/td>\n<td colspan=\"2\" width=\"485\">\n<p><strong>Boccia-Feld \u2013 Markierung<\/strong><\/p>\n<\/td>\n<\/tr>\n<tr>\n<td width=\"38\">\n<p>Nr.<\/p>\n<\/td>\n<td width=\"85\">\n<p>23<\/p>\n<\/td>\n<td width=\"123\">\n<p>Erl\u00e4uterungsbericht<\/p>\n<\/td>\n<td width=\"362\">\n<p>4.3.2 Lindenallee zum Alten Friedhof &amp; Erschlie\u00dfungswege<\/p>\n<\/td>\n<\/tr>\n<tr>\n<td colspan=\"2\" width=\"123\">\n<p>Ordnungsbegriffe<\/p>\n<\/td>\n<td colspan=\"2\" width=\"485\">\n<p>Fl\u00e4che vor den Zypressen \u2013 Boccia-Feld<\/p>\n<\/td>\n<\/tr>\n<tr>\n<td colspan=\"2\" width=\"123\">\n<p>Inhalt<\/p>\n<\/td>\n<td colspan=\"2\" width=\"485\">\n<p>Gehen wir recht in der Annahme, dass das im Plan mittels einer gestrichelten Linie angedeutete Boccia-Feld nicht durch bauliche Ma\u00dfnahmen (z. B. Einfassung aus Holz o. \u00c4.) markiert werden soll?<\/p>\n<\/td>\n<\/tr>\n<tr>\n<td colspan=\"2\" width=\"123\">\n<p>Online-Vorstellung<\/p>\n<\/td>\n<td colspan=\"2\" width=\"485\">\n<p>Eingebracht durch AKHNR als Nr. 23<\/p>\n<p>Zeitmarke Aufzeichnung: 01:19:55 \u2013 01:20:25<\/p>\n<p>Herr Melzer:\u201eDie gestrichelte Linie zeigt die Gr\u00f6\u00dfe eines Trainingsfelds von 3 x 12 m. Und das war mir wichtig, dass ich einfach nachweise man kann ein Boccia-Trainingsfeld auf dieser Fl\u00e4che unterbringen. [\u2026] Ansonsten ist das keine bauliche Linie, sondern die Kugel, nach der man wirft, die liegt dann da eben. Und es braucht ja auch keine Abgrenzung dort mehr.\u201c<\/p>\n<\/td>\n<\/tr>\n<tr>\n<td colspan=\"2\" width=\"123\">\n<p>Bewertung<\/p>\n<\/td>\n<td colspan=\"2\" width=\"485\">\n<p><span class=\"label label-success\">befriedigend adressiert<\/span><\/p>\n<p>Das Feld soll nicht baulich abgetrennt oder markiert werden.<\/p>\n<\/td>\n<\/tr>\n<\/tbody>\n<\/table>\n<p>\n        <\/p><\/div>    <\/div><\/div><br class=\"nc\" \/><div class=\"panel panel-default\">    <div class=\"panel-heading\" role=\"tab\" id=\"heading_citem_ee1f-20a2\">        <h4 class=\"panel-title\"><a class=\"accordion-toggle collapsed\" data-toggle=\"collapse\" aria-controls=\"heading_citem_ee1f-20a2\" data-parent=\"#collapse_1590-5875\" href=\"#citem_ee1f-20a2\">24. <strong>Abstimmung bez\u00fcglich der Ma\u00dfe von B\u00fchnenelementen<\/strong> <i class=\"fa fa-caret-up\"><\/i><\/a>        <\/h4>    <\/div>    <div id=\"citem_ee1f-20a2\" class=\"panel-collapse collapse \" role=\"tabpanel\" aria-labelledby=\"heading_citem_ee1f-20a2\">        <div class=\"panel-body\">\n<table>\n<tbody>\n<tr>\n<td colspan=\"2\" width=\"123\">\n<p>Titel<\/p>\n<\/td>\n<td colspan=\"2\" width=\"485\">\n<p><strong>Abstimmung bez\u00fcglich der Ma\u00dfe von B\u00fchnenelementen<\/strong><\/p>\n<\/td>\n<\/tr>\n<tr>\n<td width=\"38\">\n<p>Nr.<\/p>\n<\/td>\n<td width=\"85\">\n<p>24<\/p>\n<\/td>\n<td width=\"123\">\n<p>Erl\u00e4uterungsbericht<\/p>\n<\/td>\n<td width=\"362\">\n<p>4.3.2 Lindenallee zum Alten Friedhof &amp; Erschlie\u00dfungswege<\/p>\n<\/td>\n<\/tr>\n<tr>\n<td colspan=\"2\" width=\"123\">\n<p>Ordnungsbegriffe<\/p>\n<\/td>\n<td colspan=\"2\" width=\"485\">\n<p>Fl\u00e4che vor den Zypressen \u2013 Abmessungen<\/p>\n<\/td>\n<\/tr>\n<tr>\n<td colspan=\"2\" width=\"123\">\n<p>Inhalt<\/p>\n<\/td>\n<td colspan=\"2\" width=\"485\">\n<p>Die Ma\u00dfe der wassergebundenen Fl\u00e4che vor den Zypressen sollten mit Vereinen (z. B. Theatergruppe Gro\u00dfes Welttheater Rodgau e. V., Laienspielgruppe Nieder-Roden 1991 e.V., Musikverein Nieder-Roden e. V.) abgestimmt werden, um passend zu \u00fcblichen mobilen B\u00fchnenelementen bemessen zu sein.<\/p>\n<\/td>\n<\/tr>\n<tr>\n<td colspan=\"2\" width=\"123\">\n<p>Online-Vorstellung<\/p>\n<\/td>\n<td colspan=\"2\" width=\"485\">\n<p>Eingebracht durch AKHNR als Nr. 24<\/p>\n<\/td>\n<\/tr>\n<tr>\n<td colspan=\"2\" width=\"123\">\n<p>Bewertung<\/p>\n<\/td>\n<td colspan=\"2\" width=\"485\">\n<p><span class=\"label label-danger\">nicht befriedigend adressiert<\/span><\/p>\n<p>Wurde nach unserer Kenntnis nicht ber\u00fccksichtigt.<\/p>\n<\/td>\n<\/tr>\n<\/tbody>\n<\/table>\n<p>\n        <\/p><\/div>    <\/div><\/div><br class=\"nc\" \/><div class=\"panel panel-default\">    <div class=\"panel-heading\" role=\"tab\" id=\"heading_citem_a251-3536\">        <h4 class=\"panel-title\"><a class=\"accordion-toggle collapsed\" data-toggle=\"collapse\" aria-controls=\"heading_citem_a251-3536\" data-parent=\"#collapse_1590-5875\" href=\"#citem_a251-3536\">25. <strong>Stromanschl\u00fcsse an der Fl\u00e4che vor den Zypressen<\/strong> <i class=\"fa fa-caret-up\"><\/i><\/a>        <\/h4>    <\/div>    <div id=\"citem_a251-3536\" class=\"panel-collapse collapse \" role=\"tabpanel\" aria-labelledby=\"heading_citem_a251-3536\">        <div class=\"panel-body\">\n<table>\n<tbody>\n<tr>\n<td colspan=\"2\" width=\"123\">\n<p>Titel<\/p>\n<\/td>\n<td colspan=\"2\" width=\"485\">\n<p><strong>Stromanschl\u00fcsse an der Fl\u00e4che vor den Zypressen<\/strong><\/p>\n<\/td>\n<\/tr>\n<tr>\n<td width=\"38\">\n<p>Nr.<\/p>\n<\/td>\n<td width=\"85\">\n<p>25<\/p>\n<\/td>\n<td width=\"123\">\n<p>Erl\u00e4uterungsbericht<\/p>\n<\/td>\n<td width=\"362\">\n<p>4.3.2 Lindenallee zum Alten Friedhof &amp; Erschlie\u00dfungswege<\/p>\n<\/td>\n<\/tr>\n<tr>\n<td colspan=\"2\" width=\"123\">\n<p>Ordnungsbegriffe<\/p>\n<\/td>\n<td colspan=\"2\" width=\"485\">\n<p>Fl\u00e4che vor den Zypressen \u2013 Stromanschl\u00fcsse<\/p>\n<\/td>\n<\/tr>\n<tr>\n<td colspan=\"2\" width=\"123\">\n<p>Inhalt<\/p>\n<\/td>\n<td colspan=\"2\" width=\"485\">\n<p>An der wassergebundenen Fl\u00e4che am Kruzifix sollten auch Stromanschl\u00fcsse (in den Boden eingelassen oder\/und an der Au\u00dfenwand) vorgesehen werden. Die weitere Abstimmung mit den Vereinen (z. B. Theatergruppe Gro\u00dfes Welttheater Rodgau e. V., Laienspielgruppe Nieder-Roden 1991 e.V., Musikverein Nieder-Roden e. V.) ist sinnvoll.<\/p>\n<\/td>\n<\/tr>\n<tr>\n<td colspan=\"2\" width=\"123\">\n<p>Online-Vorstellung<\/p>\n<\/td>\n<td colspan=\"2\" width=\"485\">\n<p>Eingebracht durch AKHNR als Nr. 25<\/p>\n<\/td>\n<\/tr>\n<tr>\n<td colspan=\"2\" width=\"123\">\n<p>Bewertung<\/p>\n<\/td>\n<td colspan=\"2\" width=\"485\">\n<p><span class=\"label label-danger\">nicht befriedigend adressiert<\/span><\/p>\n<p>Wurde nach unserer Kenntnis nicht ber\u00fccksichtigt.<\/p>\n<\/td>\n<\/tr>\n<\/tbody>\n<\/table>\n<p>\n        <\/p><\/div>    <\/div><\/div><br class=\"nc\" \/><div class=\"panel panel-default\">    <div class=\"panel-heading\" role=\"tab\" id=\"heading_citem_fa7a-1bca\">        <h4 class=\"panel-title\"><a class=\"accordion-toggle collapsed\" data-toggle=\"collapse\" aria-controls=\"heading_citem_fa7a-1bca\" data-parent=\"#collapse_1590-5875\" href=\"#citem_fa7a-1bca\">26. <strong>Ordnung der Grabsteine<\/strong> <i class=\"fa fa-caret-up\"><\/i><\/a>        <\/h4>    <\/div>    <div id=\"citem_fa7a-1bca\" class=\"panel-collapse collapse \" role=\"tabpanel\" aria-labelledby=\"heading_citem_fa7a-1bca\">        <div class=\"panel-body\">\n<table>\n<tbody>\n<tr>\n<td colspan=\"2\" width=\"123\">\n<p>Titel<\/p>\n<\/td>\n<td colspan=\"2\" width=\"485\">\n<p><strong>Ordnung der Grabsteine<\/strong><\/p>\n<\/td>\n<\/tr>\n<tr>\n<td width=\"38\">\n<p>Nr.<\/p>\n<\/td>\n<td width=\"85\">\n<p>26<\/p>\n<\/td>\n<td width=\"123\">\n<p>Erl\u00e4uterungsbericht<\/p>\n<\/td>\n<td width=\"362\">\n<p>4.3.3. Rodgauer Lapidarium entlang der Friedhofsmauer<\/p>\n<\/td>\n<\/tr>\n<tr>\n<td colspan=\"2\" width=\"123\">\n<p>Ordnungsbegriffe<\/p>\n<\/td>\n<td colspan=\"2\" width=\"485\">\n<p>Lapidarium \u2013 Grabsteine \u2013 Anordnung<\/p>\n<\/td>\n<\/tr>\n<tr>\n<td colspan=\"2\" width=\"123\">\n<p>Inhalt<\/p>\n<\/td>\n<td colspan=\"2\" width=\"485\">\n<p>Vorschlag f\u00fcr die Neuordnung der Grabsteine:Nach Todesdatum (also in chronologischer Reihenfolge) in Kombination mit erl\u00e4uternden Tafeln.<\/p>\n<p>Diese Anordnung w\u00fcrde eine sinnvolle Erkl\u00e4rung der Herstellungsverfahren und Stile der Grabsteine selbst m\u00f6glich machen.<\/p>\n<\/td>\n<\/tr>\n<tr>\n<td colspan=\"2\" width=\"123\">\n<p>Online-Vorstellung<\/p>\n<\/td>\n<td colspan=\"2\" width=\"485\">\n<p>Eingebracht durch AKHNR als Nr. 26<\/p>\n<\/td>\n<\/tr>\n<tr>\n<td colspan=\"2\" width=\"123\">\n<p>Bewertung<\/p>\n<\/td>\n<td colspan=\"2\" width=\"485\">\n<p><span class=\"label label-danger\">nicht befriedigend adressiert<\/span><\/p>\n<p>Wurde nach unserer Kenntnis nicht ber\u00fccksichtigt.<\/p>\n<\/td>\n<\/tr>\n<\/tbody>\n<\/table>\n<p>\n        <\/p><\/div>    <\/div><\/div><br class=\"nc\" \/><div class=\"panel panel-default\">    <div class=\"panel-heading\" role=\"tab\" id=\"heading_citem_2321-83a9\">        <h4 class=\"panel-title\"><a class=\"accordion-toggle collapsed\" data-toggle=\"collapse\" aria-controls=\"heading_citem_2321-83a9\" data-parent=\"#collapse_1590-5875\" href=\"#citem_2321-83a9\">27. <strong>Erg\u00e4nzung um weitere Grabsteine<\/strong> <i class=\"fa fa-caret-up\"><\/i><\/a>        <\/h4>    <\/div>    <div id=\"citem_2321-83a9\" class=\"panel-collapse collapse \" role=\"tabpanel\" aria-labelledby=\"heading_citem_2321-83a9\">        <div class=\"panel-body\">\n<table>\n<tbody>\n<tr>\n<td colspan=\"2\" width=\"123\">\n<p>Titel<\/p>\n<\/td>\n<td colspan=\"2\" width=\"485\">\n<p><strong>Erg\u00e4nzung um weitere Grabsteine<\/strong><\/p>\n<\/td>\n<\/tr>\n<tr>\n<td width=\"38\">\n<p>Nr.<\/p>\n<\/td>\n<td width=\"85\">\n<p>27<\/p>\n<\/td>\n<td width=\"123\">\n<p>Erl\u00e4uterungsbericht<\/p>\n<\/td>\n<td width=\"362\">\n<p>4.3.3. Rodgauer Lapidarium entlang der Friedhofsmauer<\/p>\n<\/td>\n<\/tr>\n<tr>\n<td colspan=\"2\" width=\"123\">\n<p>Ordnungsbegriffe<\/p>\n<\/td>\n<td colspan=\"2\" width=\"485\">\n<p>Lapidarium \u2013 Grabsteine \u2013 Erweiterungen<\/p>\n<\/td>\n<\/tr>\n<tr>\n<td colspan=\"2\" width=\"123\">\n<p>Inhalt<\/p>\n<\/td>\n<td colspan=\"2\" width=\"485\">\n<p>Es sind zwei weitere Grabsteine von bekannten Pers\u00f6nlichkeiten des Ortes (Leonhard Hartig und Christian Simon) durch den AKHNR gesichert worden, die ebenfalls aufgestellt werden sollten.<\/p>\n<p>Die Einbeziehung weiterer Grabsteine (z. B. Lehrer Karl M\u00fcller, Johann Weyland, und weitere\u2026), auch in der Zukunft, sollte stetig gepr\u00fcft werden. Der AKHNR unterst\u00fctzt dabei gerne und gibt Impulse.<\/p>\n<\/td>\n<\/tr>\n<tr>\n<td colspan=\"2\" width=\"123\">\n<p>Online-Vorstellung<\/p>\n<\/td>\n<td colspan=\"2\" width=\"485\">\n<p>Teilweise eingebracht durch AKHNR als Nr. 27<\/p>\n<p>\u00a0<\/p>\n<p>Herr K\u00e4mmerling:<\/p>\n<p>\u201eToll. Sehr gut. Bitte, bitte. Bitte. Sehr gerne. Freuen wir uns dar\u00fcber.\u201c<\/p>\n<\/td>\n<\/tr>\n<tr>\n<td colspan=\"2\" width=\"123\">\n<p>Bewertung<\/p>\n<\/td>\n<td colspan=\"2\" width=\"485\">\n<p><span class=\"label label-success\">befriedigend adressiert<\/span><\/p>\n<p>Vorschlag wurde positiv angenommen.<\/p>\n<\/td>\n<\/tr>\n<\/tbody>\n<\/table>\n<p>\n        <\/p><\/div>    <\/div><\/div><br class=\"nc\" \/><div class=\"panel panel-default\">    <div class=\"panel-heading\" role=\"tab\" id=\"heading_citem_14bd-e7c5\">        <h4 class=\"panel-title\"><a class=\"accordion-toggle collapsed\" data-toggle=\"collapse\" aria-controls=\"heading_citem_14bd-e7c5\" data-parent=\"#collapse_1590-5875\" href=\"#citem_14bd-e7c5\">28. <strong>Konzentration des Lapidariums<\/strong> <i class=\"fa fa-caret-up\"><\/i><\/a>        <\/h4>    <\/div>    <div id=\"citem_14bd-e7c5\" class=\"panel-collapse collapse \" role=\"tabpanel\" aria-labelledby=\"heading_citem_14bd-e7c5\">        <div class=\"panel-body\">\n<table>\n<tbody>\n<tr>\n<td colspan=\"2\" width=\"123\">\n<p>Titel<\/p>\n<\/td>\n<td colspan=\"2\" width=\"485\">\n<p><strong>Konzentration des Lapidariums<\/strong><\/p>\n<\/td>\n<\/tr>\n<tr>\n<td width=\"38\">\n<p>Nr.<\/p>\n<\/td>\n<td width=\"85\">\n<p>28<\/p>\n<\/td>\n<td width=\"123\">\n<p>Erl\u00e4uterungsbericht<\/p>\n<\/td>\n<td width=\"362\">\n<p>4.3.3. Rodgauer Lapidarium entlang der Friedhofsmauer<\/p>\n<\/td>\n<\/tr>\n<tr>\n<td colspan=\"2\" width=\"123\">\n<p>Ordnungsbegriffe<\/p>\n<\/td>\n<td colspan=\"2\" width=\"485\">\n<p>Lapidarium \u2013 Platzierung<\/p>\n<\/td>\n<\/tr>\n<tr>\n<td colspan=\"2\" width=\"123\">\n<p>Inhalt<\/p>\n<\/td>\n<td colspan=\"2\" width=\"485\">\n<p>Das Lapidarium sollte auf einige wenige Stellen konzentriert werden.<\/p>\n<p>Bisher sind nicht allzu viele Steine\/Werke vorhanden, um den ganzen Umlauf auszunutzen.M\u00f6glicherweise ist die Konzentration auf die Eckb\u00e4nke bzw. eine Eckbank sinnvoll. Zu gegebener Zeit kann bei Anwachsen der Sammlung die Fl\u00e4che erweitert werden.<\/p>\n<\/td>\n<\/tr>\n<tr>\n<td colspan=\"2\" width=\"123\">\n<p>Online-Vorstellung<\/p>\n<\/td>\n<td colspan=\"2\" width=\"485\">\n<p>Eingebracht durch AKHNR als Nr. 28<\/p>\n<\/td>\n<\/tr>\n<tr>\n<td colspan=\"2\" width=\"123\">\n<p>Bewertung<\/p>\n<\/td>\n<td colspan=\"2\" width=\"485\">\n<p><span class=\"label label-danger\">nicht befriedigend adressiert<\/span><\/p>\n<p>Wurde nach unserer Kenntnis nicht ber\u00fccksichtigt.<\/p>\n<\/td>\n<\/tr>\n<\/tbody>\n<\/table>\n<p>\n        <\/p><\/div>    <\/div><\/div><br class=\"nc\" \/><div class=\"panel panel-default\">    <div class=\"panel-heading\" role=\"tab\" id=\"heading_citem_4509-eb31\">        <h4 class=\"panel-title\"><a class=\"accordion-toggle collapsed\" data-toggle=\"collapse\" aria-controls=\"heading_citem_4509-eb31\" data-parent=\"#collapse_1590-5875\" href=\"#citem_4509-eb31\">29. <strong>Bezugsbereich des Lapidariums<\/strong> <i class=\"fa fa-caret-up\"><\/i><\/a>        <\/h4>    <\/div>    <div id=\"citem_4509-eb31\" class=\"panel-collapse collapse \" role=\"tabpanel\" aria-labelledby=\"heading_citem_4509-eb31\">        <div class=\"panel-body\">\n<table>\n<tbody>\n<tr>\n<td colspan=\"2\" width=\"123\">\n<p>Titel<\/p>\n<\/td>\n<td colspan=\"2\" width=\"485\">\n<p><strong>Bezugsbereich des Lapidariums<\/strong><\/p>\n<\/td>\n<\/tr>\n<tr>\n<td width=\"38\">\n<p>Nr.<\/p>\n<\/td>\n<td width=\"85\">\n<p>29<\/p>\n<\/td>\n<td width=\"123\">\n<p>Erl\u00e4uterungsbericht<\/p>\n<\/td>\n<td width=\"362\">\n<p>4.3.3. Rodgauer Lapidarium entlang der Friedhofsmauer<\/p>\n<\/td>\n<\/tr>\n<tr>\n<td colspan=\"2\" width=\"123\">\n<p>Ordnungsbegriffe<\/p>\n<\/td>\n<td colspan=\"2\" width=\"485\">\n<p>Lapidarium \u2013 Umfang<\/p>\n<\/td>\n<\/tr>\n<tr>\n<td colspan=\"2\" width=\"123\">\n<p>Inhalt<\/p>\n<\/td>\n<td colspan=\"2\" width=\"485\">\n<p>Sinnvoll ist die Sammlung auf Steine\/Werke aus Nieder-Roden zu beschr\u00e4nken, aufgrund des lokalen Bezugs.<\/p>\n<p>Anderenfalls m\u00fcssen die anderen Stadtteile und Heimat- und Geschichtsvereine einbezogen werden.<\/p>\n<p>Ist dies bereits geschehen?<\/p>\n<\/td>\n<\/tr>\n<tr>\n<td colspan=\"2\" width=\"123\">\n<p>Online-Vorstellung<\/p>\n<\/td>\n<td colspan=\"2\" width=\"485\">\n<p>Eingebracht durch AKHNR als Nr. 29<\/p>\n<\/td>\n<\/tr>\n<tr>\n<td colspan=\"2\" width=\"123\">\n<p>Bewertung<\/p>\n<\/td>\n<td colspan=\"2\" width=\"485\">\n<p><span class=\"label label-danger\">nicht befriedigend adressiert<\/span><\/p>\n<p>Wurde nach unserer Kenntnis nicht ber\u00fccksichtigt.<\/p>\n<\/td>\n<\/tr>\n<\/tbody>\n<\/table>\n<p>\n        <\/p><\/div>    <\/div><\/div><br class=\"nc\" \/><div class=\"panel panel-default\">    <div class=\"panel-heading\" role=\"tab\" id=\"heading_citem_d34d-f59e\">        <h4 class=\"panel-title\"><a class=\"accordion-toggle collapsed\" data-toggle=\"collapse\" aria-controls=\"heading_citem_d34d-f59e\" data-parent=\"#collapse_1590-5875\" href=\"#citem_d34d-f59e\">30. <strong>Ber\u00fccksichtigung der Allerheiligensegnung<\/strong> <i class=\"fa fa-caret-up\"><\/i><\/a>        <\/h4>    <\/div>    <div id=\"citem_d34d-f59e\" class=\"panel-collapse collapse \" role=\"tabpanel\" aria-labelledby=\"heading_citem_d34d-f59e\">        <div class=\"panel-body\">\n<table>\n<tbody>\n<tr>\n<td colspan=\"2\" width=\"123\">\n<p>Titel<\/p>\n<\/td>\n<td colspan=\"2\" width=\"485\">\n<p><strong>Ber\u00fccksichtigung der Allerheiligensegnung<\/strong><\/p>\n<\/td>\n<\/tr>\n<tr>\n<td width=\"38\">\n<p>Nr.<\/p>\n<\/td>\n<td width=\"85\">\n<p>30<\/p>\n<\/td>\n<td width=\"123\">\n<p>Erl\u00e4uterungsbericht<\/p>\n<\/td>\n<td width=\"362\">\n<p>Kein Bezug<\/p>\n<\/td>\n<\/tr>\n<tr>\n<td colspan=\"2\" width=\"123\">\n<p>Ordnungsbegriffe<\/p>\n<\/td>\n<td colspan=\"2\" width=\"485\">\n<p>Nutzung \u2013 Pfarrgemeinde<\/p>\n<\/td>\n<\/tr>\n<tr>\n<td colspan=\"2\" width=\"123\">\n<p>Inhalt<\/p>\n<\/td>\n<td colspan=\"2\" width=\"485\">\n<p>Wichtig ist zu ber\u00fccksichtigen, dass die Allerheiligensegnung, durch die Katholische Pfarrgemeinde St. Matthias, auf dem Alten Friedhof weiterhin stattfinden kann.<\/p>\n<\/td>\n<\/tr>\n<tr>\n<td colspan=\"2\" width=\"123\">\n<p>Online-Vorstellung<\/p>\n<\/td>\n<td colspan=\"2\" width=\"485\">\n<p>Eingebracht durch AKHNR als Nr. 30<\/p>\n<p>Herr K\u00e4mmerling:\u201eAlso aus meiner Sicht spricht da \u00fcberhaupt gar nichts dagegen, die Segnung nach wie vor durchzuf\u00fchren. Also ganz im Gegenteil. Je mehr der Ort genutzt wird, je multifunktionaler er auch genutzt wird, umso sch\u00f6ner ist es ja, umso mehr haben wir doch unsere Planungsabsicht eigentlich [\u2026] dann noch richtig auf den Weg gebracht. Also w\u00fcrden wir sehr begr\u00fc\u00dfen, gar keine Frage.\u201c<\/p>\n<\/td>\n<\/tr>\n<tr>\n<td colspan=\"2\" width=\"123\">\n<p>Bewertung<\/p>\n<\/td>\n<td colspan=\"2\" width=\"485\">\n<p><span class=\"label label-success\">befriedigend adressiert<\/span><\/p>\n<p>Punkt wurde best\u00e4tigend aufgenommen.<\/p>\n<\/td>\n<\/tr>\n<\/tbody>\n<\/table>\n<p>\n        <\/p><\/div>    <\/div><\/div><br class=\"nc\" \/><div class=\"panel panel-default\">    <div class=\"panel-heading\" role=\"tab\" id=\"heading_citem_b57e-b41c\">        <h4 class=\"panel-title\"><a class=\"accordion-toggle collapsed\" data-toggle=\"collapse\" aria-controls=\"heading_citem_b57e-b41c\" data-parent=\"#collapse_1590-5875\" href=\"#citem_b57e-b41c\">31. <strong>Pflegeaufwand um die Grabsteine<\/strong> <i class=\"fa fa-caret-up\"><\/i><\/a>        <\/h4>    <\/div>    <div id=\"citem_b57e-b41c\" class=\"panel-collapse collapse \" role=\"tabpanel\" aria-labelledby=\"heading_citem_b57e-b41c\">        <div class=\"panel-body\">\n<table>\n<tbody>\n<tr>\n<td colspan=\"2\" width=\"123\">\n<p>Titel<\/p>\n<\/td>\n<td colspan=\"2\" width=\"485\">\n<p><strong>Pflegeaufwand um die Grabsteine<\/strong><\/p>\n<\/td>\n<\/tr>\n<tr>\n<td width=\"38\">\n<p>Nr.<\/p>\n<\/td>\n<td width=\"85\">\n<p>31<\/p>\n<\/td>\n<td width=\"123\">\n<p>Erl\u00e4uterungsbericht<\/p>\n<\/td>\n<td width=\"362\">\n<p>4.3.3. Rodgauer Lapidarium entlang der Friedhofsmauer<\/p>\n<\/td>\n<\/tr>\n<tr>\n<td colspan=\"2\" width=\"123\">\n<p>Ordnungsbegriffe<\/p>\n<\/td>\n<td colspan=\"2\" width=\"485\">\n<p>Lapidarium \u2013 Untergrund<\/p>\n<\/td>\n<\/tr>\n<tr>\n<td colspan=\"2\" width=\"123\">\n<p>Inhalt<\/p>\n<\/td>\n<td colspan=\"2\" width=\"485\">\n<p>Sollten die Grabsteine auf Rasen\/Wiesen, stehen d\u00fcrfte der M\u00e4haufwand sehr gro\u00df werden.<\/p>\n<p>Sinnvoller w\u00e4re wohl den Umlauf bis an die Mauer zu erweitern und die Grabsteine auf die Wegeoberfl\u00e4che zu setzen.<\/p>\n<p>Alternativ k\u00f6nnen sie auch in Beeten platziert werden, in den bspw. Stauden wie Lavendel und\/oder passende Werzborre-Pflanzen gepflanzt werden.<\/p>\n<\/td>\n<\/tr>\n<tr>\n<td colspan=\"2\" width=\"123\">\n<p>Online-Vorstellung<\/p>\n<\/td>\n<td colspan=\"2\" width=\"485\">\n<p>Eingebracht durch AKHNR als Nr. 31<\/p>\n<\/td>\n<\/tr>\n<tr>\n<td colspan=\"2\" width=\"123\">\n<p>Bewertung<\/p>\n<\/td>\n<td colspan=\"2\" width=\"485\">\n<p><span class=\"label label-danger\">nicht befriedigend adressiert<\/span><\/p>\n<p>Wurde nach unserer Kenntnis nicht ber\u00fccksichtigt.<\/p>\n<\/td>\n<\/tr>\n<\/tbody>\n<\/table>\n<p>\n        <\/p><\/div>    <\/div><\/div><br class=\"nc\" \/><div class=\"panel panel-default\">    <div class=\"panel-heading\" role=\"tab\" id=\"heading_citem_9f92-96b8\">        <h4 class=\"panel-title\"><a class=\"accordion-toggle collapsed\" data-toggle=\"collapse\" aria-controls=\"heading_citem_9f92-96b8\" data-parent=\"#collapse_1590-5875\" href=\"#citem_9f92-96b8\">32. <strong>Ber\u00fccksichtigung der TVG-Mauer<\/strong> <i class=\"fa fa-caret-up\"><\/i><\/a>        <\/h4>    <\/div>    <div id=\"citem_9f92-96b8\" class=\"panel-collapse collapse \" role=\"tabpanel\" aria-labelledby=\"heading_citem_9f92-96b8\">        <div class=\"panel-body\">\n<table>\n<tbody>\n<tr>\n<td colspan=\"2\" width=\"123\">\n<p>Titel<\/p>\n<\/td>\n<td colspan=\"2\" width=\"485\">\n<p><strong>Ber\u00fccksichtigung der TVG-Mauer<\/strong><\/p>\n<\/td>\n<\/tr>\n<tr>\n<td width=\"38\">\n<p>Nr.<\/p>\n<\/td>\n<td width=\"85\">\n<p>32<\/p>\n<\/td>\n<td width=\"123\">\n<p>Erl\u00e4uterungsbericht<\/p>\n<\/td>\n<td width=\"362\">\n<p>4.3.3. Rodgauer Lapidarium entlang der Friedhofsmauer<\/p>\n<\/td>\n<\/tr>\n<tr>\n<td colspan=\"2\" width=\"123\">\n<p>Ordnungsbegriffe<\/p>\n<\/td>\n<td colspan=\"2\" width=\"485\">\n<p>Friedhofsmauer \u2013 TVG<\/p>\n<\/td>\n<\/tr>\n<tr>\n<td colspan=\"2\" width=\"123\">\n<p>Inhalt<\/p>\n<\/td>\n<td colspan=\"2\" width=\"485\">\n<p>Die Bruchsteinmauer (aus TVG-Material; TVG = Tr\u00fcmmerverwertungsgesellschaft Frankfurt am Main) ist recht unansehnlich und k\u00f6nnte durch Efeu versch\u00f6nert werden. Teile sollten allerdings freibleiben. Sie sind auch geschichtlich interessant und k\u00f6nnen so erl\u00e4utert werden.<\/p>\n<\/td>\n<\/tr>\n<tr>\n<td colspan=\"2\" width=\"123\">\n<p>Online-Vorstellung<\/p>\n<\/td>\n<td colspan=\"2\" width=\"485\">\n<p>Eingebracht durch AKHNR als Nr. 32<\/p>\n<p>Zeitmarke Aufzeichnung: 01:03:59 \u2013 00:55:24<\/p>\n<p>Herr Melzer:\u201eDie sollen so erhalten bleiben. Wie sie ist, denn dies an einem ganz guten Zustand, also dass es auch historisch interessantes Material, weil es Mauersteine sind, die aus Tr\u00fcmmern des Zweiten Weltkriegs aus Frankfurt hergestellt wurden.\u201c<\/p>\n<p>Moderator:\u201eHier noch mal der Hinweis, dass die TVG-Mauer vielleicht auch optisch gar nicht unbedingt so sch\u00f6n aussieht, ob da vielleicht Efeu wachsen k\u00f6nnte oder daran gepflanzt werden k\u00f6nnte, zur Gestaltung. Das sind sicherlich Punkte, die man dann auch im Weiteren umsetzen kann.\u201c<\/p>\n<p>Herr Melzer:\u201eDa kann man auf jeden Fall auch noch mal das in Erw\u00e4gung ziehen. Bin ich ganz offen f\u00fcr. Die ist ein bisschen grauer, die sieht nicht so \u00e4sthetisch aus, das stimmt, [\u2026] dass man das bestimmt nochmal aufwerten k\u00f6nnte.Es sei denn, aus denkmalpflegerischen Gr\u00fcnden sagt man: okay, so ist halt eben dieser Stein und der soll auch sichtbar sein und auch als geschichtliches Zeugnis so erkennbar bleiben.\u201c<\/p>\n<\/td>\n<\/tr>\n<tr>\n<td colspan=\"2\" width=\"123\">\n<p>Bewertung<\/p>\n<\/td>\n<td colspan=\"2\" width=\"485\">\n<p><span class=\"label label-success\">befriedigend adressiert<\/span><\/p>\n<p>Wir haben das Gef\u00fchl, die Thematik wurde aufgenommen und verstanden.<\/p>\n<\/td>\n<\/tr>\n<\/tbody>\n<\/table>\n<p>\n        <\/p><\/div>    <\/div><\/div><br class=\"nc\" \/><div class=\"panel panel-default\">    <div class=\"panel-heading\" role=\"tab\" id=\"heading_citem_d747-70bc\">        <h4 class=\"panel-title\"><a class=\"accordion-toggle collapsed\" data-toggle=\"collapse\" aria-controls=\"heading_citem_d747-70bc\" data-parent=\"#collapse_1590-5875\" href=\"#citem_d747-70bc\">33. <strong>Platzierung der Werzborre<\/strong> <i class=\"fa fa-caret-up\"><\/i><\/a>        <\/h4>    <\/div>    <div id=\"citem_d747-70bc\" class=\"panel-collapse collapse \" role=\"tabpanel\" aria-labelledby=\"heading_citem_d747-70bc\">        <div class=\"panel-body\">\n<table>\n<tbody>\n<tr>\n<td colspan=\"2\" width=\"123\">\n<p>Titel<\/p>\n<\/td>\n<td colspan=\"2\" width=\"485\">\n<p><strong>Platzierung der Werzborre<\/strong><\/p>\n<\/td>\n<\/tr>\n<tr>\n<td width=\"38\">\n<p>Nr.<\/p>\n<\/td>\n<td width=\"85\">\n<p>33<\/p>\n<\/td>\n<td width=\"123\">\n<p>Erl\u00e4uterungsbericht<\/p>\n<\/td>\n<td width=\"362\">\n<p>4.3.4.2 Bepflanzung &amp; Naturschutz<\/p>\n<\/td>\n<\/tr>\n<tr>\n<td colspan=\"2\" width=\"123\">\n<p>Ordnungsbegriffe<\/p>\n<\/td>\n<td colspan=\"2\" width=\"485\">\n<p>Hochbeete \u2013 Pflanzen<\/p>\n<\/td>\n<\/tr>\n<tr>\n<td colspan=\"2\" width=\"123\">\n<p>Inhalt<\/p>\n<\/td>\n<td colspan=\"2\" width=\"485\">\n<p>Nicht alle Werzborre-Pflanzen passen als Wildpflanzen in Hochbeete.Der AKHNR kann hier detailliert angeben, welche Pflanzen an andere Stellen platziert werden sollten.<\/p>\n<\/td>\n<\/tr>\n<tr>\n<td colspan=\"2\" width=\"123\">\n<p>Online-Vorstellung<\/p>\n<\/td>\n<td colspan=\"2\" width=\"485\">\n<p>Eingebracht durch AKHNR als Nr. 33<\/p>\n<p>Zeitmarke Aufzeichnung: 01:13:17 \u2013 01:14:18<\/p>\n<p>Moderator:\u201eHier kam auch noch mal der Hinweis, dass nicht alle Pflanzen oder vorgeschlagene Pflanzen vielleicht in der Wildpflanzung in die Hochbeete passen, dass da auch der Verein bereit ist oder noch Infos liefern kann, vielleicht was andere Pflanzen oder Vorschl\u00e4ge sind, die da genutzt werden k\u00f6nnen. [\u2026]Sind das Ideen, wo Sie durchaus auch erst mal offen gegen\u00fcber w\u00e4ren?\u201c<\/p>\n<p>Herr K\u00e4mmerling:\u201eAlso was die Frage der der Pflanz-Vorschl\u00e4ge anbelangt, auf jeden Fall.\u201c<\/p>\n<\/td>\n<\/tr>\n<tr>\n<td colspan=\"2\" width=\"123\">\n<p>Bewertung<\/p>\n<\/td>\n<td colspan=\"2\" width=\"485\">\n<p><span class=\"label label-warning\">bedingt befriedigend adressiert; Informationen stehen noch aus<\/span><\/p>\n<p>Eine detaillierte Aufstellung ist in Anlage 3 zu finden.<\/p>\n<p>Wir sind in gespannter Erwartung weiterer kommunikativer Schritte, ob und wie die Vorschl\u00e4ge aufgenommen bzw. umgesetzt werden.<\/p>\n<\/td>\n<\/tr>\n<\/tbody>\n<\/table>\n<p>\n        <\/p><\/div>    <\/div><\/div><br class=\"nc\" \/><div class=\"panel panel-default\">    <div class=\"panel-heading\" role=\"tab\" id=\"heading_citem_504c-1025\">        <h4 class=\"panel-title\"><a class=\"accordion-toggle collapsed\" data-toggle=\"collapse\" aria-controls=\"heading_citem_504c-1025\" data-parent=\"#collapse_1590-5875\" href=\"#citem_504c-1025\">34. <strong>Freie Beete an Paten vergeben<\/strong> <i class=\"fa fa-caret-up\"><\/i><\/a>        <\/h4>    <\/div>    <div id=\"citem_504c-1025\" class=\"panel-collapse collapse \" role=\"tabpanel\" aria-labelledby=\"heading_citem_504c-1025\">        <div class=\"panel-body\">\n<table>\n<tbody>\n<tr>\n<td colspan=\"2\" width=\"123\">\n<p>Titel<\/p>\n<\/td>\n<td colspan=\"2\" width=\"485\">\n<p><strong>Freie Beete an Paten vergeben<\/strong><\/p>\n<\/td>\n<\/tr>\n<tr>\n<td width=\"38\">\n<p>Nr.<\/p>\n<\/td>\n<td width=\"85\">\n<p>34<\/p>\n<\/td>\n<td width=\"123\">\n<p>Erl\u00e4uterungsbericht<\/p>\n<\/td>\n<td width=\"362\">\n<p>4.3.4.2 Bepflanzung &amp; Naturschutz<\/p>\n<\/td>\n<\/tr>\n<tr>\n<td colspan=\"2\" width=\"123\">\n<p>Ordnungsbegriffe<\/p>\n<\/td>\n<td colspan=\"2\" width=\"485\">\n<p>Hochbeete \u2013 Zust\u00e4ndigkeit<\/p>\n<\/td>\n<\/tr>\n<tr>\n<td colspan=\"2\" width=\"123\">\n<p>Inhalt<\/p>\n<\/td>\n<td colspan=\"2\" width=\"485\">\n<p>F\u00fcr dadurch freiwerdende Fl\u00e4chen in den Hochbeeten k\u00f6nnten Paten gesucht werden.Z. B. Anwohner, NABU, Grundschule am B\u00fcrgerhaus.<\/p>\n<\/td>\n<\/tr>\n<tr>\n<td colspan=\"2\" width=\"123\">\n<p>Online-Vorstellung<\/p>\n<\/td>\n<td colspan=\"2\" width=\"485\">\n<p>Eingebracht durch AKHNR als Nr. 34<\/p>\n<p>Zeitmarke Aufzeichnung: 01:13:17 \u2013 01:14:54<\/p>\n<p>Moderator:\u201eUnd auch die Frage oder der Hinweis noch, dass f\u00fcr die Hochbeete vielleicht auch Paten gefunden werden k\u00f6nnten, zum Beispiel das B\u00fcrgerhaus, eine Grundschule, Anwohner oder auch der NABU, die dann diese Beete pflegen, so verstehe ich das, Herr K\u00e4mmerling.Sind das Ideen, wo Sie durchaus auch erst mal offen gegen\u00fcber w\u00e4ren?\u201c<\/p>\n<p>Herr K\u00e4mmerling:\u201eWas die Frage der Pflege anbelangt, hier bin ich eher skeptisch, aus dem einfachen Grund, weil wir ja eine dauerhafte Pflege sicherstellen m\u00fcssen. Jetzt ist es so, jetzt machen Sie eine Pflege-Patenschaft, \u00fcbernehmen Sie. Sie merken vielleicht nach drei Monaten, ich kann es nicht mehr machen. Aus irgendwelchen Gr\u00fcnden, ich zieh vielleicht weg, vielleicht ist es mir zu viel Arbeit, hab einen Jobwechsel und dann ist es immer sehr schwierig, das zu organisieren. Das ist so unsere Erfahrung.<\/p>\n<p>Von daher k\u00f6nnte ich mir vorstellen, dass es vielleicht eine Partnerschaft gibt also, dass jemand sagt: \u201aHier, ich m\u00f6chte mich ganz gerne bei den B\u00e4umen beteiligen, ich m\u00f6chte einen Betrag spenden, dass ihr dort eine bestimmte Baumsorte pflanzt, die die, die im Rahmen ist.\u2018<\/p>\n<p>Aber was die \u00dcbernahme der Pflege [betrifft, das] sehe ich kritisch in der in der Stringenz der Umsetzbarkeit.\u201c<\/p>\n<\/td>\n<\/tr>\n<tr>\n<td colspan=\"2\" width=\"123\">\n<p>Bewertung<\/p>\n<\/td>\n<td colspan=\"2\" width=\"485\">\n<p><span class=\"label label-warning\">bedingt befriedigend adressiert; Informationen stehen noch aus<\/span><\/p>\n<p>Bei Beantwortung der Frage wurde lediglich auf Einzelpersonen (z. B. Anwohner) als Ansprechpartner Bezug genommen. W\u00e4hrend hier die Bedenken verst\u00e4ndlich sind, w\u00e4re es doch trotzdem einen Versuch wert.<\/p>\n<p>Weitaus weniger kritisch w\u00e4re aus Sicht des AKHNR eine Patenschaft durch Institutionen, Gruppierungen, Schulen oder Vereine. Hier gibt es nicht nur eine tragende, handelnde Person und somit eine gr\u00f6\u00dfere Verl\u00e4sslichkeit und Redundanz. Leider wurde darauf kein Bezug genommen. Dieser Punkt ist noch offen.<\/p>\n<\/td>\n<\/tr>\n<\/tbody>\n<\/table>\n<p>\n        <\/p><\/div>    <\/div><\/div><br class=\"nc\" \/><div class=\"panel panel-default\">    <div class=\"panel-heading\" role=\"tab\" id=\"heading_citem_3b4b-d443\">        <h4 class=\"panel-title\"><a class=\"accordion-toggle collapsed\" data-toggle=\"collapse\" aria-controls=\"heading_citem_3b4b-d443\" data-parent=\"#collapse_1590-5875\" href=\"#citem_3b4b-d443\">35. <strong>Essbare Pflanzen<\/strong> <i class=\"fa fa-caret-up\"><\/i><\/a>        <\/h4>    <\/div>    <div id=\"citem_3b4b-d443\" class=\"panel-collapse collapse \" role=\"tabpanel\" aria-labelledby=\"heading_citem_3b4b-d443\">        <div class=\"panel-body\">\n<table>\n<tbody>\n<tr>\n<td colspan=\"2\" width=\"123\">\n<p>Titel<\/p>\n<\/td>\n<td colspan=\"2\" width=\"485\">\n<p><strong>Essbare Pflanzen<\/strong><\/p>\n<\/td>\n<\/tr>\n<tr>\n<td width=\"38\">\n<p>Nr.<\/p>\n<\/td>\n<td width=\"85\">\n<p>35<\/p>\n<\/td>\n<td width=\"123\">\n<p>Erl\u00e4uterungsbericht<\/p>\n<\/td>\n<td width=\"362\">\n<p>4.3.4.2 Bepflanzung &amp; Naturschutz<\/p>\n<\/td>\n<\/tr>\n<tr>\n<td colspan=\"2\" width=\"123\">\n<p>Ordnungsbegriffe<\/p>\n<\/td>\n<td colspan=\"2\" width=\"485\">\n<p>Hochbeete \u2013 Pflanzen<\/p>\n<\/td>\n<\/tr>\n<tr>\n<td colspan=\"2\" width=\"123\">\n<p>Inhalt<\/p>\n<\/td>\n<td colspan=\"2\" width=\"485\">\n<p>Auch \u00f6ffentlich essbare Kr\u00e4uter oder Gem\u00fcsepflanzen w\u00e4ren sinnvoll (vgl. \u201eEssbare Stadt Andernach\u201c). Auch die Werzborre wird schlie\u00dflich geerntet.Dazu sollten ggf. lokale G\u00e4rtner eingebunden werden.<\/p>\n<\/td>\n<\/tr>\n<tr>\n<td colspan=\"2\" width=\"123\">\n<p>Online-Vorstellung<\/p>\n<\/td>\n<td colspan=\"2\" width=\"485\">\n<p>Eingebracht durch AKHNR als Nr. 35<\/p>\n<p>Zeitmarke Aufzeichnung: 00:39:08 &#8211; 00:40:02<\/p>\n<p>Herr Melzer:\u201eSo, da k\u00f6nnten beispielsweise die bekannten Werzborre-Kr\u00e4uter wachsen, naja viele w\u00fcrden auch sagen, doch vielleicht eher Unkraut, aber warum soll da nicht auch Lavendel wachsen oder Rosmarin oder Thymian? Auf jeden Fall w\u00e4re es sicherlich sehr sch\u00f6n, wenn man ja hier so ein Duft-Beet h\u00e4tte, das auch nutzbar ist, und einmal im Sinn \u201eEssbare Stadt\u201c die M\u00f6glichkeit best\u00fcnde, hier ein bisschen Thymian, ein bisschen Lavendel, ein bisschen Rosmarin zu ernten.\u201c<\/p>\n<\/td>\n<\/tr>\n<tr>\n<td colspan=\"2\" width=\"123\">\n<p>Bewertung<\/p>\n<\/td>\n<td colspan=\"2\" width=\"485\">\n<p><span class=\"label label-success\">befriedigend adressiert<\/span><\/p>\n<p>Die Aussage von Herrn Melzer, w\u00e4hrend seiner einf\u00fchrenden Vorstellung, deuten wir sehr positiv.<\/p>\n<\/td>\n<\/tr>\n<\/tbody>\n<\/table>\n<p>\n        <\/p><\/div>    <\/div><\/div><br class=\"nc\" \/><div class=\"panel panel-default\">    <div class=\"panel-heading\" role=\"tab\" id=\"heading_citem_007f-8ebc\">        <h4 class=\"panel-title\"><a class=\"accordion-toggle collapsed\" data-toggle=\"collapse\" aria-controls=\"heading_citem_007f-8ebc\" data-parent=\"#collapse_1590-5875\" href=\"#citem_007f-8ebc\">36. <strong>Pflege der Wiesenfl\u00e4chen<\/strong> <i class=\"fa fa-caret-up\"><\/i><\/a>        <\/h4>    <\/div>    <div id=\"citem_007f-8ebc\" class=\"panel-collapse collapse \" role=\"tabpanel\" aria-labelledby=\"heading_citem_007f-8ebc\">        <div class=\"panel-body\">\n<table>\n<tbody>\n<tr>\n<td colspan=\"2\" width=\"123\">\n<p>Titel<\/p>\n<\/td>\n<td colspan=\"2\" width=\"485\">\n<p><strong>Pflege der Wiesenfl\u00e4chen<\/strong><\/p>\n<\/td>\n<\/tr>\n<tr>\n<td width=\"38\">\n<p>Nr.<\/p>\n<\/td>\n<td width=\"85\">\n<p>36<\/p>\n<\/td>\n<td width=\"123\">\n<p>Erl\u00e4uterungsbericht<\/p>\n<\/td>\n<td width=\"362\">\n<p>4.3.4.2 Bepflanzung &amp; Naturschutz<\/p>\n<\/td>\n<\/tr>\n<tr>\n<td colspan=\"2\" width=\"123\">\n<p>Ordnungsbegriffe<\/p>\n<\/td>\n<td colspan=\"2\" width=\"485\">\n<p>Bepflanzung \u2013 Wiesen \u2013 Pflege<\/p>\n<\/td>\n<\/tr>\n<tr>\n<td colspan=\"2\" width=\"123\">\n<p>Inhalt<\/p>\n<\/td>\n<td colspan=\"2\" width=\"485\">\n<p>Wie konkret sieht die extensive Nutzung der Wiesenfl\u00e4chen aus?Wie ist der M\u00e4h-Rhythmus geplant?<\/p>\n<\/td>\n<\/tr>\n<tr>\n<td colspan=\"2\" width=\"123\">\n<p>Online-Vorstellung<\/p>\n<\/td>\n<td colspan=\"2\" width=\"485\">\n<p>Eingebracht durch AKHNR als Nr. 36<\/p>\n<p>Zeitmarke Aufzeichnung: 01:36:33 &#8211; 01:37:07<\/p>\n<p>Herr Melzer:\u201eAlso extensiv hei\u00dft: Es wird nur zweimal im Jahr gem\u00e4ht, das hei\u00dft, in diesen dunkelgr\u00fcnen Bereichen haben Sie eine richtig hohe Wiese zum Ende des Sommers und sie wird au\u00dferdem nicht ged\u00fcngt. Und au\u00dferdem auch nicht gew\u00e4ssert. Es wird von Anfang an daf\u00fcr gesorgt, dass sie ein m\u00f6glichst umfangreiches Artenspektrum hat, sodass sie ja der Insekten und Vogelwelt guttut. Das ist die Zielrichtung bei der extensiv genutzten Wiese.\u201c<\/p>\n<\/td>\n<\/tr>\n<tr>\n<td colspan=\"2\" width=\"123\">\n<p>Bewertung<\/p>\n<\/td>\n<td colspan=\"2\" width=\"485\">\n<p><span class=\"label label-warning\">bedingt befriedigend adressiert; Informationen stehen noch aus<\/span><\/p>\n<p>Hier w\u00fcnschen wir uns noch eine genauere Beschreibung zum M\u00e4hen der Wiese. Wann genau im Jahr ist das vorgesehen?<\/p>\n<\/td>\n<\/tr>\n<\/tbody>\n<\/table>\n<p>\n        <\/p><\/div>    <\/div><\/div><br class=\"nc\" \/><div class=\"panel panel-default\">    <div class=\"panel-heading\" role=\"tab\" id=\"heading_citem_49bd-fe55\">        <h4 class=\"panel-title\"><a class=\"accordion-toggle collapsed\" data-toggle=\"collapse\" aria-controls=\"heading_citem_49bd-fe55\" data-parent=\"#collapse_1590-5875\" href=\"#citem_49bd-fe55\">37. <strong>Rosenarten<\/strong> <i class=\"fa fa-caret-up\"><\/i><\/a>        <\/h4>    <\/div>    <div id=\"citem_49bd-fe55\" class=\"panel-collapse collapse \" role=\"tabpanel\" aria-labelledby=\"heading_citem_49bd-fe55\">        <div class=\"panel-body\">\n<table>\n<tbody>\n<tr>\n<td colspan=\"2\" width=\"123\">\n<p>Titel<\/p>\n<\/td>\n<td colspan=\"2\" width=\"485\">\n<p><strong>Rosenarten<\/strong><\/p>\n<\/td>\n<\/tr>\n<tr>\n<td width=\"38\">\n<p>Nr.<\/p>\n<\/td>\n<td width=\"85\">\n<p>37<\/p>\n<\/td>\n<td width=\"123\">\n<p>Erl\u00e4uterungsbericht<\/p>\n<\/td>\n<td width=\"362\">\n<p>4.3.4.2 Bepflanzung &amp; Naturschutz<\/p>\n<\/td>\n<\/tr>\n<tr>\n<td colspan=\"2\" width=\"123\">\n<p>Ordnungsbegriffe<\/p>\n<\/td>\n<td colspan=\"2\" width=\"485\">\n<p>Bepflanzung \u2013 Pflanzen<\/p>\n<\/td>\n<\/tr>\n<tr>\n<td colspan=\"2\" width=\"123\">\n<p>Inhalt<\/p>\n<\/td>\n<td colspan=\"2\" width=\"485\">\n<p>Es wurden Rosen zur Anpflanzung erw\u00e4hnt. Welche Rosenart ist hier vorgesehen?<\/p>\n<\/td>\n<\/tr>\n<tr>\n<td colspan=\"2\" width=\"123\">\n<p>Online-Vorstellung<\/p>\n<\/td>\n<td colspan=\"2\" width=\"485\">\n<p>Eingebracht durch AKHNR als Nr. 37<\/p>\n<p>Zeitmarke Aufzeichnung: 01:17:29 \u2013 01:18:19<\/p>\n<p>Moderator:\u201eGanz konkret noch mal zu den Rosen zur Anpflanzung, die angesprochen wurden. Kann man da schon sagen, welche Rosenart das ist oder welche da vorgesehen ist?\u201c<\/p>\n<p>Herr Melzer:\u201eJa, aus \u00f6kologischen Gr\u00fcnden nehme ich ganz gerne Rosen, die eben nicht so gef\u00fcllt sind, sondern wo dann eben auch Insekten Nektar finden und Pollen. Also eine Hechtrose finde ich zum Beispiel gut, eine Bibernell-Rose finde ich sehr gut. In diese Richtung sollte es gehen. Pflege extensiv nat\u00fcrlich auch.\u201c<\/p>\n<\/td>\n<\/tr>\n<tr>\n<td colspan=\"2\" width=\"123\">\n<p>Bewertung<\/p>\n<\/td>\n<td colspan=\"2\" width=\"485\">\n<p><span class=\"label label-warning\">bedingt befriedigend adressiert; Informationen stehen noch aus<\/span><\/p>\n<p>Die Frage wurde beantwortet, wenn auch die Auswahl noch nicht konkret ist.Auch hier treten wir f\u00fcr die Einbeziehung des NABU ein.<\/p>\n<\/td>\n<\/tr>\n<\/tbody>\n<\/table>\n<p>\n        <\/p><\/div>    <\/div><\/div><br class=\"nc\" \/><div class=\"panel panel-default\">    <div class=\"panel-heading\" role=\"tab\" id=\"heading_citem_6d04-9cb6\">        <h4 class=\"panel-title\"><a class=\"accordion-toggle collapsed\" data-toggle=\"collapse\" aria-controls=\"heading_citem_6d04-9cb6\" data-parent=\"#collapse_1590-5875\" href=\"#citem_6d04-9cb6\">38. <strong>Nistk\u00e4sten \u2013 Ber\u00fccksichtigung der Vorgaben vom Bau des Johanniter-Quartiers<\/strong> <i class=\"fa fa-caret-up\"><\/i><\/a>        <\/h4>    <\/div>    <div id=\"citem_6d04-9cb6\" class=\"panel-collapse collapse \" role=\"tabpanel\" aria-labelledby=\"heading_citem_6d04-9cb6\">        <div class=\"panel-body\">\n<table>\n<tbody>\n<tr>\n<td colspan=\"2\" width=\"123\">\n<p>Titel<\/p>\n<\/td>\n<td colspan=\"2\" width=\"485\">\n<p><strong>Nistk\u00e4sten \u2013 Ber\u00fccksichtigung der Vorgaben vom Bau des Johanniter-Quartiers<\/strong><\/p>\n<\/td>\n<\/tr>\n<tr>\n<td width=\"38\">\n<p>Nr.<\/p>\n<\/td>\n<td width=\"85\">\n<p>38<\/p>\n<\/td>\n<td width=\"123\">\n<p>Erl\u00e4uterungsbericht<\/p>\n<\/td>\n<td width=\"362\">\n<p>4.3.4.2 Bepflanzung &amp; Naturschutz<\/p>\n<\/td>\n<\/tr>\n<tr>\n<td colspan=\"2\" width=\"123\">\n<p>Ordnungsbegriffe<\/p>\n<\/td>\n<td colspan=\"2\" width=\"485\">\n<p>Nistk\u00e4sten \u2013 Anordnung<\/p>\n<\/td>\n<\/tr>\n<tr>\n<td colspan=\"2\" width=\"123\">\n<p>Inhalt<\/p>\n<\/td>\n<td colspan=\"2\" width=\"485\">\n<p>Die vorgesehenen Nistk\u00e4sten f\u00fcr V\u00f6gel und Flederm\u00e4use sollten nach den Vorgaben aufgeh\u00e4ngt werden, die bei Bau des Johanniter-Quartiers aufgestellt wurden.<\/p>\n<p>Ist dies geschehen?<\/p>\n<\/td>\n<\/tr>\n<tr>\n<td colspan=\"2\" width=\"123\">\n<p>Online-Vorstellung<\/p>\n<\/td>\n<td colspan=\"2\" width=\"485\">\n<p>Eingebracht durch AKHNR als Nr. 38<\/p>\n<p>Zeitmarke Aufzeichnung: 01:18:45 \u2013 01:19:30<\/p>\n<p>Herr K\u00e4mmerling:\u201eAlso da kann ich zumindest nur so sagen, dass die Aufgabenstellung durch die Johanniter zu erbringen war, was wir Ihnen ja vorgeschlagen haben, vielleicht kann man das noch mal zeigen, unten am Eingang ein Haus aufzustellen. Dieses Schwalben-Nisthaus ist nicht nur f\u00fcr Schwalben da, das kann man links unten sehen in der Ecke, sondern [\u2026] dieses Haus bildet Multi-Nest-M\u00f6glichkeiten, f\u00fcr Schwalben, f\u00fcr Sperlinge und auch f\u00fcr Flederm\u00e4use. Wer sich das angucken m\u00f6chte, wie so was aussieht: auf dem Lager Friedhof in Rollwald haben wir auch so was aufgestellt. Also das ist das, was wir dort umsetzen wollen an der Stelle.\u201c<\/p>\n<\/td>\n<\/tr>\n<tr>\n<td colspan=\"2\" width=\"123\">\n<p>Bewertung<\/p>\n<\/td>\n<td colspan=\"2\" width=\"485\">\n<p><span class=\"label label-danger\">nicht befriedigend adressiert<\/span><\/p>\n<p>Hier liegt m\u00f6glicherweise ein Missverst\u00e4ndnis vor.Mit Nistk\u00e4sten sind nicht die Nist-M\u00f6glichkeiten im Schwalbenhaus gemeint. Es geht um jene Nistk\u00e4sten auf dem Friedhofsgel\u00e4nde.<\/p>\n<p>Die Frage bezieht sich auf die Vorgaben aus den \u00d6kologischen Gutachten (siehe Punkt 15 und Anlagen 1 und 2).<\/p>\n<p>Die wurde nicht beantwortet.<\/p>\n<\/td>\n<\/tr>\n<\/tbody>\n<\/table>\n<p>\n        <\/p><\/div>    <\/div><\/div><br class=\"nc\" \/><div class=\"panel panel-default\">    <div class=\"panel-heading\" role=\"tab\" id=\"heading_citem_cb9a-05a6\">        <h4 class=\"panel-title\"><a class=\"accordion-toggle collapsed\" data-toggle=\"collapse\" aria-controls=\"heading_citem_cb9a-05a6\" data-parent=\"#collapse_1590-5875\" href=\"#citem_cb9a-05a6\">39. <strong>Pflege der Nistk\u00e4sten<\/strong> <i class=\"fa fa-caret-up\"><\/i><\/a>        <\/h4>    <\/div>    <div id=\"citem_cb9a-05a6\" class=\"panel-collapse collapse \" role=\"tabpanel\" aria-labelledby=\"heading_citem_cb9a-05a6\">        <div class=\"panel-body\">\n<table>\n<tbody>\n<tr>\n<td colspan=\"2\" width=\"123\">\n<p>Titel<\/p>\n<\/td>\n<td colspan=\"2\" width=\"485\">\n<p><strong>Pflege der Nistk\u00e4sten<\/strong><\/p>\n<\/td>\n<\/tr>\n<tr>\n<td width=\"38\">\n<p>Nr.<\/p>\n<\/td>\n<td width=\"85\">\n<p>39<\/p>\n<\/td>\n<td width=\"123\">\n<p>Erl\u00e4uterungsbericht<\/p>\n<\/td>\n<td width=\"362\">\n<p>4.3.4.2 Bepflanzung &amp; Naturschutz<\/p>\n<\/td>\n<\/tr>\n<tr>\n<td colspan=\"2\" width=\"123\">\n<p>Ordnungsbegriffe<\/p>\n<\/td>\n<td colspan=\"2\" width=\"485\">\n<p>Nistk\u00e4sten \u2013 Pflege<\/p>\n<\/td>\n<\/tr>\n<tr>\n<td colspan=\"2\" width=\"123\">\n<p>Inhalt<\/p>\n<\/td>\n<td colspan=\"2\" width=\"485\">\n<p>Wie ist die Pflege der Nistk\u00e4sten geplant?<\/p>\n<\/td>\n<\/tr>\n<tr>\n<td colspan=\"2\" width=\"123\">\n<p>Online-Vorstellung<\/p>\n<\/td>\n<td colspan=\"2\" width=\"485\">\n<p>Eingebracht durch AKHNR als Nr. 39<\/p>\n<p>Zeitmarke Aufzeichnung: 01:19:37 &#8211; 01:19:38<\/p>\n<p>Herr K\u00e4mmerling:\u201eDas wird durch die Stadt gepflegt.\u201c<\/p>\n<\/td>\n<\/tr>\n<tr>\n<td colspan=\"2\" width=\"123\">\n<p>Bewertung<\/p>\n<\/td>\n<td colspan=\"2\" width=\"485\">\n<p><span class=\"label label-warning\">bedingt befriedigend adressiert; Informationen stehen noch aus<\/span><\/p>\n<p>Die Frage wurde konkret beantwortet.Unsicher ist, ob sie in Fortsetzung des m\u00f6glichen Missverst\u00e4ndnisses der vorausgegangenen Frage (Nr. 38) beantwortet wurde.<\/p>\n<p>Hierzu bitten wir um Kl\u00e4rung.<\/p>\n<\/td>\n<\/tr>\n<\/tbody>\n<\/table>\n<p>\n        <\/p><\/div>    <\/div><\/div><br class=\"nc\" \/><div class=\"panel panel-default\">    <div class=\"panel-heading\" role=\"tab\" id=\"heading_citem_2a2c-8db3\">        <h4 class=\"panel-title\"><a class=\"accordion-toggle collapsed\" data-toggle=\"collapse\" aria-controls=\"heading_citem_2a2c-8db3\" data-parent=\"#collapse_1590-5875\" href=\"#citem_2a2c-8db3\">40. <strong>Einbeziehung des NABU \u2013 Insekten-H\u00e4user, Nistk\u00e4sten usw.<\/strong> <i class=\"fa fa-caret-up\"><\/i><\/a>        <\/h4>    <\/div>    <div id=\"citem_2a2c-8db3\" class=\"panel-collapse collapse \" role=\"tabpanel\" aria-labelledby=\"heading_citem_2a2c-8db3\">        <div class=\"panel-body\">\n<table>\n<tbody>\n<tr>\n<td colspan=\"2\" width=\"123\">\n<p>Titel<\/p>\n<\/td>\n<td colspan=\"2\" width=\"485\">\n<p><strong>Einbeziehung des NABU \u2013 Insekten-H\u00e4user, Nistk\u00e4sten usw.<\/strong><\/p>\n<\/td>\n<\/tr>\n<tr>\n<td width=\"38\">\n<p>Nr.<\/p>\n<\/td>\n<td width=\"85\">\n<p>40<\/p>\n<\/td>\n<td width=\"123\">\n<p>Erl\u00e4uterungsbericht<\/p>\n<\/td>\n<td width=\"362\">\n<p>4.3.4.2 Bepflanzung &amp; Naturschutz<\/p>\n<\/td>\n<\/tr>\n<tr>\n<td colspan=\"2\" width=\"123\">\n<p>Ordnungsbegriffe<\/p>\n<\/td>\n<td colspan=\"2\" width=\"485\">\n<p>Nistk\u00e4sten \u2013 Insekten-H\u00e4user \u2013 Anordnung<\/p>\n<\/td>\n<\/tr>\n<tr>\n<td colspan=\"2\" width=\"123\">\n<p>Inhalt<\/p>\n<\/td>\n<td colspan=\"2\" width=\"485\">\n<p>Nistk\u00e4sten, Bienenhotels, Bienenst\u00f6cke und Schwalbenhaus sollten in Absprachen mit dem NABU Rodgau platziert\/ausgerichtet werden.<\/p>\n<\/td>\n<\/tr>\n<tr>\n<td colspan=\"2\" width=\"123\">\n<p>Online-Vorstellung<\/p>\n<\/td>\n<td colspan=\"2\" width=\"485\">\n<p>Teilweise eingebracht durch AKHNR als Nr. 40<\/p>\n<p>Zeitmarke Aufzeichnung: 01:20:30 \u2013 01:21:02<\/p>\n<p>Moderator: \u201e[\u2026] der Hinweis parallel hier noch zu den Nistk\u00e4sten, aber auch zu den Pflanzenarten, dass da gerne der NABU [\u2026] Rodgau einbezogen werden soll und da Hinweise geben kann zur Nutzung und [\u2026] Pflege auch Hinweisen dazu.\u201c<\/p>\n<\/td>\n<\/tr>\n<tr>\n<td colspan=\"2\" width=\"123\">\n<p>Bewertung<\/p>\n<\/td>\n<td colspan=\"2\" width=\"485\">\n<p><span class=\"label label-danger\">nicht befriedigend adressiert<\/span><\/p>\n<p>Es gab hierzu lediglich eine Bemerkung des Moderators, ohne einen Beitrag der Stadtverwaltung.<\/p>\n<p>Auch hier ist es wichtig, dass wir wahrnehmen k\u00f6nnen, ob die Stadtverwaltung verstanden hat, wie wichtig die Zusammenarbeit und Einbindung mit den \u00f6rtlichen Vereinen, dem NABU Rodgau im Speziellen, den B\u00fcrgern ist.<\/p>\n<p>Bisher k\u00f6nnen wir dies nicht feststellen.<\/p>\n<\/td>\n<\/tr>\n<\/tbody>\n<\/table>\n<p>\n        <\/p><\/div>    <\/div><\/div><br class=\"nc\" \/><div class=\"panel panel-default\">    <div class=\"panel-heading\" role=\"tab\" id=\"heading_citem_7867-c7c2\">        <h4 class=\"panel-title\"><a class=\"accordion-toggle collapsed\" data-toggle=\"collapse\" aria-controls=\"heading_citem_7867-c7c2\" data-parent=\"#collapse_1590-5875\" href=\"#citem_7867-c7c2\">41. <strong>Baumarten f\u00fcr die Pflanzung<\/strong> <i class=\"fa fa-caret-up\"><\/i><\/a>        <\/h4>    <\/div>    <div id=\"citem_7867-c7c2\" class=\"panel-collapse collapse \" role=\"tabpanel\" aria-labelledby=\"heading_citem_7867-c7c2\">        <div class=\"panel-body\">\n<table>\n<tbody>\n<tr>\n<td colspan=\"2\" width=\"123\">\n<p>Titel<\/p>\n<\/td>\n<td colspan=\"2\" width=\"485\">\n<p><strong>Baumarten f\u00fcr die Pflanzung<\/strong><\/p>\n<\/td>\n<\/tr>\n<tr>\n<td width=\"38\">\n<p>Nr.<\/p>\n<\/td>\n<td width=\"85\">\n<p>41<\/p>\n<\/td>\n<td width=\"123\">\n<p>Erl\u00e4uterungsbericht<\/p>\n<\/td>\n<td width=\"362\">\n<p>4.3.4.2 Bepflanzung &amp; Naturschutz<\/p>\n<\/td>\n<\/tr>\n<tr>\n<td colspan=\"2\" width=\"123\">\n<p>Ordnungsbegriffe<\/p>\n<\/td>\n<td colspan=\"2\" width=\"485\">\n<p>Bepflanzung \u2013 B\u00e4ume<\/p>\n<\/td>\n<\/tr>\n<tr>\n<td colspan=\"2\" width=\"123\">\n<p>Inhalt<\/p>\n<\/td>\n<td colspan=\"2\" width=\"485\">\n<p>Um welche Baumarten handelt es sich bei den erw\u00e4hnten Obstb\u00e4umen, Klimab\u00e4umen, mediterranen Geh\u00f6lzen und Gedenkb\u00e4umen genau?<\/p>\n<\/td>\n<\/tr>\n<tr>\n<td colspan=\"2\" width=\"123\">\n<p>Online-Vorstellung<\/p>\n<\/td>\n<td colspan=\"2\" width=\"485\">\n<p>Eingebracht durch AKHNR als Nr. 41<\/p>\n<\/td>\n<\/tr>\n<tr>\n<td colspan=\"2\" width=\"123\">\n<p>Bewertung<\/p>\n<\/td>\n<td colspan=\"2\" width=\"485\">\n<p><span class=\"label label-danger\">nicht befriedigend adressiert<\/span><\/p>\n<p>Wurde nach unserer Kenntnis nicht ber\u00fccksichtigt.<\/p>\n<\/td>\n<\/tr>\n<\/tbody>\n<\/table>\n<p>\n        <\/p><\/div>    <\/div><\/div><br class=\"nc\" \/><div class=\"panel panel-default\">    <div class=\"panel-heading\" role=\"tab\" id=\"heading_citem_e583-7ae1\">        <h4 class=\"panel-title\"><a class=\"accordion-toggle collapsed\" data-toggle=\"collapse\" aria-controls=\"heading_citem_e583-7ae1\" data-parent=\"#collapse_1590-5875\" href=\"#citem_e583-7ae1\">42. <strong>Obsternte durch die B\u00fcrger<\/strong> <i class=\"fa fa-caret-up\"><\/i><\/a>        <\/h4>    <\/div>    <div id=\"citem_e583-7ae1\" class=\"panel-collapse collapse \" role=\"tabpanel\" aria-labelledby=\"heading_citem_e583-7ae1\">        <div class=\"panel-body\">\n<table>\n<tbody>\n<tr>\n<td colspan=\"2\" width=\"123\">\n<p>Titel<\/p>\n<\/td>\n<td colspan=\"2\" width=\"485\">\n<p><strong>Obsternte durch die B\u00fcrger<\/strong><\/p>\n<\/td>\n<\/tr>\n<tr>\n<td width=\"38\">\n<p>Nr.<\/p>\n<\/td>\n<td width=\"85\">\n<p>42<\/p>\n<\/td>\n<td width=\"123\">\n<p>Erl\u00e4uterungsbericht<\/p>\n<\/td>\n<td width=\"362\">\n<p>4.3.4.2 Bepflanzung &amp; Naturschutz<\/p>\n<\/td>\n<\/tr>\n<tr>\n<td colspan=\"2\" width=\"123\">\n<p>Ordnungsbegriffe<\/p>\n<\/td>\n<td colspan=\"2\" width=\"485\">\n<p>Bepflanzung \u2013 Zust\u00e4ndigkeit<\/p>\n<\/td>\n<\/tr>\n<tr>\n<td colspan=\"2\" width=\"123\">\n<p>Inhalt<\/p>\n<\/td>\n<td colspan=\"2\" width=\"485\">\n<p>D\u00fcrfen\/sollen die Fr\u00fcchte der Obstb\u00e4ume von den B\u00fcrgern geerntet werden? Ist eine andere Zust\u00e4ndigkeit vorgesehen?<\/p>\n<\/td>\n<\/tr>\n<tr>\n<td colspan=\"2\" width=\"123\">\n<p>Online-Vorstellung<\/p>\n<\/td>\n<td colspan=\"2\" width=\"485\">\n<p>Eingebracht durch AKHNR als Nr. 42<\/p>\n<p>Zeitmarke Aufzeichnung: 01:23:16 \u2013 01:25:12<\/p>\n<p>Herr Melzer: \u201eIch w\u00fcrde mich unglaublich freuen, wenn die angenommen werden.\u201c<\/p>\n<p>Herr K\u00e4mmerling:\u201eJa, ich wollte Sie erg\u00e4nzen. Auch zum H17 [Anm.: Neubaugebiet in Hainhausen] hatte ich einen Anruf \u201eMensch, der Mirabellenbaum h\u00e4ngt doch so voll, habe ich gesehen.\u201c Und dann habe ich nur gesagt: \u201eJa, bitte sehr gerne herzlich ernten.\u201c Das war ja auch die Planungsabsicht. Deswegen haben wir die Obstb\u00e4ume in den H17 gepflanzt, dass die B\u00e4ume eben entsprechend geerntet werden. Und so ist es auch hier, weil das ist auch der Aspekt, den reinbringen wollen, dass wir das Obst wieder direkt zu den M\u00fcndern der Menschen bringen, die bei uns in der Stadt leben. Also sehr gerne.\u201c<\/p>\n<\/td>\n<\/tr>\n<tr>\n<td colspan=\"2\" width=\"123\">\n<p>Bewertung<\/p>\n<\/td>\n<td colspan=\"2\" width=\"485\">\n<p><span class=\"label label-success\">befriedigend adressiert<\/span><\/p>\n<p>Positiv beantwortet<\/p>\n<\/td>\n<\/tr>\n<\/tbody>\n<\/table>\n<p>\n        <\/p><\/div>    <\/div><\/div><br class=\"nc\" \/><div class=\"panel panel-default\">    <div class=\"panel-heading\" role=\"tab\" id=\"heading_citem_b071-864e\">        <h4 class=\"panel-title\"><a class=\"accordion-toggle collapsed\" data-toggle=\"collapse\" aria-controls=\"heading_citem_b071-864e\" data-parent=\"#collapse_1590-5875\" href=\"#citem_b071-864e\">43. <strong>Spender f\u00fcr Hundekotbeutel<\/strong> <i class=\"fa fa-caret-up\"><\/i><\/a>        <\/h4>    <\/div>    <div id=\"citem_b071-864e\" class=\"panel-collapse collapse \" role=\"tabpanel\" aria-labelledby=\"heading_citem_b071-864e\">        <div class=\"panel-body\">\n<table>\n<tbody>\n<tr>\n<td colspan=\"2\" width=\"123\">\n<p>Titel<\/p>\n<\/td>\n<td colspan=\"2\" width=\"485\">\n<p><strong>Spender f\u00fcr Hundekotbeutel<\/strong><\/p>\n<\/td>\n<\/tr>\n<tr>\n<td width=\"38\">\n<p>Nr.<\/p>\n<\/td>\n<td width=\"85\">\n<p>43<\/p>\n<\/td>\n<td width=\"123\">\n<p>Erl\u00e4uterungsbericht<\/p>\n<\/td>\n<td width=\"362\">\n<p>4.3.4.3 Weitere Infrastrukturen<\/p>\n<\/td>\n<\/tr>\n<tr>\n<td colspan=\"2\" width=\"123\">\n<p>Ordnungsbegriffe<\/p>\n<\/td>\n<td colspan=\"2\" width=\"485\">\n<p>Infrastruktur \u2013 Hundekotbeutel-Spender<\/p>\n<\/td>\n<\/tr>\n<tr>\n<td colspan=\"2\" width=\"123\">\n<p>Inhalt<\/p>\n<\/td>\n<td colspan=\"2\" width=\"485\">\n<p>Steht der Spender f\u00fcr Hundekotbeutel au\u00dferhalb des Gel\u00e4ndes?<\/p>\n<\/td>\n<\/tr>\n<tr>\n<td colspan=\"2\" width=\"123\">\n<p>Online-Vorstellung<\/p>\n<\/td>\n<td colspan=\"2\" width=\"485\">\n<p>Eingebracht durch AKHNR (siehe Protokoll, S. 4)<\/p>\n<p>Zeitmarke Aufzeichnung: 01:26:06 \u2013 01:26:42<\/p>\n<p>Herr Melzer:\u201eWir haben sie immer an den Eing\u00e4ngen positioniert. [\u2026] einmal im Bereich Rheinstra\u00dfe Zugang und dann nochmal im Bereich Ahornweg Zugang.\u201c<\/p>\n<p>Abb.: Platzierung Spender f\u00fcr Hundekotbeutel am Eingang Friedenstra\u00dfe<\/p>\n<p>Abb.: Platzierung Spender f\u00fcr Hundekotbeutel am Eingang Ahornstra\u00dfe<\/p>\n<\/td>\n<\/tr>\n<tr>\n<td colspan=\"2\" width=\"123\">\n<p>Bewertung<\/p>\n<\/td>\n<td colspan=\"2\" width=\"485\">\n<p><span class=\"label label-success\">befriedigend adressiert<\/span><\/p>\n<p>Beantwortet<\/p>\n<\/td>\n<\/tr>\n<\/tbody>\n<\/table>\n<p>\n        <\/p><\/div>    <\/div><\/div><br class=\"nc\" \/><div class=\"panel panel-default\">    <div class=\"panel-heading\" role=\"tab\" id=\"heading_citem_03b1-c5d4\">        <h4 class=\"panel-title\"><a class=\"accordion-toggle collapsed\" data-toggle=\"collapse\" aria-controls=\"heading_citem_03b1-c5d4\" data-parent=\"#collapse_1590-5875\" href=\"#citem_03b1-c5d4\">44. <strong>Hunde auf dem Gel\u00e4nde<\/strong> <i class=\"fa fa-caret-up\"><\/i><\/a>        <\/h4>    <\/div>    <div id=\"citem_03b1-c5d4\" class=\"panel-collapse collapse \" role=\"tabpanel\" aria-labelledby=\"heading_citem_03b1-c5d4\">        <div class=\"panel-body\">\n<table>\n<tbody>\n<tr>\n<td colspan=\"2\" width=\"123\">\n<p>Titel<\/p>\n<\/td>\n<td colspan=\"2\" width=\"485\">\n<p><strong>Hunde auf dem Gel\u00e4nde<\/strong><\/p>\n<\/td>\n<\/tr>\n<tr>\n<td width=\"38\">\n<p>Nr.<\/p>\n<\/td>\n<td width=\"85\">\n<p>44<\/p>\n<\/td>\n<td width=\"123\">\n<p>Erl\u00e4uterungsbericht<\/p>\n<\/td>\n<td width=\"362\">\n<p>Kein Bezug<\/p>\n<\/td>\n<\/tr>\n<tr>\n<td colspan=\"2\" width=\"123\">\n<p>Ordnungsbegriffe<\/p>\n<\/td>\n<td colspan=\"2\" width=\"485\">\n<p>Nutzung \u2013 Hunde<\/p>\n<\/td>\n<\/tr>\n<tr>\n<td colspan=\"2\" width=\"123\">\n<p>Inhalt<\/p>\n<\/td>\n<td colspan=\"2\" width=\"485\">\n<p>Es sollten keine Hunde auf dem Gel\u00e4nde erlaubt werden.<\/p>\n<p>Grund ist die an vielen anderen Stellen der Stadt gegebene extreme Verschmutzung durch Hundekot.<\/p>\n<p>Vor allem auf einem Gel\u00e4nde, welches in Teilen als Liegewiese, z. B. f\u00fcr das Familien-Picknick, gedacht ist, sollte besonders einer derartigen Verschmutzung entgegengewirkt werden.<\/p>\n<\/td>\n<\/tr>\n<tr>\n<td colspan=\"2\" width=\"123\">\n<p>Online-Vorstellung<\/p>\n<\/td>\n<td colspan=\"2\" width=\"485\">\n<p>Eingebracht durch AKHNR als Nr. 44<\/p>\n<p>Zeitmarke Aufzeichnung: 01:26:06 \u2013 01:28:53<\/p>\n<p>Herr K\u00e4mmerling:<\/p>\n<p>\u201eZu der Frage Hunde erlaubt oder nicht erlaubt. Ich glaube das kann man so und so beantworten. Meine Haltung ist: Wenn ich an die Seniorin denke, die vielleicht sich in dem Bereich aufhalten m\u00f6chte und die von einem Hund begleitet wird, [\u2026] da tue ich mich schwer, der zu verwehren, dass sie ihren Hund [\u2026] mitnehmen kann.<\/p>\n<p>Ich kann die die Bef\u00fcrchtung, die dahintersteckt, es ist nat\u00fcrlich das Thema, das wir vielerorts in Rodgau haben, dass die Hunde-Gassi-Geher nicht alle, aber einige ihre Hinterlassenschaften eben nicht wegr\u00e4umen.<\/p>\n<p>Und wenn ich ein Verbot aussprechen w\u00fcrde an der Stelle, was ich erst mal aus besagten Gr\u00fcnden nicht tun m\u00f6chte, ist dann auch die Frage der Kontrolle. Ich muss es ja auch durchsetzen, das Verbot. Ja, und da ist die ist aus meiner Sicht die Frage der Abw\u00e4gung \u201aWas will ich erreichen?\u2018<\/p>\n<p>Was aus meiner Sicht viel wichtiger ist, glaube ich, dass der Park regelm\u00e4\u00dfig gereinigt wird.<\/p>\n<p>Und ich glaube, das sind auch die Bereiche, die dann die erh\u00f6hten Pflegekosten im Wesentlichen ausmachen werden. Das ist weniger das Rasenm\u00e4hen, sondern das ist die Reinigung, weil ich gehe davon aus, dass eine Anlage dieser Frequentierung, an diesem Ort, dieser Ausstattung mindestens zweimal in der Woche auch gereinigt wird. Und meine Erfahrung ist: eine gut gereinigte und gepflegte Anlage wird auch nicht so stark verschmutzt, weil die Menschen, die die Anlage nutzen, das auch wahrnehmen, wertsch\u00e4tzen und auch achten. So w\u00fcrde ich die die Frage beantworten.<\/p>\n<\/td>\n<\/tr>\n<tr>\n<td colspan=\"2\" width=\"123\">\n<p>Bewertung<\/p>\n<\/td>\n<td colspan=\"2\" width=\"485\">\n<p><span class=\"label label-warning\">bedingt befriedigend adressiert; Informationen stehen noch aus<\/span><\/p>\n<p>Die Argumentation ist nachvollziehbar hat aber, gerade auch in Bezug zur Thematik \u201eSchlie\u00dfzeiten\u201c (siehe Punkt 53), Schw\u00e4chen: Es bleibt die Bef\u00fcrchtung, dass gerade nachts die gepflegte Anlage nicht als solche gesehen wird und gerade, wenn sie nicht geschlossen ist, dann auch verschmutzt oder sogar f\u00fcr unerw\u00fcnschte Zwecke genutzt wird (Saufgelage, Lagerfeuer, Drogenhandel).<\/p>\n<p>Hier sollte die Entwicklung beobachtet werden und ggf. doch ein Verbot umgesetzt werden, wenn die Situation sich nicht positiv entwickelt.<\/p>\n<p>Kann sich die Stadtverwaltung mit einem solchen Ansatz anfreunden?<\/p>\n<\/td>\n<\/tr>\n<\/tbody>\n<\/table>\n<p>\n        <\/p><\/div>    <\/div><\/div><br class=\"nc\" \/><div class=\"panel panel-default\">    <div class=\"panel-heading\" role=\"tab\" id=\"heading_citem_cd75-0d2b\">        <h4 class=\"panel-title\"><a class=\"accordion-toggle collapsed\" data-toggle=\"collapse\" aria-controls=\"heading_citem_cd75-0d2b\" data-parent=\"#collapse_1590-5875\" href=\"#citem_cd75-0d2b\">45. <strong>Nutzung des Torgeb\u00e4udes<\/strong> <i class=\"fa fa-caret-up\"><\/i><\/a>        <\/h4>    <\/div>    <div id=\"citem_cd75-0d2b\" class=\"panel-collapse collapse \" role=\"tabpanel\" aria-labelledby=\"heading_citem_cd75-0d2b\">        <div class=\"panel-body\">\n<table>\n<tbody>\n<tr>\n<td colspan=\"2\" width=\"123\">\n<p>Titel<\/p>\n<\/td>\n<td colspan=\"2\" width=\"485\">\n<p><strong>Nutzung des Torgeb\u00e4udes<\/strong><\/p>\n<\/td>\n<\/tr>\n<tr>\n<td width=\"38\">\n<p>Nr.<\/p>\n<\/td>\n<td width=\"85\">\n<p>45<\/p>\n<\/td>\n<td width=\"123\">\n<p>Erl\u00e4uterungsbericht<\/p>\n<\/td>\n<td width=\"362\">\n<p>4.3.4.4 Denkmalgesch\u00fctzes Torgeb\u00e4ude &amp; Umfassungsmauer<\/p>\n<\/td>\n<\/tr>\n<tr>\n<td colspan=\"2\" width=\"123\">\n<p>Ordnungsbegriffe<\/p>\n<\/td>\n<td colspan=\"2\" width=\"485\">\n<p>Nutzung \u2013 Torgeb\u00e4ude<\/p>\n<\/td>\n<\/tr>\n<tr>\n<td colspan=\"2\" width=\"123\">\n<p>Inhalt<\/p>\n<\/td>\n<td colspan=\"2\" width=\"485\">\n<p>Wie wird die Planung der Nutzung des Torgeb\u00e4udes weiter verlaufen?<\/p>\n<p>Dies ist vor allem vor dem Hintergrund der Bauma\u00dfnahmen zeitkritisch.Falls auch bauliche Ver\u00e4nderungen f\u00fcr die Nutzung des Torgeb\u00e4udes erforderlich sind, auch wenn sie erst mit deutlicher Verz\u00f6gerung Einzug halten soll, m\u00fcssen diese jetzt schon Ber\u00fccksichtigung finden. Ansonsten droht ein hoher, vermeidbarer Mehraufwand oder es werden Ma\u00dfnahmen gar unm\u00f6glich umsetzbar.<\/p>\n<\/td>\n<\/tr>\n<tr>\n<td colspan=\"2\" width=\"123\">\n<p>Online-Vorstellung<\/p>\n<\/td>\n<td colspan=\"2\" width=\"485\">\n<p>Eingebracht durch AKHNR als Nr. 45<\/p>\n<\/td>\n<\/tr>\n<tr>\n<td colspan=\"2\" width=\"123\">\n<p>Bewertung<\/p>\n<\/td>\n<td colspan=\"2\" width=\"485\">\n<p><span class=\"label label-danger\">nicht befriedigend adressiert<\/span><\/p>\n<p>Wurde nach unserer Kenntnis nicht ber\u00fccksichtigt.<\/p>\n<\/td>\n<\/tr>\n<\/tbody>\n<\/table>\n<p>\n        <\/p><\/div>    <\/div><\/div><br class=\"nc\" \/><div class=\"panel panel-default\">    <div class=\"panel-heading\" role=\"tab\" id=\"heading_citem_231d-cf5e\">        <h4 class=\"panel-title\"><a class=\"accordion-toggle collapsed\" data-toggle=\"collapse\" aria-controls=\"heading_citem_231d-cf5e\" data-parent=\"#collapse_1590-5875\" href=\"#citem_231d-cf5e\">46. <strong>Bildmaterial zu den Ausstattungselementen<\/strong> <i class=\"fa fa-caret-up\"><\/i><\/a>        <\/h4>    <\/div>    <div id=\"citem_231d-cf5e\" class=\"panel-collapse collapse \" role=\"tabpanel\" aria-labelledby=\"heading_citem_231d-cf5e\">        <div class=\"panel-body\">\n<table>\n<tbody>\n<tr>\n<td colspan=\"2\" width=\"123\">\n<p>Titel<\/p>\n<\/td>\n<td colspan=\"2\" width=\"485\">\n<p><strong>Bildmaterial zu den Ausstattungselementen<\/strong><\/p>\n<\/td>\n<\/tr>\n<tr>\n<td width=\"38\">\n<p>Nr.<\/p>\n<\/td>\n<td width=\"85\">\n<p>46<\/p>\n<\/td>\n<td width=\"123\">\n<p>Erl\u00e4uterungsbericht<\/p>\n<\/td>\n<td width=\"362\">\n<p>4.3.4.1 Sitzen &amp; Liegen<\/p>\n<\/td>\n<\/tr>\n<tr>\n<td colspan=\"2\" width=\"123\">\n<p>Ordnungsbegriffe<\/p>\n<\/td>\n<td colspan=\"2\" width=\"485\">\n<p>Ausstattungselemente \u2013 Bildmaterial<\/p>\n<\/td>\n<\/tr>\n<tr>\n<td colspan=\"2\" width=\"123\">\n<p>Inhalt<\/p>\n<\/td>\n<td colspan=\"2\" width=\"485\">\n<p>K\u00f6nnen Bildmaterial zu den Ausstattungselementen (z. B. Liegen, B\u00e4nke) bzw. Quellen und entsprechende Links zur Verf\u00fcgung gestellt werden?<\/p>\n<\/td>\n<\/tr>\n<tr>\n<td colspan=\"2\" width=\"123\">\n<p>Online-Vorstellung<\/p>\n<\/td>\n<td colspan=\"2\" width=\"485\">\n<p>Eingebracht durch AKHNR als Nr. 46<\/p>\n<p>Zeitmarke Aufzeichnung: 01:35:42 \u2013 01:36:07<\/p>\n<p>Moderator:\u201e[\u2026] Der Wunsch eben Bildmaterial zu den Ausstattungselementen, zum Beispiel zu den Liegen und zu den B\u00e4nken, dann auch bereit zu stellen, wenn es die denn gibt, und wenn man da[s] genauer wei\u00df, dass [\u2026] man sich besser vorstellen kann, wie das denn eigentlich auch aussieht. Da besteht ein ganz gro\u00dfes Interesse auch daran.\u201c<\/p>\n<\/td>\n<\/tr>\n<tr>\n<td colspan=\"2\" width=\"123\">\n<p>Bewertung<\/p>\n<\/td>\n<td colspan=\"2\" width=\"485\">\n<p><span class=\"label label-warning\">bedingt befriedigend adressiert; Informationen stehen noch aus<\/span><\/p>\n<p>Wir meinen im Hintergrund ein Wort der Zustimmung von Herrn Melzer vernommen zu haben, k\u00f6nnen uns aber nicht sicher sein.<\/p>\n<p>Es gab keine ordentliche Aussage der Stadtverwaltung zu diesem Punkt.Wir bitten daher auch hier darum einen Eindruck vermittelt zu bekommen, bevor eine Entscheidung gef\u00e4llt wird.<\/p>\n<\/td>\n<\/tr>\n<\/tbody>\n<\/table>\n<p>\n        <\/p><\/div>    <\/div><\/div><br class=\"nc\" \/><div class=\"panel panel-default\">    <div class=\"panel-heading\" role=\"tab\" id=\"heading_citem_6e05-4d52\">        <h4 class=\"panel-title\"><a class=\"accordion-toggle collapsed\" data-toggle=\"collapse\" aria-controls=\"heading_citem_6e05-4d52\" data-parent=\"#collapse_1590-5875\" href=\"#citem_6e05-4d52\">47. <strong>Name des Parkes<\/strong> <i class=\"fa fa-caret-up\"><\/i><\/a>        <\/h4>    <\/div>    <div id=\"citem_6e05-4d52\" class=\"panel-collapse collapse \" role=\"tabpanel\" aria-labelledby=\"heading_citem_6e05-4d52\">        <div class=\"panel-body\">\n<table>\n<tbody>\n<tr>\n<td colspan=\"2\" width=\"123\">\n<p>Titel<\/p>\n<\/td>\n<td colspan=\"2\" width=\"485\">\n<p><strong>Name des Parkes<\/strong><\/p>\n<\/td>\n<\/tr>\n<tr>\n<td width=\"38\">\n<p>Nr.<\/p>\n<\/td>\n<td width=\"85\">\n<p>47<\/p>\n<\/td>\n<td width=\"123\">\n<p>Erl\u00e4uterungsbericht<\/p>\n<\/td>\n<td width=\"362\">\n<p>Kein Bezug<\/p>\n<\/td>\n<\/tr>\n<tr>\n<td colspan=\"2\" width=\"123\">\n<p>Ordnungsbegriffe<\/p>\n<\/td>\n<td colspan=\"2\" width=\"485\">\n<p>Name \u2013 Park<\/p>\n<\/td>\n<\/tr>\n<tr>\n<td colspan=\"2\" width=\"123\">\n<p>Inhalt<\/p>\n<\/td>\n<td colspan=\"2\" width=\"485\">\n<p>Wie ist die Namensvergabe des Parks geplant?Vorschlag: Eine Umfrage in der Bev\u00f6lkerung. Der AKHNR bringt sich gerne mit Vorschl\u00e4gen ein.<\/p>\n<\/td>\n<\/tr>\n<tr>\n<td colspan=\"2\" width=\"123\">\n<p>Online-Vorstellung<\/p>\n<\/td>\n<td colspan=\"2\" width=\"485\">\n<p>Eingebracht durch AKHNR als Nr. 47<\/p>\n<p>\u00a0<\/p>\n<p>B\u00fcrgermeister Hoffmann:<\/p>\n<p>\u201e[\u2026] das ist eine tolle Anregung, eine tolle Idee und die kann man auch sehr gerne den Entscheidungsgremien n\u00e4herbringen, die letzten Endes ja auch \u00fcber das Gesamtprojekt entscheiden. Und ich denke, den Vorschlag kann man durchaus machen und ich freue mich und bin dankbar f\u00fcr eine Unterst\u00fctzung des Arbeitskreises. Finde ich eine tolle Idee.\u201c<\/p>\n<\/td>\n<\/tr>\n<tr>\n<td colspan=\"2\" width=\"123\">\n<p>Bewertung<\/p>\n<\/td>\n<td colspan=\"2\" width=\"485\">\n<p><span class=\"label label-success\">befriedigend adressiert<\/span><\/p>\n<p>Wir freuen uns \u00fcber die positive Aufnahme der Idee.<\/p>\n<\/td>\n<\/tr>\n<\/tbody>\n<\/table>\n<p>\n        <\/p><\/div>    <\/div><\/div><br class=\"nc\" \/><div class=\"panel panel-default\">    <div class=\"panel-heading\" role=\"tab\" id=\"heading_citem_8c15-70a1\">        <h4 class=\"panel-title\"><a class=\"accordion-toggle collapsed\" data-toggle=\"collapse\" aria-controls=\"heading_citem_8c15-70a1\" data-parent=\"#collapse_1590-5875\" href=\"#citem_8c15-70a1\">48. <strong>Vergabe der Gedenkb\u00e4ume<\/strong> <i class=\"fa fa-caret-up\"><\/i><\/a>        <\/h4>    <\/div>    <div id=\"citem_8c15-70a1\" class=\"panel-collapse collapse \" role=\"tabpanel\" aria-labelledby=\"heading_citem_8c15-70a1\">        <div class=\"panel-body\">\n<table>\n<tbody>\n<tr>\n<td colspan=\"2\" width=\"123\">\n<p>Titel<\/p>\n<\/td>\n<td colspan=\"2\" width=\"485\">\n<p><strong>Vergabe der Gedenkb\u00e4ume<\/strong><\/p>\n<\/td>\n<\/tr>\n<tr>\n<td width=\"38\">\n<p>Nr.<\/p>\n<\/td>\n<td width=\"85\">\n<p>48<\/p>\n<\/td>\n<td width=\"123\">\n<p>Erl\u00e4uterungsbericht<\/p>\n<\/td>\n<td width=\"362\">\n<p>Kein Bezug<\/p>\n<\/td>\n<\/tr>\n<tr>\n<td colspan=\"2\" width=\"123\">\n<p>Ordnungsbegriffe<\/p>\n<\/td>\n<td colspan=\"2\" width=\"485\">\n<p>Gedenkb\u00e4ume \u2013 Vergabe<\/p>\n<\/td>\n<\/tr>\n<tr>\n<td colspan=\"2\" width=\"123\">\n<p>Inhalt<\/p>\n<\/td>\n<td colspan=\"2\" width=\"485\">\n<p>Wie werden die Gedenkb\u00e4ume vergeben\/zugewiesen?Pl\u00e4ne zur Vergabe eines Baumes sollten durch die Bev\u00f6lkerung best\u00e4tigt\/abgewiesen werden k\u00f6nnen.<\/p>\n<\/td>\n<\/tr>\n<tr>\n<td colspan=\"2\" width=\"123\">\n<p>Online-Vorstellung<\/p>\n<\/td>\n<td colspan=\"2\" width=\"485\">\n<p>Eingebracht durch AKHNR als Nr. 48<\/p>\n<\/td>\n<\/tr>\n<tr>\n<td colspan=\"2\" width=\"123\">\n<p>Bewertung<\/p>\n<\/td>\n<td colspan=\"2\" width=\"485\">\n<p><span class=\"label label-danger\">nicht befriedigend adressiert<\/span><\/p>\n<p>Wurde nach unserer Kenntnis nicht ber\u00fccksichtigt.<\/p>\n<\/td>\n<\/tr>\n<\/tbody>\n<\/table>\n<p>\n        <\/p><\/div>    <\/div><\/div><br class=\"nc\" \/><div class=\"panel panel-default\">    <div class=\"panel-heading\" role=\"tab\" id=\"heading_citem_5cf8-6aea\">        <h4 class=\"panel-title\"><a class=\"accordion-toggle collapsed\" data-toggle=\"collapse\" aria-controls=\"heading_citem_5cf8-6aea\" data-parent=\"#collapse_1590-5875\" href=\"#citem_5cf8-6aea\">49. <strong>Nutzung des Regenwassers<\/strong> <i class=\"fa fa-caret-up\"><\/i><\/a>        <\/h4>    <\/div>    <div id=\"citem_5cf8-6aea\" class=\"panel-collapse collapse \" role=\"tabpanel\" aria-labelledby=\"heading_citem_5cf8-6aea\">        <div class=\"panel-body\">\n<table>\n<tbody>\n<tr>\n<td colspan=\"2\" width=\"123\">\n<p>Titel<\/p>\n<\/td>\n<td colspan=\"2\" width=\"485\">\n<p><strong>Nutzung des Regenwassers<\/strong><\/p>\n<\/td>\n<\/tr>\n<tr>\n<td width=\"38\">\n<p>Nr.<\/p>\n<\/td>\n<td width=\"85\">\n<p>49<\/p>\n<\/td>\n<td width=\"123\">\n<p>Erl\u00e4uterungsbericht<\/p>\n<\/td>\n<td width=\"362\">\n<p>Kein Bezug<\/p>\n<\/td>\n<\/tr>\n<tr>\n<td colspan=\"2\" width=\"123\">\n<p>Ordnungsbegriffe<\/p>\n<\/td>\n<td colspan=\"2\" width=\"485\">\n<p>Infrastruktur \u2013 Wasser<\/p>\n<\/td>\n<\/tr>\n<tr>\n<td colspan=\"2\" width=\"123\">\n<p>Inhalt<\/p>\n<\/td>\n<td colspan=\"2\" width=\"485\">\n<p>K\u00f6nnen das Auffangen und die Nutzung des Regenwassers erfolgen (z. B. in Form eines Vogelbades), anstatt das Wasser nur versickern zu lassen.<\/p>\n<\/td>\n<\/tr>\n<tr>\n<td colspan=\"2\" width=\"123\">\n<p>Online-Vorstellung<\/p>\n<\/td>\n<td colspan=\"2\" width=\"485\">\n<p>Eingebracht durch AKHNR als Nr. 49<\/p>\n<\/td>\n<\/tr>\n<tr>\n<td colspan=\"2\" width=\"123\">\n<p>Bewertung<\/p>\n<\/td>\n<td colspan=\"2\" width=\"485\">\n<p><span class=\"label label-danger\">nicht befriedigend adressiert<\/span><\/p>\n<p>Wurde nach unserer Kenntnis nicht ber\u00fccksichtigt.<\/p>\n<\/td>\n<\/tr>\n<\/tbody>\n<\/table>\n<p>\n        <\/p><\/div>    <\/div><\/div><br class=\"nc\" \/><div class=\"panel panel-default\">    <div class=\"panel-heading\" role=\"tab\" id=\"heading_citem_0179-dd4c\">        <h4 class=\"panel-title\"><a class=\"accordion-toggle collapsed\" data-toggle=\"collapse\" aria-controls=\"heading_citem_0179-dd4c\" data-parent=\"#collapse_1590-5875\" href=\"#citem_0179-dd4c\">50. <strong>Denkmalgesch\u00fctzte Kreuze<\/strong> <i class=\"fa fa-caret-up\"><\/i><\/a>        <\/h4>    <\/div>    <div id=\"citem_0179-dd4c\" class=\"panel-collapse collapse \" role=\"tabpanel\" aria-labelledby=\"heading_citem_0179-dd4c\">        <div class=\"panel-body\">\n<table>\n<tbody>\n<tr>\n<td colspan=\"2\" width=\"123\">\n<p>Titel<\/p>\n<\/td>\n<td colspan=\"2\" width=\"485\">\n<p><strong>Denkmalgesch\u00fctzte Kreuze<\/strong><\/p>\n<\/td>\n<\/tr>\n<tr>\n<td width=\"38\">\n<p>Nr.<\/p>\n<\/td>\n<td width=\"85\">\n<p>50<\/p>\n<\/td>\n<td width=\"123\">\n<p>Erl\u00e4uterungsbericht<\/p>\n<\/td>\n<td width=\"362\">\n<p>Kein Bezug<\/p>\n<\/td>\n<\/tr>\n<tr>\n<td colspan=\"2\" width=\"123\">\n<p>Ordnungsbegriffe<\/p>\n<\/td>\n<td colspan=\"2\" width=\"485\">\n<p>Denkmalschutz<\/p>\n<\/td>\n<\/tr>\n<tr>\n<td colspan=\"2\" width=\"123\">\n<p>Inhalt<\/p>\n<\/td>\n<td colspan=\"2\" width=\"485\">\n<p>Bitte beachten: die denkmalgesch\u00fctzten Kreuze m\u00fcssen exakt an gleicher Stelle wieder platziert werden.<\/p>\n<\/td>\n<\/tr>\n<tr>\n<td colspan=\"2\" width=\"123\">\n<p>Online-Vorstellung<\/p>\n<\/td>\n<td colspan=\"2\" width=\"485\">\n<p>Eingebracht durch AKHNR als Nr. 50<\/p>\n<\/td>\n<\/tr>\n<tr>\n<td colspan=\"2\" width=\"123\">\n<p>Bewertung<\/p>\n<\/td>\n<td colspan=\"2\" width=\"485\">\n<p><span class=\"label label-danger\">nicht befriedigend adressiert<\/span><\/p>\n<p>Wurde nach unserer Kenntnis nicht ber\u00fccksichtigt.<\/p>\n<\/td>\n<\/tr>\n<\/tbody>\n<\/table>\n<p>\n        <\/p><\/div>    <\/div><\/div><br class=\"nc\" \/><div class=\"panel panel-default\">    <div class=\"panel-heading\" role=\"tab\" id=\"heading_citem_8029-b6df\">        <h4 class=\"panel-title\"><a class=\"accordion-toggle collapsed\" data-toggle=\"collapse\" aria-controls=\"heading_citem_8029-b6df\" data-parent=\"#collapse_1590-5875\" href=\"#citem_8029-b6df\">51. <strong>Name des zentralen Platzes<\/strong> <i class=\"fa fa-caret-up\"><\/i><\/a>        <\/h4>    <\/div>    <div id=\"citem_8029-b6df\" class=\"panel-collapse collapse \" role=\"tabpanel\" aria-labelledby=\"heading_citem_8029-b6df\">        <div class=\"panel-body\">\n<table>\n<tbody>\n<tr>\n<td colspan=\"2\" width=\"123\">\n<p>Titel<\/p>\n<\/td>\n<td colspan=\"2\" width=\"485\">\n<p><strong>Name des zentralen Platzes<\/strong><\/p>\n<\/td>\n<\/tr>\n<tr>\n<td width=\"38\">\n<p>Nr.<\/p>\n<\/td>\n<td width=\"85\">\n<p>51<\/p>\n<\/td>\n<td width=\"123\">\n<p>Erl\u00e4uterungsbericht<\/p>\n<\/td>\n<td width=\"362\">\n<p>Kein Bezug<\/p>\n<\/td>\n<\/tr>\n<tr>\n<td colspan=\"2\" width=\"123\">\n<p>Ordnungsbegriffe<\/p>\n<\/td>\n<td colspan=\"2\" width=\"485\">\n<p>Name \u2013 Zentraler Platz<\/p>\n<\/td>\n<\/tr>\n<tr>\n<td colspan=\"2\" width=\"123\">\n<p>Inhalt<\/p>\n<\/td>\n<td colspan=\"2\" width=\"485\">\n<p>Neben der Benennung des Parks setzen wir uns f\u00fcr die M\u00f6glichkeit ein, dem zentralen Platz unter der Pergola einen Namen geben zu k\u00f6nnen.<\/p>\n<\/td>\n<\/tr>\n<tr>\n<td colspan=\"2\" width=\"123\">\n<p>Online-Vorstellung<\/p>\n<\/td>\n<td colspan=\"2\" width=\"485\">\n<p>Eingebracht durch AKHNR als Nr. 51<\/p>\n<\/td>\n<\/tr>\n<tr>\n<td colspan=\"2\" width=\"123\">\n<p>Bewertung<\/p>\n<\/td>\n<td colspan=\"2\" width=\"485\">\n<p><span class=\"label label-danger\">nicht befriedigend adressiert<\/span><\/p>\n<p>Wurde nach unserer Kenntnis nicht ber\u00fccksichtigt.<\/p>\n<\/td>\n<\/tr>\n<\/tbody>\n<\/table>\n<p>\n        <\/p><\/div>    <\/div><\/div><br class=\"nc\" \/><div class=\"panel panel-default\">    <div class=\"panel-heading\" role=\"tab\" id=\"heading_citem_2352-0d6b\">        <h4 class=\"panel-title\"><a class=\"accordion-toggle collapsed\" data-toggle=\"collapse\" aria-controls=\"heading_citem_2352-0d6b\" data-parent=\"#collapse_1590-5875\" href=\"#citem_2352-0d6b\">52. <strong>Boccia-Feld \u2013 Platzierung nicht angemessen<\/strong> <i class=\"fa fa-caret-up\"><\/i><\/a>        <\/h4>    <\/div>    <div id=\"citem_2352-0d6b\" class=\"panel-collapse collapse \" role=\"tabpanel\" aria-labelledby=\"heading_citem_2352-0d6b\">        <div class=\"panel-body\">\n<table>\n<tbody>\n<tr>\n<td colspan=\"2\" width=\"123\">\n<p>Titel<\/p>\n<\/td>\n<td colspan=\"2\" width=\"485\">\n<p><strong>Boccia-Feld \u2013 Platzierung nicht angemessen<\/strong><\/p>\n<\/td>\n<\/tr>\n<tr>\n<td width=\"38\">\n<p>Nr.<\/p>\n<\/td>\n<td width=\"85\">\n<p>52<\/p>\n<\/td>\n<td width=\"123\">\n<p>Erl\u00e4uterungsbericht<\/p>\n<\/td>\n<td width=\"362\">\n<p>4.3.2 Lindenallee zum Alten Friedhof &amp; Erschlie\u00dfungswege<\/p>\n<\/td>\n<\/tr>\n<tr>\n<td colspan=\"2\" width=\"123\">\n<p>Ordnungsbegriffe<\/p>\n<\/td>\n<td colspan=\"2\" width=\"485\">\n<p>Fl\u00e4che vor den Zypressen \u2013 Boccia-Feld<\/p>\n<\/td>\n<\/tr>\n<tr>\n<td colspan=\"2\" width=\"123\">\n<p>Inhalt<\/p>\n<\/td>\n<td colspan=\"2\" width=\"485\">\n<p>Die Anordnung eines Boccia-Feldes direkt unter dem Kruzifix halten wir aufgrund der Bedeutung des Kreuzes nicht f\u00fcr angemessen.<\/p>\n<p>Dar\u00fcber hinaus sehen wir keinen ausreichenden Zuspruch bereits in Nieder-Roden vorhandener Boccia-Felder (z. B. auf dem Puiseauxplatz), was die Anlage eines weiteren Feldes mit entsprechendem Aufwand rechtfertigen w\u00fcrde.<\/p>\n<\/td>\n<\/tr>\n<tr>\n<td colspan=\"2\" width=\"123\">\n<p>Online-Vorstellung<\/p>\n<\/td>\n<td colspan=\"2\" width=\"485\">\n<p>Konnte nicht durch den AKHNR eingebracht werden.<\/p>\n<\/td>\n<\/tr>\n<tr>\n<td colspan=\"2\" width=\"123\">\n<p>Bewertung<\/p>\n<\/td>\n<td colspan=\"2\" width=\"485\">\n<p><span class=\"label label-danger\">nicht befriedigend adressiert<\/span><\/p>\n<p>Wurde nach unserer Kenntnis nicht ber\u00fccksichtigt.<\/p>\n<\/td>\n<\/tr>\n<\/tbody>\n<\/table>\n<p>\n        <\/p><\/div>    <\/div><\/div><br class=\"nc\" \/><div class=\"panel panel-default\">    <div class=\"panel-heading\" role=\"tab\" id=\"heading_citem_1425-35fe\">        <h4 class=\"panel-title\"><a class=\"accordion-toggle collapsed\" data-toggle=\"collapse\" aria-controls=\"heading_citem_1425-35fe\" data-parent=\"#collapse_1590-5875\" href=\"#citem_1425-35fe\">53. <strong>Schlie\u00dfzeiten<\/strong> <i class=\"fa fa-caret-up\"><\/i><\/a>        <\/h4>    <\/div>    <div id=\"citem_1425-35fe\" class=\"panel-collapse collapse \" role=\"tabpanel\" aria-labelledby=\"heading_citem_1425-35fe\">        <div class=\"panel-body\">\n<table>\n<tbody>\n<tr>\n<td colspan=\"2\" width=\"123\">\n<p>Titel<\/p>\n<\/td>\n<td colspan=\"2\" width=\"485\">\n<p><strong>Schlie\u00dfzeiten<\/strong><\/p>\n<\/td>\n<\/tr>\n<tr>\n<td width=\"38\">\n<p>Nr.<\/p>\n<\/td>\n<td width=\"85\">\n<p>53<\/p>\n<\/td>\n<td width=\"123\">\n<p>Erl\u00e4uterungsbericht<\/p>\n<\/td>\n<td width=\"362\">\n<p>Kein Bezug<\/p>\n<\/td>\n<\/tr>\n<tr>\n<td colspan=\"2\" width=\"123\">\n<p>Ordnungsbegriffe<\/p>\n<\/td>\n<td colspan=\"2\" width=\"485\">\n<p>Nutzung \u2013 Schlie\u00dfzeiten<\/p>\n<\/td>\n<\/tr>\n<tr>\n<td colspan=\"2\" width=\"123\">\n<p>Inhalt<\/p>\n<\/td>\n<td colspan=\"2\" width=\"485\">\n<p>Es besteht die gro\u00dfe Sorge, dass der Park gerade in der Nacht f\u00fcr unsch\u00f6ne Zusammenk\u00fcnfte genutzt wird. Vandalismus, Verschmutzung sind weitere Bedenken.<\/p>\n<p>Siehe dazu auch Punkt 12, \u201eSteuerung des WLAN-Hotspots\u201c.<\/p>\n<p>Wir bef\u00fcrworten, dass der Park regul\u00e4r nachts abgeschlossen wird.<\/p>\n<p>Orientierung bieten hier die Schlie\u00dfzeiten der Friedh\u00f6fe:<\/p>\n<p>Quelle: <a href=\"https:\/\/www.stadtwerke-rodgau.de\/kommunale-dienste\/friedhof\/\">https:\/\/www.stadtwerke-rodgau.de\/kommunale-dienste\/friedhof\/<\/a> &#8211; abgerufen 13.03.2022<\/p>\n<p>Alternative Konzepte sollten mit der Bev\u00f6lkerung abgestimmt werden.<\/p>\n<\/td>\n<\/tr>\n<tr>\n<td colspan=\"2\" width=\"123\">\n<p>Online-Vorstellung<\/p>\n<\/td>\n<td colspan=\"2\" width=\"485\">\n<p>Konnte nicht durch den AKHNR eingebracht werden.Wurde durch Dritte eingebracht.<\/p>\n<p>Zeitmarke Aufzeichnung: 01:25:13 &#8211; 01:26:05<\/p>\n<p>Herr K\u00e4mmerling:\u201eDer Grundgedanke ist, dass es eine \u00f6ffentliche Gr\u00fcnfl\u00e4che ist und demzufolge auch nicht geschlossen ist. Also der Grundgedanke ist, dass der Park 24 Stunden, sieben Tage in der Woche, 365 Tage im Jahr ge\u00f6ffnet ist. Sollte sich herausstellen, dass dieses Konzept nicht funktioniert, was ich mir \u00fcberhaupt nicht vorstellen kann, dann muss man dr\u00fcber nachdenken, ob man diesen Park auch abschlie\u00dft.Aber wie gesagt, der Grundgedanke ist erstmal: Es ist ja kein Friedhof mehr, sondern es ist eine \u00f6ffentliche Gr\u00fcnfl\u00e4che. Also ist er auch \u00f6ffentlich zug\u00e4nglich \u2013 Stand heute.\u201c<\/p>\n<\/td>\n<\/tr>\n<tr>\n<td colspan=\"2\" width=\"123\">\n<p>Bewertung<\/p>\n<\/td>\n<td colspan=\"2\" width=\"485\">\n<p><span class=\"label label-warning\">bedingt befriedigend adressiert; Informationen stehen noch aus<\/span><\/p>\n<p>Positiv ist, dass der Park abschlie\u00dfbar ist.<\/p>\n<p>Die B\u00fcrger k\u00f6nnen sich allerdings durchaus vorstellen, dass eine dauerhafte \u00d6ffnung problematisch ist \u2013 Stichworte: Gelage, Verschmutzung, Vandalismus (siehe dazu auch Punkt 44). Nach gutem Glauben k\u00f6nnte man sagen: \u201eEinen Versuch ist es wert.\u201c<\/p>\n<p>Spricht etwas gegen \u00d6ffnungszeiten wie bei Friedh\u00f6fen?<\/p>\n<\/td>\n<\/tr>\n<\/tbody>\n<\/table>\n<p>\n        <\/p><\/div>    <\/div><\/div><br class=\"nc\" \/><div class=\"panel panel-default\">    <div class=\"panel-heading\" role=\"tab\" id=\"heading_citem_3138-9305\">        <h4 class=\"panel-title\"><a class=\"accordion-toggle collapsed\" data-toggle=\"collapse\" aria-controls=\"heading_citem_3138-9305\" data-parent=\"#collapse_1590-5875\" href=\"#citem_3138-9305\">54. <strong>Gibt es Alternativplanungen?<\/strong> <i class=\"fa fa-caret-up\"><\/i><\/a>        <\/h4>    <\/div>    <div id=\"citem_3138-9305\" class=\"panel-collapse collapse \" role=\"tabpanel\" aria-labelledby=\"heading_citem_3138-9305\">        <div class=\"panel-body\">\n<table>\n<tbody>\n<tr>\n<td colspan=\"2\" width=\"123\">\n<p>Titel<\/p>\n<\/td>\n<td colspan=\"2\" width=\"485\">\n<p><strong>Gibt es Alternativplanungen?<\/strong><\/p>\n<\/td>\n<\/tr>\n<tr>\n<td width=\"38\">\n<p>Nr.<\/p>\n<\/td>\n<td width=\"85\">\n<p>54<\/p>\n<\/td>\n<td width=\"123\">\n<p>Erl\u00e4uterungsbericht<\/p>\n<\/td>\n<td width=\"362\">\n<p>Kein Bezug<\/p>\n<\/td>\n<\/tr>\n<tr>\n<td colspan=\"2\" width=\"123\">\n<p>Ordnungsbegriffe<\/p>\n<\/td>\n<td colspan=\"2\" width=\"485\">\n<p>Verfahren \u2013 Friedhofsbedarfsplanung<\/p>\n<\/td>\n<\/tr>\n<tr>\n<td colspan=\"2\" width=\"123\">\n<p>Inhalt<\/p>\n<\/td>\n<td colspan=\"2\" width=\"485\">\n<p>Der Vorentwurf vermittelt durch die Detailkostenaufstellung den Eindruck einer endg\u00fcltigen Planung.<\/p>\n<p>Daher die grunds\u00e4tzliche Frage zum Verfahren:<\/p>\n<p>Warum gibt es zur Entwurfsplanung keine weiteren Alternativplanungen?<\/p>\n<\/td>\n<\/tr>\n<tr>\n<td colspan=\"2\" width=\"123\">\n<p>Online-Vorstellung<\/p>\n<\/td>\n<td colspan=\"2\" width=\"485\">\n<p>Konnte nicht durch den AKHNR eingebracht werden.<\/p>\n<p>Zeitmarke Aufzeichnung: 01:06:23 \u2013 01:10:00<\/p>\n<p>Moderator:\u201eVielleicht Herr K\u00e4mmerling und Herr Melzer, k\u00f6nnen Sie das gemeinsam noch mal einordnen? Die Frage war, ob es au\u00dfer dieser Planung noch eine Alternativplanung gibt. [\u2026] ich verstehe Sie so: Es gab jetzt nicht die verschiedenen Pl\u00e4ne, die Ihnen alle vorgelegt wurden, und Sie haben sich dann f\u00fcr das eine entschieden, sondern haben das eben dann hier in dem Prozess so erarbeitet.<\/p>\n<p>Herr K\u00e4mmerling:\u201eGenauso war auch nicht die Aufgabenstellung an den Landschaftsarchitekten mehrere Entwurfsvarianten vorzulegen. Also ganz klar. An der Stelle hatten wir diesen [\u2026] Auftrag so nicht formuliert.\u201c<\/p>\n<\/td>\n<\/tr>\n<tr>\n<td colspan=\"2\" width=\"123\">\n<p>Bewertung<\/p>\n<\/td>\n<td colspan=\"2\" width=\"485\">\n<p><span class=\"label label-danger\">nicht befriedigend adressiert<\/span><\/p>\n<p>Die eigentliche Frage wurde nicht beantwortet.<\/p>\n<\/td>\n<\/tr>\n<\/tbody>\n<\/table>\n<p>\n        <\/p><\/div>    <\/div><\/div><br class=\"nc\" \/><div class=\"panel panel-default\">    <div class=\"panel-heading\" role=\"tab\" id=\"heading_citem_3b12-1598\">        <h4 class=\"panel-title\"><a class=\"accordion-toggle collapsed\" data-toggle=\"collapse\" aria-controls=\"heading_citem_3b12-1598\" data-parent=\"#collapse_1590-5875\" href=\"#citem_3b12-1598\">55. <strong>Ber\u00fccksichtigung der DIN 276<\/strong> <i class=\"fa fa-caret-up\"><\/i><\/a>        <\/h4>    <\/div>    <div id=\"citem_3b12-1598\" class=\"panel-collapse collapse \" role=\"tabpanel\" aria-labelledby=\"heading_citem_3b12-1598\">        <div class=\"panel-body\">\n<table>\n<tbody>\n<tr>\n<td colspan=\"2\" width=\"123\">\n<p>Titel<\/p>\n<\/td>\n<td colspan=\"2\" width=\"485\">\n<p><strong>Ber\u00fccksichtigung der DIN 276<\/strong><\/p>\n<\/td>\n<\/tr>\n<tr>\n<td width=\"38\">\n<p>Nr.<\/p>\n<\/td>\n<td width=\"85\">\n<p>55<\/p>\n<\/td>\n<td width=\"123\">\n<p>Erl\u00e4uterungsbericht<\/p>\n<\/td>\n<td width=\"362\">\n<p>Kein Bezug<\/p>\n<\/td>\n<\/tr>\n<tr>\n<td colspan=\"2\" width=\"123\">\n<p>Ordnungsbegriffe<\/p>\n<\/td>\n<td colspan=\"2\" width=\"485\">\n<p>Verfahren \u2013 Leistungsphasen nach DIN 276<\/p>\n<\/td>\n<\/tr>\n<tr>\n<td colspan=\"2\" width=\"123\">\n<p>Inhalt<\/p>\n<\/td>\n<td colspan=\"2\" width=\"485\">\n<p>Wir sind darauf hingewiesen worden, dass sich bei den Leistungsphasen 1 bis 9 der DIN 276 (DIN zur Ermittlung der Projektkosten sowie als Grundlage der Honorarberechnung nach HOAI<a href=\"#_ftn1\" name=\"_ftnref1\">[1]<\/a> f\u00fcr Architekten und Ingenieure) um folgende Punkte handelt:<\/p>\n<p>1.\u00a0\u00a0\u00a0 Grundlagenermittlung<\/p>\n<p>2.\u00a0\u00a0\u00a0 Vorplanung<\/p>\n<p>3.\u00a0\u00a0\u00a0 Entwurfsplanung<\/p>\n<p>4.\u00a0\u00a0\u00a0 Genehmigungsplanung<\/p>\n<p>5.\u00a0\u00a0\u00a0 Ausf\u00fchrungsplanung<\/p>\n<p>6.\u00a0\u00a0\u00a0 Vorbereitung der Vergabe<\/p>\n<p>7.\u00a0\u00a0\u00a0 Mitwirkung bei der Vergabe<\/p>\n<p>8.\u00a0\u00a0\u00a0 Objekt\u00fcberwachung<\/p>\n<p>9.\u00a0\u00a0\u00a0 Objektbetreuung und Dokumentation<\/p>\n<p>Finden diese DIN bzw. die aufgef\u00fchrten Leistungsphasen hier Anwendung?<\/p>\n<p>Befinden wir uns mit dem vorhandenen Vorentwurf in Phase 2 (Vorplanung) oder Phase 3 (Entwurfsplanung)?<\/p>\n<p>Da wir hier \u00fcber keine fachlichen Detailkenntnisse verf\u00fcgen und uns die DIN nicht vorliegt w\u00e4ren wir f\u00fcr kontextuelle Informationen dankbar.<\/p>\n<\/td>\n<\/tr>\n<tr>\n<td colspan=\"2\" width=\"123\">\n<p>Online-Vorstellung<\/p>\n<\/td>\n<td colspan=\"2\" width=\"485\">\n<p>Konnte nicht durch den AKHNR eingebracht werden.<\/p>\n<\/td>\n<\/tr>\n<tr>\n<td colspan=\"2\" width=\"123\">\n<p>Bewertung<\/p>\n<\/td>\n<td colspan=\"2\" width=\"485\">\n<p><span class=\"label label-danger\">nicht befriedigend adressiert<\/span><\/p>\n<p>Nicht eingebracht. Nachtr\u00e4gliche Antwort erbeten.<\/p>\n<\/td>\n<\/tr>\n<\/tbody>\n<\/table>\n<p><a href=\"#_ftnref1\" name=\"_ftn1\">[1]<\/a> HOAI = Honorarordnung f\u00fcr Architekten und Ingenieure<\/p>\n<p>\n        <\/p><\/div>    <\/div><\/div><br class=\"nc\" \/><div class=\"panel panel-default\">    <div class=\"panel-heading\" role=\"tab\" id=\"heading_citem_901e-0637\">        <h4 class=\"panel-title\"><a class=\"accordion-toggle collapsed\" data-toggle=\"collapse\" aria-controls=\"heading_citem_901e-0637\" data-parent=\"#collapse_1590-5875\" href=\"#citem_901e-0637\">56. <strong>Friedhofsbedarfsplanung 2018 \u2013 Rodgau-weite Betrachtung<\/strong> <i class=\"fa fa-caret-up\"><\/i><\/a>        <\/h4>    <\/div>    <div id=\"citem_901e-0637\" class=\"panel-collapse collapse \" role=\"tabpanel\" aria-labelledby=\"heading_citem_901e-0637\">        <div class=\"panel-body\">\n<table>\n<tbody>\n<tr>\n<td colspan=\"2\" width=\"123\">\n<p>Titel<\/p>\n<\/td>\n<td colspan=\"2\" width=\"485\">\n<p><strong>Friedhofsbedarfsplanung 2018 \u2013 Rodgau-weite Betrachtung<\/strong><\/p>\n<\/td>\n<\/tr>\n<tr>\n<td width=\"38\">\n<p>Nr.<\/p>\n<\/td>\n<td width=\"85\">\n<p>56<\/p>\n<\/td>\n<td width=\"123\">\n<p>Erl\u00e4uterungsbericht<\/p>\n<\/td>\n<td width=\"362\">\n<p>Kein Bezug<\/p>\n<\/td>\n<\/tr>\n<tr>\n<td colspan=\"2\" width=\"123\">\n<p>Ordnungsbegriffe<\/p>\n<\/td>\n<td colspan=\"2\" width=\"485\">\n<p>Periphere Informationen \u2013 Friedhofsbedarfsplanung<\/p>\n<\/td>\n<\/tr>\n<tr>\n<td colspan=\"2\" width=\"123\">\n<p>Inhalt<\/p>\n<\/td>\n<td colspan=\"2\" width=\"485\">\n<p>Nach unseren Informationen wurde die Bedarfsplanung nicht auf die einzelnen Stadtteile bezogen, sondern nur ganz Rodgau ganzheitlich betrachtet. Wir verstehen dies so, dass dies bedeuten, k\u00f6nnte B\u00fcrger aus Nieder-Roden m\u00fcssten aus Platzgr\u00fcnden auch zwangsweise auf Friedh\u00f6fe in anderen Rodgauer Stadtteilen ausweichen. Da viele B\u00fcrger einen starken Bezug zu dem Stadtteil haben, in dem sie leben und auch dort beerdigt werden m\u00f6chten, w\u00e4re es wichtig diesen Umstand in der Planung zu ber\u00fccksichtigen.<\/p>\n<p>Ist dies geschehen?<\/p>\n<\/td>\n<\/tr>\n<tr>\n<td colspan=\"2\" width=\"123\">\n<p>Online-Vorstellung<\/p>\n<\/td>\n<td colspan=\"2\" width=\"485\">\n<p>Konnte nicht durch den AKHNR eingebracht werden.<\/p>\n<\/td>\n<\/tr>\n<tr>\n<td colspan=\"2\" width=\"123\">\n<p>Bewertung<\/p>\n<\/td>\n<td colspan=\"2\" width=\"485\">\n<p><span class=\"label label-danger\">nicht befriedigend adressiert<\/span><\/p>\n<p>Nicht eingebracht. Nachtr\u00e4gliche Antwort erbeten.<\/p>\n<\/td>\n<\/tr>\n<\/tbody>\n<\/table>\n<p>\n        <\/p><\/div>    <\/div><\/div><br class=\"nc\" \/><div class=\"panel panel-default\">    <div class=\"panel-heading\" role=\"tab\" id=\"heading_citem_5b54-13ac\">        <h4 class=\"panel-title\"><a class=\"accordion-toggle collapsed\" data-toggle=\"collapse\" aria-controls=\"heading_citem_5b54-13ac\" data-parent=\"#collapse_1590-5875\" href=\"#citem_5b54-13ac\">57. <strong>Friedhofsbedarfsplanung 2018 \u2013 Ber\u00fccksichtigung seitheriger Entwicklungen<\/strong> <i class=\"fa fa-caret-up\"><\/i><\/a>        <\/h4>    <\/div>    <div id=\"citem_5b54-13ac\" class=\"panel-collapse collapse \" role=\"tabpanel\" aria-labelledby=\"heading_citem_5b54-13ac\">        <div class=\"panel-body\">\n<table>\n<tbody>\n<tr>\n<td colspan=\"2\" width=\"123\">\n<p>Titel<\/p>\n<\/td>\n<td colspan=\"2\" width=\"485\">\n<p><strong>Friedhofsbedarfsplanung 2018 \u2013 Ber\u00fccksichtigung seitheriger Entwicklungen<\/strong><\/p>\n<\/td>\n<\/tr>\n<tr>\n<td width=\"38\">\n<p>Nr.<\/p>\n<\/td>\n<td width=\"85\">\n<p>57<\/p>\n<\/td>\n<td width=\"123\">\n<p>Erl\u00e4uterungsbericht<\/p>\n<\/td>\n<td width=\"362\">\n<p>Kein Bezug<\/p>\n<\/td>\n<\/tr>\n<tr>\n<td colspan=\"2\" width=\"123\">\n<p>Ordnungsbegriffe<\/p>\n<\/td>\n<td colspan=\"2\" width=\"485\">\n<p>Periphere Informationen \u2013 Friedhofsbedarfsplanung<\/p>\n<\/td>\n<\/tr>\n<tr>\n<td colspan=\"2\" width=\"123\">\n<p>Inhalt<\/p>\n<\/td>\n<td colspan=\"2\" width=\"485\">\n<p>Nach unserer Kenntnis sind seit 2018 viele Fl\u00e4chen der potenziellen Friedhofsfl\u00e4chen f\u00fcr andere Zwecke verwendet bzw. verplant worden \u2013 so geschehen in Dudenhofen, Hainhausen und J\u00fcgesheim. Auch die Ausgleichsfl\u00e4che am Neuen Friedhof Nieder-Roden ist inzwischen f\u00fcr ein anderes Projekt verplant.<\/p>\n<p>Ist diese Entwicklung ber\u00fccksichtigt worden?Falls ja, inwiefern?<\/p>\n<\/td>\n<\/tr>\n<tr>\n<td colspan=\"2\" width=\"123\">\n<p>Online-Vorstellung<\/p>\n<\/td>\n<td colspan=\"2\" width=\"485\">\n<p>Konnte nicht durch den AKHNR eingebracht werden.<\/p>\n<\/td>\n<\/tr>\n<tr>\n<td colspan=\"2\" width=\"123\">\n<p>Bewertung<\/p>\n<\/td>\n<td colspan=\"2\" width=\"485\">\n<p><span class=\"label label-danger\">nicht befriedigend adressiert<\/span><\/p>\n<p>Nicht eingebracht. Nachtr\u00e4gliche Antwort erbeten.<\/p>\n<\/td>\n<\/tr>\n<\/tbody>\n<\/table>\n<p>\n        <\/p><\/div>    <\/div><\/div><br class=\"nc\" \/><div class=\"panel panel-default\">    <div class=\"panel-heading\" role=\"tab\" id=\"heading_citem_b71b-677f\">        <h4 class=\"panel-title\"><a class=\"accordion-toggle collapsed\" data-toggle=\"collapse\" aria-controls=\"heading_citem_b71b-677f\" data-parent=\"#collapse_1590-5875\" href=\"#citem_b71b-677f\">58. <strong>Friedhofsbedarfsplanung 2018 \u2013 Zugang zum Gutachten<\/strong> <i class=\"fa fa-caret-up\"><\/i><\/a>        <\/h4>    <\/div>    <div id=\"citem_b71b-677f\" class=\"panel-collapse collapse \" role=\"tabpanel\" aria-labelledby=\"heading_citem_b71b-677f\">        <div class=\"panel-body\">\n<table>\n<tbody>\n<tr>\n<td colspan=\"2\" width=\"123\">\n<p>Titel<\/p>\n<\/td>\n<td colspan=\"2\" width=\"485\">\n<p><strong>Friedhofsbedarfsplanung 2018 \u2013 Zugang zum Gutachten<\/strong><\/p>\n<\/td>\n<\/tr>\n<tr>\n<td width=\"38\">\n<p>Nr.<\/p>\n<\/td>\n<td width=\"85\">\n<p>58<\/p>\n<\/td>\n<td width=\"123\">\n<p>Erl\u00e4uterungsbericht<\/p>\n<\/td>\n<td width=\"362\">\n<p>Kein Bezug<\/p>\n<\/td>\n<\/tr>\n<tr>\n<td colspan=\"2\" width=\"123\">\n<p>Ordnungsbegriffe<\/p>\n<\/td>\n<td colspan=\"2\" width=\"485\">\n<p>Periphere Informationen \u2013 Friedhofsbedarfsplanung<\/p>\n<\/td>\n<\/tr>\n<tr>\n<td colspan=\"2\" width=\"123\">\n<p>Inhalt<\/p>\n<\/td>\n<td colspan=\"2\" width=\"485\">\n<p>Ist das betreffende Gutachten aus dem Jahr 2018 \u00f6ffentlich zug\u00e4nglich?Falls ja, wo?Falls nein, bitten wir um Ver\u00f6ffentlichung.<\/p>\n<\/td>\n<\/tr>\n<tr>\n<td colspan=\"2\" width=\"123\">\n<p>Online-Vorstellung<\/p>\n<\/td>\n<td colspan=\"2\" width=\"485\">\n<p>Konnte nicht durch den AKHNR eingebracht werden.<\/p>\n<\/td>\n<\/tr>\n<tr>\n<td colspan=\"2\" width=\"123\">\n<p>Bewertung<\/p>\n<\/td>\n<td colspan=\"2\" width=\"485\">\n<p><span class=\"label label-danger\">nicht befriedigend adressiert<\/span><\/p>\n<p>Nicht eingebracht. Nachtr\u00e4gliche Antwort erbeten.<\/p>\n<\/td>\n<\/tr>\n<\/tbody>\n<\/table>\n<p>\n        <\/p><\/div>    <\/div><\/div><br class=\"nc\" \/><div class=\"panel panel-default\">    <div class=\"panel-heading\" role=\"tab\" id=\"heading_citem_f949-36d5\">        <h4 class=\"panel-title\"><a class=\"accordion-toggle collapsed\" data-toggle=\"collapse\" aria-controls=\"heading_citem_f949-36d5\" data-parent=\"#collapse_1590-5875\" href=\"#citem_f949-36d5\">59. <strong>WC f\u00fcr Veranstaltungen<\/strong> <i class=\"fa fa-caret-up\"><\/i><\/a>        <\/h4>    <\/div>    <div id=\"citem_f949-36d5\" class=\"panel-collapse collapse \" role=\"tabpanel\" aria-labelledby=\"heading_citem_f949-36d5\">        <div class=\"panel-body\">\n<table>\n<tbody>\n<tr>\n<td colspan=\"2\" width=\"123\">\n<p>Titel<\/p>\n<\/td>\n<td colspan=\"2\" width=\"485\">\n<p><strong>WC f\u00fcr Veranstaltungen<\/strong><\/p>\n<\/td>\n<\/tr>\n<tr>\n<td width=\"38\">\n<p>Nr.<\/p>\n<\/td>\n<td width=\"85\">\n<p>59<\/p>\n<\/td>\n<td width=\"123\">\n<p>Erl\u00e4uterungsbericht<\/p>\n<\/td>\n<td width=\"362\">\n<p>Kein Bezug<\/p>\n<\/td>\n<\/tr>\n<tr>\n<td colspan=\"2\" width=\"123\">\n<p>Ordnungsbegriffe<\/p>\n<\/td>\n<td colspan=\"2\" width=\"485\">\n<p>Infrastruktur \u2013 WC<\/p>\n<\/td>\n<\/tr>\n<tr>\n<td colspan=\"2\" width=\"123\">\n<p>Inhalt<\/p>\n<\/td>\n<td colspan=\"2\" width=\"485\">\n<p>Laut Erl\u00e4uterungsbericht ist gerade der zentrale Platz auch f\u00fcr Veranstaltungen vorgesehen.<\/p>\n<p>Da f\u00fcr Veranstaltungen h\u00e4ufig die Verf\u00fcgbarkeit von WC-Anlagen relevant ist sollte dies entsprechend ber\u00fccksichtigt werden.<\/p>\n<p>Sind daf\u00fcr entsprechende L\u00f6sungen oder L\u00f6sungsans\u00e4tze vorhanden?<\/p>\n<p>Die Nutzung des linken Teils des Torgeb\u00e4udes (aus Sicht der Friedensstra\u00dfe) b\u00f6te sich f\u00fcr die Unterbringung eines WCs an.Dieses WC sollte nicht dauerhaft ge\u00f6ffnet sein, sondern lediglich auf Anfrage f\u00fcr Veranstaltungen ge\u00f6ffnet werden.<\/p>\n<p>Wie steht die Stadtverwaltung zu diesem Ansatz?<\/p>\n<p>Auch wenn die Nutzung nicht unmittelbar umgesetzt werden soll, ist es doch wichtig im Rahmen der umfangreichen Bauarbeiten f\u00fcr das Friedhofsgel\u00e4nde grundlegende Anforderungen der sp\u00e4teren Geb\u00e4udenutzung (z. B. Wasser-\/Abwasser-\/Stromleitungen) vorzusehen bzw. vorzubereiten.<\/p>\n<p>Sind solche \u00dcberlegungen ber\u00fccksichtigt worden?<\/p>\n<\/td>\n<\/tr>\n<tr>\n<td colspan=\"2\" width=\"123\">\n<p>Online-Vorstellung<\/p>\n<\/td>\n<td colspan=\"2\" width=\"485\">\n<p>Konnte nicht durch den AKHNR eingebracht werden.<\/p>\n<\/td>\n<\/tr>\n<tr>\n<td colspan=\"2\" width=\"123\">\n<p>Bewertung<\/p>\n<\/td>\n<td colspan=\"2\" width=\"485\">\n<p><span class=\"label label-danger\">nicht befriedigend adressiert<\/span><\/p>\n<p>Nicht eingebracht. Nachtr\u00e4gliche Antwort erbeten.<\/p>\n<\/td>\n<\/tr>\n<\/tbody>\n<\/table>\n<p>\n        <\/p><\/div>    <\/div><\/div><br class=\"nc\" \/><div class=\"panel panel-default\">    <div class=\"panel-heading\" role=\"tab\" id=\"heading_citem_8cff-1ba8\">        <h4 class=\"panel-title\"><a class=\"accordion-toggle collapsed\" data-toggle=\"collapse\" aria-controls=\"heading_citem_8cff-1ba8\" data-parent=\"#collapse_1590-5875\" href=\"#citem_8cff-1ba8\">60. <strong>Schachfeld auf dem zentralen Platz<\/strong> <i class=\"fa fa-caret-up\"><\/i><\/a>        <\/h4>    <\/div>    <div id=\"citem_8cff-1ba8\" class=\"panel-collapse collapse \" role=\"tabpanel\" aria-labelledby=\"heading_citem_8cff-1ba8\">        <div class=\"panel-body\">\n<table>\n<tbody>\n<tr>\n<td colspan=\"2\" width=\"123\">\n<p>Titel<\/p>\n<\/td>\n<td colspan=\"2\" width=\"485\">\n<p><strong>Schachfeld auf dem zentralen Platz<\/strong><\/p>\n<\/td>\n<\/tr>\n<tr>\n<td width=\"38\">\n<p>Nr.<\/p>\n<\/td>\n<td width=\"85\">\n<p>60<\/p>\n<\/td>\n<td width=\"123\">\n<p>Erl\u00e4uterungsbericht<\/p>\n<\/td>\n<td width=\"362\">\n<p>4.3.1 Auftakte &amp; Pl\u00e4tze<\/p>\n<\/td>\n<\/tr>\n<tr>\n<td colspan=\"2\" width=\"123\">\n<p>Ordnungsbegriffe<\/p>\n<\/td>\n<td colspan=\"2\" width=\"485\">\n<p>Zentraler Platz \u2013 Schachfeld<\/p>\n<\/td>\n<\/tr>\n<tr>\n<td colspan=\"2\" width=\"123\">\n<p>Inhalt<\/p>\n<\/td>\n<td colspan=\"2\" width=\"485\">\n<p>Wie ist die konkrete Umsetzung angedacht?<\/p>\n<p>Wo sollen die Schachfiguren untergebracht und wie ausgegeben werden?<\/p>\n<p>Hier sollte nur bei tats\u00e4chlicher Nachfrage Geld ausgegeben werden.Gibt es positive Beispiele f\u00fcr \u00f6ffentliches Schachspielen in Rodgau?<\/p>\n<\/td>\n<\/tr>\n<tr>\n<td colspan=\"2\" width=\"123\">\n<p>Online-Vorstellung<\/p>\n<\/td>\n<td colspan=\"2\" width=\"485\">\n<p>Konnte nicht durch den AKHNR eingebracht werden.<\/p>\n<\/td>\n<\/tr>\n<tr>\n<td colspan=\"2\" width=\"123\">\n<p>Bewertung<\/p>\n<\/td>\n<td colspan=\"2\" width=\"485\">\n<p><span class=\"label label-danger\">nicht befriedigend adressiert<\/span><\/p>\n<p>Nicht eingebracht. Nachtr\u00e4gliche Antwort erbeten.<\/p>\n<\/td>\n<\/tr>\n<\/tbody>\n<\/table>\n<p>\n        <\/p><\/div>    <\/div><\/div><br class=\"nc\" \/><\/div>","protected":false},"excerpt":{"rendered":"<p>Der Beitrag des AKHNR als PDF-Dokument und als interaktive Ausf\u00fchrung.<\/p><p><a class=\"more-link btn\" href=\"https:\/\/heimatverein-nieder-roden.de\/?p=3951\">Weiterlesen<\/a><\/p>\n","protected":false},"author":1,"featured_media":4005,"comment_status":"closed","ping_status":"closed","sticky":false,"template":"","format":"standard","meta":{"_coblocks_attr":"","_coblocks_dimensions":"","_coblocks_responsive_height":"","_coblocks_accordion_ie_support":"","footnotes":"","_share_on_mastodon":"0"},"categories":[160],"tags":[34,12,35,17,240,241],"class_list":["post-3951","post","type-post","status-publish","format-standard","has-post-thumbnail","hentry","category-alter-friedhof","tag-akhnr","tag-alter-friedhof","tag-arbeitskreis-fuer-heimatkunde-nieder-roden-e-v","tag-stadt-rodgau","tag-stadtentwicklung","tag-stadtplanung","nodate"],"share_on_mastodon":{"url":"","error":""},"publishpress_future_action":{"enabled":false,"date":"2026-05-06 20:53:47","action":"category-remove","newStatus":"draft","terms":[],"taxonomy":"category","extraData":[]},"publishpress_future_workflow_manual_trigger":{"enabledWorkflows":[]},"_links":{"self":[{"href":"https:\/\/heimatverein-nieder-roden.de\/index.php?rest_route=\/wp\/v2\/posts\/3951","targetHints":{"allow":["GET"]}}],"collection":[{"href":"https:\/\/heimatverein-nieder-roden.de\/index.php?rest_route=\/wp\/v2\/posts"}],"about":[{"href":"https:\/\/heimatverein-nieder-roden.de\/index.php?rest_route=\/wp\/v2\/types\/post"}],"author":[{"embeddable":true,"href":"https:\/\/heimatverein-nieder-roden.de\/index.php?rest_route=\/wp\/v2\/users\/1"}],"replies":[{"embeddable":true,"href":"https:\/\/heimatverein-nieder-roden.de\/index.php?rest_route=%2Fwp%2Fv2%2Fcomments&post=3951"}],"version-history":[{"count":31,"href":"https:\/\/heimatverein-nieder-roden.de\/index.php?rest_route=\/wp\/v2\/posts\/3951\/revisions"}],"predecessor-version":[{"id":4022,"href":"https:\/\/heimatverein-nieder-roden.de\/index.php?rest_route=\/wp\/v2\/posts\/3951\/revisions\/4022"}],"wp:featuredmedia":[{"embeddable":true,"href":"https:\/\/heimatverein-nieder-roden.de\/index.php?rest_route=\/wp\/v2\/media\/4005"}],"wp:attachment":[{"href":"https:\/\/heimatverein-nieder-roden.de\/index.php?rest_route=%2Fwp%2Fv2%2Fmedia&parent=3951"}],"wp:term":[{"taxonomy":"category","embeddable":true,"href":"https:\/\/heimatverein-nieder-roden.de\/index.php?rest_route=%2Fwp%2Fv2%2Fcategories&post=3951"},{"taxonomy":"post_tag","embeddable":true,"href":"https:\/\/heimatverein-nieder-roden.de\/index.php?rest_route=%2Fwp%2Fv2%2Ftags&post=3951"}],"curies":[{"name":"wp","href":"https:\/\/api.w.org\/{rel}","templated":true}]}}