{"id":3887,"date":"2022-03-29T00:46:45","date_gmt":"2022-03-28T22:46:45","guid":{"rendered":"https:\/\/heimatverein-nieder-roden.de\/?p=3887"},"modified":"2022-03-29T00:46:46","modified_gmt":"2022-03-28T22:46:46","slug":"jahres-und-sonderausstellungen-die-ewige-liste","status":"publish","type":"post","link":"https:\/\/heimatverein-nieder-roden.de\/?p=3887","title":{"rendered":"Jahres- und Sonderausstellungen: Die ewige Liste"},"content":{"rendered":"\n<p>Hier entsteht eine Liste mit allen Ausstellungen, die der AKHNR bisher umgesetzt hat.<\/p>\n\n\n\n<table id=\"tablepress-1\" class=\"tablepress tablepress-id-1\">\n<thead>\n<tr class=\"row-1\">\n\t<th class=\"column-1\">Jahr<\/th><th class=\"column-2\">Titel\/Thema<\/th><th class=\"column-3\">Kurzbeschreibung\/K\u00fcnstler\/Mitwirkende<\/th><th class=\"column-4\">Ort<\/th>\n<\/tr>\n<\/thead>\n<tbody class=\"row-striping row-hover\">\n<tr class=\"row-2\">\n\t<td class=\"column-1\">2025<\/td><td class=\"column-2\">120 Jahre Turngemeinde Nieder-Roden<\/td><td class=\"column-3\">Erstellung durch die TG Nieder-Roden<\/td><td class=\"column-4\">Heimatmuseum<\/td>\n<\/tr>\n<tr class=\"row-3\">\n\t<td class=\"column-1\">2024<\/td><td class=\"column-2\">70 Sch\u00fctzenclub Gamsbock<\/td><td class=\"column-3\">Erstellung durch den SC Gamsbock mit Unterst\u00fctzung des AKHNR<\/td><td class=\"column-4\">Heimatmuseum<\/td>\n<\/tr>\n<tr class=\"row-4\">\n\t<td class=\"column-1\">2023<\/td><td class=\"column-2\">Alte Grabsteine und welche Geschichten sie uns erz\u00e4hlen<\/td><td class=\"column-3\">Erstellung durch den AKHNR<\/td><td class=\"column-4\">Heimatmuseum<\/td>\n<\/tr>\n<tr class=\"row-5\">\n\t<td class=\"column-1\">2020 - 2022<\/td><td class=\"column-2\">\"Zweimal hingeschaut\u2026\"<br \/>\nBilder aus Rollwald - von vorgestern, gestern und heute<\/td><td class=\"column-3\">Erstellung Mitglied Werner Stolzenburg<\/td><td class=\"column-4\">Heimatmuseum<\/td>\n<\/tr>\n<tr class=\"row-6\">\n\t<td class=\"column-1\">2019<\/td><td class=\"column-2\">\"Von Ihm - durch Ihn - zu Ihm\"<br \/>\n50 Jahre Evangelische Kirchengemeinde Nieder-Roden<\/td><td class=\"column-3\">Erstellung durch die Evangelische Gemeinde mit Unterst\u00fctzung des AKHNR<\/td><td class=\"column-4\">Heimatmuseum<\/td>\n<\/tr>\n<tr class=\"row-7\">\n\t<td class=\"column-1\">2018<\/td><td class=\"column-2\">100 Jahre Musikverein Nieder-Roden<\/td><td class=\"column-3\">Erstellung durch den Musikverein Nieder-Roden mit Unterst\u00fctzung des AKHNR<\/td><td class=\"column-4\">Heimatmuseum<\/td>\n<\/tr>\n<tr class=\"row-8\">\n\t<td class=\"column-1\">2016<\/td><td class=\"column-2\">Nieder-R\u00f6der Kneipenkultur<\/td><td class=\"column-3\"><\/td><td class=\"column-4\">Heimatmuseum<\/td>\n<\/tr>\n<tr class=\"row-9\">\n\t<td class=\"column-1\">2015<\/td><td class=\"column-2\">Willi Grimm<\/td><td class=\"column-3\"><\/td><td class=\"column-4\">Heimatmuseum<\/td>\n<\/tr>\n<tr class=\"row-10\">\n\t<td class=\"column-1\">2014<\/td><td class=\"column-2\">Nieder-Rodens Brauch im Jahreslauf<\/td><td class=\"column-3\">Erstellung Mitglied llse Eberhardt<\/td><td class=\"column-4\">Heimatmuseum<\/td>\n<\/tr>\n<tr class=\"row-11\">\n\t<td class=\"column-1\">2014<\/td><td class=\"column-2\">Die kleine Extraschau: St\u00f6vchen-Sammlung<\/td><td class=\"column-3\"><\/td><td class=\"column-4\">Heimatmuseum<\/td>\n<\/tr>\n<tr class=\"row-12\">\n\t<td class=\"column-1\">2014<\/td><td class=\"column-2\">Reizvolle Bilder alter Gebrauchsgegenst\u00e4nde<\/td><td class=\"column-3\">Gem\u00e4lde von Ute Klein, Hainburg<\/td><td class=\"column-4\">Heimatmuseum<\/td>\n<\/tr>\n<tr class=\"row-13\">\n\t<td class=\"column-1\">2014<\/td><td class=\"column-2\">Nieder-Rodens fr\u00fchere Stra\u00dfen und Gassen<\/td><td class=\"column-3\">Aus dem Fundus des HMs; Erstellung<br \/>\nMitglied llse Eberhardt und Bearbeitung gro\u00dfformatiger Orts- und Stra\u00dfenkarten Mitglied Frank Stoffels<\/td><td class=\"column-4\">Heimatmuseum<\/td>\n<\/tr>\n<tr class=\"row-14\">\n\t<td class=\"column-1\">2014<\/td><td class=\"column-2\">Die kleine Extraschau: Kerzen zu vielen Gelegenheiten, dazu Kerzenverse in<br \/>\nBilderrahmen<\/td><td class=\"column-3\">Exponate aus dem Fundus des HMs und verschiedener Leihgeber<\/td><td class=\"column-4\">Heimatmuseum<\/td>\n<\/tr>\n<tr class=\"row-15\">\n\t<td class=\"column-1\">2014<\/td><td class=\"column-2\">10. Todestag der K\u00fcnstlerin Britta Neander<\/td><td class=\"column-3\">Ingeborg Neander; Zusammenarbeit mit<br \/>\nder Stadt Rodgau (ASKE)<\/td><td class=\"column-4\">Heimatmuseum<\/td>\n<\/tr>\n<tr class=\"row-16\">\n\t<td class=\"column-1\">2013<\/td><td class=\"column-2\">Laienspielgruppe Nieder-Roden 1991-2012<\/td><td class=\"column-3\"><\/td><td class=\"column-4\">Heimatmuseum<\/td>\n<\/tr>\n<tr class=\"row-17\">\n\t<td class=\"column-1\">2013<\/td><td class=\"column-2\">Die kleine Extraschau: Auch M\u00e4nner k\u00f6nnen kl\u00f6ppeln<\/td><td class=\"column-3\">Exponate und Demonstration Herr Bugla, Nieder-Roden Schulstra\u00dfe<\/td><td class=\"column-4\">Heimatmuseum<\/td>\n<\/tr>\n<tr class=\"row-18\">\n\t<td class=\"column-1\">2013<\/td><td class=\"column-2\">Dokumentation \u201e75 Jahre Rollwald\"<\/td><td class=\"column-3\">Mitglied Werner Stolzenburg<\/td><td class=\"column-4\">Heimatmuseum<\/td>\n<\/tr>\n<tr class=\"row-19\">\n\t<td class=\"column-1\">2013<\/td><td class=\"column-2\">Die kleine Extraschau: Pillendosensammlung<\/td><td class=\"column-3\">Anni Carls, Dudenhofen<\/td><td class=\"column-4\">Heimatmuseum<\/td>\n<\/tr>\n<tr class=\"row-20\">\n\t<td class=\"column-1\">2013<\/td><td class=\"column-2\">R\u00e4tselhafte Gegenst\u00e4nde in Dings-vom-Dach-Qualit\u00e4t<\/td><td class=\"column-3\">aus dem Fundus des HMs und verschiedener Leihgaben der Mitglieder<\/td><td class=\"column-4\">Heimatmuseum<\/td>\n<\/tr>\n<tr class=\"row-21\">\n\t<td class=\"column-1\">2013<\/td><td class=\"column-2\">Die kleine Extraschau: Werzborre Herbarien<\/td><td class=\"column-3\">NABU Kindergruppe<\/td><td class=\"column-4\">Heimatmuseum<\/td>\n<\/tr>\n<tr class=\"row-22\">\n\t<td class=\"column-1\">2013<\/td><td class=\"column-2\">Nieder-Roden und die Welt - Andenken aus fernen L\u00e4ndern<\/td><td class=\"column-3\">Exponate aus dem Fundus des HMs und vieler Leihgeber<\/td><td class=\"column-4\">Heimatmuseum<\/td>\n<\/tr>\n<tr class=\"row-23\">\n\t<td class=\"column-1\">2012<\/td><td class=\"column-2\">Heimat hier und dort - Gem\u00e4lde von Walter Stolz<\/td><td class=\"column-3\"><\/td><td class=\"column-4\">Heimatmuseum<\/td>\n<\/tr>\n<tr class=\"row-24\">\n\t<td class=\"column-1\">2012<\/td><td class=\"column-2\">Radios<\/td><td class=\"column-3\">Albert Georg<\/td><td class=\"column-4\">Heimatmuseum<\/td>\n<\/tr>\n<tr class=\"row-25\">\n\t<td class=\"column-1\">2012<\/td><td class=\"column-2\">Schmuck aus Gro\u00dfmutters Schatulle<\/td><td class=\"column-3\">Exponate der Mitglieder<\/td><td class=\"column-4\">Heimatmuseum<\/td>\n<\/tr>\n<tr class=\"row-26\">\n\t<td class=\"column-1\">2012<\/td><td class=\"column-2\">Das t\u00e4gliche Leben in Puiseaux am Anfang des 20. Jahrhunderts<\/td><td class=\"column-3\">Partnerschaftsvereinigung NR-Puiseaux<\/td><td class=\"column-4\">Heimatmuseum<\/td>\n<\/tr>\n<tr class=\"row-27\">\n\t<td class=\"column-1\">2012<\/td><td class=\"column-2\">Die Kleine Extraschau: Alte Kochb\u00fccher<\/td><td class=\"column-3\">Exponate aus dem Fundus des HMs und verschiedener Mitglieder<\/td><td class=\"column-4\">Heimatmuseum<\/td>\n<\/tr>\n<tr class=\"row-28\">\n\t<td class=\"column-1\">2012<\/td><td class=\"column-2\">Altes Hobby neu entdeckt. Burgen aus Modellbaubogen<\/td><td class=\"column-3\">Dirk Meinhardt, J\u00fcgesheim<\/td><td class=\"column-4\">Heimatmuseum<\/td>\n<\/tr>\n<tr class=\"row-29\">\n\t<td class=\"column-1\">2012<\/td><td class=\"column-2\">Kitsch sch\u00f6n oder h\u00e4sslich?<\/td><td class=\"column-3\">Exponate aus dem Fundus des HMs und verschiedener Mitglieder<\/td><td class=\"column-4\">Heimatmuseum<\/td>\n<\/tr>\n<tr class=\"row-30\">\n\t<td class=\"column-1\">2011<\/td><td class=\"column-2\">1225 Jahre Kloster Rotaha<\/td><td class=\"column-3\">Karl Pohl<\/td><td class=\"column-4\">Heimatmuseum<\/td>\n<\/tr>\n<tr class=\"row-31\">\n\t<td class=\"column-1\">2011<\/td><td class=\"column-2\">Die kleine Extraschau: Zuckerdosen-Sammlung<\/td><td class=\"column-3\">Ursula Burger, Nieder-Roden<\/td><td class=\"column-4\">Heimatmuseum<\/td>\n<\/tr>\n<tr class=\"row-32\">\n\t<td class=\"column-1\">2011<\/td><td class=\"column-2\">Die kleine Extraschau: Humorpostkarten<\/td><td class=\"column-3\">Albert Walter, Dudenhofen<\/td><td class=\"column-4\">Heimatmuseum<\/td>\n<\/tr>\n<tr class=\"row-33\">\n\t<td class=\"column-1\">2011<\/td><td class=\"column-2\">Schreibmaschinen l\u00e4ngst ausgedient<\/td><td class=\"column-3\">Exponate aus dem Fundus des HMs und Leihgaben<\/td><td class=\"column-4\">Heimatmuseum<\/td>\n<\/tr>\n<tr class=\"row-34\">\n\t<td class=\"column-1\">2011<\/td><td class=\"column-2\">Ausstellung zum Adventsmarkt: Eine Nussknacker-Sammlung<\/td><td class=\"column-3\">Gudrun Behring und Herr Schneider<\/td><td class=\"column-4\">Heimatmuseum<\/td>\n<\/tr>\n<tr class=\"row-35\">\n\t<td class=\"column-1\">2010<\/td><td class=\"column-2\">Buchausstellung: Eine antiquarische Bibel und B\u00fccher mit biblischen Geschichten in Zusammenarbeit mit dem Klingspormuseum Offenbach<\/td><td class=\"column-3\">Mitglieder Gudrun Behring, llse Eberhardt, G\u00fcnther Keller<\/td><td class=\"column-4\">Heimatmuseum<\/td>\n<\/tr>\n<tr class=\"row-36\">\n\t<td class=\"column-1\">2010<\/td><td class=\"column-2\">25 Jahre Heimatmuseum, eine Dokumentation<\/td><td class=\"column-3\">erstellt von Mitglied llse Eberhardt<\/td><td class=\"column-4\">Heimatmuseum<\/td>\n<\/tr>\n<tr class=\"row-37\">\n\t<td class=\"column-1\">2010<\/td><td class=\"column-2\">Ausstellung zum Adventsmarkt : ,,Mein Lieblingsspielzeug\"<\/td><td class=\"column-3\">Exponate aus dem Fundus<br \/>\ndes HMs und Leihgaben vieler Mitglieder<\/td><td class=\"column-4\">Heimatmuseum<\/td>\n<\/tr>\n<tr class=\"row-38\">\n\t<td class=\"column-1\">2009<\/td><td class=\"column-2\">Waltrauds Kaffeekannen-Sammlung<\/td><td class=\"column-3\">Waltraud Braden, Nieder-Roden<\/td><td class=\"column-4\">Heimatmuseum<\/td>\n<\/tr>\n<tr class=\"row-39\">\n\t<td class=\"column-1\">2009<\/td><td class=\"column-2\">1622 - ein denkw\u00fcrdiges Jahr f\u00fcr Nieder-Roden<\/td><td class=\"column-3\">Karl Pohl, Nieder-Roden<\/td><td class=\"column-4\">Heimatmuseum<\/td>\n<\/tr>\n<tr class=\"row-40\">\n\t<td class=\"column-1\">2009<\/td><td class=\"column-2\">Altes Kristall im Kerzenschimmer<\/td><td class=\"column-3\">Exponate aus dem Fundus des HMs und einiger Mitglieder<\/td><td class=\"column-4\">Pfarrheim St. Matthias<\/td>\n<\/tr>\n<tr class=\"row-41\">\n\t<td class=\"column-1\">2008<\/td><td class=\"column-2\">Zeitungsanzeigen vor 180 Jahren<\/td><td class=\"column-3\">Karl Pohl, Nieder-Roden<\/td><td class=\"column-4\">Heimatmuseum<\/td>\n<\/tr>\n<tr class=\"row-42\">\n\t<td class=\"column-1\">2008<\/td><td class=\"column-2\">Vorweihnachtliches Lichterfest mit Kerzenleuchtern hergestellt von Mitglied Rudi Keller und Weihnachtskrippen von Helmut Neckermann<\/td><td class=\"column-3\"><\/td><td class=\"column-4\">Heimatmuseum<\/td>\n<\/tr>\n<tr class=\"row-43\">\n\t<td class=\"column-1\">2007<\/td><td class=\"column-2\">Wiederholung der Turmausstellung im Heimatmuseum<\/td><td class=\"column-3\"><\/td><td class=\"column-4\">Heimatmuseum<\/td>\n<\/tr>\n<tr class=\"row-44\">\n\t<td class=\"column-1\">2007<\/td><td class=\"column-2\">\u201eBurgen und Schl\u00f6sser\" Bleistiftzeichnungen von Karl Pohl<\/td><td class=\"column-3\"><\/td><td class=\"column-4\">Heimatmuseum<\/td>\n<\/tr>\n<tr class=\"row-45\">\n\t<td class=\"column-1\">2007<\/td><td class=\"column-2\">60 Jahre VdK Nieder-Roden<\/td><td class=\"column-3\">Traudl Spahn<\/td><td class=\"column-4\">Heimatmuseum<\/td>\n<\/tr>\n<tr class=\"row-46\">\n\t<td class=\"column-1\">2007<\/td><td class=\"column-2\">Postkarten aus dem Kreis Offenbach<\/td><td class=\"column-3\">Sebastian Hufnagel<\/td><td class=\"column-4\">Heimatmuseum<\/td>\n<\/tr>\n<tr class=\"row-47\">\n\t<td class=\"column-1\">2007<\/td><td class=\"column-2\">,,Ein Hut, ein Stock, ein Regenschirm\"<\/td><td class=\"column-3\">Waltraud Braden und Mitglied Brigitte Heger<\/td><td class=\"column-4\">Heimatmuseum<\/td>\n<\/tr>\n<tr class=\"row-48\">\n\t<td class=\"column-1\">2007<\/td><td class=\"column-2\">Weihnachtskrippen<\/td><td class=\"column-3\">Frank Neckermann<\/td><td class=\"column-4\">Heimatmuseum<\/td>\n<\/tr>\n<tr class=\"row-49\">\n\t<td class=\"column-1\">2007<\/td><td class=\"column-2\">Kunstvolle Kerzenhalter<\/td><td class=\"column-3\">hergestellt von Mitglied Rudi Keller<\/td><td class=\"column-4\">Heimatmuseum<\/td>\n<\/tr>\n<tr class=\"row-50\">\n\t<td class=\"column-1\">2006<\/td><td class=\"column-2\">\u201ePorzellanenes\" - Zierst\u00fccke und Porzellangeld<\/td><td class=\"column-3\">Frau Pohl , Nieder-Roden und<br \/>\nMitglied Andreas Spott<\/td><td class=\"column-4\">Heimatmuseum<\/td>\n<\/tr>\n<tr class=\"row-51\">\n\t<td class=\"column-1\">2006<\/td><td class=\"column-2\">Fotos aus vielen Lebensbereichen in Nieder-Roden<\/td><td class=\"column-3\">Aus dem Fundus des HMs<\/td><td class=\"column-4\">Heimatmuseum<\/td>\n<\/tr>\n<tr class=\"row-52\">\n\t<td class=\"column-1\">2006<\/td><td class=\"column-2\">\u201eDer Thurm\"<\/td><td class=\"column-3\">Mitglied llse Eberhardt unter Mitarbeit von Karl Pohl, Aufbau Herr Kalbhenn<\/td><td class=\"column-4\">Heimatmuseum<\/td>\n<\/tr>\n<tr class=\"row-53\">\n\t<td class=\"column-1\">2006<\/td><td class=\"column-2\">Ansichtskarten aus Puiseaux<\/td><td class=\"column-3\">Partnerschaftsvereinigung NR-Puiseaux<\/td><td class=\"column-4\">Heimatmuseum<\/td>\n<\/tr>\n<tr class=\"row-54\">\n\t<td class=\"column-1\">2005<\/td><td class=\"column-2\">Alte M\u00fcnzen<\/td><td class=\"column-3\">Mitglied Andreas Spott<\/td><td class=\"column-4\">Heimatmuseum<\/td>\n<\/tr>\n<tr class=\"row-55\">\n\t<td class=\"column-1\">2005<\/td><td class=\"column-2\">Als man noch weitgehend ohne elektrische Ger\u00e4te auskommen musste. ,,Die praktischen Haushaltshelfer\"<\/td><td class=\"column-3\">Herr Grobauer<\/td><td class=\"column-4\">Heimatmuseum<\/td>\n<\/tr>\n<tr class=\"row-56\">\n\t<td class=\"column-1\">2005<\/td><td class=\"column-2\">,,Der Afrika-Franz\" - Exponate aus dem Nachlass<\/td><td class=\"column-3\">Ordensschwester Ubalda, Frankfurt<\/td><td class=\"column-4\">Heimatmuseum<\/td>\n<\/tr>\n<tr class=\"row-57\">\n\t<td class=\"column-1\">2005<\/td><td class=\"column-2\">Weihnachtskrippen<\/td><td class=\"column-3\">Herr Meiss, Dudenhofen<\/td><td class=\"column-4\">Heimatmuseum<\/td>\n<\/tr>\n<tr class=\"row-58\">\n\t<td class=\"column-1\">2004<\/td><td class=\"column-2\">Postkarten aus allen Stadtteilen Radgaus<\/td><td class=\"column-3\">Albert Walter, Dudenhofen<\/td><td class=\"column-4\">Heimatmuseum<\/td>\n<\/tr>\n<tr class=\"row-59\">\n\t<td class=\"column-1\">2004<\/td><td class=\"column-2\">N\u00e4hutensilien \u201eAus dem N\u00e4hk\u00e4stchen\"<\/td><td class=\"column-3\">Exponate aus dem Fundus des HMs und Leihgaben der Mitglieder. Norbert Jonas liest aus dem Buch \u201eDie Knoppschachtel\"<\/td><td class=\"column-4\">Heimatmuseum<\/td>\n<\/tr>\n<tr class=\"row-60\">\n\t<td class=\"column-1\">2004<\/td><td class=\"column-2\">Fotoimpressionen aus Nieder-Roden \u201eIm Blickwinkel\"<\/td><td class=\"column-3\">Korinna Virow, Nieder-Roden<\/td><td class=\"column-4\">Heimatmuseum<\/td>\n<\/tr>\n<tr class=\"row-61\">\n\t<td class=\"column-1\">2004<\/td><td class=\"column-2\">Siedlungsentwicklung Nieder-Roden \u201eVom Dorf zur Stadt\"<\/td><td class=\"column-3\">Josef Lach , Nieder-Roden<\/td><td class=\"column-4\">Heimatmuseum<\/td>\n<\/tr>\n<tr class=\"row-62\">\n\t<td class=\"column-1\">2004<\/td><td class=\"column-2\">Engel<\/td><td class=\"column-3\">Emilie Raub, Nieder-Roden<\/td><td class=\"column-4\">Heimatmuseum<\/td>\n<\/tr>\n<tr class=\"row-63\">\n\t<td class=\"column-1\">2003<\/td><td class=\"column-2\">\u201eWildblumen aus unseren Fluren\"<\/td><td class=\"column-3\">Fotoausstellung; Karl Hegner, J\u00fcgesheim<\/td><td class=\"column-4\">Heimatmuseum<\/td>\n<\/tr>\n<tr class=\"row-64\">\n\t<td class=\"column-1\">2003<\/td><td class=\"column-2\">Selbst hergestellte gro\u00dfe Keramikfiguren<\/td><td class=\"column-3\">Franz Stockdreher, Nieder-Roden<\/td><td class=\"column-4\">Heimatmuseum<\/td>\n<\/tr>\n<tr class=\"row-65\">\n\t<td class=\"column-1\">2003<\/td><td class=\"column-2\">25 Jahre AKHNR, eine Dokumentation<\/td><td class=\"column-3\">Mitglied llse Eberhardt<\/td><td class=\"column-4\">Heimatmuseum<\/td>\n<\/tr>\n<tr class=\"row-66\">\n\t<td class=\"column-1\">2003<\/td><td class=\"column-2\">Gegenst\u00e4nde der pers\u00f6nlichen Fr\u00f6mmigkeit<\/td><td class=\"column-3\">Exponate aus dem Fundus des HMs und Leihgaben der Mitglieder<\/td><td class=\"column-4\">Heimatmuseum<\/td>\n<\/tr>\n<tr class=\"row-67\">\n\t<td class=\"column-1\">2002<\/td><td class=\"column-2\">Gobelinstickerei<\/td><td class=\"column-3\">Mitglied Maria Gerschner<\/td><td class=\"column-4\">Heimatmuseum<\/td>\n<\/tr>\n<tr class=\"row-68\">\n\t<td class=\"column-1\">2002<\/td><td class=\"column-2\">Porzellanmalerei<\/td><td class=\"column-3\">Gudrun B\u00e4r, Dudenhofen<\/td><td class=\"column-4\">Heimatmuseum<\/td>\n<\/tr>\n<tr class=\"row-69\">\n\t<td class=\"column-1\">2002<\/td><td class=\"column-2\">Fotos \u201eNieder-Rodens sch\u00f6ne Seiten\"<\/td><td class=\"column-3\">Korinna Virow, Nieder- Roden<\/td><td class=\"column-4\">Heimatmuseum<\/td>\n<\/tr>\n<tr class=\"row-70\">\n\t<td class=\"column-1\">2002<\/td><td class=\"column-2\">3D-Bilder<\/td><td class=\"column-3\">Barbara Krebs<\/td><td class=\"column-4\">Heimatmuseum<\/td>\n<\/tr>\n<tr class=\"row-71\">\n\t<td class=\"column-1\">2002<\/td><td class=\"column-2\">\"Das heimische Gewerbe 1945-55\"<\/td><td class=\"column-3\">Gro\u00dfe Herbstausstellung<\/td><td class=\"column-4\">Heimatmuseum<\/td>\n<\/tr>\n<tr class=\"row-72\">\n\t<td class=\"column-1\">2001<\/td><td class=\"column-2\">Post - und Schriftverkehr<\/td><td class=\"column-3\">Jugend des Nieder-R\u00f6der Briefmarkenvereins<\/td><td class=\"column-4\">Heimatmuseum<\/td>\n<\/tr>\n<tr class=\"row-73\">\n\t<td class=\"column-1\">2001<\/td><td class=\"column-2\">\"Der Schick von einst\"<\/td><td class=\"column-3\">Exponate aus dem Fundus des HMs und Leihgaben der<br \/>\nMitglieder<\/td><td class=\"column-4\">Heimatmuseum<\/td>\n<\/tr>\n<tr class=\"row-74\">\n\t<td class=\"column-1\">2001<\/td><td class=\"column-2\">NABU-Kids und Igel-Gruppe<\/td><td class=\"column-3\"><\/td><td class=\"column-4\">Heimatmuseum<\/td>\n<\/tr>\n<tr class=\"row-75\">\n\t<td class=\"column-1\">2001<\/td><td class=\"column-2\">Nieder-Rodens alte Vereine<\/td><td class=\"column-3\">Leihgaben aus den Vereinen<\/td><td class=\"column-4\">Sozialzentrum am Puiseauxplatz<\/td>\n<\/tr>\n<tr class=\"row-76\">\n\t<td class=\"column-1\">2000<\/td><td class=\"column-2\">Oster-Ausstellung<\/td><td class=\"column-3\">Monika Weitz<\/td><td class=\"column-4\">Heimatmuseum<\/td>\n<\/tr>\n<tr class=\"row-77\">\n\t<td class=\"column-1\">2000<\/td><td class=\"column-2\">Der Lehrer Emil Roth<\/td><td class=\"column-3\">Mitglied Wolfgang Roth<\/td><td class=\"column-4\">Heimatmuseum<\/td>\n<\/tr>\n<tr class=\"row-78\">\n\t<td class=\"column-1\">2000<\/td><td class=\"column-2\">Altes Kaffeegeschirr<\/td><td class=\"column-3\">Waltraud Braden<\/td><td class=\"column-4\">Heimatmuseum<\/td>\n<\/tr>\n<tr class=\"row-79\">\n\t<td class=\"column-1\">2000<\/td><td class=\"column-2\">Sakrale Gegenst\u00e4nde<\/td><td class=\"column-3\">Leihgaben aus der St. Matthias Kirche<\/td><td class=\"column-4\">Heimatmuseum<\/td>\n<\/tr>\n<tr class=\"row-80\">\n\t<td class=\"column-1\">1999<\/td><td class=\"column-2\">Bemalte Spandosen<\/td><td class=\"column-3\">Ilona Dony<\/td><td class=\"column-4\">Heimatmuseum<\/td>\n<\/tr>\n<tr class=\"row-81\">\n\t<td class=\"column-1\">1999<\/td><td class=\"column-2\">Kalligraphie<\/td><td class=\"column-3\">Johanna Herden, Rollwald<\/td><td class=\"column-4\">Heimatmuseum<\/td>\n<\/tr>\n<tr class=\"row-82\">\n\t<td class=\"column-1\">1999<\/td><td class=\"column-2\">Alte Schulb\u00fccher<\/td><td class=\"column-3\">im Rahmen des Kulturherbstes der Stadt Rodgau; Exponate aus<br \/>\ndem Fundus des HMs und Leihgaben der Mitglieder<\/td><td class=\"column-4\">Heimatmuseum<\/td>\n<\/tr>\n<tr class=\"row-83\">\n\t<td class=\"column-1\">1999<\/td><td class=\"column-2\">Uromas W\u00e4sche<\/td><td class=\"column-3\">Exponate aus dem Fundus des HMs und Leihgaben der Mitglieder<\/td><td class=\"column-4\">Heimatmuseum<\/td>\n<\/tr>\n<tr class=\"row-84\">\n\t<td class=\"column-1\">1998<\/td><td class=\"column-2\">20 Jahre AKHNR - Jahrgangsfotos aus dem Fundus des HMs<\/td><td class=\"column-3\">Erste Mitwirkung von Ilse Eberhard; \u201eMundartlesung\" von einem jungen Mann aus R\u00f6dermark<\/td><td class=\"column-4\">Im Zelt auf dem Kirchplatz, vor dem Heimatmuseum<\/td>\n<\/tr>\n<\/tbody>\n<\/table>\n<!-- #tablepress-1 from cache -->\n\n\n\n<hr class=\"wp-block-separator is-style-wide\"\/>\n\n\nBeitrag 0 mal aufgerufen in den letzten 365 Tagen.\n","protected":false},"excerpt":{"rendered":"<p>Hier entsteht eine Liste mit allen Ausstellungen, die der AKHNR bisher umgesetzt hat.<\/p><p><a class=\"more-link btn\" href=\"https:\/\/heimatverein-nieder-roden.de\/?p=3887\">Weiterlesen<\/a><\/p>\n","protected":false},"author":1,"featured_media":0,"comment_status":"closed","ping_status":"closed","sticky":false,"template":"","format":"standard","meta":{"_coblocks_attr":"","_coblocks_dimensions":"","_coblocks_responsive_height":"","_coblocks_accordion_ie_support":"","footnotes":"","_share_on_mastodon":"0"},"categories":[138],"tags":[34,35,32,27],"class_list":["post-3887","post","type-post","status-publish","format-standard","hentry","category-jahresausstellung","tag-akhnr","tag-arbeitskreis-fuer-heimatkunde-nieder-roden-e-v","tag-heimatmuseum","tag-jahresausstellung","nodate"],"share_on_mastodon":{"url":"","error":""},"publishpress_future_action":{"enabled":false,"date":"2026-05-06 22:50:13","action":"category-remove","newStatus":"draft","terms":[],"taxonomy":"category","extraData":[]},"publishpress_future_workflow_manual_trigger":{"enabledWorkflows":[]},"_links":{"self":[{"href":"https:\/\/heimatverein-nieder-roden.de\/index.php?rest_route=\/wp\/v2\/posts\/3887","targetHints":{"allow":["GET"]}}],"collection":[{"href":"https:\/\/heimatverein-nieder-roden.de\/index.php?rest_route=\/wp\/v2\/posts"}],"about":[{"href":"https:\/\/heimatverein-nieder-roden.de\/index.php?rest_route=\/wp\/v2\/types\/post"}],"author":[{"embeddable":true,"href":"https:\/\/heimatverein-nieder-roden.de\/index.php?rest_route=\/wp\/v2\/users\/1"}],"replies":[{"embeddable":true,"href":"https:\/\/heimatverein-nieder-roden.de\/index.php?rest_route=%2Fwp%2Fv2%2Fcomments&post=3887"}],"version-history":[{"count":2,"href":"https:\/\/heimatverein-nieder-roden.de\/index.php?rest_route=\/wp\/v2\/posts\/3887\/revisions"}],"predecessor-version":[{"id":3893,"href":"https:\/\/heimatverein-nieder-roden.de\/index.php?rest_route=\/wp\/v2\/posts\/3887\/revisions\/3893"}],"wp:attachment":[{"href":"https:\/\/heimatverein-nieder-roden.de\/index.php?rest_route=%2Fwp%2Fv2%2Fmedia&parent=3887"}],"wp:term":[{"taxonomy":"category","embeddable":true,"href":"https:\/\/heimatverein-nieder-roden.de\/index.php?rest_route=%2Fwp%2Fv2%2Fcategories&post=3887"},{"taxonomy":"post_tag","embeddable":true,"href":"https:\/\/heimatverein-nieder-roden.de\/index.php?rest_route=%2Fwp%2Fv2%2Ftags&post=3887"}],"curies":[{"name":"wp","href":"https:\/\/api.w.org\/{rel}","templated":true}]}}