{"id":3870,"date":"2022-03-27T23:08:34","date_gmt":"2022-03-27T21:08:34","guid":{"rendered":"https:\/\/heimatverein-nieder-roden.de\/?p=3870"},"modified":"2022-03-31T00:05:56","modified_gmt":"2022-03-30T22:05:56","slug":"abgesagt-ein-abend-im-museum-mit-rollwald-aktiv","status":"publish","type":"post","link":"https:\/\/heimatverein-nieder-roden.de\/?p=3870","title":{"rendered":"ABGESAGT &#8211; Ein Abend im Museum&#8230; &#8211; mit &#8222;Rollwald Aktiv&#8220;"},"content":{"rendered":"\n<div class=\"wp-block-image\"><figure class=\"aligncenter size-large is-resized\"><img decoding=\"async\" src=\"https:\/\/heimatverein-nieder-roden.de\/wp-content\/uploads\/2022\/03\/Rollwald-Aktiv_Logo-1024x290.png\" alt=\"\" class=\"wp-image-3835\" width=\"505\" height=\"143\" srcset=\"https:\/\/heimatverein-nieder-roden.de\/wp-content\/uploads\/2022\/03\/Rollwald-Aktiv_Logo-1024x290.png 1024w, https:\/\/heimatverein-nieder-roden.de\/wp-content\/uploads\/2022\/03\/Rollwald-Aktiv_Logo-300x85.png 300w, https:\/\/heimatverein-nieder-roden.de\/wp-content\/uploads\/2022\/03\/Rollwald-Aktiv_Logo-768x218.png 768w, https:\/\/heimatverein-nieder-roden.de\/wp-content\/uploads\/2022\/03\/Rollwald-Aktiv_Logo-1536x435.png 1536w, https:\/\/heimatverein-nieder-roden.de\/wp-content\/uploads\/2022\/03\/Rollwald-Aktiv_Logo-836x237.png 836w, https:\/\/heimatverein-nieder-roden.de\/wp-content\/uploads\/2022\/03\/Rollwald-Aktiv_Logo-560x159.png 560w, https:\/\/heimatverein-nieder-roden.de\/wp-content\/uploads\/2022\/03\/Rollwald-Aktiv_Logo.png 1797w\" sizes=\"(max-width: 505px) 100vw, 505px\" \/><figcaption>\u00a9 Rollwald Aktiv<\/figcaption><\/figure><\/div>\n\n\n\n<p>Der &#8222;Abend im Museum&#8220;, geplant f\u00fcr Mittwoch, den 30. M\u00e4rz, muss aus gesundheitlichen Gr\u00fcnden abgesagt werden. Er wird bis auf Weiteres verschoben. Wir werden erneut einladen sobald m\u00f6glich. <\/p>\n\n\n\n<p>Wir bitten um ihr Verst\u00e4ndnis!<\/p>\n\n\n\n<hr class=\"wp-block-separator is-style-wide\"\/>\n\n\nBeitrag 0 mal aufgerufen in den letzten 14 Tagen.\n","protected":false},"excerpt":{"rendered":"<p>Der &#8222;Abend im Museum&#8220;, geplant f\u00fcr Mittwoch, den 30. M\u00e4rz, muss aus gesundheitlichen Gr\u00fcnden abgesagt werden.<\/p><p><a class=\"more-link btn\" href=\"https:\/\/heimatverein-nieder-roden.de\/?p=3870\">Weiterlesen<\/a><\/p>\n","protected":false},"author":1,"featured_media":3871,"comment_status":"closed","ping_status":"closed","sticky":false,"template":"","format":"standard","meta":{"_coblocks_attr":"","_coblocks_dimensions":"","_coblocks_responsive_height":"","_coblocks_accordion_ie_support":"","footnotes":"","_share_on_mastodon":"0"},"categories":[6,9,243,39],"tags":[34,35,32,27,124,244],"class_list":["post-3870","post","type-post","status-publish","format-standard","has-post-thumbnail","hentry","category-aktuell","category-museumsoeffnungen","category-rollwald-aktiv","category-veranstaltungen","tag-akhnr","tag-arbeitskreis-fuer-heimatkunde-nieder-roden-e-v","tag-heimatmuseum","tag-jahresausstellung","tag-rollwald","tag-rollwald-aktiv","nodate"],"share_on_mastodon":{"url":"","error":""},"publishpress_future_action":{"enabled":false,"date":"2026-05-07 04:44:01","action":"category-remove","newStatus":"draft","terms":[],"taxonomy":"category","extraData":[]},"publishpress_future_workflow_manual_trigger":{"enabledWorkflows":[]},"_links":{"self":[{"href":"https:\/\/heimatverein-nieder-roden.de\/index.php?rest_route=\/wp\/v2\/posts\/3870","targetHints":{"allow":["GET"]}}],"collection":[{"href":"https:\/\/heimatverein-nieder-roden.de\/index.php?rest_route=\/wp\/v2\/posts"}],"about":[{"href":"https:\/\/heimatverein-nieder-roden.de\/index.php?rest_route=\/wp\/v2\/types\/post"}],"author":[{"embeddable":true,"href":"https:\/\/heimatverein-nieder-roden.de\/index.php?rest_route=\/wp\/v2\/users\/1"}],"replies":[{"embeddable":true,"href":"https:\/\/heimatverein-nieder-roden.de\/index.php?rest_route=%2Fwp%2Fv2%2Fcomments&post=3870"}],"version-history":[{"count":1,"href":"https:\/\/heimatverein-nieder-roden.de\/index.php?rest_route=\/wp\/v2\/posts\/3870\/revisions"}],"predecessor-version":[{"id":3872,"href":"https:\/\/heimatverein-nieder-roden.de\/index.php?rest_route=\/wp\/v2\/posts\/3870\/revisions\/3872"}],"wp:featuredmedia":[{"embeddable":true,"href":"https:\/\/heimatverein-nieder-roden.de\/index.php?rest_route=\/wp\/v2\/media\/3871"}],"wp:attachment":[{"href":"https:\/\/heimatverein-nieder-roden.de\/index.php?rest_route=%2Fwp%2Fv2%2Fmedia&parent=3870"}],"wp:term":[{"taxonomy":"category","embeddable":true,"href":"https:\/\/heimatverein-nieder-roden.de\/index.php?rest_route=%2Fwp%2Fv2%2Fcategories&post=3870"},{"taxonomy":"post_tag","embeddable":true,"href":"https:\/\/heimatverein-nieder-roden.de\/index.php?rest_route=%2Fwp%2Fv2%2Ftags&post=3870"}],"curies":[{"name":"wp","href":"https:\/\/api.w.org\/{rel}","templated":true}]}}