{"id":3744,"date":"2022-03-12T10:14:59","date_gmt":"2022-03-12T09:14:59","guid":{"rendered":"https:\/\/heimatverein-nieder-roden.de\/?p=3744"},"modified":"2022-03-12T10:32:50","modified_gmt":"2022-03-12T09:32:50","slug":"vdk-nieder-roden-feiert-75-jaehriges-bestehen","status":"publish","type":"post","link":"https:\/\/heimatverein-nieder-roden.de\/?p=3744","title":{"rendered":"VdK Nieder-Roden feiert 75-j\u00e4hriges Bestehen"},"content":{"rendered":"<figure class=\"wp-block-post-featured-image\"><img decoding=\"async\" width=\"1243\" height=\"250\" src=\"https:\/\/heimatverein-nieder-roden.de\/wp-content\/uploads\/2022\/03\/2022-03-12_Vdk-Jub75_Website_Slider2-1243x250.png\" class=\"attachment-post-thumbnail size-post-thumbnail wp-post-image\" alt=\"\" style=\"object-fit:cover;\" \/><\/figure>\n\n\n<p>Der Ortsverband (OV) Nieder-Roden des VdK feiert in diesem Jahr sein 75-j\u00e4hriges Jubil\u00e4um. Dazu hat der OV ein Festprogramm zusammengestellt und in einem Flyer ver\u00f6ffentlicht. <\/p>\n\n\n\n<p>Der AKHNR gratuliert herzlich zu diesem Jubil\u00e4um!<\/p>\n\n\n\n<p>Wir m\u00f6chten die Feierlichkeiten gerne unterst\u00fctzen. Dazu ver\u00f6ffentlichen wir an dieser Stelle den Jubil\u00e4umsflyer mit Festprogramm und haben au\u00dferdem die wichtigsten Termine in <a href=\"https:\/\/heimatverein-nieder-roden.de\/?page_id=23\" data-type=\"page\" data-id=\"23\">unseren Kalender<\/a> eingetragen.<\/p>\n\n\n\n<h2 class=\"wp-block-heading\">VdK Jubil\u00e4umsflyer<\/h2>\n\n\n\n<div data-wp-interactive=\"core\/file\" class=\"wp-block-file\"><object data-wp-bind--hidden=\"!state.hasPdfPreview\" hidden class=\"wp-block-file__embed\" data=\"https:\/\/heimatverein-nieder-roden.de\/wp-content\/uploads\/2022\/03\/2022-03-10_VdK_Flyer2022_A4_6seiten_Ansicht.pdf\" type=\"application\/pdf\" style=\"width:100%;height:600px\" aria-label=\"Einbettung von Einbettung von 2022-03-10_VdK_Flyer2022_A4_6seiten_Ansicht..\"><\/object><a id=\"wp-block-file--media-d49133fa-cd0d-4b1e-9a28-46deb5fd5623\" href=\"https:\/\/heimatverein-nieder-roden.de\/wp-content\/uploads\/2022\/03\/2022-03-10_VdK_Flyer2022_A4_6seiten_Ansicht.pdf\">2022-03-10_VdK_Flyer2022_A4_6seiten_Ansicht<\/a><a href=\"https:\/\/heimatverein-nieder-roden.de\/wp-content\/uploads\/2022\/03\/2022-03-10_VdK_Flyer2022_A4_6seiten_Ansicht.pdf\" class=\"wp-block-file__button\" download aria-describedby=\"wp-block-file--media-d49133fa-cd0d-4b1e-9a28-46deb5fd5623\">Herunterladen<\/a><\/div>\n\n\n\n<p>Vielen Dank an den Vorsitzenden Herrn Rink f\u00fcr die Genehmigung!<\/p>\n\n\n\n<figure class=\"wp-block-pullquote\"><blockquote><p>Akademische Stunde <br>am 10. April 2022 um 16:00 Uhr<br>im Gasthaus &#8222;Zum Engel&#8220;<\/p><\/blockquote><\/figure>\n\n\n\n<p>Der AKHNR wird auch bei der Akademischen Stunde am 10. April 2022 um 16:00 Uhr im Saal des Gasthauses &#8222;Zum Engel&#8220; vertreten sein.<\/p>\n\n\n\n<p>VdK steht \u00fcbrigens f\u00fcr <strong>&#8222;V<\/strong>erband <strong>d<\/strong>er <strong>K<\/strong>riegsbesch\u00e4digten&#8220;. <\/p>\n\n\n\n<p>Die Abk\u00fcrzung enstammt dem urspr\u00fcnglichen Namen des Verbandes <strong>&#8222;<\/strong>Verband der Kriegsbesch\u00e4digten, Kriegshinterbliebenen und Sozialrentner Deutschlands&#8220;.<\/p>\n\n\n\n<p>Seit 1994 hei\u00dft der Verein offiziell Sozialverband VdK Deutschland e.\u00a0V.<\/p>\n\n\n\n<hr class=\"wp-block-separator is-style-wide\"\/>\n\n\nBeitrag 0 mal aufgerufen in den letzten 14 Tagen.\n","protected":false},"excerpt":{"rendered":"<p>Der Ortsverband (OV) Nieder-Roden des VdK feiert in diesem Jahr sein 75-j\u00e4hriges Jubil\u00e4um. Wir gratulieren!<\/p><p><a class=\"more-link btn\" href=\"https:\/\/heimatverein-nieder-roden.de\/?p=3744\">Weiterlesen<\/a><\/p>\n","protected":false},"author":1,"featured_media":3749,"comment_status":"closed","ping_status":"closed","sticky":false,"template":"","format":"standard","meta":{"_coblocks_attr":"","_coblocks_dimensions":"","_coblocks_responsive_height":"","_coblocks_accordion_ie_support":"","footnotes":"","_share_on_mastodon":"0"},"categories":[6,97],"tags":[34,35,238],"class_list":["post-3744","post","type-post","status-publish","format-standard","has-post-thumbnail","hentry","category-aktuell","category-slider","tag-akhnr","tag-arbeitskreis-fuer-heimatkunde-nieder-roden-e-v","tag-vdk","nodate"],"share_on_mastodon":{"url":"","error":""},"publishpress_future_action":{"enabled":false,"date":"2026-05-07 06:46:10","action":"category-remove","newStatus":"draft","terms":[],"taxonomy":"category","extraData":[]},"publishpress_future_workflow_manual_trigger":{"enabledWorkflows":[]},"_links":{"self":[{"href":"https:\/\/heimatverein-nieder-roden.de\/index.php?rest_route=\/wp\/v2\/posts\/3744","targetHints":{"allow":["GET"]}}],"collection":[{"href":"https:\/\/heimatverein-nieder-roden.de\/index.php?rest_route=\/wp\/v2\/posts"}],"about":[{"href":"https:\/\/heimatverein-nieder-roden.de\/index.php?rest_route=\/wp\/v2\/types\/post"}],"author":[{"embeddable":true,"href":"https:\/\/heimatverein-nieder-roden.de\/index.php?rest_route=\/wp\/v2\/users\/1"}],"replies":[{"embeddable":true,"href":"https:\/\/heimatverein-nieder-roden.de\/index.php?rest_route=%2Fwp%2Fv2%2Fcomments&post=3744"}],"version-history":[{"count":5,"href":"https:\/\/heimatverein-nieder-roden.de\/index.php?rest_route=\/wp\/v2\/posts\/3744\/revisions"}],"predecessor-version":[{"id":3752,"href":"https:\/\/heimatverein-nieder-roden.de\/index.php?rest_route=\/wp\/v2\/posts\/3744\/revisions\/3752"}],"wp:featuredmedia":[{"embeddable":true,"href":"https:\/\/heimatverein-nieder-roden.de\/index.php?rest_route=\/wp\/v2\/media\/3749"}],"wp:attachment":[{"href":"https:\/\/heimatverein-nieder-roden.de\/index.php?rest_route=%2Fwp%2Fv2%2Fmedia&parent=3744"}],"wp:term":[{"taxonomy":"category","embeddable":true,"href":"https:\/\/heimatverein-nieder-roden.de\/index.php?rest_route=%2Fwp%2Fv2%2Fcategories&post=3744"},{"taxonomy":"post_tag","embeddable":true,"href":"https:\/\/heimatverein-nieder-roden.de\/index.php?rest_route=%2Fwp%2Fv2%2Ftags&post=3744"}],"curies":[{"name":"wp","href":"https:\/\/api.w.org\/{rel}","templated":true}]}}