{"id":2993,"date":"2021-09-13T15:24:00","date_gmt":"2021-09-13T13:24:00","guid":{"rendered":"https:\/\/heimatverein-nieder-roden.de\/?p=2993"},"modified":"2021-09-13T15:42:39","modified_gmt":"2021-09-13T13:42:39","slug":"einladung-zur-jahreshauptversammlung-2021","status":"publish","type":"post","link":"https:\/\/heimatverein-nieder-roden.de\/?p=2993","title":{"rendered":"Einladung zur Jahreshauptversammlung 2021"},"content":{"rendered":"\n<div class=\"wp-block-image\"><figure class=\"aligncenter size-large is-resized\"><img decoding=\"async\" src=\"https:\/\/heimatverein-nieder-roden.de\/wp-content\/uploads\/2021\/09\/grafik-1-1024x724.png\" alt=\"\" class=\"wp-image-2994\" width=\"543\" height=\"383\" srcset=\"https:\/\/heimatverein-nieder-roden.de\/wp-content\/uploads\/2021\/09\/grafik-1-1024x724.png 1024w, https:\/\/heimatverein-nieder-roden.de\/wp-content\/uploads\/2021\/09\/grafik-1-300x212.png 300w, https:\/\/heimatverein-nieder-roden.de\/wp-content\/uploads\/2021\/09\/grafik-1-768x543.png 768w, https:\/\/heimatverein-nieder-roden.de\/wp-content\/uploads\/2021\/09\/grafik-1-1536x1086.png 1536w, https:\/\/heimatverein-nieder-roden.de\/wp-content\/uploads\/2021\/09\/grafik-1-2048x1448.png 2048w, https:\/\/heimatverein-nieder-roden.de\/wp-content\/uploads\/2021\/09\/grafik-1-836x591.png 836w, https:\/\/heimatverein-nieder-roden.de\/wp-content\/uploads\/2021\/09\/grafik-1-560x396.png 560w\" sizes=\"(max-width: 543px) 100vw, 543px\" \/><figcaption>  Einladung zur Jahreshauptversammlung 2021 (Symbolbild) &#8211; \u00a9 AKHNR <\/figcaption><\/figure><\/div>\n\n\n\n<p>Liebe Mitglieder, wir laden euch ganz herzlich ein zur<\/p>\n\n\n\n<p class=\"has-text-align-center\"><strong>Mitgliederversammlung 2021<br><\/strong>am Mittwoch, den 29. September 2021, um 19:30 Uhr<br>im Heimatmuseum Nieder-Roden<br>Schulstra\u00dfe 32<br>63110 Rodgau, Nieder-Roden<\/p>\n\n\n\n<p>Aufgrund der Corona-Pandemie gibt es einige zus\u00e4tzliche Regeln und Hinweise zu beachten:<\/p>\n\n\n\n<ul class=\"wp-block-list\"><li>Wir bitten in diesem Jahr um eine Anmeldung der Teilnehmer um die entsprechenden Vorkehrungen treffen und die Bestuhlung vorbereiten zu k\u00f6nnen:<ul><li>per E-Mail an: <a href=\"mailto:info@heimatverein-nieder-roden.de\">info@heimatverein-nieder-roden.de<\/a><\/li><\/ul><ul><li>telefonisch unter: +49 6106 733306<\/li><\/ul><\/li><li>Der Zutritt ist nach der 3G-Regel nur f\u00fcr vollst\u00e4ndig geimpfte, genesene oder negativ getestete Mitglieder gestattet.<\/li><li><strong>Die entsprechenden Nachweise werden am Eingang kontrolliert!<\/strong><\/li><li>Im Museum m\u00fcssen alle Anwesenden eine medizinische Maske tragen, solange sie sich nicht an ihrem Sitzplatz befinden.<\/li><li>Nur am Platz darf diese Maske abgenommen werden.<\/li><\/ul>\n\n\n\n<p>Wir hoffen auf euer Verst\u00e4ndnis!<\/p>\n\n\n\n<p>Unsere\nTagesordnung lautet wie folgt:<\/p>\n\n\n\n<ol class=\"wp-block-list\" type=\"1\"><li>Er\u00f6ffnung und Begr\u00fc\u00dfung durch den Vorsitzenden<\/li><li>Totengedenken<\/li><li>Bericht des Vorsitzenden<\/li><li>Bericht des Schatzmeisters<\/li><li>Bericht der Kassenpr\u00fcfer<\/li><li>Aussprache<\/li><li>Entlastung des Vorstandes<\/li><li>Neuwahl des Vorstandes<br>8.1 Wahl einer Wahlleiterin\/eines Wahlleiters<br>8.2 Wahl der\/des 1. Vorsitzenden<br>8.3 Wahl der\/des 2. Vorsitzenden<br>8.4 Wahl der Schatzmeisterin\/des Schatzmeisters<br>8.5 Wahl der Schriftf\u00fchrerin\/des Schriftf\u00fchrers<br>8.6 Wahl der Beisitzerinnen\/Beisitzer<\/li><li>Neuwahl der Kassenpr\u00fcferinnen\/Kassenpr\u00fcfer<\/li><li>Antr\u00e4ge<\/li><li>Verschiedenes<\/li><\/ol>\n\n\n\n<p>Bitte ber\u00fccksichtigt, dass laut Satzung gilt: \u201eAntr\u00e4ge zur Mitgliederversammlung m\u00fcssen mindestens eine Woche vorher schriftlich dem Vorstand eingereicht werden und begr\u00fcndet sein.\u201c<\/p>\n\n\n\n<p>Bei Fragen k\u00f6nnt ihr euch gerne an uns wenden! <\/p>\n\n\n\n<p>Mit heimatlichen Gr\u00fc\u00dfen<br>f\u00fcr den Vorstand<\/p>\n\n\n\n<p>Frank Stoffels&nbsp;&nbsp;&nbsp;&nbsp;&nbsp;&nbsp;&nbsp;&nbsp;&nbsp;&nbsp;&nbsp;&nbsp;&nbsp;&nbsp;&nbsp;&nbsp;&nbsp;&nbsp;&nbsp;&nbsp;&nbsp;&nbsp;&nbsp;&nbsp;&nbsp;&nbsp;&nbsp;&nbsp;&nbsp; &nbsp;&nbsp;&nbsp;&nbsp;&nbsp;&nbsp;&nbsp;&nbsp;&nbsp; G\u00fcnther Keller<br>1. Vorsitzender&nbsp;&nbsp;&nbsp;&nbsp;&nbsp;&nbsp;&nbsp;&nbsp;&nbsp;&nbsp;&nbsp;&nbsp;&nbsp;&nbsp;&nbsp;&nbsp;&nbsp;&nbsp;&nbsp;&nbsp;&nbsp;&nbsp;&nbsp;&nbsp;&nbsp;&nbsp;&nbsp;&nbsp;&nbsp;&nbsp;&nbsp;&nbsp;&nbsp;&nbsp;&nbsp;&nbsp;&nbsp;2. Vorsitzender<\/p>\n","protected":false},"excerpt":{"rendered":"<p>am Mittwoch, den 29. September 2021, um 19:30 Uhr<br \/>\nim Heimatmuseum Nieder-Roden<br \/>\nSchulstra\u00dfe 32<br \/>\n63110 Rodgau, Nieder-Roden<\/p>\n<p>N\u00e4heres gibt es hier&#8230;<\/p><p><a class=\"more-link btn\" href=\"https:\/\/heimatverein-nieder-roden.de\/?p=2993\">Weiterlesen<\/a><\/p>\n","protected":false},"author":1,"featured_media":2994,"comment_status":"closed","ping_status":"closed","sticky":false,"template":"","format":"standard","meta":{"_coblocks_attr":"","_coblocks_dimensions":"","_coblocks_responsive_height":"","_coblocks_accordion_ie_support":"","footnotes":"","_share_on_mastodon":"0"},"categories":[6,175,97,39],"tags":[34,35,32,150,149,136],"class_list":["post-2993","post","type-post","status-publish","format-standard","has-post-thumbnail","hentry","category-aktuell","category-mitgliederversammlung","category-slider","category-veranstaltungen","tag-akhnr","tag-arbeitskreis-fuer-heimatkunde-nieder-roden-e-v","tag-heimatmuseum","tag-jahreshauptversammlung","tag-mitgliederversammlung","tag-museum","nodate"],"share_on_mastodon":{"url":"","error":""},"publishpress_future_action":{"enabled":false,"date":"2026-05-07 05:27:57","action":"category-remove","newStatus":"draft","terms":[],"taxonomy":"category","extraData":[]},"publishpress_future_workflow_manual_trigger":{"enabledWorkflows":[]},"_links":{"self":[{"href":"https:\/\/heimatverein-nieder-roden.de\/index.php?rest_route=\/wp\/v2\/posts\/2993","targetHints":{"allow":["GET"]}}],"collection":[{"href":"https:\/\/heimatverein-nieder-roden.de\/index.php?rest_route=\/wp\/v2\/posts"}],"about":[{"href":"https:\/\/heimatverein-nieder-roden.de\/index.php?rest_route=\/wp\/v2\/types\/post"}],"author":[{"embeddable":true,"href":"https:\/\/heimatverein-nieder-roden.de\/index.php?rest_route=\/wp\/v2\/users\/1"}],"replies":[{"embeddable":true,"href":"https:\/\/heimatverein-nieder-roden.de\/index.php?rest_route=%2Fwp%2Fv2%2Fcomments&post=2993"}],"version-history":[{"count":3,"href":"https:\/\/heimatverein-nieder-roden.de\/index.php?rest_route=\/wp\/v2\/posts\/2993\/revisions"}],"predecessor-version":[{"id":3000,"href":"https:\/\/heimatverein-nieder-roden.de\/index.php?rest_route=\/wp\/v2\/posts\/2993\/revisions\/3000"}],"wp:featuredmedia":[{"embeddable":true,"href":"https:\/\/heimatverein-nieder-roden.de\/index.php?rest_route=\/wp\/v2\/media\/2994"}],"wp:attachment":[{"href":"https:\/\/heimatverein-nieder-roden.de\/index.php?rest_route=%2Fwp%2Fv2%2Fmedia&parent=2993"}],"wp:term":[{"taxonomy":"category","embeddable":true,"href":"https:\/\/heimatverein-nieder-roden.de\/index.php?rest_route=%2Fwp%2Fv2%2Fcategories&post=2993"},{"taxonomy":"post_tag","embeddable":true,"href":"https:\/\/heimatverein-nieder-roden.de\/index.php?rest_route=%2Fwp%2Fv2%2Ftags&post=2993"}],"curies":[{"name":"wp","href":"https:\/\/api.w.org\/{rel}","templated":true}]}}