{"id":2830,"date":"2021-07-07T00:45:47","date_gmt":"2021-07-06T22:45:47","guid":{"rendered":"https:\/\/heimatverein-nieder-roden.de\/?p=2830"},"modified":"2021-07-17T00:33:48","modified_gmt":"2021-07-16T22:33:48","slug":"heimat-filmnacht-2021-mit-besonders-grosser-leinwand","status":"publish","type":"post","link":"https:\/\/heimatverein-nieder-roden.de\/?p=2830","title":{"rendered":"Heimat-Filmnacht 2021 &#8211; Mit besonders gro\u00dfer Leinwand&#8230;"},"content":{"rendered":"\n<figure class=\"wp-block-image\"><img decoding=\"async\" width=\"1024\" height=\"512\" src=\"https:\/\/heimatverein-nieder-roden.de\/wp-content\/uploads\/2019\/07\/AKHNR_Heimat-Filmnacht_Symbolbild-1024x512.png\" alt=\"\" class=\"wp-image-1430\" srcset=\"https:\/\/heimatverein-nieder-roden.de\/wp-content\/uploads\/2019\/07\/AKHNR_Heimat-Filmnacht_Symbolbild-1024x512.png 1024w, https:\/\/heimatverein-nieder-roden.de\/wp-content\/uploads\/2019\/07\/AKHNR_Heimat-Filmnacht_Symbolbild-300x150.png 300w, https:\/\/heimatverein-nieder-roden.de\/wp-content\/uploads\/2019\/07\/AKHNR_Heimat-Filmnacht_Symbolbild-768x384.png 768w, https:\/\/heimatverein-nieder-roden.de\/wp-content\/uploads\/2019\/07\/AKHNR_Heimat-Filmnacht_Symbolbild-375x187.png 375w, https:\/\/heimatverein-nieder-roden.de\/wp-content\/uploads\/2019\/07\/AKHNR_Heimat-Filmnacht_Symbolbild.png 2000w\" sizes=\"(max-width: 1024px) 100vw, 1024px\" \/><\/figure>\n\n\n\n<p>Liebe Filmfreunde,<\/p>\n\n\n\n<p>wir freuen uns endlich wieder eine Heimat-Filmnacht im Freien durchf\u00fchren zu k\u00f6nnen.<\/p>\n\n\n\n<p>Damit wir gen\u00fcgend Platz haben wechseln wir den Standort. Wir laden euch herzlich ein zur<\/p>\n\n\n\n<div class=\"wp-block-image\"><figure class=\"alignright size-large is-resized\"><img decoding=\"async\" src=\"https:\/\/heimatverein-nieder-roden.de\/wp-content\/uploads\/2021\/07\/2020-09-27_AKHNR_Hof-Heger_signal-2020-09-28-183409_001-768x1024.jpeg\" alt=\"\" class=\"wp-image-2831\" width=\"252\" height=\"336\" srcset=\"https:\/\/heimatverein-nieder-roden.de\/wp-content\/uploads\/2021\/07\/2020-09-27_AKHNR_Hof-Heger_signal-2020-09-28-183409_001-768x1024.jpeg 768w, https:\/\/heimatverein-nieder-roden.de\/wp-content\/uploads\/2021\/07\/2020-09-27_AKHNR_Hof-Heger_signal-2020-09-28-183409_001-225x300.jpeg 225w, https:\/\/heimatverein-nieder-roden.de\/wp-content\/uploads\/2021\/07\/2020-09-27_AKHNR_Hof-Heger_signal-2020-09-28-183409_001-1152x1536.jpeg 1152w, https:\/\/heimatverein-nieder-roden.de\/wp-content\/uploads\/2021\/07\/2020-09-27_AKHNR_Hof-Heger_signal-2020-09-28-183409_001-1536x2048.jpeg 1536w, https:\/\/heimatverein-nieder-roden.de\/wp-content\/uploads\/2021\/07\/2020-09-27_AKHNR_Hof-Heger_signal-2020-09-28-183409_001-836x1115.jpeg 836w, https:\/\/heimatverein-nieder-roden.de\/wp-content\/uploads\/2021\/07\/2020-09-27_AKHNR_Hof-Heger_signal-2020-09-28-183409_001-560x747.jpeg 560w, https:\/\/heimatverein-nieder-roden.de\/wp-content\/uploads\/2021\/07\/2020-09-27_AKHNR_Hof-Heger_signal-2020-09-28-183409_001-scaled.jpeg 1920w\" sizes=\"(max-width: 252px) 100vw, 252px\" \/><figcaption>Brigittes Hof mit Projektionswand<\/figcaption><\/figure><\/div>\n\n\n\n<p class=\"has-text-align-center\"><strong>Heimat-Filmnacht<br>im Hof von Brigitte und Willi Heger<\/strong><\/p>\n\n\n\n<p class=\"has-text-align-center\"><strong>am Freitag, den 16. Juli 2021<br>in der Schulstra\u00dfe 6<\/strong><\/p>\n\n\n\n<p class=\"has-text-align-center\"><strong>Einlass ab 20:00 Uhr<br>Beginn bei ausreichender Dunkelheit<\/strong><\/p>\n\n\n\n<p>Dann m\u00f6chten wir wieder gemeinsam in unseren Heimatfilmen st\u00f6bern und dabei Ausschnitte zeigen, die ihr bestimmt noch nicht kennt oder lange nicht mehr gesehen habt.<\/p>\n\n\n\n<p>Damit das Risiko f\u00fcr alle Anwesenden m\u00f6glichst gering bleibt, m\u00f6chten wir auf ungef\u00e4hr 200m\u00b2 im Freien nur 25 Personen unterbringen, die noch nicht zweifach geimpft sind.<\/p>\n\n\n\n<p class=\"has-vivid-red-color has-text-color\">Diejenigen bitten wir daher um <strong>Anmeldung bis Mittwoch, den 14. Juli 2021<\/strong>:<\/p>\n\n\n\n<ul class=\"wp-block-list\"><li>per Telefon bei G\u00fcnther Keller: 733306<\/li><li>per E-Mail-Adresse unter: <a href=\"mailto:info@heimatverein-nieder-roden.de\">info@heimatverein-nieder-roden.de<\/a><\/li><\/ul>\n\n\n\n<p><strong>Alle zweifach Geimpften und Genesenen z\u00e4hlen nicht, k\u00f6nnen zus\u00e4tzlich kommen und m\u00fcssen sich auch nicht anmelden!<\/strong><\/p>\n\n\n\n<p>Denkt daran euch je nach Witterung warm anzuziehen und eine Decke mitzubringen. Der Filmabend kann nur stattfinden, wenn es nicht regnet.<\/p>\n\n\n\n<p>Wir hoffen, dass es klappt, und freuen uns auf Euch!<\/p>\n\n\n\n<p>Euer Vorstand<\/p>\n","protected":false},"excerpt":{"rendered":"<p><!-- wp:paragraph --><\/p>\n<p>Liebe Filmfreunde,<\/p>\n<p><!-- \/wp:paragraph --><\/p>\n<p><!-- wp:paragraph --><\/p>\n<p>wir freuen uns endlich wieder eine Heimat-Filmnacht im Freien durchf\u00fchren zu k\u00f6nnen.<\/p>\n<p><!-- \/wp:paragraph --><\/p>\n<p><!-- wp:paragraph --><\/p>\n<p>Damit wir gen\u00fcgend Platz haben wechseln wir den Standort. Wir laden euch herzlich ein zur<\/p>\n<p><!-- \/wp:paragraph --><\/p><p><a class=\"more-link btn\" href=\"https:\/\/heimatverein-nieder-roden.de\/?p=2830\">Weiterlesen<\/a><\/p>\n","protected":false},"author":1,"featured_media":1430,"comment_status":"closed","ping_status":"closed","sticky":false,"template":"","format":"standard","meta":{"_coblocks_attr":"","_coblocks_dimensions":"","_coblocks_responsive_height":"","_coblocks_accordion_ie_support":"","footnotes":"","_share_on_mastodon":"0"},"categories":[6,60,97],"tags":[65,34,35,61,62],"class_list":["post-2830","post","type-post","status-publish","format-standard","has-post-thumbnail","hentry","category-aktuell","category-filmnacht","category-slider","tag-16mm-filme","tag-akhnr","tag-arbeitskreis-fuer-heimatkunde-nieder-roden-e-v","tag-filmnacht","tag-heimat-filmnacht","nodate"],"share_on_mastodon":{"url":"","error":""},"publishpress_future_action":{"enabled":false,"date":"2026-05-07 00:25:43","action":"category-remove","newStatus":"draft","terms":[],"taxonomy":"category","extraData":[]},"publishpress_future_workflow_manual_trigger":{"enabledWorkflows":[]},"_links":{"self":[{"href":"https:\/\/heimatverein-nieder-roden.de\/index.php?rest_route=\/wp\/v2\/posts\/2830","targetHints":{"allow":["GET"]}}],"collection":[{"href":"https:\/\/heimatverein-nieder-roden.de\/index.php?rest_route=\/wp\/v2\/posts"}],"about":[{"href":"https:\/\/heimatverein-nieder-roden.de\/index.php?rest_route=\/wp\/v2\/types\/post"}],"author":[{"embeddable":true,"href":"https:\/\/heimatverein-nieder-roden.de\/index.php?rest_route=\/wp\/v2\/users\/1"}],"replies":[{"embeddable":true,"href":"https:\/\/heimatverein-nieder-roden.de\/index.php?rest_route=%2Fwp%2Fv2%2Fcomments&post=2830"}],"version-history":[{"count":1,"href":"https:\/\/heimatverein-nieder-roden.de\/index.php?rest_route=\/wp\/v2\/posts\/2830\/revisions"}],"predecessor-version":[{"id":2832,"href":"https:\/\/heimatverein-nieder-roden.de\/index.php?rest_route=\/wp\/v2\/posts\/2830\/revisions\/2832"}],"wp:featuredmedia":[{"embeddable":true,"href":"https:\/\/heimatverein-nieder-roden.de\/index.php?rest_route=\/wp\/v2\/media\/1430"}],"wp:attachment":[{"href":"https:\/\/heimatverein-nieder-roden.de\/index.php?rest_route=%2Fwp%2Fv2%2Fmedia&parent=2830"}],"wp:term":[{"taxonomy":"category","embeddable":true,"href":"https:\/\/heimatverein-nieder-roden.de\/index.php?rest_route=%2Fwp%2Fv2%2Fcategories&post=2830"},{"taxonomy":"post_tag","embeddable":true,"href":"https:\/\/heimatverein-nieder-roden.de\/index.php?rest_route=%2Fwp%2Fv2%2Ftags&post=2830"}],"curies":[{"name":"wp","href":"https:\/\/api.w.org\/{rel}","templated":true}]}}