{"id":2559,"date":"2020-12-25T19:31:33","date_gmt":"2020-12-25T18:31:33","guid":{"rendered":"https:\/\/heimatverein-nieder-roden.de\/?p=2559"},"modified":"2021-02-05T23:27:26","modified_gmt":"2021-02-05T22:27:26","slug":"musikalischer-weihnachtsgruss-des-musikvereins","status":"publish","type":"post","link":"https:\/\/heimatverein-nieder-roden.de\/?p=2559","title":{"rendered":"Musikalischer Weihnachtsgru\u00df des Musikvereins"},"content":{"rendered":"\n<p>Der Musikverein Nieder-Roden w\u00fcnscht seinen Mitgliedern, Freunden und F\u00f6rderern ein frohes Weihnachtsfest 2020!<\/p>\n\n\n\n<p>Die mehr als 50-j\u00e4hrige Tradition, das Festkonzert am ersten Weihnachtsfeiertag, will die Verein auch in diesem Jahr nicht v\u00f6llig aufgeben und sendet einen digitalen Weihnachtsgru\u00df in die Welt.<br>Den musikalischen Gru\u00df und weitere Informationen finden Sie <a href=\"https:\/\/www.mv-nieder-roden.de\/aktuelles\/\">hier auf der Seite des MVN<\/a>.<\/p>\n\n\n\n<figure class=\"wp-block-image size-large\"><a href=\"https:\/\/www.mv-nieder-roden.de\/aktuelles\/\"><img decoding=\"async\" width=\"1024\" height=\"498\" src=\"https:\/\/heimatverein-nieder-roden.de\/wp-content\/uploads\/2020\/12\/wp-1608921637105-1024x498.png\" alt=\"\" class=\"wp-image-2563\" srcset=\"https:\/\/heimatverein-nieder-roden.de\/wp-content\/uploads\/2020\/12\/wp-1608921637105-1024x498.png 1024w, https:\/\/heimatverein-nieder-roden.de\/wp-content\/uploads\/2020\/12\/wp-1608921637105-300x146.png 300w, https:\/\/heimatverein-nieder-roden.de\/wp-content\/uploads\/2020\/12\/wp-1608921637105-768x374.png 768w, https:\/\/heimatverein-nieder-roden.de\/wp-content\/uploads\/2020\/12\/wp-1608921637105-1536x747.png 1536w, https:\/\/heimatverein-nieder-roden.de\/wp-content\/uploads\/2020\/12\/wp-1608921637105-2048x996.png 2048w, https:\/\/heimatverein-nieder-roden.de\/wp-content\/uploads\/2020\/12\/wp-1608921637105-836x407.png 836w, https:\/\/heimatverein-nieder-roden.de\/wp-content\/uploads\/2020\/12\/wp-1608921637105-560x272.png 560w\" sizes=\"(max-width: 1024px) 100vw, 1024px\" \/><\/a><\/figure>\n","protected":false},"excerpt":{"rendered":"<p>Der Musikverein Nieder-Roden w\u00fcnscht seinen Mitgliedern, Freunden und F\u00f6rderern ein frohes Weihnachtsfest 2020! Die mehr als 50-j\u00e4hrige Tradition, das Festkonzert am ersten Weihnachtsfeiertag, will die Verein auch in diesem Jahr nicht v\u00f6llig aufgeben und sendet einen digitalen Weihnachtsgru\u00df in die Welt.Den musikalischen Gru\u00df und weitere Informationen finden Sie hier auf der Seite des MVN.<\/p>\n","protected":false},"author":1,"featured_media":2563,"comment_status":"closed","ping_status":"closed","sticky":false,"template":"","format":"standard","meta":{"_coblocks_attr":"","_coblocks_dimensions":"","_coblocks_responsive_height":"","_coblocks_accordion_ie_support":"","footnotes":"","_share_on_mastodon":"0"},"categories":[6],"tags":[21,23],"class_list":["post-2559","post","type-post","status-publish","format-standard","has-post-thumbnail","hentry","category-aktuell","tag-musikverein","tag-mvn","nodate"],"share_on_mastodon":{"url":"","error":""},"publishpress_future_action":{"enabled":false,"date":"2026-05-07 07:07:40","action":"category-remove","newStatus":"draft","terms":[],"taxonomy":"category","extraData":[]},"publishpress_future_workflow_manual_trigger":{"enabledWorkflows":[]},"_links":{"self":[{"href":"https:\/\/heimatverein-nieder-roden.de\/index.php?rest_route=\/wp\/v2\/posts\/2559","targetHints":{"allow":["GET"]}}],"collection":[{"href":"https:\/\/heimatverein-nieder-roden.de\/index.php?rest_route=\/wp\/v2\/posts"}],"about":[{"href":"https:\/\/heimatverein-nieder-roden.de\/index.php?rest_route=\/wp\/v2\/types\/post"}],"author":[{"embeddable":true,"href":"https:\/\/heimatverein-nieder-roden.de\/index.php?rest_route=\/wp\/v2\/users\/1"}],"replies":[{"embeddable":true,"href":"https:\/\/heimatverein-nieder-roden.de\/index.php?rest_route=%2Fwp%2Fv2%2Fcomments&post=2559"}],"version-history":[{"count":4,"href":"https:\/\/heimatverein-nieder-roden.de\/index.php?rest_route=\/wp\/v2\/posts\/2559\/revisions"}],"predecessor-version":[{"id":2582,"href":"https:\/\/heimatverein-nieder-roden.de\/index.php?rest_route=\/wp\/v2\/posts\/2559\/revisions\/2582"}],"wp:featuredmedia":[{"embeddable":true,"href":"https:\/\/heimatverein-nieder-roden.de\/index.php?rest_route=\/wp\/v2\/media\/2563"}],"wp:attachment":[{"href":"https:\/\/heimatverein-nieder-roden.de\/index.php?rest_route=%2Fwp%2Fv2%2Fmedia&parent=2559"}],"wp:term":[{"taxonomy":"category","embeddable":true,"href":"https:\/\/heimatverein-nieder-roden.de\/index.php?rest_route=%2Fwp%2Fv2%2Fcategories&post=2559"},{"taxonomy":"post_tag","embeddable":true,"href":"https:\/\/heimatverein-nieder-roden.de\/index.php?rest_route=%2Fwp%2Fv2%2Ftags&post=2559"}],"curies":[{"name":"wp","href":"https:\/\/api.w.org\/{rel}","templated":true}]}}