{"id":2320,"date":"2020-05-22T17:37:13","date_gmt":"2020-05-22T15:37:13","guid":{"rendered":"https:\/\/heimatverein-nieder-roden.de\/?p=2320"},"modified":"2020-12-21T15:00:54","modified_gmt":"2020-12-21T14:00:54","slug":"heimatmuseum-weiterhin-geschlossen","status":"publish","type":"post","link":"https:\/\/heimatverein-nieder-roden.de\/?p=2320","title":{"rendered":"Heimatmuseum weiterhin geschlossen!"},"content":{"rendered":"\n<p>Nach den aktuellen Richtlinien sind nun theoretisch wieder Museums\u00f6ffnungen erlaubt. Allerdings ist diese Erlaubnis an relativ hohe H\u00fcrden gekn\u00fcpft.<\/p>\n\n\n\n<p><strong>Der Vorstand <\/strong>des Arbeitskreises f\u00fcr Heimatkunde Nieder-Roden e. V. (AKHNR)<strong> pr\u00fcft ob und wann eine \u00d6ffnung des Nieder-R\u00f6der Heimatmuseums wieder m\u00f6glich und sinnvoll ist.<\/strong><\/p>\n\n\n\n<p>An erster Stelle steht dabei der Schutz der Gesundheit unserer Mitglieder und der Bev\u00f6lkerung.<\/p>\n\n\n\n<p>Die Verantwortlichen des AKHNR bitten die Mitglieder und Interessierten um Verst\u00e4ndnis! Aufgrund der dynamischen Lageentwicklung bitten wir auch, diese Informationen als vorl\u00e4ufig zu betrachten.<\/p>\n\n\n\n<p>Wir hoffen darauf Freunde und Besucher des Heimatmuseums bald wieder begr\u00fc\u00dfen zu k\u00f6nnen! Vielen Dank!<\/p>\n","protected":false},"excerpt":{"rendered":"<p>Nach den aktuellen Richtlinien sind nun theoretisch wieder Museums\u00f6ffnungen erlaubt. Allerdings ist diese Erlaubnis an relativ hohe H\u00fcrden gekn\u00fcpft.<\/p><p><a class=\"more-link btn\" href=\"https:\/\/heimatverein-nieder-roden.de\/?p=2320\">Weiterlesen<\/a><\/p>\n","protected":false},"author":1,"featured_media":2298,"comment_status":"closed","ping_status":"closed","sticky":false,"template":"","format":"standard","meta":{"_coblocks_attr":"","_coblocks_dimensions":"","_coblocks_responsive_height":"","_coblocks_accordion_ie_support":"","footnotes":"","_share_on_mastodon":"0"},"categories":[6,138,9],"tags":[34,35,26,166,27,25],"class_list":["post-2320","post","type-post","status-publish","format-standard","has-post-thumbnail","hentry","category-aktuell","category-jahresausstellung","category-museumsoeffnungen","tag-akhnr","tag-arbeitskreis-fuer-heimatkunde-nieder-roden-e-v","tag-cafe","tag-corona","tag-jahresausstellung","tag-museumsoeffnung","nodate"],"share_on_mastodon":{"url":"","error":""},"publishpress_future_action":{"enabled":false,"date":"2026-05-07 07:17:32","action":"category-remove","newStatus":"draft","terms":[],"taxonomy":"category","extraData":[]},"publishpress_future_workflow_manual_trigger":{"enabledWorkflows":[]},"_links":{"self":[{"href":"https:\/\/heimatverein-nieder-roden.de\/index.php?rest_route=\/wp\/v2\/posts\/2320","targetHints":{"allow":["GET"]}}],"collection":[{"href":"https:\/\/heimatverein-nieder-roden.de\/index.php?rest_route=\/wp\/v2\/posts"}],"about":[{"href":"https:\/\/heimatverein-nieder-roden.de\/index.php?rest_route=\/wp\/v2\/types\/post"}],"author":[{"embeddable":true,"href":"https:\/\/heimatverein-nieder-roden.de\/index.php?rest_route=\/wp\/v2\/users\/1"}],"replies":[{"embeddable":true,"href":"https:\/\/heimatverein-nieder-roden.de\/index.php?rest_route=%2Fwp%2Fv2%2Fcomments&post=2320"}],"version-history":[{"count":1,"href":"https:\/\/heimatverein-nieder-roden.de\/index.php?rest_route=\/wp\/v2\/posts\/2320\/revisions"}],"predecessor-version":[{"id":2321,"href":"https:\/\/heimatverein-nieder-roden.de\/index.php?rest_route=\/wp\/v2\/posts\/2320\/revisions\/2321"}],"wp:featuredmedia":[{"embeddable":true,"href":"https:\/\/heimatverein-nieder-roden.de\/index.php?rest_route=\/wp\/v2\/media\/2298"}],"wp:attachment":[{"href":"https:\/\/heimatverein-nieder-roden.de\/index.php?rest_route=%2Fwp%2Fv2%2Fmedia&parent=2320"}],"wp:term":[{"taxonomy":"category","embeddable":true,"href":"https:\/\/heimatverein-nieder-roden.de\/index.php?rest_route=%2Fwp%2Fv2%2Fcategories&post=2320"},{"taxonomy":"post_tag","embeddable":true,"href":"https:\/\/heimatverein-nieder-roden.de\/index.php?rest_route=%2Fwp%2Fv2%2Ftags&post=2320"}],"curies":[{"name":"wp","href":"https:\/\/api.w.org\/{rel}","templated":true}]}}