{"id":2313,"date":"2020-03-17T10:00:14","date_gmt":"2020-03-17T09:00:14","guid":{"rendered":"https:\/\/heimatverein-nieder-roden.de\/?p=2313"},"modified":"2020-05-22T17:37:50","modified_gmt":"2020-05-22T15:37:50","slug":"achtung-alle-gemeinschaftlichen-aktivitaeten-ruhen-heimatmuseum-geschlossen","status":"publish","type":"post","link":"https:\/\/heimatverein-nieder-roden.de\/?p=2313","title":{"rendered":"ACHTUNG! Alle gemeinschaftlichen Aktivit\u00e4ten ruhen &#8211; Heimatmuseum geschlossen!"},"content":{"rendered":"<p>Bis auf weiteres sind, entsprechend der Leitlinien von Bund und L\u00e4ndern vom 16. M\u00e4rz 2020, best\u00e4tigt am 15. April 2020 (<a href=\"https:\/\/www.bundesregierung.de\/breg-de\/aktuelles\/telefonschaltkonferenz-der-bundeskanzlerin-mit-den-regierungschefinnen-und-regierungschefs-der-laender-am-15-april-2020-1744232\">https:\/\/www.bundesregierung.de\/&#8230;<\/a>) alle Zusammenk\u00fcnfte und gemeinschaftlichen Aktivit\u00e4ten des Arbeitskreises f\u00fcr Heimatkunde Nieder-Roden e. V. (AKHNR) eingestellt.<\/p>\n<p>Damit bleibt auch das Heimatmuseum Nieder-Roden geschlossen!<\/p>\n<p>Der Vorstand ist weiterhin erreichbar unter: info@heimatverein-nieder-roden.de<\/p>\n<p>Die Verantwortlichen des AKHNR bitten die Mitglieder und Interessierten um Verst\u00e4ndnis!<\/p>\n<p>Aufgrund der stark dynamischen Lageentwicklung bitten wir diese Informationen als vorl\u00e4ufig zu betrachten.<\/p>\n<p>Vielen Dank!<\/p>\n","protected":false},"excerpt":{"rendered":"<p>Bis auf weiteres sind alle Zusammenk\u00fcnfte und gemeinschaftlichen Aktivit\u00e4ten des Arbeitskreises f\u00fcr Heimatkunde Nieder-Roden e. V. eingestellt.<\/p><p><a class=\"more-link btn\" href=\"https:\/\/heimatverein-nieder-roden.de\/?p=2313\">Weiterlesen<\/a><\/p>\n","protected":false},"author":1,"featured_media":2298,"comment_status":"closed","ping_status":"closed","sticky":false,"template":"","format":"standard","meta":{"_coblocks_attr":"","_coblocks_dimensions":"","_coblocks_responsive_height":"","_coblocks_accordion_ie_support":"","footnotes":"","_share_on_mastodon":"0"},"categories":[6,138,9],"tags":[165,34,35,26,166,27,25],"class_list":["post-2313","post","type-post","status-publish","format-standard","has-post-thumbnail","hentry","category-aktuell","category-jahresausstellung","category-museumsoeffnungen","tag-absage","tag-akhnr","tag-arbeitskreis-fuer-heimatkunde-nieder-roden-e-v","tag-cafe","tag-corona","tag-jahresausstellung","tag-museumsoeffnung","nodate"],"share_on_mastodon":{"url":"","error":""},"publishpress_future_action":{"enabled":false,"date":"2026-05-07 10:57:43","action":"category-remove","newStatus":"draft","terms":[],"taxonomy":"category","extraData":[]},"publishpress_future_workflow_manual_trigger":{"enabledWorkflows":[]},"_links":{"self":[{"href":"https:\/\/heimatverein-nieder-roden.de\/index.php?rest_route=\/wp\/v2\/posts\/2313","targetHints":{"allow":["GET"]}}],"collection":[{"href":"https:\/\/heimatverein-nieder-roden.de\/index.php?rest_route=\/wp\/v2\/posts"}],"about":[{"href":"https:\/\/heimatverein-nieder-roden.de\/index.php?rest_route=\/wp\/v2\/types\/post"}],"author":[{"embeddable":true,"href":"https:\/\/heimatverein-nieder-roden.de\/index.php?rest_route=\/wp\/v2\/users\/1"}],"replies":[{"embeddable":true,"href":"https:\/\/heimatverein-nieder-roden.de\/index.php?rest_route=%2Fwp%2Fv2%2Fcomments&post=2313"}],"version-history":[{"count":3,"href":"https:\/\/heimatverein-nieder-roden.de\/index.php?rest_route=\/wp\/v2\/posts\/2313\/revisions"}],"predecessor-version":[{"id":2318,"href":"https:\/\/heimatverein-nieder-roden.de\/index.php?rest_route=\/wp\/v2\/posts\/2313\/revisions\/2318"}],"wp:featuredmedia":[{"embeddable":true,"href":"https:\/\/heimatverein-nieder-roden.de\/index.php?rest_route=\/wp\/v2\/media\/2298"}],"wp:attachment":[{"href":"https:\/\/heimatverein-nieder-roden.de\/index.php?rest_route=%2Fwp%2Fv2%2Fmedia&parent=2313"}],"wp:term":[{"taxonomy":"category","embeddable":true,"href":"https:\/\/heimatverein-nieder-roden.de\/index.php?rest_route=%2Fwp%2Fv2%2Fcategories&post=2313"},{"taxonomy":"post_tag","embeddable":true,"href":"https:\/\/heimatverein-nieder-roden.de\/index.php?rest_route=%2Fwp%2Fv2%2Ftags&post=2313"}],"curies":[{"name":"wp","href":"https:\/\/api.w.org\/{rel}","templated":true}]}}