{"id":2297,"date":"2020-03-12T18:39:24","date_gmt":"2020-03-12T17:39:24","guid":{"rendered":"https:\/\/heimatverein-nieder-roden.de\/?p=2297"},"modified":"2020-03-16T08:01:16","modified_gmt":"2020-03-16T07:01:16","slug":"achtung-jahreseroeffnung-und-museumscafe-abgesagt","status":"publish","type":"post","link":"https:\/\/heimatverein-nieder-roden.de\/?p=2297","title":{"rendered":"ACHTUNG! Jahreser\u00f6ffnung und Museumscaf\u00e9 abgesagt!"},"content":{"rendered":"\n<p class=\"has-text-color has-vivid-red-color\">Vor dem Hintergrund der kritischen Entwicklung von Corona-Virusinfektionen hat sich der Vorstand des Arbeitskreises f\u00fcr Heimatkunde Nieder-Roden e. V. (AKHNR) schweren Herzens dazu entschlossen die f\u00fcr Sonntag, den 15. M\u00e4rz 2020, geplante <strong>Er\u00f6ffnung der Jahresausstellung abzusagen<\/strong>. <br><strong>Auch das Museumscaf\u00e9 wird nicht ge\u00f6ffnet, es erfolgt keine Bewirtung.<\/strong><\/p>\n\n\n\n<p>Besonders bewogen hat den Vorstand, dass ein Gro\u00dfteil der Mitglieder und Besucher zu den besonders gef\u00e4hrdeten Personengruppen geh\u00f6ren. Der Schutz der Gesundheit geht f\u00fcr uns vor. Wir bitten daher alle Betroffenen um Verst\u00e4ndnis.<\/p>\n\n\n\n<p>Die Er\u00f6ffnungsveranstaltung soll nach M\u00f6glichkeit zu einem sp\u00e4teren Zeitpunkt im Jahr 2020 durchgef\u00fchrt werden. <\/p>\n\n\n\n<p>Die Durchf\u00fchrbarkeit von weiteren Veranstaltungen im Jahresverlauf wird anlassbezogen gepr\u00fcft, und die \u00d6ffentlichkeit entsprechend informiert.<\/p>\n","protected":false},"excerpt":{"rendered":"<p>Vor dem Hintergrund der kritischen Entwicklung von Corona-Virusinfektionen hat sich der Vorstand des Arbeitskreises f\u00fcr Heimatkunde Nieder-Roden e. V. (AKHNR) schweren Herzens dazu entschlossen die f\u00fcr Sonntag, den 15. M\u00e4rz 2020, geplante Er\u00f6ffnung der Jahresausstellung abzusagen.<br \/>\nAuch das Museumscaf\u00e9 wird nicht ge\u00f6ffnet, es erfolgt keine Bewirtung.<\/p><p><a class=\"more-link btn\" href=\"https:\/\/heimatverein-nieder-roden.de\/?p=2297\">Weiterlesen<\/a><\/p>\n","protected":false},"author":1,"featured_media":2298,"comment_status":"closed","ping_status":"closed","sticky":false,"template":"","format":"standard","meta":{"_coblocks_attr":"","_coblocks_dimensions":"","_coblocks_responsive_height":"","_coblocks_accordion_ie_support":"","footnotes":"","_share_on_mastodon":"0"},"categories":[6,138,9],"tags":[165,34,35,26,166,27,25],"class_list":["post-2297","post","type-post","status-publish","format-standard","has-post-thumbnail","hentry","category-aktuell","category-jahresausstellung","category-museumsoeffnungen","tag-absage","tag-akhnr","tag-arbeitskreis-fuer-heimatkunde-nieder-roden-e-v","tag-cafe","tag-corona","tag-jahresausstellung","tag-museumsoeffnung","nodate"],"share_on_mastodon":{"url":"","error":""},"publishpress_future_action":{"enabled":false,"date":"2026-05-07 04:39:26","action":"category-remove","newStatus":"draft","terms":[],"taxonomy":"category","extraData":[]},"publishpress_future_workflow_manual_trigger":{"enabledWorkflows":[]},"_links":{"self":[{"href":"https:\/\/heimatverein-nieder-roden.de\/index.php?rest_route=\/wp\/v2\/posts\/2297","targetHints":{"allow":["GET"]}}],"collection":[{"href":"https:\/\/heimatverein-nieder-roden.de\/index.php?rest_route=\/wp\/v2\/posts"}],"about":[{"href":"https:\/\/heimatverein-nieder-roden.de\/index.php?rest_route=\/wp\/v2\/types\/post"}],"author":[{"embeddable":true,"href":"https:\/\/heimatverein-nieder-roden.de\/index.php?rest_route=\/wp\/v2\/users\/1"}],"replies":[{"embeddable":true,"href":"https:\/\/heimatverein-nieder-roden.de\/index.php?rest_route=%2Fwp%2Fv2%2Fcomments&post=2297"}],"version-history":[{"count":1,"href":"https:\/\/heimatverein-nieder-roden.de\/index.php?rest_route=\/wp\/v2\/posts\/2297\/revisions"}],"predecessor-version":[{"id":2299,"href":"https:\/\/heimatverein-nieder-roden.de\/index.php?rest_route=\/wp\/v2\/posts\/2297\/revisions\/2299"}],"wp:featuredmedia":[{"embeddable":true,"href":"https:\/\/heimatverein-nieder-roden.de\/index.php?rest_route=\/wp\/v2\/media\/2298"}],"wp:attachment":[{"href":"https:\/\/heimatverein-nieder-roden.de\/index.php?rest_route=%2Fwp%2Fv2%2Fmedia&parent=2297"}],"wp:term":[{"taxonomy":"category","embeddable":true,"href":"https:\/\/heimatverein-nieder-roden.de\/index.php?rest_route=%2Fwp%2Fv2%2Fcategories&post=2297"},{"taxonomy":"post_tag","embeddable":true,"href":"https:\/\/heimatverein-nieder-roden.de\/index.php?rest_route=%2Fwp%2Fv2%2Ftags&post=2297"}],"curies":[{"name":"wp","href":"https:\/\/api.w.org\/{rel}","templated":true}]}}