{"id":2125,"date":"2020-01-05T13:25:29","date_gmt":"2020-01-05T12:25:29","guid":{"rendered":"https:\/\/heimatverein-nieder-roden.de\/?p=2125"},"modified":"2020-01-20T21:58:48","modified_gmt":"2020-01-20T20:58:48","slug":"jahresauftakt-2020-ausflug-nach-urberach","status":"publish","type":"post","link":"https:\/\/heimatverein-nieder-roden.de\/?p=2125","title":{"rendered":"Jahresauftakt 2020 &#8211; Ausflug nach Urberach &#8211; Jetzt anmelden!"},"content":{"rendered":"\n<p>Liebe Mitglieder, wir w\u00fcnschen Euch allen ein gesundes und positives Jahr 2020!<\/p>\n\n\n\n<div class=\"wp-block-image\"><figure class=\"aligncenter size-large is-resized\"><a href=\"https:\/\/heimatverein-nieder-roden.de\/wp-content\/uploads\/2019\/05\/AKHNR_Jahresauftakt2019_1.jpg\"><img decoding=\"async\" src=\"https:\/\/heimatverein-nieder-roden.de\/wp-content\/uploads\/2019\/05\/AKHNR_Jahresauftakt2019_1-1024x768.jpg\" alt=\"\" class=\"wp-image-1132\" width=\"495\" height=\"371\" srcset=\"https:\/\/heimatverein-nieder-roden.de\/wp-content\/uploads\/2019\/05\/AKHNR_Jahresauftakt2019_1-1024x768.jpg 1024w, https:\/\/heimatverein-nieder-roden.de\/wp-content\/uploads\/2019\/05\/AKHNR_Jahresauftakt2019_1-300x225.jpg 300w, https:\/\/heimatverein-nieder-roden.de\/wp-content\/uploads\/2019\/05\/AKHNR_Jahresauftakt2019_1-768x576.jpg 768w, https:\/\/heimatverein-nieder-roden.de\/wp-content\/uploads\/2019\/05\/AKHNR_Jahresauftakt2019_1.jpg 1440w\" sizes=\"(max-width: 495px) 100vw, 495px\" \/><\/a><figcaption>Die Mitglieder des AKHNR beim Ausflug zum Jahresauftakt 2019. <br>Umsteigen in Ober-Roden &#8211; \u00a9AKHNR<\/figcaption><\/figure><\/div>\n\n\n\n<p>Wie \u00fcblich m\u00f6chten wir gemeinsam mit Euch in das Jahr mit einem Ausflug starten. Wir w\u00fcrden uns daher freuen, \u00fcber Eure Teilnahme am<\/p>\n\n\n\n<p class=\"has-text-align-center\"><strong>Jahresauftakt 2020<br> am Sonntag, den 19. Januar 2020<\/strong>.<\/p>\n\n\n\n<p>Wir fahren mit S-Bahn und Bus nach Urberach.<\/p>\n\n\n\n<p>Dazu treffen wir uns um 13:15 Uhr am Nieder-R\u00f6der Bahnhof, auf dem n\u00f6rdlichen Bahnsteig. In Urberach sind wir dann voraussichtlich um 13:47 Uhr.<\/p>\n\n\n\n<p>Hier bekommen wir F\u00fchrungen, sowohl im T\u00f6pfermuseum, als auch durch den Urberacher Ortskern. So lernen wir alles Wissenswerte durch Fachkundige Mitglieder des Heimat- und Geschichtsvereins (HGV) R\u00f6dermark e. V. <\/p>\n\n\n\n<p>Unser <strong>herzlicher Dank <\/strong>geht daher schon jetzt an Patricia Lips (1. Vorsitzende) und Horst-Peter Knapp (2. Vorsitzender)!<\/p>\n\n\n\n<div class=\"wp-block-button aligncenter\"><a class=\"wp-block-button__link has-background\" href=\"http:\/\/www.hgv-roedermark.de\" style=\"background-color:#932418\">Weitere Informationen zum HGV R\u00f6dermark e. V.<\/a><\/div>\n\n\n\n<p>Den genauen Ablauf k\u00f6nnt ihr dem beigef\u00fcgten Plan entnehmen.<br>Der Jahresauftakt wird wie immer eine vereinsinterne Veranstaltung. <\/p>\n\n\n\n<div class=\"wp-block-image\"><figure class=\"aligncenter size-large is-resized\"><img decoding=\"async\" src=\"https:\/\/heimatverein-nieder-roden.de\/wp-content\/uploads\/2020\/01\/grafik-3-770x1024.png\" alt=\"\" class=\"wp-image-2170\" width=\"367\" height=\"488\" srcset=\"https:\/\/heimatverein-nieder-roden.de\/wp-content\/uploads\/2020\/01\/grafik-3-770x1024.png 770w, https:\/\/heimatverein-nieder-roden.de\/wp-content\/uploads\/2020\/01\/grafik-3-226x300.png 226w, https:\/\/heimatverein-nieder-roden.de\/wp-content\/uploads\/2020\/01\/grafik-3-768x1021.png 768w, https:\/\/heimatverein-nieder-roden.de\/wp-content\/uploads\/2020\/01\/grafik-3-1155x1536.png 1155w, https:\/\/heimatverein-nieder-roden.de\/wp-content\/uploads\/2020\/01\/grafik-3-1541x2048.png 1541w, https:\/\/heimatverein-nieder-roden.de\/wp-content\/uploads\/2020\/01\/grafik-3-560x744.png 560w, https:\/\/heimatverein-nieder-roden.de\/wp-content\/uploads\/2020\/01\/grafik-3.png 1612w\" sizes=\"(max-width: 367px) 100vw, 367px\" \/><figcaption> Ablaufplan zum Jahresauftakt 2020 <br>Klicken zum Vergr\u00f6\u00dfern &#8211; \u00a9 AKHNR <\/figcaption><\/figure><\/div>\n\n\n\n<p>Damit wir ausreichend Gruppenfahrkarten im Voraus kaufen\nk\u00f6nnen, bitten wir Euch noch um eine kurze R\u00fcckmeldung. <\/p>\n\n\n\n<p>Teilt uns bitte mit wer von Euch mitfahren m\u00f6chte.<br><strong>Wir bitten um R\u00fcckmeldung bis zum Montag, den 13.01.2020<\/strong>:<br>Per Telefon an G\u00fcnther Keller unter: +49 6106 733306<br>Per E-Mail an: <a href=\"mailto:vorstand@heimatverein-nieder-roden.de\">vorstand@heimatverein-nieder-roden.de<\/a> <\/p>\n\n\n\n<p>Wir freuen uns auf einen sch\u00f6nen Ausflug mit Euch!<\/p>\n","protected":false},"excerpt":{"rendered":"<p>Wir lernen einen weiteren Ort in unserer N\u00e4he kennen: Urberach.<br \/>\nJetzt anmelden! Hier gibt es die Infos&#8230;<\/p><p><a class=\"more-link btn\" href=\"https:\/\/heimatverein-nieder-roden.de\/?p=2125\">Weiterlesen<\/a><\/p>\n","protected":false},"author":1,"featured_media":1132,"comment_status":"closed","ping_status":"closed","sticky":false,"template":"","format":"standard","meta":{"_coblocks_attr":"","_coblocks_dimensions":"","_coblocks_responsive_height":"","_coblocks_accordion_ie_support":"","footnotes":"","_share_on_mastodon":"0"},"categories":[6,38],"tags":[34,35,148,145,146,50,147],"class_list":["post-2125","post","type-post","status-publish","format-standard","has-post-thumbnail","hentry","category-aktuell","category-jahresausflug","tag-akhnr","tag-arbeitskreis-fuer-heimatkunde-nieder-roden-e-v","tag-hans-peter-knapp","tag-heimat-und-geschichtsverein-roedermark-e-v","tag-hgv-roedermark","tag-jahresauftakt","tag-patricia-lips","nodate"],"share_on_mastodon":{"url":"","error":""},"publishpress_future_action":{"enabled":false,"date":"2026-05-06 22:50:03","action":"category-remove","newStatus":"draft","terms":[],"taxonomy":"category","extraData":[]},"publishpress_future_workflow_manual_trigger":{"enabledWorkflows":[]},"_links":{"self":[{"href":"https:\/\/heimatverein-nieder-roden.de\/index.php?rest_route=\/wp\/v2\/posts\/2125","targetHints":{"allow":["GET"]}}],"collection":[{"href":"https:\/\/heimatverein-nieder-roden.de\/index.php?rest_route=\/wp\/v2\/posts"}],"about":[{"href":"https:\/\/heimatverein-nieder-roden.de\/index.php?rest_route=\/wp\/v2\/types\/post"}],"author":[{"embeddable":true,"href":"https:\/\/heimatverein-nieder-roden.de\/index.php?rest_route=\/wp\/v2\/users\/1"}],"replies":[{"embeddable":true,"href":"https:\/\/heimatverein-nieder-roden.de\/index.php?rest_route=%2Fwp%2Fv2%2Fcomments&post=2125"}],"version-history":[{"count":5,"href":"https:\/\/heimatverein-nieder-roden.de\/index.php?rest_route=\/wp\/v2\/posts\/2125\/revisions"}],"predecessor-version":[{"id":2171,"href":"https:\/\/heimatverein-nieder-roden.de\/index.php?rest_route=\/wp\/v2\/posts\/2125\/revisions\/2171"}],"wp:featuredmedia":[{"embeddable":true,"href":"https:\/\/heimatverein-nieder-roden.de\/index.php?rest_route=\/wp\/v2\/media\/1132"}],"wp:attachment":[{"href":"https:\/\/heimatverein-nieder-roden.de\/index.php?rest_route=%2Fwp%2Fv2%2Fmedia&parent=2125"}],"wp:term":[{"taxonomy":"category","embeddable":true,"href":"https:\/\/heimatverein-nieder-roden.de\/index.php?rest_route=%2Fwp%2Fv2%2Fcategories&post=2125"},{"taxonomy":"post_tag","embeddable":true,"href":"https:\/\/heimatverein-nieder-roden.de\/index.php?rest_route=%2Fwp%2Fv2%2Ftags&post=2125"}],"curies":[{"name":"wp","href":"https:\/\/api.w.org\/{rel}","templated":true}]}}