{"id":2051,"date":"2020-01-05T02:17:18","date_gmt":"2020-01-05T01:17:18","guid":{"rendered":"https:\/\/heimatverein-nieder-roden.de\/?p=2051"},"modified":"2020-07-04T10:19:06","modified_gmt":"2020-07-04T08:19:06","slug":"von-ihm-durch-ihn-zu-ihm-50-jahre-evangelische-kirchengemeinde-nieder-roden","status":"publish","type":"post","link":"https:\/\/heimatverein-nieder-roden.de\/?p=2051","title":{"rendered":"\u201eVon Ihm \u2013 durch Ihn \u2013 zu Ihm&#8220; \u2013 50 Jahre Evangelische Kirchengemeinde Nieder-Roden"},"content":{"rendered":"\n<p>Mit dem Jubil\u00e4um der evangelischen Kirchengemeinde Nieder-Roden im Jahr 2018 bot sich ein Anlass, den wir schon l\u00e4nger im Auge hatten. Nach kurzer, unproblematischer Kontaktaufnahme mit der Kirchengemeinde fand sich ein tolles Team, das sich mit gro\u00dfem Engagement, Zeitaufwand und Herzblut in die Arbeit st\u00fcrzte. <\/p>\n\n\n\n<figure class=\"wp-block-image\"><a href=\"https:\/\/heimatverein-nieder-roden.de\/wp-content\/uploads\/2019\/02\/Bild-1_Christuskirche-1962.jpg\"><img decoding=\"async\" width=\"1024\" height=\"639\" src=\"http:\/\/heimatverein-nieder-roden.de\/wp-content\/uploads\/2019\/02\/Bild-1_Christuskirche-1962-1024x639.jpg\" alt=\"\" class=\"wp-image-553\" srcset=\"https:\/\/heimatverein-nieder-roden.de\/wp-content\/uploads\/2019\/02\/Bild-1_Christuskirche-1962-1024x639.jpg 1024w, https:\/\/heimatverein-nieder-roden.de\/wp-content\/uploads\/2019\/02\/Bild-1_Christuskirche-1962-300x187.jpg 300w, https:\/\/heimatverein-nieder-roden.de\/wp-content\/uploads\/2019\/02\/Bild-1_Christuskirche-1962-768x479.jpg 768w, https:\/\/heimatverein-nieder-roden.de\/wp-content\/uploads\/2019\/02\/Bild-1_Christuskirche-1962.jpg 1920w\" sizes=\"(max-width: 1024px) 100vw, 1024px\" \/><\/a><figcaption>Die Christuskirche in der Schulstra\u00dfe 8, zur Zeit ihrer Einweihung am 31. Mai 1962. \n\u00a9EKNR\/AKHNR<\/figcaption><\/figure>\n\n\n\n<p>Es wurden Archive durchst\u00f6bert, unz\u00e4hlige Fotos und Dokumente aufgetan, Zeitzeugen angesprochen und Interviews gef\u00fchrt. Schlie\u00dflich musste die gro\u00dfe Auswahl an Information gefiltert und digital wie analog aufbereitet und f\u00fcr die Besucher zug\u00e4nglich gemacht werden.<\/p>\n\n\n\n<figure class=\"wp-block-image\"><a href=\"https:\/\/heimatverein-nieder-roden.de\/wp-content\/uploads\/2019\/02\/Bild-2_Ev-Gemeindehaus-2019.jpg\"><img decoding=\"async\" width=\"1024\" height=\"683\" src=\"http:\/\/heimatverein-nieder-roden.de\/wp-content\/uploads\/2019\/02\/Bild-2_Ev-Gemeindehaus-2019-1024x683.jpg\" alt=\"\" class=\"wp-image-554\" srcset=\"https:\/\/heimatverein-nieder-roden.de\/wp-content\/uploads\/2019\/02\/Bild-2_Ev-Gemeindehaus-2019-1024x683.jpg 1024w, https:\/\/heimatverein-nieder-roden.de\/wp-content\/uploads\/2019\/02\/Bild-2_Ev-Gemeindehaus-2019-300x200.jpg 300w, https:\/\/heimatverein-nieder-roden.de\/wp-content\/uploads\/2019\/02\/Bild-2_Ev-Gemeindehaus-2019-768x512.jpg 768w, https:\/\/heimatverein-nieder-roden.de\/wp-content\/uploads\/2019\/02\/Bild-2_Ev-Gemeindehaus-2019.jpg 1920w\" sizes=\"(max-width: 1024px) 100vw, 1024px\" \/><\/a><figcaption>Das evangelische Gemeindehaus aus Sicht des Puiseauxplatzes im Januar 2019. \n\u00a9EKNR<\/figcaption><\/figure>\n\n\n\n<p>Entstanden ist eine gro\u00dfartige Ausstellung, in der es viel zu entdecken gibt und die gerne noch weiter wachsen darf.<\/p>\n\n\n\n<h3 class=\"has-text-align-center wp-block-heading\">Einf\u00fchrungstext zur Jahresausstellung 2019<\/h3>\n\n\n\n<p>Liebe\nBesucherinnen und Besucher,<strong><\/strong><\/p>\n\n\n\n<p>wir,\ndas gemeinsame Ausstellungsteam der Evangelischen Kirchengemeinde Nieder-Roden\nund des Arbeitskreises f\u00fcr Heimatkunde Nieder-Roden e. V., d\u00fcrfen Sie hier ganz\n<strong>herzlich willkommen<\/strong> hei\u00dfen! <\/p>\n\n\n\n<p>Tauchen\nSie ein, in die Geschichte des evangelischen Lebens in Nieder-Roden, das nicht\nerst mit dem Bau der Christuskirche das Leben in unserem Ort mitgepr\u00e4gt hat.<\/p>\n\n\n\n<p>Sie\nfinden zahlreiche <strong>Exponate<\/strong> in den\nVitrinen und viele <strong>Ausstellungstafeln<\/strong>\nmit gro\u00dfformatigen Foto-Reproduktionen und <strong>Informationstexten<\/strong>\nan den W\u00e4nden. Erg\u00e4nzt werden sie durch <strong>digitale\nInhalte<\/strong>, die verteilt \u00fcber die ganze Ausstellung eine Vertiefung mit Bild\nund Ton erm\u00f6glichen. Au\u00dferdem k\u00f6nnen Sie in unserem kleinen <strong>Kinosaal<\/strong> Filmsequenzen mit\nZeitzeugeninterviews betrachten, die mit gro\u00dfem technischem Aufwand hergestellt\nund bearbeitet wurden.<\/p>\n\n\n\n<p>Zur\neinfachen Orientierung sehen Sie im Ausstellungsraum rundherum die Einteilung <br>\nin <strong>5 Abschnitte in chronologischer\nAbfolge<\/strong>. &nbsp;Folgen Sie ihnen einfach\nentgegen dem Uhrzeigersinn.<\/p>\n\n\n\n<figure class=\"wp-block-image\"><a href=\"https:\/\/heimatverein-nieder-roden.de\/wp-content\/uploads\/2019\/05\/AKHNR_Museum_Hauptausstellungsraum.jpg\"><img decoding=\"async\" width=\"1024\" height=\"768\" src=\"http:\/\/heimatverein-nieder-roden.de\/wp-content\/uploads\/2019\/05\/AKHNR_Museum_Hauptausstellungsraum-1024x768.jpg\" alt=\"\" class=\"wp-image-1125\" srcset=\"https:\/\/heimatverein-nieder-roden.de\/wp-content\/uploads\/2019\/05\/AKHNR_Museum_Hauptausstellungsraum-1024x768.jpg 1024w, https:\/\/heimatverein-nieder-roden.de\/wp-content\/uploads\/2019\/05\/AKHNR_Museum_Hauptausstellungsraum-300x225.jpg 300w, https:\/\/heimatverein-nieder-roden.de\/wp-content\/uploads\/2019\/05\/AKHNR_Museum_Hauptausstellungsraum-768x576.jpg 768w\" sizes=\"(max-width: 1024px) 100vw, 1024px\" \/><\/a><figcaption>Der Hauptausstellungsraum im Heimatmuseum Nieder-Roden, mit der Jahresausstellung<br>&#8222;Von Ihm &#8211; durch Ihn &#8211; zu Ihm &#8212; 50 Jahre Evangelische Kirchengemeinde Nieder-Roden&#8220; \u00a9AKHNR\/FST<\/figcaption><\/figure>\n\n\n\n<p><strong>&#8230;und was uns ganz wichtig\nist!<\/strong><\/p>\n\n\n\n<p>Es\nhandelt sich hier um eine <strong>lebendige\nAusstellung<\/strong>! Wir haben alles nach bestem Wissen und Gewissen\nzusammengetragen und erheben keinen Anspruch auf Vollst\u00e4ndigkeit.<\/p>\n\n\n\n<p>Wir\nw\u00fcrden uns aber freuen, wenn Sie uns mit <strong>Ihrem\nWissen<\/strong> unterst\u00fctzen.<br>\nF\u00fchlen Sie sich angesprochen?<\/p>\n\n\n\n<p>Vielleicht\nfindet sich noch etwas Interessantes <strong>bei\nIhnen zu Hause<\/strong> in Schrank, Keller oder auf dem Dachboden, das L\u00fccken\nschlie\u00dft oder auch die Ausstellung erg\u00e4nzt? <strong>Hervorragend<\/strong>! Wir freuen uns, auf Ihren Hinweis.<\/p>\n\n\n\n<p><strong>Und nun w\u00fcnschen wir Ihnen viel Vergn\u00fcgen beim St\u00f6bern und Staunen!<\/strong><\/p>\n\n\nBeitrag 0 mal aufgerufen in den letzten 14 Tagen.\n","protected":false},"excerpt":{"rendered":"<p>Thema der Jahresausstellung 2019<\/p><p><a class=\"more-link btn\" href=\"https:\/\/heimatverein-nieder-roden.de\/?p=2051\">Weiterlesen<\/a><\/p>\n","protected":false},"author":1,"featured_media":548,"comment_status":"closed","ping_status":"closed","sticky":false,"template":"","format":"standard","meta":{"_coblocks_attr":"","_coblocks_dimensions":"","_coblocks_responsive_height":"","_coblocks_accordion_ie_support":"","footnotes":"","_share_on_mastodon":"0"},"categories":[138,139],"tags":[34,35,91,27],"class_list":["post-2051","post","type-post","status-publish","format-standard","has-post-thumbnail","hentry","category-jahresausstellung","category-jahresausstellung-hauptartikel","tag-akhnr","tag-arbeitskreis-fuer-heimatkunde-nieder-roden-e-v","tag-evangelische-kirchengemeinde-nieder-roden","tag-jahresausstellung","nodate"],"share_on_mastodon":{"url":"","error":""},"publishpress_future_action":{"enabled":false,"date":"2026-05-07 04:44:51","action":"category-remove","newStatus":"draft","terms":[],"taxonomy":"category","extraData":[]},"publishpress_future_workflow_manual_trigger":{"enabledWorkflows":[]},"_links":{"self":[{"href":"https:\/\/heimatverein-nieder-roden.de\/index.php?rest_route=\/wp\/v2\/posts\/2051","targetHints":{"allow":["GET"]}}],"collection":[{"href":"https:\/\/heimatverein-nieder-roden.de\/index.php?rest_route=\/wp\/v2\/posts"}],"about":[{"href":"https:\/\/heimatverein-nieder-roden.de\/index.php?rest_route=\/wp\/v2\/types\/post"}],"author":[{"embeddable":true,"href":"https:\/\/heimatverein-nieder-roden.de\/index.php?rest_route=\/wp\/v2\/users\/1"}],"replies":[{"embeddable":true,"href":"https:\/\/heimatverein-nieder-roden.de\/index.php?rest_route=%2Fwp%2Fv2%2Fcomments&post=2051"}],"version-history":[{"count":3,"href":"https:\/\/heimatverein-nieder-roden.de\/index.php?rest_route=\/wp\/v2\/posts\/2051\/revisions"}],"predecessor-version":[{"id":2103,"href":"https:\/\/heimatverein-nieder-roden.de\/index.php?rest_route=\/wp\/v2\/posts\/2051\/revisions\/2103"}],"wp:featuredmedia":[{"embeddable":true,"href":"https:\/\/heimatverein-nieder-roden.de\/index.php?rest_route=\/wp\/v2\/media\/548"}],"wp:attachment":[{"href":"https:\/\/heimatverein-nieder-roden.de\/index.php?rest_route=%2Fwp%2Fv2%2Fmedia&parent=2051"}],"wp:term":[{"taxonomy":"category","embeddable":true,"href":"https:\/\/heimatverein-nieder-roden.de\/index.php?rest_route=%2Fwp%2Fv2%2Fcategories&post=2051"},{"taxonomy":"post_tag","embeddable":true,"href":"https:\/\/heimatverein-nieder-roden.de\/index.php?rest_route=%2Fwp%2Fv2%2Ftags&post=2051"}],"curies":[{"name":"wp","href":"https:\/\/api.w.org\/{rel}","templated":true}]}}