{"id":2018,"date":"2019-12-09T18:41:20","date_gmt":"2019-12-09T17:41:20","guid":{"rendered":"https:\/\/heimatverein-nieder-roden.de\/?p=2018"},"modified":"2024-12-01T16:11:11","modified_gmt":"2024-12-01T15:11:11","slug":"adventsmarkt-2019-vielen-dank","status":"publish","type":"post","link":"https:\/\/heimatverein-nieder-roden.de\/?p=2018","title":{"rendered":"Adventsmarkt 2019 &#8211; Vielen Dank!"},"content":{"rendered":"\n<div class=\"wp-block-image\"><figure class=\"alignleft size-large is-resized\"><img decoding=\"async\" src=\"https:\/\/heimatverein-nieder-roden.de\/wp-content\/uploads\/2019\/12\/2015-12-07_04-46-40_NRAdventsmarkt-2015_Petrat_4U5B4433-683x1024.jpg\" alt=\"\" class=\"wp-image-2004\" width=\"319\" height=\"478\" srcset=\"https:\/\/heimatverein-nieder-roden.de\/wp-content\/uploads\/2019\/12\/2015-12-07_04-46-40_NRAdventsmarkt-2015_Petrat_4U5B4433-683x1024.jpg 683w, https:\/\/heimatverein-nieder-roden.de\/wp-content\/uploads\/2019\/12\/2015-12-07_04-46-40_NRAdventsmarkt-2015_Petrat_4U5B4433-200x300.jpg 200w, https:\/\/heimatverein-nieder-roden.de\/wp-content\/uploads\/2019\/12\/2015-12-07_04-46-40_NRAdventsmarkt-2015_Petrat_4U5B4433-560x840.jpg 560w, https:\/\/heimatverein-nieder-roden.de\/wp-content\/uploads\/2019\/12\/2015-12-07_04-46-40_NRAdventsmarkt-2015_Petrat_4U5B4433.jpg 720w\" sizes=\"(max-width: 319px) 100vw, 319px\" \/><figcaption>Nieder-R\u00f6der Adventsmarkt &#8211; Symbolbild &#8211; \u00a9 Petrat\/AKHNR<\/figcaption><\/figure><\/div>\n\n\n\n<p>Auch wenn das Wetter uns nicht ganz so gut gesonnen war wie erhofft, haben wir doch einen sch\u00f6nen Nieder-R\u00f6der Adventsmarkt 2019 erlebt.<\/p>\n\n\n\n<p>Wir m\u00f6chten uns daher ganz herzlich, bei unseren G\u00e4sten und Unterst\u00fctzern bedanken, die trotz Regen und Wind den Weg zu uns gefunden haben.<\/p>\n\n\n\n<p>M\u00f6glich ist unsere Teilnahme einzig durch die tolle Mithilfe unserer Mitglieder. Es gab in diesem Jahr keine einzige Absage nach der Ausgabe unseres Dienstplanes. Vielen Dank daf\u00fcr!<\/p>\n\n\n\n<p>Wir freuen uns mit euch auf die Teilnahme im n\u00e4chsten Jahr!<\/p>\n","protected":false},"excerpt":{"rendered":"<p>An alle G\u00e4ste und HelferInnen!<\/p><p><a class=\"more-link btn\" href=\"https:\/\/heimatverein-nieder-roden.de\/?p=2018\">Weiterlesen<\/a><\/p>\n","protected":false},"author":1,"featured_media":2004,"comment_status":"closed","ping_status":"closed","sticky":false,"template":"","format":"standard","meta":{"_coblocks_attr":"","_coblocks_dimensions":"","_coblocks_responsive_height":"","_coblocks_accordion_ie_support":"","footnotes":"","_share_on_mastodon":"0"},"categories":[92,597,6],"tags":[137,35,16],"class_list":["post-2018","post","type-post","status-publish","format-standard","has-post-thumbnail","hentry","category-adventsmarkt","category-adventsmarkt-2022-und-frueher","category-aktuell","tag-adventsmarkt","tag-arbeitskreis-fuer-heimatkunde-nieder-roden-e-v","tag-nieder-roden","nodate"],"share_on_mastodon":{"url":"","error":""},"publishpress_future_action":{"enabled":false,"date":"2026-05-07 07:07:03","action":"category-remove","newStatus":"draft","terms":[],"taxonomy":"category","extraData":[]},"publishpress_future_workflow_manual_trigger":{"enabledWorkflows":[]},"_links":{"self":[{"href":"https:\/\/heimatverein-nieder-roden.de\/index.php?rest_route=\/wp\/v2\/posts\/2018","targetHints":{"allow":["GET"]}}],"collection":[{"href":"https:\/\/heimatverein-nieder-roden.de\/index.php?rest_route=\/wp\/v2\/posts"}],"about":[{"href":"https:\/\/heimatverein-nieder-roden.de\/index.php?rest_route=\/wp\/v2\/types\/post"}],"author":[{"embeddable":true,"href":"https:\/\/heimatverein-nieder-roden.de\/index.php?rest_route=\/wp\/v2\/users\/1"}],"replies":[{"embeddable":true,"href":"https:\/\/heimatverein-nieder-roden.de\/index.php?rest_route=%2Fwp%2Fv2%2Fcomments&post=2018"}],"version-history":[{"count":3,"href":"https:\/\/heimatverein-nieder-roden.de\/index.php?rest_route=\/wp\/v2\/posts\/2018\/revisions"}],"predecessor-version":[{"id":2038,"href":"https:\/\/heimatverein-nieder-roden.de\/index.php?rest_route=\/wp\/v2\/posts\/2018\/revisions\/2038"}],"wp:featuredmedia":[{"embeddable":true,"href":"https:\/\/heimatverein-nieder-roden.de\/index.php?rest_route=\/wp\/v2\/media\/2004"}],"wp:attachment":[{"href":"https:\/\/heimatverein-nieder-roden.de\/index.php?rest_route=%2Fwp%2Fv2%2Fmedia&parent=2018"}],"wp:term":[{"taxonomy":"category","embeddable":true,"href":"https:\/\/heimatverein-nieder-roden.de\/index.php?rest_route=%2Fwp%2Fv2%2Fcategories&post=2018"},{"taxonomy":"post_tag","embeddable":true,"href":"https:\/\/heimatverein-nieder-roden.de\/index.php?rest_route=%2Fwp%2Fv2%2Ftags&post=2018"}],"curies":[{"name":"wp","href":"https:\/\/api.w.org\/{rel}","templated":true}]}}